{"id":62175,"date":"2012-02-29T11:58:04","date_gmt":"2012-02-29T11:58:04","guid":{"rendered":"http:\/\/www.fondazionepirelli.org\/?p=62175"},"modified":"2022-01-27T18:09:27","modified_gmt":"2022-01-27T17:09:27","slug":"comerio-fotografo-e-padre-del-cinema-italiano","status":"publish","type":"post","link":"https:\/\/www.fondazionepirelli.org\/it\/iniziative\/storie-dal-mondo-pirelli\/comerio-fotografo-e-padre-del-cinema-italiano\/","title":{"rendered":"Comerio, fotografo e padre del cinema italiano"},"content":{"rendered":"<p>L\u2019avventura del fotografo milanese, finalmente raccontata nel libro di Paolo Pillitteri e Davide Mengacci \u201c<strong>Luca Comerio<\/strong>. Milanese. Fotografo, pioniere e padre del cinema italiano\u201d edito da Spirali.<\/p>\n<p>Per Pirelli Luca Comerio ha realizzato i cortometraggi \u201c<span class=\"Apple-style-span\"><strong>Visita di SM il Re Vittorio Emanuele III allo stabilimento di Villanueva y Geltru<\/strong>\u201d <\/span>del 1925<span class=\"Apple-style-span\"> e <\/span>\u201c<a href=\"https:\/\/www.fondazionepirelli.org\/archivio-storico\/audiovisivi\/detail\/IT-PIRELLI-AV0001-000011\/visita-sm-re-vittorio-emanuele-iii-allo-stabilimento-pirelli-alla-bicocca.html?jsonVal={%22jsonVal%22:{%22startDate%22:%22%22,%22endDate%22:%22%22,%22fieldDate%22:%22dataNormal%22,%22_perPage%22:20,%22collanaName%22:%22\\%22Documentari%20e%20film\\%22%22}}&amp;attachmentMisc=undefined&amp;lang=it\" target=\"_blank\" rel=\"noopener noreferrer\"><strong><span class=\"Apple-style-span\">Visita di SM il Re Vittorio Emanuele III allo stabilimento Pirelli alla Bicocca<\/span><\/strong><\/a>\u201d del 1927, le cui pellicole, conservate presso l\u2019Archivio Storico della Fondazione Pirelli, sono state recentemente restaurate grazie alla collaborazione con la <a href=\"https:\/\/www.cinetecamilano.it\/\" target=\"_blank\" rel=\"noopener noreferrer\"><strong>Fondazione Cineteca Italiana<\/strong><\/a>. Inoltre, sempre presso la Fondazione Pirelli \u00e8 custodita una preziosa<a href=\"https:\/\/www.fondazionepirelli.org\/it\/evento\/museocity\/\" target=\"_blank\" rel=\"noopener noreferrer\"> <strong>fotografia<\/strong><\/a> di Luca Comerio, rappresentante l\u2019<strong>uscita delle maestranze dal primo stabilimento Pirelli a Milano<\/strong> in via Ponte Seveso, del <strong>1905<\/strong>, dalle dimensioni sorprendenti per l\u2019epoca: 245cm di base x 150cm.<\/p>\n<p>La presentazione del libro che riscopre la modernit\u00e0 di questo fotografo e cineasta \u00e8 in programma gioved\u00ec 1 marzo, ore 18.00 presso Palazzo Isimbardi (Milano).<\/p>\n","protected":false},"excerpt":{"rendered":"<p>L\u2019avventura del fotografo milanese, finalmente raccontata nel libro di Paolo Pillitteri e Davide Mengacci \u201cLuca Comerio. Milanese. Fotografo, pioniere e padre del cinema italiano\u201d edito da Spirali. Per Pirelli Luca Comerio ha realizzato i cortometraggi \u201cVisita di SM il Re Vittorio Emanuele III allo stabilimento di Villanueva y Geltru\u201d del 1925 e \u201cVisita di SM [&hellip;]<\/p>\n","protected":false},"author":1,"featured_media":63016,"comment_status":"open","ping_status":"open","sticky":false,"template":"","format":"standard","meta":{"footnotes":""},"categories":[62],"tags":[89,118],"class_list":["post-62175","post","type-post","status-publish","format-standard","has-post-thumbnail","hentry","category-storie-dal-mondo-pirelli","tag-grafica-arte-e-design","tag-storia-aziendale"],"acf":[],"yoast_head":"<!-- This site is optimized with the Yoast SEO plugin v25.0 - https:\/\/yoast.com\/wordpress\/plugins\/seo\/ -->\n<title>Luca Comerio: il grande fotografo milanese | Fondazione Pirelli<\/title>\n<meta name=\"description\" content=\"\u201cLuca Comerio. Milanese. Fotografo, pioniere e padre del cinema italiano\u201d, un libro per raccontare la storia del grande fotografo. Scopri di pi\u00f9.\" \/>\n<meta name=\"robots\" content=\"index, follow, max-snippet:-1, max-image-preview:large, max-video-preview:-1\" \/>\n<link rel=\"canonical\" href=\"https:\/\/www.fondazionepirelli.org\/it\/iniziative\/storie-dal-mondo-pirelli\/comerio-fotografo-e-padre-del-cinema-italiano\/\" \/>\n<meta property=\"og:locale\" content=\"it_IT\" \/>\n<meta property=\"og:type\" content=\"article\" \/>\n<meta property=\"og:title\" content=\"Luca Comerio: il grande fotografo milanese | Fondazione Pirelli\" \/>\n<meta property=\"og:description\" content=\"\u201cLuca Comerio. Milanese. Fotografo, pioniere e padre del cinema italiano\u201d, un libro per raccontare la storia del grande fotografo. Scopri di pi\u00f9.\" \/>\n<meta property=\"og:url\" content=\"https:\/\/www.fondazionepirelli.org\/it\/iniziative\/storie-dal-mondo-pirelli\/comerio-fotografo-e-padre-del-cinema-italiano\/\" \/>\n<meta property=\"og:site_name\" content=\"Fondazione Pirelli\" \/>\n<meta property=\"article:published_time\" content=\"2012-02-29T11:58:04+00:00\" \/>\n<meta property=\"article:modified_time\" content=\"2022-01-27T17:09:27+00:00\" \/>\n<meta property=\"og:image\" content=\"https:\/\/wpsite-assets.fondazionepirelli.org\/wp-content\/uploads\/2019\/06\/25141249\/1-e1571229818335.jpg\" \/>\n\t<meta property=\"og:image:width\" content=\"400\" \/>\n\t<meta property=\"og:image:height\" content=\"213\" \/>\n\t<meta property=\"og:image:type\" content=\"image\/jpeg\" \/>\n<meta name=\"author\" content=\"fondadmin\" \/>\n<meta name=\"twitter:card\" content=\"summary_large_image\" \/>\n<meta name=\"twitter:label1\" content=\"Scritto da\" \/>\n\t<meta name=\"twitter:data1\" content=\"fondadmin\" \/>\n\t<meta name=\"twitter:label2\" content=\"Tempo di lettura stimato\" \/>\n\t<meta name=\"twitter:data2\" content=\"1 minuto\" \/>\n<script type=\"application\/ld+json\" class=\"yoast-schema-graph\">{\"@context\":\"https:\/\/schema.org\",\"@graph\":[{\"@type\":\"WebPage\",\"@id\":\"https:\/\/www.fondazionepirelli.org\/it\/iniziative\/storie-dal-mondo-pirelli\/comerio-fotografo-e-padre-del-cinema-italiano\/\",\"url\":\"https:\/\/www.fondazionepirelli.org\/it\/iniziative\/storie-dal-mondo-pirelli\/comerio-fotografo-e-padre-del-cinema-italiano\/\",\"name\":\"Luca Comerio: il grande fotografo milanese | Fondazione Pirelli\",\"isPartOf\":{\"@id\":\"https:\/\/www.fondazionepirelli.org\/it\/#website\"},\"primaryImageOfPage\":{\"@id\":\"https:\/\/www.fondazionepirelli.org\/it\/iniziative\/storie-dal-mondo-pirelli\/comerio-fotografo-e-padre-del-cinema-italiano\/#primaryimage\"},\"image\":{\"@id\":\"https:\/\/www.fondazionepirelli.org\/it\/iniziative\/storie-dal-mondo-pirelli\/comerio-fotografo-e-padre-del-cinema-italiano\/#primaryimage\"},\"thumbnailUrl\":\"https:\/\/wpsite-assets.fondazionepirelli.org\/wp-content\/uploads\/2019\/06\/25141249\/1-e1571229818335.jpg\",\"datePublished\":\"2012-02-29T11:58:04+00:00\",\"dateModified\":\"2022-01-27T17:09:27+00:00\",\"author\":{\"@id\":\"https:\/\/www.fondazionepirelli.org\/it\/#\/schema\/person\/f47d097000832c4a6e54538c791fdf25\"},\"description\":\"\u201cLuca Comerio. Milanese. Fotografo, pioniere e padre del cinema italiano\u201d, un libro per raccontare la storia del grande fotografo. Scopri di pi\u00f9.\",\"breadcrumb\":{\"@id\":\"https:\/\/www.fondazionepirelli.org\/it\/iniziative\/storie-dal-mondo-pirelli\/comerio-fotografo-e-padre-del-cinema-italiano\/#breadcrumb\"},\"inLanguage\":\"it-IT\",\"potentialAction\":[{\"@type\":\"ReadAction\",\"target\":[\"https:\/\/www.fondazionepirelli.org\/it\/iniziative\/storie-dal-mondo-pirelli\/comerio-fotografo-e-padre-del-cinema-italiano\/\"]}]},{\"@type\":\"ImageObject\",\"inLanguage\":\"it-IT\",\"@id\":\"https:\/\/www.fondazionepirelli.org\/it\/iniziative\/storie-dal-mondo-pirelli\/comerio-fotografo-e-padre-del-cinema-italiano\/#primaryimage\",\"url\":\"https:\/\/wpsite-assets.fondazionepirelli.org\/wp-content\/uploads\/2019\/06\/25141249\/1-e1571229818335.jpg\",\"contentUrl\":\"https:\/\/wpsite-assets.fondazionepirelli.org\/wp-content\/uploads\/2019\/06\/25141249\/1-e1571229818335.jpg\",\"width\":400,\"height\":213},{\"@type\":\"BreadcrumbList\",\"@id\":\"https:\/\/www.fondazionepirelli.org\/it\/iniziative\/storie-dal-mondo-pirelli\/comerio-fotografo-e-padre-del-cinema-italiano\/#breadcrumb\",\"itemListElement\":[{\"@type\":\"ListItem\",\"position\":1,\"name\":\"Home\",\"item\":\"https:\/\/www.fondazionepirelli.org\/it\/\"},{\"@type\":\"ListItem\",\"position\":2,\"name\":\"Comerio, fotografo e padre del cinema italiano\"}]},{\"@type\":\"WebSite\",\"@id\":\"https:\/\/www.fondazionepirelli.org\/it\/#website\",\"url\":\"https:\/\/www.fondazionepirelli.org\/it\/\",\"name\":\"Fondazione Pirelli\",\"description\":\"\",\"potentialAction\":[{\"@type\":\"SearchAction\",\"target\":{\"@type\":\"EntryPoint\",\"urlTemplate\":\"https:\/\/www.fondazionepirelli.org\/it\/?s={search_term_string}\"},\"query-input\":{\"@type\":\"PropertyValueSpecification\",\"valueRequired\":true,\"valueName\":\"search_term_string\"}}],\"inLanguage\":\"it-IT\"},{\"@type\":\"Person\",\"@id\":\"https:\/\/www.fondazionepirelli.org\/it\/#\/schema\/person\/f47d097000832c4a6e54538c791fdf25\",\"name\":\"fondadmin\",\"image\":{\"@type\":\"ImageObject\",\"inLanguage\":\"it-IT\",\"@id\":\"https:\/\/www.fondazionepirelli.org\/it\/#\/schema\/person\/image\/\",\"url\":\"https:\/\/secure.gravatar.com\/avatar\/e69498a9175ca244966e51e53c88712c024fcebe41f9a05f75657f1bb25e489b?s=96&d=mm&r=g\",\"contentUrl\":\"https:\/\/secure.gravatar.com\/avatar\/e69498a9175ca244966e51e53c88712c024fcebe41f9a05f75657f1bb25e489b?s=96&d=mm&r=g\",\"caption\":\"fondadmin\"},\"url\":\"https:\/\/www.fondazionepirelli.org\/it\/author\/fondadmin\/\"}]}<\/script>\n<!-- \/ Yoast SEO plugin. -->","yoast_head_json":{"title":"Luca Comerio: il grande fotografo milanese | Fondazione Pirelli","description":"\u201cLuca Comerio. Milanese. Fotografo, pioniere e padre del cinema italiano\u201d, un libro per raccontare la storia del grande fotografo. Scopri di pi\u00f9.","robots":{"index":"index","follow":"follow","max-snippet":"max-snippet:-1","max-image-preview":"max-image-preview:large","max-video-preview":"max-video-preview:-1"},"canonical":"https:\/\/www.fondazionepirelli.org\/it\/iniziative\/storie-dal-mondo-pirelli\/comerio-fotografo-e-padre-del-cinema-italiano\/","og_locale":"it_IT","og_type":"article","og_title":"Luca Comerio: il grande fotografo milanese | Fondazione Pirelli","og_description":"\u201cLuca Comerio. Milanese. Fotografo, pioniere e padre del cinema italiano\u201d, un libro per raccontare la storia del grande fotografo. Scopri di pi\u00f9.","og_url":"https:\/\/www.fondazionepirelli.org\/it\/iniziative\/storie-dal-mondo-pirelli\/comerio-fotografo-e-padre-del-cinema-italiano\/","og_site_name":"Fondazione Pirelli","article_published_time":"2012-02-29T11:58:04+00:00","article_modified_time":"2022-01-27T17:09:27+00:00","og_image":[{"width":400,"height":213,"url":"https:\/\/wpsite-assets.fondazionepirelli.org\/wp-content\/uploads\/2019\/06\/25141249\/1-e1571229818335.jpg","type":"image\/jpeg"}],"author":"fondadmin","twitter_card":"summary_large_image","twitter_misc":{"Scritto da":"fondadmin","Tempo di lettura stimato":"1 minuto"},"schema":{"@context":"https:\/\/schema.org","@graph":[{"@type":"WebPage","@id":"https:\/\/www.fondazionepirelli.org\/it\/iniziative\/storie-dal-mondo-pirelli\/comerio-fotografo-e-padre-del-cinema-italiano\/","url":"https:\/\/www.fondazionepirelli.org\/it\/iniziative\/storie-dal-mondo-pirelli\/comerio-fotografo-e-padre-del-cinema-italiano\/","name":"Luca Comerio: il grande fotografo milanese | Fondazione Pirelli","isPartOf":{"@id":"https:\/\/www.fondazionepirelli.org\/it\/#website"},"primaryImageOfPage":{"@id":"https:\/\/www.fondazionepirelli.org\/it\/iniziative\/storie-dal-mondo-pirelli\/comerio-fotografo-e-padre-del-cinema-italiano\/#primaryimage"},"image":{"@id":"https:\/\/www.fondazionepirelli.org\/it\/iniziative\/storie-dal-mondo-pirelli\/comerio-fotografo-e-padre-del-cinema-italiano\/#primaryimage"},"thumbnailUrl":"https:\/\/wpsite-assets.fondazionepirelli.org\/wp-content\/uploads\/2019\/06\/25141249\/1-e1571229818335.jpg","datePublished":"2012-02-29T11:58:04+00:00","dateModified":"2022-01-27T17:09:27+00:00","author":{"@id":"https:\/\/www.fondazionepirelli.org\/it\/#\/schema\/person\/f47d097000832c4a6e54538c791fdf25"},"description":"\u201cLuca Comerio. Milanese. Fotografo, pioniere e padre del cinema italiano\u201d, un libro per raccontare la storia del grande fotografo. Scopri di pi\u00f9.","breadcrumb":{"@id":"https:\/\/www.fondazionepirelli.org\/it\/iniziative\/storie-dal-mondo-pirelli\/comerio-fotografo-e-padre-del-cinema-italiano\/#breadcrumb"},"inLanguage":"it-IT","potentialAction":[{"@type":"ReadAction","target":["https:\/\/www.fondazionepirelli.org\/it\/iniziative\/storie-dal-mondo-pirelli\/comerio-fotografo-e-padre-del-cinema-italiano\/"]}]},{"@type":"ImageObject","inLanguage":"it-IT","@id":"https:\/\/www.fondazionepirelli.org\/it\/iniziative\/storie-dal-mondo-pirelli\/comerio-fotografo-e-padre-del-cinema-italiano\/#primaryimage","url":"https:\/\/wpsite-assets.fondazionepirelli.org\/wp-content\/uploads\/2019\/06\/25141249\/1-e1571229818335.jpg","contentUrl":"https:\/\/wpsite-assets.fondazionepirelli.org\/wp-content\/uploads\/2019\/06\/25141249\/1-e1571229818335.jpg","width":400,"height":213},{"@type":"BreadcrumbList","@id":"https:\/\/www.fondazionepirelli.org\/it\/iniziative\/storie-dal-mondo-pirelli\/comerio-fotografo-e-padre-del-cinema-italiano\/#breadcrumb","itemListElement":[{"@type":"ListItem","position":1,"name":"Home","item":"https:\/\/www.fondazionepirelli.org\/it\/"},{"@type":"ListItem","position":2,"name":"Comerio, fotografo e padre del cinema italiano"}]},{"@type":"WebSite","@id":"https:\/\/www.fondazionepirelli.org\/it\/#website","url":"https:\/\/www.fondazionepirelli.org\/it\/","name":"Fondazione Pirelli","description":"","potentialAction":[{"@type":"SearchAction","target":{"@type":"EntryPoint","urlTemplate":"https:\/\/www.fondazionepirelli.org\/it\/?s={search_term_string}"},"query-input":{"@type":"PropertyValueSpecification","valueRequired":true,"valueName":"search_term_string"}}],"inLanguage":"it-IT"},{"@type":"Person","@id":"https:\/\/www.fondazionepirelli.org\/it\/#\/schema\/person\/f47d097000832c4a6e54538c791fdf25","name":"fondadmin","image":{"@type":"ImageObject","inLanguage":"it-IT","@id":"https:\/\/www.fondazionepirelli.org\/it\/#\/schema\/person\/image\/","url":"https:\/\/secure.gravatar.com\/avatar\/e69498a9175ca244966e51e53c88712c024fcebe41f9a05f75657f1bb25e489b?s=96&d=mm&r=g","contentUrl":"https:\/\/secure.gravatar.com\/avatar\/e69498a9175ca244966e51e53c88712c024fcebe41f9a05f75657f1bb25e489b?s=96&d=mm&r=g","caption":"fondadmin"},"url":"https:\/\/www.fondazionepirelli.org\/it\/author\/fondadmin\/"}]}},"_links":{"self":[{"href":"https:\/\/www.fondazionepirelli.org\/it\/wp-json\/wp\/v2\/posts\/62175\/"}],"collection":[{"href":"https:\/\/www.fondazionepirelli.org\/it\/wp-json\/wp\/v2\/posts\/"}],"about":[{"href":"https:\/\/www.fondazionepirelli.org\/it\/wp-json\/wp\/v2\/types\/post\/"}],"author":[{"embeddable":true,"href":"https:\/\/www.fondazionepirelli.org\/it\/wp-json\/wp\/v2\/users\/1\/"}],"replies":[{"embeddable":true,"href":"https:\/\/www.fondazionepirelli.org\/it\/wp-json\/wp\/v2\/comments\/?post=62175"}],"version-history":[{"count":6,"href":"https:\/\/www.fondazionepirelli.org\/it\/wp-json\/wp\/v2\/posts\/62175\/revisions\/"}],"predecessor-version":[{"id":73401,"href":"https:\/\/www.fondazionepirelli.org\/it\/wp-json\/wp\/v2\/posts\/62175\/revisions\/73401\/"}],"wp:featuredmedia":[{"embeddable":true,"href":"https:\/\/www.fondazionepirelli.org\/it\/wp-json\/wp\/v2\/media\/63016\/"}],"wp:attachment":[{"href":"https:\/\/www.fondazionepirelli.org\/it\/wp-json\/wp\/v2\/media\/?parent=62175"}],"wp:term":[{"taxonomy":"category","embeddable":true,"href":"https:\/\/www.fondazionepirelli.org\/it\/wp-json\/wp\/v2\/categories\/?post=62175"},{"taxonomy":"post_tag","embeddable":true,"href":"https:\/\/www.fondazionepirelli.org\/it\/wp-json\/wp\/v2\/tags\/?post=62175"}],"curies":[{"name":"wp","href":"https:\/\/api.w.org\/{rel}","templated":true}]}}