{"id":62734,"date":"2019-06-24T00:00:00","date_gmt":"2019-06-24T00:00:00","guid":{"rendered":"http:\/\/www.fondazionepirelli.org\/?p=62734"},"modified":"2022-01-28T15:38:30","modified_gmt":"2022-01-28T14:38:30","slug":"umanesimo-industriale-la-sintesi-del-rapporto-di-pirelli-con-la-cultura","status":"publish","type":"post","link":"https:\/\/www.fondazionepirelli.org\/it\/iniziative\/umanesimo-industriale-la-sintesi-del-rapporto-di-pirelli-con-la-cultura\/","title":{"rendered":"Umanesimo industriale: la sintesi del rapporto di Pirelli con la cultura"},"content":{"rendered":"<p>Oltre\u00a0<strong>500<\/strong>\u00a0le persone che hanno partecipato alla presentazione del libro \u201c<a href=\"\/\/www.fondazionepirelli.org\/it\/iniziative\/umanesimo-industriale-antologia-di-pensieri-parole-immagini-e-innovazioni\/\">Umanesimo industriale. Antologia di pensieri, parole, immagini e innovazioni<\/a>\u201d che si \u00e8 tenuto mercoled\u00ec\u00a0<strong>19 giugno<\/strong>\u00a0<strong>2019<\/strong>\u00a0al<strong>\u00a0Teatro Franco Parenti<\/strong>\u00a0di Milano. Una serata di letture, racconti, musica e approfondimenti con\u00a0<strong>Marco Tronchetti Provera<\/strong>,\u00a0<strong>Antonio Calabr\u00f2<\/strong>, Gian Arturo Ferrari e con la \u00a0partecipazione di\u00a0<strong>Ornella Vanoni<\/strong>.<\/p>\n<p>\u201cLa ripubblicazione dell\u2019antologia della storica rivista Pirelli non \u00e8 un\u2019operazione nostalgica o per farne un amarcord\u201d ma \u201cper discutere oggi dell\u2019attualit\u00e0 del rapporto che una grande impresa come Pirelli ha creato tra il fare impresa e il fare cultura\u201d\u00a0 ed \u00e8 \u201cun legame, quello tra cultura e impresa, che Pirelli ha voluto stringere fin dalla sua fondazione\u201d sono le parole di Antonio Calabr\u00f2 che ricorda l\u2019obiettivo del nuovo progetto editoriale. \u00a0Il rapporto storico\u00a0 di Pirelli con la cultura viene ripreso anche da Marco Tronchetti Provera che ricorda che: \u201cLa memoria \u00e8 importante, con la memoria si costruisce il futuro. La Pirelli \u00e8 sopravvissuta a tre secoli, \u00e8 imprescindibile che un\u2019impresa abbia un legame con la cultura\u201d.<\/p>\n<p>Il dibattito \u00e8 stato intervallato da letture tratte dalla rivista \u201cPirelli\u201d interpretate dall\u2019attrice\u00a0<strong>Anna Ammirati<\/strong>\u00a0e dai grandi successi di Ornella Vanoni che ha interpretato canzoni di<strong>\u00a0Giorgio Strehler<\/strong>, Dario Fo, Gino Paoli, Toquinho e Vin\u00edcius de Moraes.<\/p>\n<p>La serata \u00e8 proseguita nei\u00a0<strong>Bagni Misteriosi<\/strong>\u00a0insieme a\u00a0<strong>Pietruccio Montalbetti<\/strong>\u00a0dei\u00a0<strong>Dik Dik<\/strong> con musiche tratte dal loro repertorio.<\/p>\n<p>Guarda i video e la gallery per ripercorrere tutti i momenti della serata.<\/p>\n","protected":false},"excerpt":{"rendered":"<p>Oltre\u00a0500\u00a0le persone che hanno partecipato alla presentazione del libro \u201cUmanesimo industriale. Antologia di pensieri, parole, immagini e innovazioni\u201d che si \u00e8 tenuto mercoled\u00ec\u00a019 giugno\u00a02019\u00a0al\u00a0Teatro Franco Parenti\u00a0di Milano. Una serata di letture, racconti, musica e approfondimenti con\u00a0Marco Tronchetti Provera,\u00a0Antonio Calabr\u00f2, Gian Arturo Ferrari e con la \u00a0partecipazione di\u00a0Ornella Vanoni. \u201cLa ripubblicazione dell\u2019antologia della storica rivista Pirelli [&hellip;]<\/p>\n","protected":false},"author":1,"featured_media":67901,"comment_status":"open","ping_status":"open","sticky":false,"template":"","format":"standard","meta":{"footnotes":""},"categories":[78,60,72],"tags":[109],"class_list":["post-62734","post","type-post","status-publish","format-standard","has-post-thumbnail","hentry","category-gli-eventi-e-i-percorsi-guidati","category-iniziative","category-i-progetti-editoriali","tag-comunicare-limpresa"],"acf":[],"yoast_head":"<!-- This site is optimized with the Yoast SEO plugin v25.0 - https:\/\/yoast.com\/wordpress\/plugins\/seo\/ -->\n<title>Umanesimo industriale: la presentazione | Fondazione Pirelli<\/title>\n<meta name=\"description\" content=\"La presentazione del libro \u201cUmanesimo industriale&quot;. Visita il nostro sito e ripercorri i momenti della serata.\" \/>\n<meta name=\"robots\" content=\"index, follow, max-snippet:-1, max-image-preview:large, max-video-preview:-1\" \/>\n<link rel=\"canonical\" href=\"https:\/\/www.fondazionepirelli.org\/it\/iniziative\/umanesimo-industriale-la-sintesi-del-rapporto-di-pirelli-con-la-cultura\/\" \/>\n<meta property=\"og:locale\" content=\"it_IT\" \/>\n<meta property=\"og:type\" content=\"article\" \/>\n<meta property=\"og:title\" content=\"Umanesimo industriale: la presentazione | Fondazione Pirelli\" \/>\n<meta property=\"og:description\" content=\"La presentazione del libro \u201cUmanesimo industriale&quot;. Visita il nostro sito e ripercorri i momenti della serata.\" \/>\n<meta property=\"og:url\" content=\"https:\/\/127.0.0.1\/it\/iniziative\/umanesimo-industriale-la-sintesi-del-rapporto-di-pirelli-con-la-cultura\/\" \/>\n<meta property=\"og:site_name\" content=\"Fondazione Pirelli\" \/>\n<meta property=\"article:published_time\" content=\"2019-06-24T00:00:00+00:00\" \/>\n<meta property=\"article:modified_time\" content=\"2022-01-28T14:38:30+00:00\" \/>\n<meta property=\"og:image\" content=\"https:\/\/wpsite-assets.fondazionepirelli.org\/wp-content\/uploads\/2019\/06\/06084632\/umanesimo_industriale_600x338.jpg\" \/>\n\t<meta property=\"og:image:width\" content=\"600\" \/>\n\t<meta property=\"og:image:height\" content=\"338\" \/>\n\t<meta property=\"og:image:type\" content=\"image\/jpeg\" \/>\n<meta name=\"author\" content=\"fondadmin\" \/>\n<meta name=\"twitter:card\" content=\"summary_large_image\" \/>\n<meta name=\"twitter:label1\" content=\"Scritto da\" \/>\n\t<meta name=\"twitter:data1\" content=\"fondadmin\" \/>\n\t<meta name=\"twitter:label2\" content=\"Tempo di lettura stimato\" \/>\n\t<meta name=\"twitter:data2\" content=\"1 minuto\" \/>\n<script type=\"application\/ld+json\" class=\"yoast-schema-graph\">{\"@context\":\"https:\/\/schema.org\",\"@graph\":[{\"@type\":\"WebPage\",\"@id\":\"https:\/\/127.0.0.1\/it\/iniziative\/umanesimo-industriale-la-sintesi-del-rapporto-di-pirelli-con-la-cultura\/\",\"url\":\"https:\/\/127.0.0.1\/it\/iniziative\/umanesimo-industriale-la-sintesi-del-rapporto-di-pirelli-con-la-cultura\/\",\"name\":\"Umanesimo industriale: la presentazione | Fondazione Pirelli\",\"isPartOf\":{\"@id\":\"https:\/\/www.fondazionepirelli.org\/it\/#website\"},\"primaryImageOfPage\":{\"@id\":\"https:\/\/127.0.0.1\/it\/iniziative\/umanesimo-industriale-la-sintesi-del-rapporto-di-pirelli-con-la-cultura\/#primaryimage\"},\"image\":{\"@id\":\"https:\/\/127.0.0.1\/it\/iniziative\/umanesimo-industriale-la-sintesi-del-rapporto-di-pirelli-con-la-cultura\/#primaryimage\"},\"thumbnailUrl\":\"https:\/\/wpsite-assets.fondazionepirelli.org\/wp-content\/uploads\/2019\/06\/06084632\/umanesimo_industriale_600x338.jpg\",\"datePublished\":\"2019-06-24T00:00:00+00:00\",\"dateModified\":\"2022-01-28T14:38:30+00:00\",\"author\":{\"@id\":\"https:\/\/www.fondazionepirelli.org\/it\/#\/schema\/person\/f47d097000832c4a6e54538c791fdf25\"},\"description\":\"La presentazione del libro \u201cUmanesimo industriale\\\". Visita il nostro sito e ripercorri i momenti della serata.\",\"breadcrumb\":{\"@id\":\"https:\/\/127.0.0.1\/it\/iniziative\/umanesimo-industriale-la-sintesi-del-rapporto-di-pirelli-con-la-cultura\/#breadcrumb\"},\"inLanguage\":\"it-IT\",\"potentialAction\":[{\"@type\":\"ReadAction\",\"target\":[\"https:\/\/127.0.0.1\/it\/iniziative\/umanesimo-industriale-la-sintesi-del-rapporto-di-pirelli-con-la-cultura\/\"]}]},{\"@type\":\"ImageObject\",\"inLanguage\":\"it-IT\",\"@id\":\"https:\/\/127.0.0.1\/it\/iniziative\/umanesimo-industriale-la-sintesi-del-rapporto-di-pirelli-con-la-cultura\/#primaryimage\",\"url\":\"https:\/\/wpsite-assets.fondazionepirelli.org\/wp-content\/uploads\/2019\/06\/06084632\/umanesimo_industriale_600x338.jpg\",\"contentUrl\":\"https:\/\/wpsite-assets.fondazionepirelli.org\/wp-content\/uploads\/2019\/06\/06084632\/umanesimo_industriale_600x338.jpg\",\"width\":600,\"height\":338},{\"@type\":\"BreadcrumbList\",\"@id\":\"https:\/\/127.0.0.1\/it\/iniziative\/umanesimo-industriale-la-sintesi-del-rapporto-di-pirelli-con-la-cultura\/#breadcrumb\",\"itemListElement\":[{\"@type\":\"ListItem\",\"position\":1,\"name\":\"Home\",\"item\":\"https:\/\/www.fondazionepirelli.org\/it\/\"},{\"@type\":\"ListItem\",\"position\":2,\"name\":\"Umanesimo industriale: la sintesi del rapporto di Pirelli con la cultura\"}]},{\"@type\":\"WebSite\",\"@id\":\"https:\/\/www.fondazionepirelli.org\/it\/#website\",\"url\":\"https:\/\/www.fondazionepirelli.org\/it\/\",\"name\":\"Fondazione Pirelli\",\"description\":\"\",\"potentialAction\":[{\"@type\":\"SearchAction\",\"target\":{\"@type\":\"EntryPoint\",\"urlTemplate\":\"https:\/\/www.fondazionepirelli.org\/it\/?s={search_term_string}\"},\"query-input\":{\"@type\":\"PropertyValueSpecification\",\"valueRequired\":true,\"valueName\":\"search_term_string\"}}],\"inLanguage\":\"it-IT\"},{\"@type\":\"Person\",\"@id\":\"https:\/\/www.fondazionepirelli.org\/it\/#\/schema\/person\/f47d097000832c4a6e54538c791fdf25\",\"name\":\"fondadmin\",\"image\":{\"@type\":\"ImageObject\",\"inLanguage\":\"it-IT\",\"@id\":\"https:\/\/www.fondazionepirelli.org\/it\/#\/schema\/person\/image\/\",\"url\":\"https:\/\/secure.gravatar.com\/avatar\/e69498a9175ca244966e51e53c88712c024fcebe41f9a05f75657f1bb25e489b?s=96&d=mm&r=g\",\"contentUrl\":\"https:\/\/secure.gravatar.com\/avatar\/e69498a9175ca244966e51e53c88712c024fcebe41f9a05f75657f1bb25e489b?s=96&d=mm&r=g\",\"caption\":\"fondadmin\"},\"url\":\"https:\/\/www.fondazionepirelli.org\/it\/author\/fondadmin\/\"}]}<\/script>\n<!-- \/ Yoast SEO plugin. -->","yoast_head_json":{"title":"Umanesimo industriale: la presentazione | Fondazione Pirelli","description":"La presentazione del libro \u201cUmanesimo industriale\". Visita il nostro sito e ripercorri i momenti della serata.","robots":{"index":"index","follow":"follow","max-snippet":"max-snippet:-1","max-image-preview":"max-image-preview:large","max-video-preview":"max-video-preview:-1"},"canonical":"https:\/\/www.fondazionepirelli.org\/it\/iniziative\/umanesimo-industriale-la-sintesi-del-rapporto-di-pirelli-con-la-cultura\/","og_locale":"it_IT","og_type":"article","og_title":"Umanesimo industriale: la presentazione | Fondazione Pirelli","og_description":"La presentazione del libro \u201cUmanesimo industriale\". Visita il nostro sito e ripercorri i momenti della serata.","og_url":"https:\/\/127.0.0.1\/it\/iniziative\/umanesimo-industriale-la-sintesi-del-rapporto-di-pirelli-con-la-cultura\/","og_site_name":"Fondazione Pirelli","article_published_time":"2019-06-24T00:00:00+00:00","article_modified_time":"2022-01-28T14:38:30+00:00","og_image":[{"width":600,"height":338,"url":"https:\/\/wpsite-assets.fondazionepirelli.org\/wp-content\/uploads\/2019\/06\/06084632\/umanesimo_industriale_600x338.jpg","type":"image\/jpeg"}],"author":"fondadmin","twitter_card":"summary_large_image","twitter_misc":{"Scritto da":"fondadmin","Tempo di lettura stimato":"1 minuto"},"schema":{"@context":"https:\/\/schema.org","@graph":[{"@type":"WebPage","@id":"https:\/\/127.0.0.1\/it\/iniziative\/umanesimo-industriale-la-sintesi-del-rapporto-di-pirelli-con-la-cultura\/","url":"https:\/\/127.0.0.1\/it\/iniziative\/umanesimo-industriale-la-sintesi-del-rapporto-di-pirelli-con-la-cultura\/","name":"Umanesimo industriale: la presentazione | Fondazione Pirelli","isPartOf":{"@id":"https:\/\/www.fondazionepirelli.org\/it\/#website"},"primaryImageOfPage":{"@id":"https:\/\/127.0.0.1\/it\/iniziative\/umanesimo-industriale-la-sintesi-del-rapporto-di-pirelli-con-la-cultura\/#primaryimage"},"image":{"@id":"https:\/\/127.0.0.1\/it\/iniziative\/umanesimo-industriale-la-sintesi-del-rapporto-di-pirelli-con-la-cultura\/#primaryimage"},"thumbnailUrl":"https:\/\/wpsite-assets.fondazionepirelli.org\/wp-content\/uploads\/2019\/06\/06084632\/umanesimo_industriale_600x338.jpg","datePublished":"2019-06-24T00:00:00+00:00","dateModified":"2022-01-28T14:38:30+00:00","author":{"@id":"https:\/\/www.fondazionepirelli.org\/it\/#\/schema\/person\/f47d097000832c4a6e54538c791fdf25"},"description":"La presentazione del libro \u201cUmanesimo industriale\". Visita il nostro sito e ripercorri i momenti della serata.","breadcrumb":{"@id":"https:\/\/127.0.0.1\/it\/iniziative\/umanesimo-industriale-la-sintesi-del-rapporto-di-pirelli-con-la-cultura\/#breadcrumb"},"inLanguage":"it-IT","potentialAction":[{"@type":"ReadAction","target":["https:\/\/127.0.0.1\/it\/iniziative\/umanesimo-industriale-la-sintesi-del-rapporto-di-pirelli-con-la-cultura\/"]}]},{"@type":"ImageObject","inLanguage":"it-IT","@id":"https:\/\/127.0.0.1\/it\/iniziative\/umanesimo-industriale-la-sintesi-del-rapporto-di-pirelli-con-la-cultura\/#primaryimage","url":"https:\/\/wpsite-assets.fondazionepirelli.org\/wp-content\/uploads\/2019\/06\/06084632\/umanesimo_industriale_600x338.jpg","contentUrl":"https:\/\/wpsite-assets.fondazionepirelli.org\/wp-content\/uploads\/2019\/06\/06084632\/umanesimo_industriale_600x338.jpg","width":600,"height":338},{"@type":"BreadcrumbList","@id":"https:\/\/127.0.0.1\/it\/iniziative\/umanesimo-industriale-la-sintesi-del-rapporto-di-pirelli-con-la-cultura\/#breadcrumb","itemListElement":[{"@type":"ListItem","position":1,"name":"Home","item":"https:\/\/www.fondazionepirelli.org\/it\/"},{"@type":"ListItem","position":2,"name":"Umanesimo industriale: la sintesi del rapporto di Pirelli con la cultura"}]},{"@type":"WebSite","@id":"https:\/\/www.fondazionepirelli.org\/it\/#website","url":"https:\/\/www.fondazionepirelli.org\/it\/","name":"Fondazione Pirelli","description":"","potentialAction":[{"@type":"SearchAction","target":{"@type":"EntryPoint","urlTemplate":"https:\/\/www.fondazionepirelli.org\/it\/?s={search_term_string}"},"query-input":{"@type":"PropertyValueSpecification","valueRequired":true,"valueName":"search_term_string"}}],"inLanguage":"it-IT"},{"@type":"Person","@id":"https:\/\/www.fondazionepirelli.org\/it\/#\/schema\/person\/f47d097000832c4a6e54538c791fdf25","name":"fondadmin","image":{"@type":"ImageObject","inLanguage":"it-IT","@id":"https:\/\/www.fondazionepirelli.org\/it\/#\/schema\/person\/image\/","url":"https:\/\/secure.gravatar.com\/avatar\/e69498a9175ca244966e51e53c88712c024fcebe41f9a05f75657f1bb25e489b?s=96&d=mm&r=g","contentUrl":"https:\/\/secure.gravatar.com\/avatar\/e69498a9175ca244966e51e53c88712c024fcebe41f9a05f75657f1bb25e489b?s=96&d=mm&r=g","caption":"fondadmin"},"url":"https:\/\/www.fondazionepirelli.org\/it\/author\/fondadmin\/"}]}},"_links":{"self":[{"href":"https:\/\/www.fondazionepirelli.org\/it\/wp-json\/wp\/v2\/posts\/62734\/"}],"collection":[{"href":"https:\/\/www.fondazionepirelli.org\/it\/wp-json\/wp\/v2\/posts\/"}],"about":[{"href":"https:\/\/www.fondazionepirelli.org\/it\/wp-json\/wp\/v2\/types\/post\/"}],"author":[{"embeddable":true,"href":"https:\/\/www.fondazionepirelli.org\/it\/wp-json\/wp\/v2\/users\/1\/"}],"replies":[{"embeddable":true,"href":"https:\/\/www.fondazionepirelli.org\/it\/wp-json\/wp\/v2\/comments\/?post=62734"}],"version-history":[{"count":19,"href":"https:\/\/www.fondazionepirelli.org\/it\/wp-json\/wp\/v2\/posts\/62734\/revisions\/"}],"predecessor-version":[{"id":68576,"href":"https:\/\/www.fondazionepirelli.org\/it\/wp-json\/wp\/v2\/posts\/62734\/revisions\/68576\/"}],"wp:featuredmedia":[{"embeddable":true,"href":"https:\/\/www.fondazionepirelli.org\/it\/wp-json\/wp\/v2\/media\/67901\/"}],"wp:attachment":[{"href":"https:\/\/www.fondazionepirelli.org\/it\/wp-json\/wp\/v2\/media\/?parent=62734"}],"wp:term":[{"taxonomy":"category","embeddable":true,"href":"https:\/\/www.fondazionepirelli.org\/it\/wp-json\/wp\/v2\/categories\/?post=62734"},{"taxonomy":"post_tag","embeddable":true,"href":"https:\/\/www.fondazionepirelli.org\/it\/wp-json\/wp\/v2\/tags\/?post=62734"}],"curies":[{"name":"wp","href":"https:\/\/api.w.org\/{rel}","templated":true}]}}