{"id":65100,"date":"2019-07-31T00:00:38","date_gmt":"2019-07-31T00:00:38","guid":{"rendered":"http:\/\/www.fondazionepirelli.org\/?p=65100"},"modified":"2022-06-13T10:24:22","modified_gmt":"2022-06-13T09:24:22","slug":"pirelli-e-le-telecomunicazioni-storia-della-nave-posa-cavi-citta-di-milano-1","status":"publish","type":"post","link":"https:\/\/www.fondazionepirelli.org\/it\/archivio-storico\/pirelli-e-le-telecomunicazioni-storia-della-nave-posa-cavi-citta-di-milano-1\/","title":{"rendered":"Pirelli e le telecomunicazioni: <br>storia della nave posa cavi &#8220;Citt\u00e0 di Milano&#8221;"},"content":{"rendered":"<p>Battezzata <strong>\u201cCitt\u00e0 di Milano\u201d, la<\/strong> <strong>nave posa cavi Pirelli<\/strong> era stata costruita presso i cantieri di Sunderland, in Inghilterra, e <strong>varata nel 1886<\/strong>.<\/p>\n<p>Lunga 70 metri, era dotata di tre vasche circolari destinate a contenere, immersi in acqua di mare, fino a <strong>450 km di cavi telegrafici sottomarini<\/strong> gi\u00e0 giuntati in fabbrica prima di imbarcarli. Per fabbricare i cavi sottomarini nello stesso <strong>1886<\/strong> la Pirelli aveva costruito un apposito <strong>stabilimento in riva al mare<\/strong>, a San Bartolomeo <strong>presso La Spezia<\/strong>. La sfida era audace, per le complesse tecniche legate a questa fabbricazione, ma <strong>Giovanni Battista Pirelli<\/strong> era deciso a strappare all\u2019Inghilterra il monopolio del settore cavi. A partire dal 1866 infatti, dopo la posa tra mille difficolt\u00e0 del cavo telegrafico sottomarino tra l\u2019Inghilterra e l\u2019America del Nord, le societ\u00e0 inglesi andavano realizzando, in tutti i mari, una vasta rete telegrafica. Anche<strong> i primi collegamenti in Italia, tra la penisola e le isole maggiori, erano stati posati dagli inglesi<\/strong>. Nel 1885 Giovanni Battista Pirelli riusc\u00ec a stipulare, sulla fiducia, una convenzione con il Governo italiano per la posa di 12 cavi sottomarini \u2013 per un totale di <strong>800 km<\/strong> \u2013 tra la penisola e le isole minori, che fu realizzata tra il 1887 e il 1888.<\/p>\n<p>In seguito la Pirelli cominci\u00f2 ad aggiudicarsi anche commesse da altri paesi, in concorrenza con le principali ditte inglesi: nel giugno <strong>1888<\/strong> vinse la gara indetta dal Governo spagnolo per la <strong>posa di un cavo tra la Spagna e le isole Baleari e in seguito, nel 1890, per la posa di 7 linee per collegare la Spagna con il Marocco e Tangeri<\/strong>. Dopo varie campagne di riparazione, anche per conto degli inglesi sulle loro reti, nel Mediterraneo, nel Mar Rosso e nell\u2019Oceano indiano, tra il 1908 e il 1909 la \u201cCitt\u00e0 di Milano\u201d fu impegnata nella riparazione dei cavi che giacevano sul fondo dello stretto di Messina, danneggati dal terremoto, contribuendo anche a portare aiuto e viveri alla popolazione colpita dal sisma.<\/p>\n<p>Durante la guerra di Libia e la Grande Guerra, <strong>la \u201cCitt\u00e0 di Milano\u201d fu impiegata in diverse missioni militari, come quella di tagliare il cavo austriaco Trieste-Corf\u00f9 nel maggio 1915<\/strong>: si trattava \u00a0dell\u2019unico cavo nemico rimasto in attivit\u00e0 dopo la dichiarazione di guerra. La gloriosa attivit\u00e0 della Citt\u00e0 di Milano termin\u00f2 qualche anno dopo, nel <strong>1919<\/strong>: il 16 giugno di 100 anni fa, mentre navigava di fronte a Filicudi per riparare il cavo telegrafico che allacciava la piccola isola alla vicina Alicudi, il piroscafo si inabiss\u00f2 dopo aver urtato uno scoglio. Nell\u2019<strong>incidente<\/strong> persero la vita 26 membri dell\u2019equipaggio, tra cui l\u2019Ingegner <strong>Emanuele Jona<\/strong>, Capo del servizio cavi sottomarini e pioniere dell\u2019elettrotecnica e autore di importanti studi, in particolare sui problemi tecnici dell&#8217;<strong>isolamento elettrico dei cavi<\/strong>, oggi conservati presso la nostra Fondazione, nella <a href=\"https:\/\/www.fondazionepirelli.org\/it\/le-biblioteche\/la-biblioteca-tecnico-scientifica\/\" target=\"_blank\" rel=\"noopener noreferrer\"><strong>Biblioteca Tecnico-scientifica Pirelli<\/strong><\/a>.<\/p>\n","protected":false},"excerpt":{"rendered":"<p>Battezzata \u201cCitt\u00e0 di Milano\u201d, la nave posa cavi Pirelli era stata costruita presso i cantieri di Sunderland, in Inghilterra, e varata nel 1886. Lunga 70 metri, era dotata di tre vasche circolari destinate a contenere, immersi in acqua di mare, fino a 450 km di cavi telegrafici sottomarini gi\u00e0 giuntati in fabbrica prima di imbarcarli. [&hellip;]<\/p>\n","protected":false},"author":1,"featured_media":65111,"comment_status":"open","ping_status":"open","sticky":false,"template":"","format":"standard","meta":{"footnotes":""},"categories":[126],"tags":[],"class_list":["post-65100","post","type-post","status-publish","format-standard","has-post-thumbnail","hentry","category-archivio-storico"],"acf":[],"yoast_head":"<!-- This site is optimized with the Yoast SEO plugin v25.0 - https:\/\/yoast.com\/wordpress\/plugins\/seo\/ -->\n<title>La nave posacavi Citt\u00e0 di Milano: storia delle telecomunicazioni | Fondazione Pirelli<\/title>\n<meta name=\"description\" content=\"Scopri la storia del piroscafo &quot;Citt\u00e0 di Milano&quot;, la storica nave posacavi Pirelli. Un pezzo di storia delle telecomunicazioni. Visita fondazioneprielli.org\" \/>\n<meta name=\"robots\" content=\"index, follow, max-snippet:-1, max-image-preview:large, max-video-preview:-1\" \/>\n<link rel=\"canonical\" href=\"https:\/\/www.fondazionepirelli.org\/it\/archivio-storico\/pirelli-e-le-telecomunicazioni-storia-della-nave-posa-cavi-citta-di-milano-1\/\" \/>\n<meta property=\"og:locale\" content=\"it_IT\" \/>\n<meta property=\"og:type\" content=\"article\" \/>\n<meta property=\"og:title\" content=\"La nave posacavi Citt\u00e0 di Milano: storia delle telecomunicazioni | Fondazione Pirelli\" \/>\n<meta property=\"og:description\" content=\"Scopri la storia del piroscafo &quot;Citt\u00e0 di Milano&quot;, la storica nave posacavi Pirelli. Un pezzo di storia delle telecomunicazioni. Visita fondazioneprielli.org\" \/>\n<meta property=\"og:url\" content=\"https:\/\/www.fondazionepirelli.org\/it\/archivio-storico\/pirelli-e-le-telecomunicazioni-storia-della-nave-posa-cavi-citta-di-milano-1\/\" \/>\n<meta property=\"og:site_name\" content=\"Fondazione Pirelli\" \/>\n<meta property=\"article:published_time\" content=\"2019-07-31T00:00:38+00:00\" \/>\n<meta property=\"article:modified_time\" content=\"2022-06-13T09:24:22+00:00\" \/>\n<meta property=\"og:image\" content=\"https:\/\/wpsite-assets.fondazionepirelli.org\/wp-content\/uploads\/2019\/07\/31082603\/posa_cavi_citta_di_milano_06-e1564561621205.jpg\" \/>\n\t<meta property=\"og:image:width\" content=\"600\" \/>\n\t<meta property=\"og:image:height\" content=\"450\" \/>\n\t<meta property=\"og:image:type\" content=\"image\/jpeg\" \/>\n<meta name=\"author\" content=\"fondadmin\" \/>\n<meta name=\"twitter:card\" content=\"summary_large_image\" \/>\n<meta name=\"twitter:label1\" content=\"Scritto da\" \/>\n\t<meta name=\"twitter:data1\" content=\"fondadmin\" \/>\n\t<meta name=\"twitter:label2\" content=\"Tempo di lettura stimato\" \/>\n\t<meta name=\"twitter:data2\" content=\"2 minuti\" \/>\n<script type=\"application\/ld+json\" class=\"yoast-schema-graph\">{\"@context\":\"https:\/\/schema.org\",\"@graph\":[{\"@type\":\"WebPage\",\"@id\":\"https:\/\/www.fondazionepirelli.org\/it\/archivio-storico\/pirelli-e-le-telecomunicazioni-storia-della-nave-posa-cavi-citta-di-milano-1\/\",\"url\":\"https:\/\/www.fondazionepirelli.org\/it\/archivio-storico\/pirelli-e-le-telecomunicazioni-storia-della-nave-posa-cavi-citta-di-milano-1\/\",\"name\":\"La nave posacavi Citt\u00e0 di Milano: storia delle telecomunicazioni | Fondazione Pirelli\",\"isPartOf\":{\"@id\":\"https:\/\/www.fondazionepirelli.org\/it\/#website\"},\"primaryImageOfPage\":{\"@id\":\"https:\/\/www.fondazionepirelli.org\/it\/archivio-storico\/pirelli-e-le-telecomunicazioni-storia-della-nave-posa-cavi-citta-di-milano-1\/#primaryimage\"},\"image\":{\"@id\":\"https:\/\/www.fondazionepirelli.org\/it\/archivio-storico\/pirelli-e-le-telecomunicazioni-storia-della-nave-posa-cavi-citta-di-milano-1\/#primaryimage\"},\"thumbnailUrl\":\"https:\/\/wpsite-assets.fondazionepirelli.org\/wp-content\/uploads\/2019\/07\/31082603\/posa_cavi_citta_di_milano_06-e1564561621205.jpg\",\"datePublished\":\"2019-07-31T00:00:38+00:00\",\"dateModified\":\"2022-06-13T09:24:22+00:00\",\"author\":{\"@id\":\"https:\/\/www.fondazionepirelli.org\/it\/#\/schema\/person\/f47d097000832c4a6e54538c791fdf25\"},\"description\":\"Scopri la storia del piroscafo \\\"Citt\u00e0 di Milano\\\", la storica nave posacavi Pirelli. Un pezzo di storia delle telecomunicazioni. Visita fondazioneprielli.org\",\"breadcrumb\":{\"@id\":\"https:\/\/www.fondazionepirelli.org\/it\/archivio-storico\/pirelli-e-le-telecomunicazioni-storia-della-nave-posa-cavi-citta-di-milano-1\/#breadcrumb\"},\"inLanguage\":\"it-IT\",\"potentialAction\":[{\"@type\":\"ReadAction\",\"target\":[\"https:\/\/www.fondazionepirelli.org\/it\/archivio-storico\/pirelli-e-le-telecomunicazioni-storia-della-nave-posa-cavi-citta-di-milano-1\/\"]}]},{\"@type\":\"ImageObject\",\"inLanguage\":\"it-IT\",\"@id\":\"https:\/\/www.fondazionepirelli.org\/it\/archivio-storico\/pirelli-e-le-telecomunicazioni-storia-della-nave-posa-cavi-citta-di-milano-1\/#primaryimage\",\"url\":\"https:\/\/wpsite-assets.fondazionepirelli.org\/wp-content\/uploads\/2019\/07\/31082603\/posa_cavi_citta_di_milano_06-e1564561621205.jpg\",\"contentUrl\":\"https:\/\/wpsite-assets.fondazionepirelli.org\/wp-content\/uploads\/2019\/07\/31082603\/posa_cavi_citta_di_milano_06-e1564561621205.jpg\",\"width\":600,\"height\":450},{\"@type\":\"BreadcrumbList\",\"@id\":\"https:\/\/www.fondazionepirelli.org\/it\/archivio-storico\/pirelli-e-le-telecomunicazioni-storia-della-nave-posa-cavi-citta-di-milano-1\/#breadcrumb\",\"itemListElement\":[{\"@type\":\"ListItem\",\"position\":1,\"name\":\"Home\",\"item\":\"https:\/\/www.fondazionepirelli.org\/it\/\"},{\"@type\":\"ListItem\",\"position\":2,\"name\":\"Pirelli e le telecomunicazioni: storia della nave posa cavi &#8220;Citt\u00e0 di Milano&#8221;\"}]},{\"@type\":\"WebSite\",\"@id\":\"https:\/\/www.fondazionepirelli.org\/it\/#website\",\"url\":\"https:\/\/www.fondazionepirelli.org\/it\/\",\"name\":\"Fondazione Pirelli\",\"description\":\"\",\"potentialAction\":[{\"@type\":\"SearchAction\",\"target\":{\"@type\":\"EntryPoint\",\"urlTemplate\":\"https:\/\/www.fondazionepirelli.org\/it\/?s={search_term_string}\"},\"query-input\":{\"@type\":\"PropertyValueSpecification\",\"valueRequired\":true,\"valueName\":\"search_term_string\"}}],\"inLanguage\":\"it-IT\"},{\"@type\":\"Person\",\"@id\":\"https:\/\/www.fondazionepirelli.org\/it\/#\/schema\/person\/f47d097000832c4a6e54538c791fdf25\",\"name\":\"fondadmin\",\"image\":{\"@type\":\"ImageObject\",\"inLanguage\":\"it-IT\",\"@id\":\"https:\/\/www.fondazionepirelli.org\/it\/#\/schema\/person\/image\/\",\"url\":\"https:\/\/secure.gravatar.com\/avatar\/e69498a9175ca244966e51e53c88712c024fcebe41f9a05f75657f1bb25e489b?s=96&d=mm&r=g\",\"contentUrl\":\"https:\/\/secure.gravatar.com\/avatar\/e69498a9175ca244966e51e53c88712c024fcebe41f9a05f75657f1bb25e489b?s=96&d=mm&r=g\",\"caption\":\"fondadmin\"},\"url\":\"https:\/\/www.fondazionepirelli.org\/it\/author\/fondadmin\/\"}]}<\/script>\n<!-- \/ Yoast SEO plugin. -->","yoast_head_json":{"title":"La nave posacavi Citt\u00e0 di Milano: storia delle telecomunicazioni | Fondazione Pirelli","description":"Scopri la storia del piroscafo \"Citt\u00e0 di Milano\", la storica nave posacavi Pirelli. Un pezzo di storia delle telecomunicazioni. Visita fondazioneprielli.org","robots":{"index":"index","follow":"follow","max-snippet":"max-snippet:-1","max-image-preview":"max-image-preview:large","max-video-preview":"max-video-preview:-1"},"canonical":"https:\/\/www.fondazionepirelli.org\/it\/archivio-storico\/pirelli-e-le-telecomunicazioni-storia-della-nave-posa-cavi-citta-di-milano-1\/","og_locale":"it_IT","og_type":"article","og_title":"La nave posacavi Citt\u00e0 di Milano: storia delle telecomunicazioni | Fondazione Pirelli","og_description":"Scopri la storia del piroscafo \"Citt\u00e0 di Milano\", la storica nave posacavi Pirelli. Un pezzo di storia delle telecomunicazioni. Visita fondazioneprielli.org","og_url":"https:\/\/www.fondazionepirelli.org\/it\/archivio-storico\/pirelli-e-le-telecomunicazioni-storia-della-nave-posa-cavi-citta-di-milano-1\/","og_site_name":"Fondazione Pirelli","article_published_time":"2019-07-31T00:00:38+00:00","article_modified_time":"2022-06-13T09:24:22+00:00","og_image":[{"width":600,"height":450,"url":"https:\/\/wpsite-assets.fondazionepirelli.org\/wp-content\/uploads\/2019\/07\/31082603\/posa_cavi_citta_di_milano_06-e1564561621205.jpg","type":"image\/jpeg"}],"author":"fondadmin","twitter_card":"summary_large_image","twitter_misc":{"Scritto da":"fondadmin","Tempo di lettura stimato":"2 minuti"},"schema":{"@context":"https:\/\/schema.org","@graph":[{"@type":"WebPage","@id":"https:\/\/www.fondazionepirelli.org\/it\/archivio-storico\/pirelli-e-le-telecomunicazioni-storia-della-nave-posa-cavi-citta-di-milano-1\/","url":"https:\/\/www.fondazionepirelli.org\/it\/archivio-storico\/pirelli-e-le-telecomunicazioni-storia-della-nave-posa-cavi-citta-di-milano-1\/","name":"La nave posacavi Citt\u00e0 di Milano: storia delle telecomunicazioni | Fondazione Pirelli","isPartOf":{"@id":"https:\/\/www.fondazionepirelli.org\/it\/#website"},"primaryImageOfPage":{"@id":"https:\/\/www.fondazionepirelli.org\/it\/archivio-storico\/pirelli-e-le-telecomunicazioni-storia-della-nave-posa-cavi-citta-di-milano-1\/#primaryimage"},"image":{"@id":"https:\/\/www.fondazionepirelli.org\/it\/archivio-storico\/pirelli-e-le-telecomunicazioni-storia-della-nave-posa-cavi-citta-di-milano-1\/#primaryimage"},"thumbnailUrl":"https:\/\/wpsite-assets.fondazionepirelli.org\/wp-content\/uploads\/2019\/07\/31082603\/posa_cavi_citta_di_milano_06-e1564561621205.jpg","datePublished":"2019-07-31T00:00:38+00:00","dateModified":"2022-06-13T09:24:22+00:00","author":{"@id":"https:\/\/www.fondazionepirelli.org\/it\/#\/schema\/person\/f47d097000832c4a6e54538c791fdf25"},"description":"Scopri la storia del piroscafo \"Citt\u00e0 di Milano\", la storica nave posacavi Pirelli. Un pezzo di storia delle telecomunicazioni. Visita fondazioneprielli.org","breadcrumb":{"@id":"https:\/\/www.fondazionepirelli.org\/it\/archivio-storico\/pirelli-e-le-telecomunicazioni-storia-della-nave-posa-cavi-citta-di-milano-1\/#breadcrumb"},"inLanguage":"it-IT","potentialAction":[{"@type":"ReadAction","target":["https:\/\/www.fondazionepirelli.org\/it\/archivio-storico\/pirelli-e-le-telecomunicazioni-storia-della-nave-posa-cavi-citta-di-milano-1\/"]}]},{"@type":"ImageObject","inLanguage":"it-IT","@id":"https:\/\/www.fondazionepirelli.org\/it\/archivio-storico\/pirelli-e-le-telecomunicazioni-storia-della-nave-posa-cavi-citta-di-milano-1\/#primaryimage","url":"https:\/\/wpsite-assets.fondazionepirelli.org\/wp-content\/uploads\/2019\/07\/31082603\/posa_cavi_citta_di_milano_06-e1564561621205.jpg","contentUrl":"https:\/\/wpsite-assets.fondazionepirelli.org\/wp-content\/uploads\/2019\/07\/31082603\/posa_cavi_citta_di_milano_06-e1564561621205.jpg","width":600,"height":450},{"@type":"BreadcrumbList","@id":"https:\/\/www.fondazionepirelli.org\/it\/archivio-storico\/pirelli-e-le-telecomunicazioni-storia-della-nave-posa-cavi-citta-di-milano-1\/#breadcrumb","itemListElement":[{"@type":"ListItem","position":1,"name":"Home","item":"https:\/\/www.fondazionepirelli.org\/it\/"},{"@type":"ListItem","position":2,"name":"Pirelli e le telecomunicazioni: storia della nave posa cavi &#8220;Citt\u00e0 di Milano&#8221;"}]},{"@type":"WebSite","@id":"https:\/\/www.fondazionepirelli.org\/it\/#website","url":"https:\/\/www.fondazionepirelli.org\/it\/","name":"Fondazione Pirelli","description":"","potentialAction":[{"@type":"SearchAction","target":{"@type":"EntryPoint","urlTemplate":"https:\/\/www.fondazionepirelli.org\/it\/?s={search_term_string}"},"query-input":{"@type":"PropertyValueSpecification","valueRequired":true,"valueName":"search_term_string"}}],"inLanguage":"it-IT"},{"@type":"Person","@id":"https:\/\/www.fondazionepirelli.org\/it\/#\/schema\/person\/f47d097000832c4a6e54538c791fdf25","name":"fondadmin","image":{"@type":"ImageObject","inLanguage":"it-IT","@id":"https:\/\/www.fondazionepirelli.org\/it\/#\/schema\/person\/image\/","url":"https:\/\/secure.gravatar.com\/avatar\/e69498a9175ca244966e51e53c88712c024fcebe41f9a05f75657f1bb25e489b?s=96&d=mm&r=g","contentUrl":"https:\/\/secure.gravatar.com\/avatar\/e69498a9175ca244966e51e53c88712c024fcebe41f9a05f75657f1bb25e489b?s=96&d=mm&r=g","caption":"fondadmin"},"url":"https:\/\/www.fondazionepirelli.org\/it\/author\/fondadmin\/"}]}},"_links":{"self":[{"href":"https:\/\/www.fondazionepirelli.org\/it\/wp-json\/wp\/v2\/posts\/65100\/"}],"collection":[{"href":"https:\/\/www.fondazionepirelli.org\/it\/wp-json\/wp\/v2\/posts\/"}],"about":[{"href":"https:\/\/www.fondazionepirelli.org\/it\/wp-json\/wp\/v2\/types\/post\/"}],"author":[{"embeddable":true,"href":"https:\/\/www.fondazionepirelli.org\/it\/wp-json\/wp\/v2\/users\/1\/"}],"replies":[{"embeddable":true,"href":"https:\/\/www.fondazionepirelli.org\/it\/wp-json\/wp\/v2\/comments\/?post=65100"}],"version-history":[{"count":5,"href":"https:\/\/www.fondazionepirelli.org\/it\/wp-json\/wp\/v2\/posts\/65100\/revisions\/"}],"predecessor-version":[{"id":89887,"href":"https:\/\/www.fondazionepirelli.org\/it\/wp-json\/wp\/v2\/posts\/65100\/revisions\/89887\/"}],"wp:featuredmedia":[{"embeddable":true,"href":"https:\/\/www.fondazionepirelli.org\/it\/wp-json\/wp\/v2\/media\/65111\/"}],"wp:attachment":[{"href":"https:\/\/www.fondazionepirelli.org\/it\/wp-json\/wp\/v2\/media\/?parent=65100"}],"wp:term":[{"taxonomy":"category","embeddable":true,"href":"https:\/\/www.fondazionepirelli.org\/it\/wp-json\/wp\/v2\/categories\/?post=65100"},{"taxonomy":"post_tag","embeddable":true,"href":"https:\/\/www.fondazionepirelli.org\/it\/wp-json\/wp\/v2\/tags\/?post=65100"}],"curies":[{"name":"wp","href":"https:\/\/api.w.org\/{rel}","templated":true}]}}