{"id":65374,"date":"2019-05-14T00:00:00","date_gmt":"2019-05-14T00:00:00","guid":{"rendered":"http:\/\/www.fondazionepirelli.org\/non-categorizzato\/la-cultura-abitativa-dimpresa\/"},"modified":"2019-08-30T14:43:05","modified_gmt":"2019-08-30T14:43:05","slug":"la-cultura-abitativa-dimpresa","status":"publish","type":"post","link":"https:\/\/www.fondazionepirelli.org\/it\/cultura-dimpresa\/la-cultura-abitativa-dimpresa\/","title":{"rendered":"La cultura abitativa d&#8217;impresa"},"content":{"rendered":"<p><em>In un libro il racconto di un aspetto particolare dell\u2019esistenza e dell\u2019attivit\u00e0 di una grande azienda<\/em><\/p><p>L\u2019impresa vicino al lavoratore. Non un falso atteggiamento di attenzione, ma qualcosa di differente. Qualcosa di complesso da spiegare e interpretare, e che si esplicita in forme diverse le une dalle altre, seppur con tratti comuni. Analizzare quello che modernamente si indica come <em>welfare <\/em>aziendale oppure Responsabilit\u00e0 sociale d\u2019impresa (a seconda dei casi e delle declinazioni concrete), \u00e8 sempre cosa buona e utile: aiuta a comprendere tratti importanti della cultura d\u2019impresa di ogni organizzazione della produzione.<\/p>\n<p>E\u2019 per questo che serve leggere \u201cLe case Olivetti a Ivrea. L&#8217;Ufficio Consulenza Case Dipendenti e Emilio A. Tarpino\u201d scritto a pi\u00f9 mani da Carlo Olmo, Patrizia Bonifazio e Luca Lazzarini (architetto e memoria storica dell\u2019architettura il primo, architetti e urbanisti gli altri due autori), con il supporto fotografico di Paolo Mazzo. Il libro, attraverso ricerche condotte presso l\u2019Associazione Archivio Storico Olivetti e presso altri archivi privati e pubblici, propone una prima ricognizione sui programmi di case per dipendenti dell\u2019azienda a Ivrea, con una particolare attenzione al ruolo affidato all\u2019Ufficio Consulenza Case Dipendenti Olivetti diretto dall\u2019architetto Emilio A. Tarpino.<\/p>\n<p>Sotto la lente degli autori, sono passati i modelli progettuali e le scelte politiche operate dalla Olivetti in un periodo importante della sua storia. Scelte che testimoniano la pluralit\u00e0 di soggetti e di culture \u2013 anche tecniche \u2013 che contribuirono a dare forma al paesaggio residenziale di Ivrea, investito da un singolare processo di modernizzazione che vide l\u2019attivit\u00e0 dei servizi sociali come fulcro della gestione della vita della fabbrica e catalizzatore dell\u2019attenzione anche internazionale sul \u201ccaso Olivetti\u201d. Fabbrica-territorio, dunque, che diventa modello. E\u2019 insomma la storia (illustrata) di un aspetto cruciale dell\u2019azienda-comunit\u00e0 che \u00e8 stata una caso forse unico nella moderna storia industriale del nostro Paese (e non solo). Quell\u2019azienda legata intimamente al territorio e alla sua gente, senza mancare per\u00f2 di perseguire una modernit\u00e0 tecnologica che per anni l\u2019ha posta in vetta ai mercati. Almeno fino a quando il mutamento del clima culturale dentro e fuori la fabbrica non ha fatto cambiare orientamento e traguardi produttivi.<\/p>\n<p>Il libro, dopo una premessa di Olmo, prosegue con la puntualizzazione dello scenario e del contesto che legano casa e territorio per passare poi al racconto di come i legami fra azienda, architettura e territorio si siano sviluppati negli anni, per arrivare quindi all\u2019approfondimento dell\u2019operativit\u00e0 e del lavoro concreti dell\u2019ufficio \u201cconsulenza case dipendenti\u201d dell\u2019azienda stessa (con tanto di numerose planimetrie e disegni progettuali). Chiudono il volume una serie di scatti fotografici delle abitazioni Olivetti ad Ivrea oltre che alcuni documenti che aiutano a comprendere meglio tutta la vicenda.<\/p>\n<p>Il libro di Olmo, Bonifazio e Lazzarini non \u00e8 un semplice libro di architettura: \u00e8 un viaggio in una vicenda che ancora oggi ha molto da insegnare e che, pi\u00f9 di tutto, illustra quanto possa la cultura d\u2019impresa raggiungere livelli d\u2019eccellenza anche in un settore &#8211; quello delle abitazioni per i dipendenti \u2013 in apparenza cos\u00ec lontano dal cuore della produzione.<\/p><p><strong>Le case Olivetti a Ivrea. L&#8217;Ufficio Consulenza Case Dipendenti e Emilio A. Tarpino<\/strong><\/p>\n<p>Carlo Olmo, Patrizia Bonifazio, Luca Lazzarini<\/p>\n<p>il Mulino, 2019<\/p>\n","protected":false},"excerpt":{"rendered":"<p>In un libro il racconto di un aspetto particolare dell\u2019esistenza e dell\u2019attivit\u00e0 di una grande aziendaL\u2019impresa vicino al lavoratore. Non un falso atteggiamento di attenzione, ma qualcosa di differente. Qualcosa di complesso da spiegare e interpretare, e che si esplicita in forme diverse le une dalle altre, seppur con tratti comuni. Analizzare quello che modernamente [&hellip;]<\/p>\n","protected":false},"author":1,"featured_media":65375,"comment_status":"closed","ping_status":"closed","sticky":false,"template":"","format":"standard","meta":{"footnotes":""},"categories":[52,58],"tags":[],"class_list":["post-65374","post","type-post","status-publish","format-standard","has-post-thumbnail","hentry","category-cultura-dimpresa","category-recensioni-libri"],"acf":[],"yoast_head":"<!-- This site is optimized with the Yoast SEO plugin v25.0 - https:\/\/yoast.com\/wordpress\/plugins\/seo\/ -->\n<title>La cultura abitativa d&#039;impresa - Fondazione Pirelli<\/title>\n<meta name=\"robots\" content=\"index, follow, max-snippet:-1, max-image-preview:large, max-video-preview:-1\" \/>\n<link rel=\"canonical\" href=\"https:\/\/www.fondazionepirelli.org\/it\/cultura-dimpresa\/la-cultura-abitativa-dimpresa\/\" \/>\n<meta property=\"og:locale\" content=\"it_IT\" \/>\n<meta property=\"og:type\" content=\"article\" \/>\n<meta property=\"og:title\" content=\"La cultura abitativa d&#039;impresa - Fondazione Pirelli\" \/>\n<meta property=\"og:description\" content=\"In un libro il racconto di un aspetto particolare dell\u2019esistenza e dell\u2019attivit\u00e0 di una grande aziendaL\u2019impresa vicino al lavoratore. Non un falso atteggiamento di attenzione, ma qualcosa di differente. Qualcosa di complesso da spiegare e interpretare, e che si esplicita in forme diverse le une dalle altre, seppur con tratti comuni. Analizzare quello che modernamente [&hellip;]\" \/>\n<meta property=\"og:url\" content=\"https:\/\/127.0.0.1\/it\/cultura-dimpresa\/la-cultura-abitativa-dimpresa\/\" \/>\n<meta property=\"og:site_name\" content=\"Fondazione Pirelli\" \/>\n<meta property=\"article:published_time\" content=\"2019-05-14T00:00:00+00:00\" \/>\n<meta property=\"article:modified_time\" content=\"2019-08-30T14:43:05+00:00\" \/>\n<meta property=\"og:image\" content=\"https:\/\/wpsite-assets.fondazionepirelli.org\/wp-content\/uploads\/2019\/08\/01154959\/6c28020cover27462.png\" \/>\n\t<meta property=\"og:image:width\" content=\"400\" \/>\n\t<meta property=\"og:image:height\" content=\"616\" \/>\n\t<meta property=\"og:image:type\" content=\"image\/png\" \/>\n<meta name=\"author\" content=\"fondadmin\" \/>\n<meta name=\"twitter:card\" content=\"summary_large_image\" \/>\n<meta name=\"twitter:label1\" content=\"Scritto da\" \/>\n\t<meta name=\"twitter:data1\" content=\"fondadmin\" \/>\n\t<meta name=\"twitter:label2\" content=\"Tempo di lettura stimato\" \/>\n\t<meta name=\"twitter:data2\" content=\"3 minuti\" \/>\n<script type=\"application\/ld+json\" class=\"yoast-schema-graph\">{\"@context\":\"https:\/\/schema.org\",\"@graph\":[{\"@type\":\"WebPage\",\"@id\":\"https:\/\/127.0.0.1\/it\/cultura-dimpresa\/la-cultura-abitativa-dimpresa\/\",\"url\":\"https:\/\/127.0.0.1\/it\/cultura-dimpresa\/la-cultura-abitativa-dimpresa\/\",\"name\":\"La cultura abitativa d'impresa - Fondazione Pirelli\",\"isPartOf\":{\"@id\":\"https:\/\/www.fondazionepirelli.org\/it\/#website\"},\"primaryImageOfPage\":{\"@id\":\"https:\/\/127.0.0.1\/it\/cultura-dimpresa\/la-cultura-abitativa-dimpresa\/#primaryimage\"},\"image\":{\"@id\":\"https:\/\/127.0.0.1\/it\/cultura-dimpresa\/la-cultura-abitativa-dimpresa\/#primaryimage\"},\"thumbnailUrl\":\"https:\/\/wpsite-assets.fondazionepirelli.org\/wp-content\/uploads\/2019\/08\/01154959\/6c28020cover27462.png\",\"datePublished\":\"2019-05-14T00:00:00+00:00\",\"dateModified\":\"2019-08-30T14:43:05+00:00\",\"author\":{\"@id\":\"https:\/\/www.fondazionepirelli.org\/it\/#\/schema\/person\/f47d097000832c4a6e54538c791fdf25\"},\"breadcrumb\":{\"@id\":\"https:\/\/127.0.0.1\/it\/cultura-dimpresa\/la-cultura-abitativa-dimpresa\/#breadcrumb\"},\"inLanguage\":\"it-IT\",\"potentialAction\":[{\"@type\":\"ReadAction\",\"target\":[\"https:\/\/127.0.0.1\/it\/cultura-dimpresa\/la-cultura-abitativa-dimpresa\/\"]}]},{\"@type\":\"ImageObject\",\"inLanguage\":\"it-IT\",\"@id\":\"https:\/\/127.0.0.1\/it\/cultura-dimpresa\/la-cultura-abitativa-dimpresa\/#primaryimage\",\"url\":\"https:\/\/wpsite-assets.fondazionepirelli.org\/wp-content\/uploads\/2019\/08\/01154959\/6c28020cover27462.png\",\"contentUrl\":\"https:\/\/wpsite-assets.fondazionepirelli.org\/wp-content\/uploads\/2019\/08\/01154959\/6c28020cover27462.png\",\"width\":400,\"height\":616},{\"@type\":\"BreadcrumbList\",\"@id\":\"https:\/\/127.0.0.1\/it\/cultura-dimpresa\/la-cultura-abitativa-dimpresa\/#breadcrumb\",\"itemListElement\":[{\"@type\":\"ListItem\",\"position\":1,\"name\":\"Home\",\"item\":\"https:\/\/www.fondazionepirelli.org\/it\/\"},{\"@type\":\"ListItem\",\"position\":2,\"name\":\"La cultura abitativa d&#8217;impresa\"}]},{\"@type\":\"WebSite\",\"@id\":\"https:\/\/www.fondazionepirelli.org\/it\/#website\",\"url\":\"https:\/\/www.fondazionepirelli.org\/it\/\",\"name\":\"Fondazione Pirelli\",\"description\":\"\",\"potentialAction\":[{\"@type\":\"SearchAction\",\"target\":{\"@type\":\"EntryPoint\",\"urlTemplate\":\"https:\/\/www.fondazionepirelli.org\/it\/?s={search_term_string}\"},\"query-input\":{\"@type\":\"PropertyValueSpecification\",\"valueRequired\":true,\"valueName\":\"search_term_string\"}}],\"inLanguage\":\"it-IT\"},{\"@type\":\"Person\",\"@id\":\"https:\/\/www.fondazionepirelli.org\/it\/#\/schema\/person\/f47d097000832c4a6e54538c791fdf25\",\"name\":\"fondadmin\",\"image\":{\"@type\":\"ImageObject\",\"inLanguage\":\"it-IT\",\"@id\":\"https:\/\/www.fondazionepirelli.org\/it\/#\/schema\/person\/image\/\",\"url\":\"https:\/\/secure.gravatar.com\/avatar\/e69498a9175ca244966e51e53c88712c024fcebe41f9a05f75657f1bb25e489b?s=96&d=mm&r=g\",\"contentUrl\":\"https:\/\/secure.gravatar.com\/avatar\/e69498a9175ca244966e51e53c88712c024fcebe41f9a05f75657f1bb25e489b?s=96&d=mm&r=g\",\"caption\":\"fondadmin\"},\"url\":\"https:\/\/www.fondazionepirelli.org\/it\/author\/fondadmin\/\"}]}<\/script>\n<!-- \/ Yoast SEO plugin. -->","yoast_head_json":{"title":"La cultura abitativa d'impresa - Fondazione Pirelli","robots":{"index":"index","follow":"follow","max-snippet":"max-snippet:-1","max-image-preview":"max-image-preview:large","max-video-preview":"max-video-preview:-1"},"canonical":"https:\/\/www.fondazionepirelli.org\/it\/cultura-dimpresa\/la-cultura-abitativa-dimpresa\/","og_locale":"it_IT","og_type":"article","og_title":"La cultura abitativa d'impresa - Fondazione Pirelli","og_description":"In un libro il racconto di un aspetto particolare dell\u2019esistenza e dell\u2019attivit\u00e0 di una grande aziendaL\u2019impresa vicino al lavoratore. Non un falso atteggiamento di attenzione, ma qualcosa di differente. Qualcosa di complesso da spiegare e interpretare, e che si esplicita in forme diverse le une dalle altre, seppur con tratti comuni. Analizzare quello che modernamente [&hellip;]","og_url":"https:\/\/127.0.0.1\/it\/cultura-dimpresa\/la-cultura-abitativa-dimpresa\/","og_site_name":"Fondazione Pirelli","article_published_time":"2019-05-14T00:00:00+00:00","article_modified_time":"2019-08-30T14:43:05+00:00","og_image":[{"width":400,"height":616,"url":"https:\/\/wpsite-assets.fondazionepirelli.org\/wp-content\/uploads\/2019\/08\/01154959\/6c28020cover27462.png","type":"image\/png"}],"author":"fondadmin","twitter_card":"summary_large_image","twitter_misc":{"Scritto da":"fondadmin","Tempo di lettura stimato":"3 minuti"},"schema":{"@context":"https:\/\/schema.org","@graph":[{"@type":"WebPage","@id":"https:\/\/127.0.0.1\/it\/cultura-dimpresa\/la-cultura-abitativa-dimpresa\/","url":"https:\/\/127.0.0.1\/it\/cultura-dimpresa\/la-cultura-abitativa-dimpresa\/","name":"La cultura abitativa d'impresa - Fondazione Pirelli","isPartOf":{"@id":"https:\/\/www.fondazionepirelli.org\/it\/#website"},"primaryImageOfPage":{"@id":"https:\/\/127.0.0.1\/it\/cultura-dimpresa\/la-cultura-abitativa-dimpresa\/#primaryimage"},"image":{"@id":"https:\/\/127.0.0.1\/it\/cultura-dimpresa\/la-cultura-abitativa-dimpresa\/#primaryimage"},"thumbnailUrl":"https:\/\/wpsite-assets.fondazionepirelli.org\/wp-content\/uploads\/2019\/08\/01154959\/6c28020cover27462.png","datePublished":"2019-05-14T00:00:00+00:00","dateModified":"2019-08-30T14:43:05+00:00","author":{"@id":"https:\/\/www.fondazionepirelli.org\/it\/#\/schema\/person\/f47d097000832c4a6e54538c791fdf25"},"breadcrumb":{"@id":"https:\/\/127.0.0.1\/it\/cultura-dimpresa\/la-cultura-abitativa-dimpresa\/#breadcrumb"},"inLanguage":"it-IT","potentialAction":[{"@type":"ReadAction","target":["https:\/\/127.0.0.1\/it\/cultura-dimpresa\/la-cultura-abitativa-dimpresa\/"]}]},{"@type":"ImageObject","inLanguage":"it-IT","@id":"https:\/\/127.0.0.1\/it\/cultura-dimpresa\/la-cultura-abitativa-dimpresa\/#primaryimage","url":"https:\/\/wpsite-assets.fondazionepirelli.org\/wp-content\/uploads\/2019\/08\/01154959\/6c28020cover27462.png","contentUrl":"https:\/\/wpsite-assets.fondazionepirelli.org\/wp-content\/uploads\/2019\/08\/01154959\/6c28020cover27462.png","width":400,"height":616},{"@type":"BreadcrumbList","@id":"https:\/\/127.0.0.1\/it\/cultura-dimpresa\/la-cultura-abitativa-dimpresa\/#breadcrumb","itemListElement":[{"@type":"ListItem","position":1,"name":"Home","item":"https:\/\/www.fondazionepirelli.org\/it\/"},{"@type":"ListItem","position":2,"name":"La cultura abitativa d&#8217;impresa"}]},{"@type":"WebSite","@id":"https:\/\/www.fondazionepirelli.org\/it\/#website","url":"https:\/\/www.fondazionepirelli.org\/it\/","name":"Fondazione Pirelli","description":"","potentialAction":[{"@type":"SearchAction","target":{"@type":"EntryPoint","urlTemplate":"https:\/\/www.fondazionepirelli.org\/it\/?s={search_term_string}"},"query-input":{"@type":"PropertyValueSpecification","valueRequired":true,"valueName":"search_term_string"}}],"inLanguage":"it-IT"},{"@type":"Person","@id":"https:\/\/www.fondazionepirelli.org\/it\/#\/schema\/person\/f47d097000832c4a6e54538c791fdf25","name":"fondadmin","image":{"@type":"ImageObject","inLanguage":"it-IT","@id":"https:\/\/www.fondazionepirelli.org\/it\/#\/schema\/person\/image\/","url":"https:\/\/secure.gravatar.com\/avatar\/e69498a9175ca244966e51e53c88712c024fcebe41f9a05f75657f1bb25e489b?s=96&d=mm&r=g","contentUrl":"https:\/\/secure.gravatar.com\/avatar\/e69498a9175ca244966e51e53c88712c024fcebe41f9a05f75657f1bb25e489b?s=96&d=mm&r=g","caption":"fondadmin"},"url":"https:\/\/www.fondazionepirelli.org\/it\/author\/fondadmin\/"}]}},"_links":{"self":[{"href":"https:\/\/www.fondazionepirelli.org\/it\/wp-json\/wp\/v2\/posts\/65374\/"}],"collection":[{"href":"https:\/\/www.fondazionepirelli.org\/it\/wp-json\/wp\/v2\/posts\/"}],"about":[{"href":"https:\/\/www.fondazionepirelli.org\/it\/wp-json\/wp\/v2\/types\/post\/"}],"author":[{"embeddable":true,"href":"https:\/\/www.fondazionepirelli.org\/it\/wp-json\/wp\/v2\/users\/1\/"}],"replies":[{"embeddable":true,"href":"https:\/\/www.fondazionepirelli.org\/it\/wp-json\/wp\/v2\/comments\/?post=65374"}],"version-history":[{"count":1,"href":"https:\/\/www.fondazionepirelli.org\/it\/wp-json\/wp\/v2\/posts\/65374\/revisions\/"}],"predecessor-version":[{"id":65681,"href":"https:\/\/www.fondazionepirelli.org\/it\/wp-json\/wp\/v2\/posts\/65374\/revisions\/65681\/"}],"wp:featuredmedia":[{"embeddable":true,"href":"https:\/\/www.fondazionepirelli.org\/it\/wp-json\/wp\/v2\/media\/65375\/"}],"wp:attachment":[{"href":"https:\/\/www.fondazionepirelli.org\/it\/wp-json\/wp\/v2\/media\/?parent=65374"}],"wp:term":[{"taxonomy":"category","embeddable":true,"href":"https:\/\/www.fondazionepirelli.org\/it\/wp-json\/wp\/v2\/categories\/?post=65374"},{"taxonomy":"post_tag","embeddable":true,"href":"https:\/\/www.fondazionepirelli.org\/it\/wp-json\/wp\/v2\/tags\/?post=65374"}],"curies":[{"name":"wp","href":"https:\/\/api.w.org\/{rel}","templated":true}]}}