{"id":65378,"date":"2019-05-14T00:00:00","date_gmt":"2019-05-14T00:00:00","guid":{"rendered":"http:\/\/www.fondazionepirelli.org\/non-categorizzato\/europa-nonostante-tutto-dieci-libri-per-capire-le-sfide-politiche-ed-economiche-delle-elezioni\/"},"modified":"2019-08-30T14:35:19","modified_gmt":"2019-08-30T14:35:19","slug":"europa-nonostante-tutto-dieci-libri-per-capire-le-sfide-politiche-ed-economiche-delle-elezioni","status":"publish","type":"post","link":"https:\/\/www.fondazionepirelli.org\/it\/cultura-dimpresa\/europa-nonostante-tutto-dieci-libri-per-capire-le-sfide-politiche-ed-economiche-delle-elezioni\/","title":{"rendered":"Europa nonostante tutto: dieci libri per capire le sfide politiche ed economiche delle elezioni"},"content":{"rendered":"<p>Alla vigilia del voto per rinnovare il Parlamento europeo, cresce la consapevolezza di trovarsi di fronte a un appuntamento tutt\u2019altro che usuale nell\u2019<strong>evoluzione degli assetti politici ed economici dell\u2019Europa<\/strong>. Le istituzioni e le regole Ue, dopo settant\u2019anni dai primi accordi, sono sottoposte a un assalto rancoroso che nega quanto di positivo sia stato fatto e amplifica i dati di crisi, mentre soffia un vento preoccupante che riporta purtroppo d\u2019attualit\u00e0 i vecchi mali novecenteschi dei nazionalismi e dei particolarismi locali. Siamo davanti a una <strong>sfida<\/strong> che investe non solo la Ue e le sue strutture, ma anche la sostanza stessa della democrazia liberale, dei mercati ben regolati, dello sviluppo che prova a fare convivere competizione e solidariet\u00e0 sociale.<\/p>\n<p>Vale la pena, anche dal punto di vista della <strong>cultura d\u2019impresa<\/strong>, provare a capire meglio quali sono i temi chiave del dibattito in corso. Alcuni buoni libri sono di grande aiuto. <strong>A partire dalla storia, per arrivare all\u2019attualit\u00e0<\/strong>.<\/p>\n<p>L\u2019Europa, dunque, dalle fondamenta ai nostri giorni, seguendo <strong>\u201cIl filo infinito\u201d<\/strong> lasciato dalle tracce di San Benedetto e delle abbazie dell\u2019ordine da lui fondato a met\u00e0 del Cinquecento. Eccolo, il nuovo, intensissimo libro di <strong>Paolo Rumiz<\/strong>, Feltrinelli. E\u2019 appunto un <strong>\u201cviaggio alle radici dell\u2019Europa\u201d<\/strong> quello che comincia a Norcia (la citt\u00e0 natale del santo), risale l\u2019Italia e percorre Francia e Germania, per tornare a Norcia. Terre ben coltivate e biblioteche (\u201cOra et labora\u201d), fabbriche e studi in cui fare nascere un nuovo diritto da quello romano in decadenza e quello visigoto, dialoghi su vincoli e libert\u00e0, storie da subire e storia nuova da costruire. Sino alla conclusione: \u201cNon possiamo permettere che il nostro mondo si sottometta ancora al delirio nazionalista e suprematista. La nostra dea madre fenicia di nome Europa, che per prima attravers\u00f2 il Mediterraneo con paura, ci ricorda che siamo sempre stati capolinea di popoli migranti e ci spinge a sciogliere altre matasse e a tendere altri fili\u201d.<\/p>\n<p>Dalla storia alle prospettive. Con <strong>\u201cCi\u00f2 che possiamo fare\u201d<\/strong> ovvero <strong>\u201cla libert\u00e0 di Edith Stein e lo spirito dell\u2019Europa\u201d<\/strong> nella riflessione di <strong>Lella Costa<\/strong>, edito da Solferino. Le parole d\u2019una teologa nata ebrea e come tale deportata nell\u2019orrore di Auschwitz e assassinata e proclamata santa dalla Chiesa cattolica sono rimeditate dalla Costa soprattutto per le parti che insistono su dialogo, pace, relazioni tra popoli e culture diverse, valori dell\u2019Europa. Una <strong>meditazione profonda sulla convivenza<\/strong>, sulla necessit\u00e0, attuale ancora oggi, di difenderci dai veleni dei nazionalismi e del populismi. Sono parole forti, che varrebbe la pena leggere insieme a quelle di un\u2019altra grande protagonista del pensiero politico e della spiritualit\u00e0 del Novecento, Simone Weil.<\/p>\n<p>Sono valori che risuonano anche in <strong>\u201cOltre le nazioni\u201d<\/strong> di <strong>Zygmunt Bauman<\/strong>, un sintetico saggio del 2012 riproposto da Laterza per aiutarci a ragionare su <strong>\u201cl\u2019Europa tra sovranit\u00e0 e solidariet\u00e0\u201d<\/strong>. Bauman \u00e8 stato ottimo interprete dei <strong>cambiamenti sociali<\/strong> (la \u201csociet\u00e0 liquida\u201d) e degli <strong>smarrimenti<\/strong> di fronte \u201calle forze incontrollate\u201d dei mercati globali. Ha raccontato bene le tentazioni di rifugiarsi nelle rivendicazioni egoistiche per recuperare \u201cla sovranit\u00e0 nazionale perduta\u201d e ne ha denunciato l\u2019errore. Adesso, rilancia la lezione di Richard Sennett secondo cui \u201cil modo migliore per entrare in contatto con le differenze \u00e8 quello di cooperare in modo informale e aperto\u201d e suggerisce: \u201cGli uffici e le strade diventano disumani quando vi regnano la rigidit\u00e0, l\u2019utilitarismo e la competizione, mentre si umanizzano se si muovono interazioni informali, aperte, collaborative\u201d. E\u2019 l\u2019idea di una maggiore e migliore integrazione europea, fatta di ponti e non di muri.<\/p>\n<p>Un\u2019Europa, dunque, da vivere con consapevolezza critica e <strong>provare a cambiare<\/strong>. Come? Riducendone banalit\u00e0 burocratiche, nel segno d\u2019una migliore unione politica. Per farlo, \u00e8 utile anche giocare d\u2019ironia, di paradosso. Come fa <strong>Robert Menasse<\/strong> in <strong>\u201cLa capitale\u201d<\/strong>, Sellerio. Menasse \u00e8 austriaco, europeista convinto, saggista ma anche romanziere di fertile vena creativa. E questo \u00e8 appunto un romanzo denso di <strong>fantasia e sarcasmo<\/strong>, che comincia con la fuga d\u2019un maiale per le vie di Bruxelles. Un maiale che stimola l\u2019idea di lucrosi affari con la Cina, ma rappresenta anche il simbolo d\u2019una ostilit\u00e0 verso gli immigrati musulmani che non se ne cibano. E occupa discorsi pubblici, giochi culturali (un concorso per dargli un nome) e intrecci economici. Simili ai tanti altri che disperdono il tempo negli uffici di Bruxelles. Storie di burocrati s\u2019arenano in malinconiche avventure sessuali (\u201cLui simul\u00f2 il desiderio, lei l\u2019orgasmo. Un\u2019alchimia perfetta\u201d). Un grande evento per ricordare Auschwitz e il monito del \u201cMai pi\u00f9\u201d degenera in scontri nazionalistici. Generose visioni politiche si confondono con miserie di carriera. L\u2019ombra della Brexit agita tutti. Dalla babele di lingue e interessi riemerger\u00e0 l\u2019Europa? Forse. A patto di non rinunciare mai al senso dei valori comuni. Nonostante ogni egoistica stupidit\u00e0.<\/p>\n<p><strong>\u201cBruxelles\u201d<\/strong> s\u2019intitola il libro di <strong>Beda Romano<\/strong>, corrispondente de \u201cIl Sole24Ore\u201d, Il Mulino: ritratto competente \u201cd\u2019una capitale originale e insolita, vero meeting pot di culture ed esperienze, che meglio di altre incarna le molte anime del continente europeo\u201d. Terra di storie e conflitti, di grandi intellettuali belgi o rifugiati (Marx, Baudelaire, Van Eyck, Magritte), di immigrati e teste coronate, di autonomia e integrazione con la forte economia francese, Bruxelles e il Belgio sono <strong>crogiolo di diversit\u00e0 e dialoghi<\/strong>. La capitale testimonia la forza delle radici e della fertilit\u00e0 delle culture sovranazionali. Con i suoi limiti, \u00e8 un buon paradigma dell\u2019Europa. Di cui Romano sa ben raccontare anche i lati migliori.<\/p>\n<p>I valori. E le critiche. Anche rileggendo <strong>\u201cLe tre profezie\u201d<\/strong> e facendone strumento per <strong>\u201cappunti per il futuro\u201d<\/strong>, come scrive <strong>Giulio Tremonti<\/strong> per l\u2019editore Solferino. Il libro parla di Europa in crisi, limiti della globalizzazione, conflitti politici e sociali. Si sofferma su Marx e il suo \u201cManifesto\u201d sicuro che \u201call\u2019antico isolamento nazionale subentrer\u00e0 una interdipendenza universale\u201d, su Goethe e la previsione sui \u201cbiglietti alati che voleranno tanto in alto\u201d da non essere raggiungibili e controllabili dalla conoscenza della maggior parte degli uomini (una lucida premonizione delle follie della finanza e dell\u2019economia \u201cdi carta\u201d) e sul Leopardi dello Zibaldone, particolarmente critico sulle derive del costume nazionale: \u201cQuando tutto il mondo fu cittadino Romano, Roma non ebbe pi\u00f9 cittadini; e quando cittadino Romano fu lo stesso che Cosmpolita, non si am\u00f2 n\u00e9 Roma n\u00e9 il Mondo\u201d. Tremonti va avanti citando Nietzsche e Shakespeare, la crisi di Weimar e il Manifesto di Ventotene, i progetti di Gates e Zuckerberg (che gli piacciono poco). E sottopone a critica l\u2019ideologia mercatista, le burocrazie Ue, il fanatismo del futuro digitale, le radici da cui nascono populismi e sovranismi. Una lettura stimolante, per discutere di <strong>come costruire, su pi\u00f9 solide e giuste fondamenta, un futuro comune migliore<\/strong>.<\/p>\n<p>Sono temi che ricorrono, in modo diverso, pure in <strong>\u201cStare in Europa &#8211; Sogno, incubo e realt\u00e0\u201d<\/strong> di <strong>Riccardo Perissich<\/strong>, Bollati Boringhieri. In vista del voto di maggio, vale la pena riflettere criticamente su un \u201c<strong>modello comunitario<\/strong>\u201d nato 70 anni fa e oramai in parte inadeguato, ma anche evitare retoriche negative anti-Bruxelles e prendere atto che di fronte a sfide globali (i poteri economici sovranazionali, gli sviluppi della <em>cyber economy<\/em>, il terrorismo islamico, le grandi ondate migratorie) il nazionalismo asfittico delle \u201cpiccole patrie\u201d non consente risposte utili. Serve invece \u201cuna <strong>maggiore integrazione politica<\/strong>\u201d. Perch\u00e9 \u201cla battaglia per preservare la Ue, e con essa la democrazia liberale in Europa, merita di essere combattuta ed \u00e8 forse la pi\u00f9 grande sfida di questo secolo\u201d.<\/p>\n<p>L\u2019Europa, con le sue regole, \u00e8 stata a lungo considerata come un necessario \u201cvincolo esterno\u201d per costringere gli italiani \u201cindisciplinati\u201d a essere attenti a buon governo, riforme e conti pubblici in ordine. Ma una certa idea \u201csacrale\u201d dei parametri di Maastricht e un\u2019inclinazione ideologica dell\u2019\u201dordoliberismo\u201d dei Paesi del Nord hanno scatenato reazioni che hanno fatto male all\u2019Italia e alla stessa Ue, alimentando <strong>sovranismi e populismi<\/strong>. Lo spiega bene <strong>Federico Fubini<\/strong> in <strong>\u201cPer amor proprio\u201d<\/strong>, Longanesi: <strong>\u201cPerch\u00e9 l\u2019Italia deve smettere di odiare l\u2019Europa e di vergognarsi di se stessa\u201d<\/strong>. Le \u201cregole comuni\u201d hanno provocato \u201ceffetti diversi\u201d nei vari paesi. Le burocrazie hanno colmato i vuoti lasciati da una politica che ha perso slancio. Agli italiani, affascinati dal neo-nazionalismo, Fubini ricorda i meriti delle nostre imprese, il risparmio virtuoso di milioni di cittadini, il buon funzionamento di alcuni servizi pubblici e privati. E insiste su un\u2019Europa migliore. La scelta da fare \u00e8 fra l\u2019integrazione europea \u201ce qualche impero pi\u00f9 lontano e meno democratico al quale finiremmo per doverci sottomettere in cambio di un po\u2019 di aiuto, senza avere voce in capitolo sul nostro destino\u201d.<\/p>\n<p>Guardiamo, appunto, ai <strong>nuovi equilibri internazionali<\/strong>. Come fa bene <strong>Danilo Taino<\/strong> in <strong>\u201cScacco all\u2019Europa &#8211; La guerra fredda tra Cina e Usa per il nuovo ordine mondiale\u201d<\/strong>, Solferino, un libro denso di lucide analisi geopolitiche. Taino sa bene che \u201cogni ordine mondiale \u00e8 destinato a crollare: quello eurocentrico \u00e8 finito da tempo e la Pax Americana che ne ha preso il posto \u00e8 in declino, sfidata dalla \u00abgiovane\u00bb potenza cinese\u201d. Le riprove? La guerra commerciale aperta dalla Casa Bianca di Trump nei confronti della Cina e dei principali paesi europei. Ma anche nelle strategie cinesi per la <em>Belt and Road Iniziative, <\/em>con mille miliardi di investimenti in grandi infrastrutture per legare Pechino con l\u2019Europa e l\u2019Africa. <strong>Tensioni politiche ed economiche<\/strong>. Strategie conflittuali. Che investono \u201cl&#8217;Europa malata, in preda a una crisi politica ed economica, e destinata a trasformarsi in terreno di conquista da parte di Pechino e Mosca, se non abbandoner\u00e0 l&#8217;illusione di essere ancora al centro del mondo\u201d. Un\u2019Europa, dunque, da ripensare.<\/p>\n<p>Potremmo dire, in conclusione, <strong>\u201cEuropa nonostante tutto\u201d<\/strong>, riprendendo l\u2019efficace titolo dello snello volume <strong>scritto da<\/strong> <strong>Maurizio Ferrera<\/strong>, <strong>Piergaetano Marchetti<\/strong>, <strong>Alberto Martinelli<\/strong>, <strong>Antonio Padoa Schioppa<\/strong> (<strong>oltre che dall\u2019autore di questo blog<\/strong>) per La nave di Teseo, per fare un punto sulle principali caratteristiche della Ue: la storia di una straordinaria scelta politica, partendo dal \u201cManifesto di Ventotene\u201d (redatto nel 1941 dalle generose intelligenze di tre italiani antifascisti al confino, Altiero Spinelli, Ernesto Rossi ed Eugenio Colorni), le istituzioni, la cittadinanza europea, l\u2019euro e le questioni dell\u2019economia e dei mercati, i sistemi di welfare migliori al mondo, da valorizzare, difendere, riformare e rafforzare. <strong>Europa valore positivo<\/strong>. Ed<strong> Europa futuro<\/strong>.<\/p>\n","protected":false},"excerpt":{"rendered":"<p>Alla vigilia del voto per rinnovare il Parlamento europeo, cresce la consapevolezza di trovarsi di fronte a un appuntamento tutt\u2019altro che usuale nell\u2019evoluzione degli assetti politici ed economici dell\u2019Europa. Le istituzioni e le regole Ue, dopo settant\u2019anni dai primi accordi, sono sottoposte a un assalto rancoroso che nega quanto di positivo sia stato fatto e [&hellip;]<\/p>\n","protected":false},"author":1,"featured_media":65379,"comment_status":"closed","ping_status":"closed","sticky":false,"template":"","format":"standard","meta":{"footnotes":""},"categories":[53,52],"tags":[],"class_list":["post-65378","post","type-post","status-publish","format-standard","has-post-thumbnail","hentry","category-blog","category-cultura-dimpresa"],"acf":[],"yoast_head":"<!-- This site is optimized with the Yoast SEO plugin v25.0 - https:\/\/yoast.com\/wordpress\/plugins\/seo\/ -->\n<title>Europa nonostante tutto: dieci libri per capire le sfide politiche ed economiche delle elezioni - Fondazione Pirelli<\/title>\n<meta name=\"robots\" content=\"index, follow, max-snippet:-1, max-image-preview:large, max-video-preview:-1\" \/>\n<link rel=\"canonical\" href=\"https:\/\/www.fondazionepirelli.org\/it\/cultura-dimpresa\/europa-nonostante-tutto-dieci-libri-per-capire-le-sfide-politiche-ed-economiche-delle-elezioni\/\" \/>\n<meta property=\"og:locale\" content=\"it_IT\" \/>\n<meta property=\"og:type\" content=\"article\" \/>\n<meta property=\"og:title\" content=\"Europa nonostante tutto: dieci libri per capire le sfide politiche ed economiche delle elezioni - Fondazione Pirelli\" \/>\n<meta property=\"og:description\" content=\"Alla vigilia del voto per rinnovare il Parlamento europeo, cresce la consapevolezza di trovarsi di fronte a un appuntamento tutt\u2019altro che usuale nell\u2019evoluzione degli assetti politici ed economici dell\u2019Europa. Le istituzioni e le regole Ue, dopo settant\u2019anni dai primi accordi, sono sottoposte a un assalto rancoroso che nega quanto di positivo sia stato fatto e [&hellip;]\" \/>\n<meta property=\"og:url\" content=\"https:\/\/www.fondazionepirelli.org\/it\/cultura-dimpresa\/europa-nonostante-tutto-dieci-libri-per-capire-le-sfide-politiche-ed-economiche-delle-elezioni\/\" \/>\n<meta property=\"og:site_name\" content=\"Fondazione Pirelli\" \/>\n<meta property=\"article:published_time\" content=\"2019-05-14T00:00:00+00:00\" \/>\n<meta property=\"article:modified_time\" content=\"2019-08-30T14:35:19+00:00\" \/>\n<meta property=\"og:image\" content=\"https:\/\/wpsite-assets.fondazionepirelli.org\/wp-content\/uploads\/2019\/08\/01155001\/europa-bandiere.jpg\" \/>\n\t<meta property=\"og:image:width\" content=\"1920\" \/>\n\t<meta property=\"og:image:height\" content=\"1080\" \/>\n\t<meta property=\"og:image:type\" content=\"image\/jpeg\" \/>\n<meta name=\"author\" content=\"fondadmin\" \/>\n<meta name=\"twitter:card\" content=\"summary_large_image\" \/>\n<meta name=\"twitter:label1\" content=\"Scritto da\" \/>\n\t<meta name=\"twitter:data1\" content=\"fondadmin\" \/>\n\t<meta name=\"twitter:label2\" content=\"Tempo di lettura stimato\" \/>\n\t<meta name=\"twitter:data2\" content=\"8 minuti\" \/>\n<script type=\"application\/ld+json\" class=\"yoast-schema-graph\">{\"@context\":\"https:\/\/schema.org\",\"@graph\":[{\"@type\":\"WebPage\",\"@id\":\"https:\/\/www.fondazionepirelli.org\/it\/cultura-dimpresa\/europa-nonostante-tutto-dieci-libri-per-capire-le-sfide-politiche-ed-economiche-delle-elezioni\/\",\"url\":\"https:\/\/www.fondazionepirelli.org\/it\/cultura-dimpresa\/europa-nonostante-tutto-dieci-libri-per-capire-le-sfide-politiche-ed-economiche-delle-elezioni\/\",\"name\":\"Europa nonostante tutto: dieci libri per capire le sfide politiche ed economiche delle elezioni - Fondazione Pirelli\",\"isPartOf\":{\"@id\":\"https:\/\/www.fondazionepirelli.org\/it\/#website\"},\"primaryImageOfPage\":{\"@id\":\"https:\/\/www.fondazionepirelli.org\/it\/cultura-dimpresa\/europa-nonostante-tutto-dieci-libri-per-capire-le-sfide-politiche-ed-economiche-delle-elezioni\/#primaryimage\"},\"image\":{\"@id\":\"https:\/\/www.fondazionepirelli.org\/it\/cultura-dimpresa\/europa-nonostante-tutto-dieci-libri-per-capire-le-sfide-politiche-ed-economiche-delle-elezioni\/#primaryimage\"},\"thumbnailUrl\":\"https:\/\/wpsite-assets.fondazionepirelli.org\/wp-content\/uploads\/2019\/08\/01155001\/europa-bandiere.jpg\",\"datePublished\":\"2019-05-14T00:00:00+00:00\",\"dateModified\":\"2019-08-30T14:35:19+00:00\",\"author\":{\"@id\":\"https:\/\/www.fondazionepirelli.org\/it\/#\/schema\/person\/f47d097000832c4a6e54538c791fdf25\"},\"breadcrumb\":{\"@id\":\"https:\/\/www.fondazionepirelli.org\/it\/cultura-dimpresa\/europa-nonostante-tutto-dieci-libri-per-capire-le-sfide-politiche-ed-economiche-delle-elezioni\/#breadcrumb\"},\"inLanguage\":\"it-IT\",\"potentialAction\":[{\"@type\":\"ReadAction\",\"target\":[\"https:\/\/www.fondazionepirelli.org\/it\/cultura-dimpresa\/europa-nonostante-tutto-dieci-libri-per-capire-le-sfide-politiche-ed-economiche-delle-elezioni\/\"]}]},{\"@type\":\"ImageObject\",\"inLanguage\":\"it-IT\",\"@id\":\"https:\/\/www.fondazionepirelli.org\/it\/cultura-dimpresa\/europa-nonostante-tutto-dieci-libri-per-capire-le-sfide-politiche-ed-economiche-delle-elezioni\/#primaryimage\",\"url\":\"https:\/\/wpsite-assets.fondazionepirelli.org\/wp-content\/uploads\/2019\/08\/01155001\/europa-bandiere.jpg\",\"contentUrl\":\"https:\/\/wpsite-assets.fondazionepirelli.org\/wp-content\/uploads\/2019\/08\/01155001\/europa-bandiere.jpg\",\"width\":1920,\"height\":1080},{\"@type\":\"BreadcrumbList\",\"@id\":\"https:\/\/www.fondazionepirelli.org\/it\/cultura-dimpresa\/europa-nonostante-tutto-dieci-libri-per-capire-le-sfide-politiche-ed-economiche-delle-elezioni\/#breadcrumb\",\"itemListElement\":[{\"@type\":\"ListItem\",\"position\":1,\"name\":\"Home\",\"item\":\"https:\/\/www.fondazionepirelli.org\/it\/\"},{\"@type\":\"ListItem\",\"position\":2,\"name\":\"Europa nonostante tutto: dieci libri per capire le sfide politiche ed economiche delle elezioni\"}]},{\"@type\":\"WebSite\",\"@id\":\"https:\/\/www.fondazionepirelli.org\/it\/#website\",\"url\":\"https:\/\/www.fondazionepirelli.org\/it\/\",\"name\":\"Fondazione Pirelli\",\"description\":\"\",\"potentialAction\":[{\"@type\":\"SearchAction\",\"target\":{\"@type\":\"EntryPoint\",\"urlTemplate\":\"https:\/\/www.fondazionepirelli.org\/it\/?s={search_term_string}\"},\"query-input\":{\"@type\":\"PropertyValueSpecification\",\"valueRequired\":true,\"valueName\":\"search_term_string\"}}],\"inLanguage\":\"it-IT\"},{\"@type\":\"Person\",\"@id\":\"https:\/\/www.fondazionepirelli.org\/it\/#\/schema\/person\/f47d097000832c4a6e54538c791fdf25\",\"name\":\"fondadmin\",\"image\":{\"@type\":\"ImageObject\",\"inLanguage\":\"it-IT\",\"@id\":\"https:\/\/www.fondazionepirelli.org\/it\/#\/schema\/person\/image\/\",\"url\":\"https:\/\/secure.gravatar.com\/avatar\/e69498a9175ca244966e51e53c88712c024fcebe41f9a05f75657f1bb25e489b?s=96&d=mm&r=g\",\"contentUrl\":\"https:\/\/secure.gravatar.com\/avatar\/e69498a9175ca244966e51e53c88712c024fcebe41f9a05f75657f1bb25e489b?s=96&d=mm&r=g\",\"caption\":\"fondadmin\"},\"url\":\"https:\/\/www.fondazionepirelli.org\/it\/author\/fondadmin\/\"}]}<\/script>\n<!-- \/ Yoast SEO plugin. -->","yoast_head_json":{"title":"Europa nonostante tutto: dieci libri per capire le sfide politiche ed economiche delle elezioni - Fondazione Pirelli","robots":{"index":"index","follow":"follow","max-snippet":"max-snippet:-1","max-image-preview":"max-image-preview:large","max-video-preview":"max-video-preview:-1"},"canonical":"https:\/\/www.fondazionepirelli.org\/it\/cultura-dimpresa\/europa-nonostante-tutto-dieci-libri-per-capire-le-sfide-politiche-ed-economiche-delle-elezioni\/","og_locale":"it_IT","og_type":"article","og_title":"Europa nonostante tutto: dieci libri per capire le sfide politiche ed economiche delle elezioni - Fondazione Pirelli","og_description":"Alla vigilia del voto per rinnovare il Parlamento europeo, cresce la consapevolezza di trovarsi di fronte a un appuntamento tutt\u2019altro che usuale nell\u2019evoluzione degli assetti politici ed economici dell\u2019Europa. Le istituzioni e le regole Ue, dopo settant\u2019anni dai primi accordi, sono sottoposte a un assalto rancoroso che nega quanto di positivo sia stato fatto e [&hellip;]","og_url":"https:\/\/www.fondazionepirelli.org\/it\/cultura-dimpresa\/europa-nonostante-tutto-dieci-libri-per-capire-le-sfide-politiche-ed-economiche-delle-elezioni\/","og_site_name":"Fondazione Pirelli","article_published_time":"2019-05-14T00:00:00+00:00","article_modified_time":"2019-08-30T14:35:19+00:00","og_image":[{"width":1920,"height":1080,"url":"https:\/\/wpsite-assets.fondazionepirelli.org\/wp-content\/uploads\/2019\/08\/01155001\/europa-bandiere.jpg","type":"image\/jpeg"}],"author":"fondadmin","twitter_card":"summary_large_image","twitter_misc":{"Scritto da":"fondadmin","Tempo di lettura stimato":"8 minuti"},"schema":{"@context":"https:\/\/schema.org","@graph":[{"@type":"WebPage","@id":"https:\/\/www.fondazionepirelli.org\/it\/cultura-dimpresa\/europa-nonostante-tutto-dieci-libri-per-capire-le-sfide-politiche-ed-economiche-delle-elezioni\/","url":"https:\/\/www.fondazionepirelli.org\/it\/cultura-dimpresa\/europa-nonostante-tutto-dieci-libri-per-capire-le-sfide-politiche-ed-economiche-delle-elezioni\/","name":"Europa nonostante tutto: dieci libri per capire le sfide politiche ed economiche delle elezioni - Fondazione Pirelli","isPartOf":{"@id":"https:\/\/www.fondazionepirelli.org\/it\/#website"},"primaryImageOfPage":{"@id":"https:\/\/www.fondazionepirelli.org\/it\/cultura-dimpresa\/europa-nonostante-tutto-dieci-libri-per-capire-le-sfide-politiche-ed-economiche-delle-elezioni\/#primaryimage"},"image":{"@id":"https:\/\/www.fondazionepirelli.org\/it\/cultura-dimpresa\/europa-nonostante-tutto-dieci-libri-per-capire-le-sfide-politiche-ed-economiche-delle-elezioni\/#primaryimage"},"thumbnailUrl":"https:\/\/wpsite-assets.fondazionepirelli.org\/wp-content\/uploads\/2019\/08\/01155001\/europa-bandiere.jpg","datePublished":"2019-05-14T00:00:00+00:00","dateModified":"2019-08-30T14:35:19+00:00","author":{"@id":"https:\/\/www.fondazionepirelli.org\/it\/#\/schema\/person\/f47d097000832c4a6e54538c791fdf25"},"breadcrumb":{"@id":"https:\/\/www.fondazionepirelli.org\/it\/cultura-dimpresa\/europa-nonostante-tutto-dieci-libri-per-capire-le-sfide-politiche-ed-economiche-delle-elezioni\/#breadcrumb"},"inLanguage":"it-IT","potentialAction":[{"@type":"ReadAction","target":["https:\/\/www.fondazionepirelli.org\/it\/cultura-dimpresa\/europa-nonostante-tutto-dieci-libri-per-capire-le-sfide-politiche-ed-economiche-delle-elezioni\/"]}]},{"@type":"ImageObject","inLanguage":"it-IT","@id":"https:\/\/www.fondazionepirelli.org\/it\/cultura-dimpresa\/europa-nonostante-tutto-dieci-libri-per-capire-le-sfide-politiche-ed-economiche-delle-elezioni\/#primaryimage","url":"https:\/\/wpsite-assets.fondazionepirelli.org\/wp-content\/uploads\/2019\/08\/01155001\/europa-bandiere.jpg","contentUrl":"https:\/\/wpsite-assets.fondazionepirelli.org\/wp-content\/uploads\/2019\/08\/01155001\/europa-bandiere.jpg","width":1920,"height":1080},{"@type":"BreadcrumbList","@id":"https:\/\/www.fondazionepirelli.org\/it\/cultura-dimpresa\/europa-nonostante-tutto-dieci-libri-per-capire-le-sfide-politiche-ed-economiche-delle-elezioni\/#breadcrumb","itemListElement":[{"@type":"ListItem","position":1,"name":"Home","item":"https:\/\/www.fondazionepirelli.org\/it\/"},{"@type":"ListItem","position":2,"name":"Europa nonostante tutto: dieci libri per capire le sfide politiche ed economiche delle elezioni"}]},{"@type":"WebSite","@id":"https:\/\/www.fondazionepirelli.org\/it\/#website","url":"https:\/\/www.fondazionepirelli.org\/it\/","name":"Fondazione Pirelli","description":"","potentialAction":[{"@type":"SearchAction","target":{"@type":"EntryPoint","urlTemplate":"https:\/\/www.fondazionepirelli.org\/it\/?s={search_term_string}"},"query-input":{"@type":"PropertyValueSpecification","valueRequired":true,"valueName":"search_term_string"}}],"inLanguage":"it-IT"},{"@type":"Person","@id":"https:\/\/www.fondazionepirelli.org\/it\/#\/schema\/person\/f47d097000832c4a6e54538c791fdf25","name":"fondadmin","image":{"@type":"ImageObject","inLanguage":"it-IT","@id":"https:\/\/www.fondazionepirelli.org\/it\/#\/schema\/person\/image\/","url":"https:\/\/secure.gravatar.com\/avatar\/e69498a9175ca244966e51e53c88712c024fcebe41f9a05f75657f1bb25e489b?s=96&d=mm&r=g","contentUrl":"https:\/\/secure.gravatar.com\/avatar\/e69498a9175ca244966e51e53c88712c024fcebe41f9a05f75657f1bb25e489b?s=96&d=mm&r=g","caption":"fondadmin"},"url":"https:\/\/www.fondazionepirelli.org\/it\/author\/fondadmin\/"}]}},"_links":{"self":[{"href":"https:\/\/www.fondazionepirelli.org\/it\/wp-json\/wp\/v2\/posts\/65378\/"}],"collection":[{"href":"https:\/\/www.fondazionepirelli.org\/it\/wp-json\/wp\/v2\/posts\/"}],"about":[{"href":"https:\/\/www.fondazionepirelli.org\/it\/wp-json\/wp\/v2\/types\/post\/"}],"author":[{"embeddable":true,"href":"https:\/\/www.fondazionepirelli.org\/it\/wp-json\/wp\/v2\/users\/1\/"}],"replies":[{"embeddable":true,"href":"https:\/\/www.fondazionepirelli.org\/it\/wp-json\/wp\/v2\/comments\/?post=65378"}],"version-history":[{"count":1,"href":"https:\/\/www.fondazionepirelli.org\/it\/wp-json\/wp\/v2\/posts\/65378\/revisions\/"}],"predecessor-version":[{"id":65683,"href":"https:\/\/www.fondazionepirelli.org\/it\/wp-json\/wp\/v2\/posts\/65378\/revisions\/65683\/"}],"wp:featuredmedia":[{"embeddable":true,"href":"https:\/\/www.fondazionepirelli.org\/it\/wp-json\/wp\/v2\/media\/65379\/"}],"wp:attachment":[{"href":"https:\/\/www.fondazionepirelli.org\/it\/wp-json\/wp\/v2\/media\/?parent=65378"}],"wp:term":[{"taxonomy":"category","embeddable":true,"href":"https:\/\/www.fondazionepirelli.org\/it\/wp-json\/wp\/v2\/categories\/?post=65378"},{"taxonomy":"post_tag","embeddable":true,"href":"https:\/\/www.fondazionepirelli.org\/it\/wp-json\/wp\/v2\/tags\/?post=65378"}],"curies":[{"name":"wp","href":"https:\/\/api.w.org\/{rel}","templated":true}]}}