{"id":65388,"date":"2019-05-28T00:00:00","date_gmt":"2019-05-28T00:00:00","guid":{"rendered":"http:\/\/www.fondazionepirelli.org\/non-categorizzato\/le-imprese-investire-di-piu-in-innovazione-e-infrastrutture-per-poter-reggere-meglio-la-competizione-internazionale\/"},"modified":"2019-08-30T14:32:51","modified_gmt":"2019-08-30T14:32:51","slug":"le-imprese-investire-di-piu-in-innovazione-e-infrastrutture-per-poter-reggere-meglio-la-competizione-internazionale","status":"publish","type":"post","link":"https:\/\/www.fondazionepirelli.org\/it\/cultura-dimpresa\/le-imprese-investire-di-piu-in-innovazione-e-infrastrutture-per-poter-reggere-meglio-la-competizione-internazionale\/","title":{"rendered":"Le imprese: investire di pi\u00f9 in innovazione e infrastrutture per poter reggere meglio la competizione internazionale"},"content":{"rendered":"<p>\u201cOccorre investire di pi\u00f9\u201d, dicono le <strong>imprese italiane<\/strong>, brave a reggere la competizione internazionale ma in affanno tutte le volte in cui la loro crescita \u00e8 frenata dalle carenze delle infrastrutture, dalla burocrazia pesante, dalla giustizia lenta, dalla scarso impegno dello Stato su ricerca, formazione, innovazione, trasferimento tecnologico. Investire di pi\u00f9 da parte della mano pubblica. E naturalmente mettere le imprese in condizione di continuare a lavorare e a incrementare i loro investimenti: stimoli fiscali e soprattutto ricostruzione delle fiducia.<\/p>\n<p>Sono queste le opinioni che si ascoltano da Milano a Torino, dal Veneto all\u2019Emilia, nei territori in cui i protagonisti pi\u00f9 dinamici della nostra manifattura hanno finora fatto di tutto per superare la stagione della Grande Crisi e costruire nuove e migliori ragioni di <strong>competitivit\u00e0<\/strong>. Le loro voci sono state raccolte dal <strong>presidente di Confindustria Vincenzo Boccia<\/strong>, quando all\u2019Assemblea generale dell\u2019organizzazione, il 22 maggio, ha parlato di \u201ctre S\u00ec: alla Tav, alle infrastrutture e alla crescita\u201d e ha insistito sull\u2019\u201durgenza di riaprire i cantieri e avviare una grande stagione di investimenti pubblici\u201d. Ad ascoltare, oltre al <strong>presidente della Repubblica Sergio Mattarella<\/strong> (accolto da applausi lunghi, insistenti, molto convinti), c\u2019erano anche il <strong>premier Giuseppe Conte<\/strong> e il <strong>ministro dello Sviluppo Economico e del Lavoro Luigi Di Maio<\/strong>, entrambi per\u00f2 incapaci di articolare un discorso non banale sulla politica economica e industriale che il governo dovrebbe pensare e tradurre in scelte (gli applausi per loro sono stati brevi, gelidi, a stento di cortesia).<\/p>\n<p>Queste opinioni del <strong>\u201cpartito del Pil\u201d<\/strong> (le imprese che producono ricchezza, benessere, lavoro e inclusione sociale, essenziale in un\u2019Italia malgovernata e agitata da rancori e paure, alimentate da irresponsabili populisti) tornano di strettissima attualit\u00e0 proprio adesso che i risultati delle elezioni europee dicono che <strong>l\u2019Europa, ben oltre gli egoismi nazionali, va rilanciata<\/strong> <strong>e resa pi\u00f9 equilibrata e attenta sia allo sviluppo che a una migliore coesione sociale<\/strong>.<\/p>\n<p>\u201cTrasformare il Patto di Stabilit\u00e0 e Crescita in Patto di Crescita e Stabilit\u00e0\u201d, chiede Confindustria, consapevole che \u201csolo attraverso la crescita \u00e8 possibile garantire stabilit\u00e0\u201d, sollecitando dunque \u201cun\u2019Europa pi\u00f9 coesa e forte\u201d, tutto il contrario, cio\u00e8, del protezionismo nazionalistico e impaurito dei sovranisti. \u201cL\u2019Europa rimane la solida base su cui costruire il futuro\u201d, chiarisce Confindustria, peraltro in piena concordanza con le altre grandi organizzazioni imprenditoriali di Francia e Germania (dove oltre 100mila grandi e medie imprese e un milione di Pmi, con 15 milioni di dipendenti in totale hanno espresso con nettezza il proprio sostegno al rilancio e al miglioramento dell\u2019Unione Europea).<\/p>\n<p><strong>Senza un\u2019Europa pi\u00f9 forte non c\u2019\u00e8<\/strong> <strong>sviluppo<\/strong>, dicono giustamente le imprese, preoccupate d\u2019essere stritolate dalle conseguenze delle <strong>guerre commerciali tra Usa e Cina<\/strong> e dalle tensioni geopolitiche (in cui la Russia di Putin gioca un ruolo pericoloso, squilibrante e denso di incognite).<\/p>\n<p>Questo ragionamento vale a maggior ragione in un\u2019<strong>Italia<\/strong> in cui la crescita economica si rivela ancora una volta fragile, precaria, effimera e l\u2019attuale governo, oltre che appesantire la spesa pubblica corrente e aggravare deficit e debito pubblico, ben poco ha fatto per cercare di portare il Paese fuori dalla stagnazione (\u201cQuesto governo fa retrocedere le imprese in serie B\u201d, denuncia Michelangelo Agrusti, presidente di Unindustria di Pordenone, territorio di manifattura dinamica e servizi d\u2019avanguardia, con il 60% di produzioni destinate all\u2019export).<\/p>\n<p>Il premier Conte si dice \u201cferocemente convinto\u201d che il peggio sia passato e che l\u2019Italia sia tornata a crescere dopo il semestre di recessione. I dati non confermano un avviso cos\u00ec spericolato. Perch\u00e9 l\u2019<strong>Istat<\/strong> prevede che la crescita del 2019 sia dello 0,3% appena, dunque sostanzialmente piatta. E gran parte dei principali centri studi (Prometeia, Ref, Intesa San Paolo e Confindustria) temono che \u201cil quadro congiunturale stia peggiorando\u201d e stimano con preoccupazione l\u2019<strong>andamento tra fermo e negativo di investimenti, produzione industriale, consumi e dunque occupazione<\/strong>: \u201cExport e investimenti gelano il Pil\u201d, titola \u201cIl Sole24Ore\u201d (25 maggio) parlando di \u201cconsumi deboli e domanda estera in calo\u201d e prevedendo una \u201ccrescita negativa nel secondo semestre\u201d, anche a causa della \u201cincertezza internazionale: non solo l\u2019Eurozona rallenta, ma anche in Usa e nei paesi asiatici il quadro si sta deteriorando\u201d.<\/p>\n<p>Andando a guardare pi\u00f9 in profondit\u00e0 i dati sulla situazione economica italiana, secondo il <strong>Rapporto \u201cAnalisi dei settori industriali\u201d<\/strong> curato da Prometeia e Intesa San Paolo, rielaborato da <strong>Assolombarda<\/strong>, si nota che \u201cl\u2019industria italiana ha fatturato stabile nel 2018\u201d, con una \u201clenta crescita\u201d prevista nel 2020-2023. E gli investimenti \u201csono in contrazione\u201d, perch\u00e9 \u201cpesa l\u2019incertezza internazionale e nazionale\u201d. Ecco un punto chiave: \u201c<strong>Negli ultimi 10 anni l\u2019Italia ha maturato un gap di investimenti del 35%<\/strong> <strong>da colmare rispetto alla Germania<\/strong>\u201d e dunque la timida ripresa degli investimenti stessi, stimata nel 2020 tra l\u20191,1% per macchinari e attrezzature, il 2,5% nei mezzi di trasporto e l\u20191,8% nelle costruzioni \u00e8 del tutto insufficiente per cercare di reggere il passo con i nostri competitor: \u201cQuesta ripresa degli investimenti \u00e8 ancora troppo debole\u201d.<\/p>\n<p>C\u2019\u00e8 un altro punto su cui riflettere: nel corso della Grande Crisi le nostre imprese sono cresciute, sono pi\u00f9 \u201cresilienti\u201d rispetto a dieci anni fa e hanno \u201cspalle pi\u00f9 ampie\u201d rispetto al 2008, sono pi\u00f9 forti o dal punto di vista della redditivit\u00e0 e dell\u2019equilibrio patrimoniale, ma non investono appunto per il <strong>clima di incertezza<\/strong> prevalente. Non hanno fiducia. E ha dunque ragione il presidente di Confindustria Boccia, ben consapevole del clima diffuso tra i suoi associati, quando denuncia: \u201cLe parole che producono sfiducia sono contro l\u2019interesse nazionale\u201d.<\/p>\n<p>Si va, insomma, verso un periodo ancora difficile, tra una confusa primavera e le preoccupazioni d\u2019un autunno in cui bisogner\u00e0 fare una <strong>legge finanziaria da almeno 30 miliardi di interventi, tra tagli e tasse<\/strong> (con l\u2019incubo delle clausole di salvaguardia che farebbero crescere il peso dell\u2019Iva, con conseguenze quanto mai negative sul commercio, i consumi, il lavoro).<\/p>\n<p>Anche per questo serve un rilancio dell\u2019Europa. Senza regole, investimenti, progetti di sviluppo ambiziosi per un nuovo grande piano di interventi per le infrastrutture materiali e immateriali, digitali (quello che le imprese chiamano \u201cun nuovo Piano Delors: ne abbiamo parlato nel blog della scorsa settimana), anche l\u2019Italia soffrir\u00e0 moltissimo. E la nostra crescita rester\u00e0 rachitica, incapace cio\u00e8 di dare risposte alle necessit\u00e0 di larghi settori dell\u2019opinione pubblica italiana in termini di benessere, lavoro, sicurezza, prospettive d\u2019un migliore futuro.<\/p>\n","protected":false},"excerpt":{"rendered":"<p>\u201cOccorre investire di pi\u00f9\u201d, dicono le imprese italiane, brave a reggere la competizione internazionale ma in affanno tutte le volte in cui la loro crescita \u00e8 frenata dalle carenze delle infrastrutture, dalla burocrazia pesante, dalla giustizia lenta, dalla scarso impegno dello Stato su ricerca, formazione, innovazione, trasferimento tecnologico. Investire di pi\u00f9 da parte della mano [&hellip;]<\/p>\n","protected":false},"author":1,"featured_media":65389,"comment_status":"closed","ping_status":"closed","sticky":false,"template":"","format":"standard","meta":{"footnotes":""},"categories":[53,52],"tags":[],"class_list":["post-65388","post","type-post","status-publish","format-standard","has-post-thumbnail","hentry","category-blog","category-cultura-dimpresa"],"acf":[],"yoast_head":"<!-- This site is optimized with the Yoast SEO plugin v25.0 - https:\/\/yoast.com\/wordpress\/plugins\/seo\/ -->\n<title>Le imprese: investire di pi\u00f9 in innovazione e infrastrutture per poter reggere meglio la competizione internazionale - Fondazione Pirelli<\/title>\n<meta name=\"robots\" content=\"index, follow, max-snippet:-1, max-image-preview:large, max-video-preview:-1\" \/>\n<link rel=\"canonical\" href=\"https:\/\/www.fondazionepirelli.org\/it\/cultura-dimpresa\/le-imprese-investire-di-piu-in-innovazione-e-infrastrutture-per-poter-reggere-meglio-la-competizione-internazionale\/\" \/>\n<meta property=\"og:locale\" content=\"it_IT\" \/>\n<meta property=\"og:type\" content=\"article\" \/>\n<meta property=\"og:title\" content=\"Le imprese: investire di pi\u00f9 in innovazione e infrastrutture per poter reggere meglio la competizione internazionale - Fondazione Pirelli\" \/>\n<meta property=\"og:description\" content=\"\u201cOccorre investire di pi\u00f9\u201d, dicono le imprese italiane, brave a reggere la competizione internazionale ma in affanno tutte le volte in cui la loro crescita \u00e8 frenata dalle carenze delle infrastrutture, dalla burocrazia pesante, dalla giustizia lenta, dalla scarso impegno dello Stato su ricerca, formazione, innovazione, trasferimento tecnologico. Investire di pi\u00f9 da parte della mano [&hellip;]\" \/>\n<meta property=\"og:url\" content=\"https:\/\/127.0.0.1\/it\/cultura-dimpresa\/le-imprese-investire-di-piu-in-innovazione-e-infrastrutture-per-poter-reggere-meglio-la-competizione-internazionale\/\" \/>\n<meta property=\"og:site_name\" content=\"Fondazione Pirelli\" \/>\n<meta property=\"article:published_time\" content=\"2019-05-28T00:00:00+00:00\" \/>\n<meta property=\"article:modified_time\" content=\"2019-08-30T14:32:51+00:00\" \/>\n<meta property=\"og:image\" content=\"https:\/\/wpsite-assets.fondazionepirelli.org\/wp-content\/uploads\/2019\/08\/01155005\/fs-smart-factory-2019.jpg\" \/>\n\t<meta property=\"og:image:width\" content=\"816\" \/>\n\t<meta property=\"og:image:height\" content=\"459\" \/>\n\t<meta property=\"og:image:type\" content=\"image\/jpeg\" \/>\n<meta name=\"author\" content=\"fondadmin\" \/>\n<meta name=\"twitter:card\" content=\"summary_large_image\" \/>\n<meta name=\"twitter:label1\" content=\"Scritto da\" \/>\n\t<meta name=\"twitter:data1\" content=\"fondadmin\" \/>\n\t<meta name=\"twitter:label2\" content=\"Tempo di lettura stimato\" \/>\n\t<meta name=\"twitter:data2\" content=\"5 minuti\" \/>\n<script type=\"application\/ld+json\" class=\"yoast-schema-graph\">{\"@context\":\"https:\/\/schema.org\",\"@graph\":[{\"@type\":\"WebPage\",\"@id\":\"https:\/\/127.0.0.1\/it\/cultura-dimpresa\/le-imprese-investire-di-piu-in-innovazione-e-infrastrutture-per-poter-reggere-meglio-la-competizione-internazionale\/\",\"url\":\"https:\/\/127.0.0.1\/it\/cultura-dimpresa\/le-imprese-investire-di-piu-in-innovazione-e-infrastrutture-per-poter-reggere-meglio-la-competizione-internazionale\/\",\"name\":\"Le imprese: investire di pi\u00f9 in innovazione e infrastrutture per poter reggere meglio la competizione internazionale - Fondazione Pirelli\",\"isPartOf\":{\"@id\":\"https:\/\/www.fondazionepirelli.org\/it\/#website\"},\"primaryImageOfPage\":{\"@id\":\"https:\/\/127.0.0.1\/it\/cultura-dimpresa\/le-imprese-investire-di-piu-in-innovazione-e-infrastrutture-per-poter-reggere-meglio-la-competizione-internazionale\/#primaryimage\"},\"image\":{\"@id\":\"https:\/\/127.0.0.1\/it\/cultura-dimpresa\/le-imprese-investire-di-piu-in-innovazione-e-infrastrutture-per-poter-reggere-meglio-la-competizione-internazionale\/#primaryimage\"},\"thumbnailUrl\":\"https:\/\/wpsite-assets.fondazionepirelli.org\/wp-content\/uploads\/2019\/08\/01155005\/fs-smart-factory-2019.jpg\",\"datePublished\":\"2019-05-28T00:00:00+00:00\",\"dateModified\":\"2019-08-30T14:32:51+00:00\",\"author\":{\"@id\":\"https:\/\/www.fondazionepirelli.org\/it\/#\/schema\/person\/f47d097000832c4a6e54538c791fdf25\"},\"breadcrumb\":{\"@id\":\"https:\/\/127.0.0.1\/it\/cultura-dimpresa\/le-imprese-investire-di-piu-in-innovazione-e-infrastrutture-per-poter-reggere-meglio-la-competizione-internazionale\/#breadcrumb\"},\"inLanguage\":\"it-IT\",\"potentialAction\":[{\"@type\":\"ReadAction\",\"target\":[\"https:\/\/127.0.0.1\/it\/cultura-dimpresa\/le-imprese-investire-di-piu-in-innovazione-e-infrastrutture-per-poter-reggere-meglio-la-competizione-internazionale\/\"]}]},{\"@type\":\"ImageObject\",\"inLanguage\":\"it-IT\",\"@id\":\"https:\/\/127.0.0.1\/it\/cultura-dimpresa\/le-imprese-investire-di-piu-in-innovazione-e-infrastrutture-per-poter-reggere-meglio-la-competizione-internazionale\/#primaryimage\",\"url\":\"https:\/\/wpsite-assets.fondazionepirelli.org\/wp-content\/uploads\/2019\/08\/01155005\/fs-smart-factory-2019.jpg\",\"contentUrl\":\"https:\/\/wpsite-assets.fondazionepirelli.org\/wp-content\/uploads\/2019\/08\/01155005\/fs-smart-factory-2019.jpg\",\"width\":816,\"height\":459},{\"@type\":\"BreadcrumbList\",\"@id\":\"https:\/\/127.0.0.1\/it\/cultura-dimpresa\/le-imprese-investire-di-piu-in-innovazione-e-infrastrutture-per-poter-reggere-meglio-la-competizione-internazionale\/#breadcrumb\",\"itemListElement\":[{\"@type\":\"ListItem\",\"position\":1,\"name\":\"Home\",\"item\":\"https:\/\/www.fondazionepirelli.org\/it\/\"},{\"@type\":\"ListItem\",\"position\":2,\"name\":\"Le imprese: investire di pi\u00f9 in innovazione e infrastrutture per poter reggere meglio la competizione internazionale\"}]},{\"@type\":\"WebSite\",\"@id\":\"https:\/\/www.fondazionepirelli.org\/it\/#website\",\"url\":\"https:\/\/www.fondazionepirelli.org\/it\/\",\"name\":\"Fondazione Pirelli\",\"description\":\"\",\"potentialAction\":[{\"@type\":\"SearchAction\",\"target\":{\"@type\":\"EntryPoint\",\"urlTemplate\":\"https:\/\/www.fondazionepirelli.org\/it\/?s={search_term_string}\"},\"query-input\":{\"@type\":\"PropertyValueSpecification\",\"valueRequired\":true,\"valueName\":\"search_term_string\"}}],\"inLanguage\":\"it-IT\"},{\"@type\":\"Person\",\"@id\":\"https:\/\/www.fondazionepirelli.org\/it\/#\/schema\/person\/f47d097000832c4a6e54538c791fdf25\",\"name\":\"fondadmin\",\"image\":{\"@type\":\"ImageObject\",\"inLanguage\":\"it-IT\",\"@id\":\"https:\/\/www.fondazionepirelli.org\/it\/#\/schema\/person\/image\/\",\"url\":\"https:\/\/secure.gravatar.com\/avatar\/e69498a9175ca244966e51e53c88712c024fcebe41f9a05f75657f1bb25e489b?s=96&d=mm&r=g\",\"contentUrl\":\"https:\/\/secure.gravatar.com\/avatar\/e69498a9175ca244966e51e53c88712c024fcebe41f9a05f75657f1bb25e489b?s=96&d=mm&r=g\",\"caption\":\"fondadmin\"},\"url\":\"https:\/\/www.fondazionepirelli.org\/it\/author\/fondadmin\/\"}]}<\/script>\n<!-- \/ Yoast SEO plugin. -->","yoast_head_json":{"title":"Le imprese: investire di pi\u00f9 in innovazione e infrastrutture per poter reggere meglio la competizione internazionale - Fondazione Pirelli","robots":{"index":"index","follow":"follow","max-snippet":"max-snippet:-1","max-image-preview":"max-image-preview:large","max-video-preview":"max-video-preview:-1"},"canonical":"https:\/\/www.fondazionepirelli.org\/it\/cultura-dimpresa\/le-imprese-investire-di-piu-in-innovazione-e-infrastrutture-per-poter-reggere-meglio-la-competizione-internazionale\/","og_locale":"it_IT","og_type":"article","og_title":"Le imprese: investire di pi\u00f9 in innovazione e infrastrutture per poter reggere meglio la competizione internazionale - Fondazione Pirelli","og_description":"\u201cOccorre investire di pi\u00f9\u201d, dicono le imprese italiane, brave a reggere la competizione internazionale ma in affanno tutte le volte in cui la loro crescita \u00e8 frenata dalle carenze delle infrastrutture, dalla burocrazia pesante, dalla giustizia lenta, dalla scarso impegno dello Stato su ricerca, formazione, innovazione, trasferimento tecnologico. Investire di pi\u00f9 da parte della mano [&hellip;]","og_url":"https:\/\/127.0.0.1\/it\/cultura-dimpresa\/le-imprese-investire-di-piu-in-innovazione-e-infrastrutture-per-poter-reggere-meglio-la-competizione-internazionale\/","og_site_name":"Fondazione Pirelli","article_published_time":"2019-05-28T00:00:00+00:00","article_modified_time":"2019-08-30T14:32:51+00:00","og_image":[{"width":816,"height":459,"url":"https:\/\/wpsite-assets.fondazionepirelli.org\/wp-content\/uploads\/2019\/08\/01155005\/fs-smart-factory-2019.jpg","type":"image\/jpeg"}],"author":"fondadmin","twitter_card":"summary_large_image","twitter_misc":{"Scritto da":"fondadmin","Tempo di lettura stimato":"5 minuti"},"schema":{"@context":"https:\/\/schema.org","@graph":[{"@type":"WebPage","@id":"https:\/\/127.0.0.1\/it\/cultura-dimpresa\/le-imprese-investire-di-piu-in-innovazione-e-infrastrutture-per-poter-reggere-meglio-la-competizione-internazionale\/","url":"https:\/\/127.0.0.1\/it\/cultura-dimpresa\/le-imprese-investire-di-piu-in-innovazione-e-infrastrutture-per-poter-reggere-meglio-la-competizione-internazionale\/","name":"Le imprese: investire di pi\u00f9 in innovazione e infrastrutture per poter reggere meglio la competizione internazionale - Fondazione Pirelli","isPartOf":{"@id":"https:\/\/www.fondazionepirelli.org\/it\/#website"},"primaryImageOfPage":{"@id":"https:\/\/127.0.0.1\/it\/cultura-dimpresa\/le-imprese-investire-di-piu-in-innovazione-e-infrastrutture-per-poter-reggere-meglio-la-competizione-internazionale\/#primaryimage"},"image":{"@id":"https:\/\/127.0.0.1\/it\/cultura-dimpresa\/le-imprese-investire-di-piu-in-innovazione-e-infrastrutture-per-poter-reggere-meglio-la-competizione-internazionale\/#primaryimage"},"thumbnailUrl":"https:\/\/wpsite-assets.fondazionepirelli.org\/wp-content\/uploads\/2019\/08\/01155005\/fs-smart-factory-2019.jpg","datePublished":"2019-05-28T00:00:00+00:00","dateModified":"2019-08-30T14:32:51+00:00","author":{"@id":"https:\/\/www.fondazionepirelli.org\/it\/#\/schema\/person\/f47d097000832c4a6e54538c791fdf25"},"breadcrumb":{"@id":"https:\/\/127.0.0.1\/it\/cultura-dimpresa\/le-imprese-investire-di-piu-in-innovazione-e-infrastrutture-per-poter-reggere-meglio-la-competizione-internazionale\/#breadcrumb"},"inLanguage":"it-IT","potentialAction":[{"@type":"ReadAction","target":["https:\/\/127.0.0.1\/it\/cultura-dimpresa\/le-imprese-investire-di-piu-in-innovazione-e-infrastrutture-per-poter-reggere-meglio-la-competizione-internazionale\/"]}]},{"@type":"ImageObject","inLanguage":"it-IT","@id":"https:\/\/127.0.0.1\/it\/cultura-dimpresa\/le-imprese-investire-di-piu-in-innovazione-e-infrastrutture-per-poter-reggere-meglio-la-competizione-internazionale\/#primaryimage","url":"https:\/\/wpsite-assets.fondazionepirelli.org\/wp-content\/uploads\/2019\/08\/01155005\/fs-smart-factory-2019.jpg","contentUrl":"https:\/\/wpsite-assets.fondazionepirelli.org\/wp-content\/uploads\/2019\/08\/01155005\/fs-smart-factory-2019.jpg","width":816,"height":459},{"@type":"BreadcrumbList","@id":"https:\/\/127.0.0.1\/it\/cultura-dimpresa\/le-imprese-investire-di-piu-in-innovazione-e-infrastrutture-per-poter-reggere-meglio-la-competizione-internazionale\/#breadcrumb","itemListElement":[{"@type":"ListItem","position":1,"name":"Home","item":"https:\/\/www.fondazionepirelli.org\/it\/"},{"@type":"ListItem","position":2,"name":"Le imprese: investire di pi\u00f9 in innovazione e infrastrutture per poter reggere meglio la competizione internazionale"}]},{"@type":"WebSite","@id":"https:\/\/www.fondazionepirelli.org\/it\/#website","url":"https:\/\/www.fondazionepirelli.org\/it\/","name":"Fondazione Pirelli","description":"","potentialAction":[{"@type":"SearchAction","target":{"@type":"EntryPoint","urlTemplate":"https:\/\/www.fondazionepirelli.org\/it\/?s={search_term_string}"},"query-input":{"@type":"PropertyValueSpecification","valueRequired":true,"valueName":"search_term_string"}}],"inLanguage":"it-IT"},{"@type":"Person","@id":"https:\/\/www.fondazionepirelli.org\/it\/#\/schema\/person\/f47d097000832c4a6e54538c791fdf25","name":"fondadmin","image":{"@type":"ImageObject","inLanguage":"it-IT","@id":"https:\/\/www.fondazionepirelli.org\/it\/#\/schema\/person\/image\/","url":"https:\/\/secure.gravatar.com\/avatar\/e69498a9175ca244966e51e53c88712c024fcebe41f9a05f75657f1bb25e489b?s=96&d=mm&r=g","contentUrl":"https:\/\/secure.gravatar.com\/avatar\/e69498a9175ca244966e51e53c88712c024fcebe41f9a05f75657f1bb25e489b?s=96&d=mm&r=g","caption":"fondadmin"},"url":"https:\/\/www.fondazionepirelli.org\/it\/author\/fondadmin\/"}]}},"_links":{"self":[{"href":"https:\/\/www.fondazionepirelli.org\/it\/wp-json\/wp\/v2\/posts\/65388\/"}],"collection":[{"href":"https:\/\/www.fondazionepirelli.org\/it\/wp-json\/wp\/v2\/posts\/"}],"about":[{"href":"https:\/\/www.fondazionepirelli.org\/it\/wp-json\/wp\/v2\/types\/post\/"}],"author":[{"embeddable":true,"href":"https:\/\/www.fondazionepirelli.org\/it\/wp-json\/wp\/v2\/users\/1\/"}],"replies":[{"embeddable":true,"href":"https:\/\/www.fondazionepirelli.org\/it\/wp-json\/wp\/v2\/comments\/?post=65388"}],"version-history":[{"count":1,"href":"https:\/\/www.fondazionepirelli.org\/it\/wp-json\/wp\/v2\/posts\/65388\/revisions\/"}],"predecessor-version":[{"id":65675,"href":"https:\/\/www.fondazionepirelli.org\/it\/wp-json\/wp\/v2\/posts\/65388\/revisions\/65675\/"}],"wp:featuredmedia":[{"embeddable":true,"href":"https:\/\/www.fondazionepirelli.org\/it\/wp-json\/wp\/v2\/media\/65389\/"}],"wp:attachment":[{"href":"https:\/\/www.fondazionepirelli.org\/it\/wp-json\/wp\/v2\/media\/?parent=65388"}],"wp:term":[{"taxonomy":"category","embeddable":true,"href":"https:\/\/www.fondazionepirelli.org\/it\/wp-json\/wp\/v2\/categories\/?post=65388"},{"taxonomy":"post_tag","embeddable":true,"href":"https:\/\/www.fondazionepirelli.org\/it\/wp-json\/wp\/v2\/tags\/?post=65388"}],"curies":[{"name":"wp","href":"https:\/\/api.w.org\/{rel}","templated":true}]}}