{"id":65399,"date":"2019-06-04T00:00:00","date_gmt":"2019-06-04T00:00:00","guid":{"rendered":"http:\/\/www.fondazionepirelli.org\/non-categorizzato\/sostenibilita-e-valori-dimpresa-una-scelta-per-la-competitivita-dellindustria-italiana\/"},"modified":"2019-08-30T14:14:31","modified_gmt":"2019-08-30T14:14:31","slug":"sostenibilita-e-valori-dimpresa-una-scelta-per-la-competitivita-dellindustria-italiana","status":"publish","type":"post","link":"https:\/\/www.fondazionepirelli.org\/it\/cultura-dimpresa\/sostenibilita-e-valori-dimpresa-una-scelta-per-la-competitivita-dellindustria-italiana\/","title":{"rendered":"Sostenibilit\u00e0 e valori d\u2019impresa: una scelta  per la competitivit\u00e0 dell\u2019industria italiana"},"content":{"rendered":"<p>Dieci grandi organizzazioni d\u2019impresa, da Confindustria a Confcommercio, dalle Associazioni delle copoperative a quelle dell\u2019agricoltura e dell\u2019artigianato, dalla Febaf (societ\u00e0 finanziarie) all\u2019Unioncamere hanno firmato alla fine di maggio un documento con un titolo impegnativo: \u201cAcceleriamo la transizione alla<strong> sostenibilit\u00e0<\/strong>\u201d. E l\u2019hanno mandato al governo, con un appello per rimuovere gli ostacoli normativi, burocratici e culturali verso una maggiore diffusione dei valori legati ai <strong><em>Sustainable Development Goals<\/em> <\/strong>dell\u2019Onu. Difficile che l\u2019attuale governo sia in grado di tenerne concretamente conto, essendo in tutt\u2019altre conflittuali faccende indaffarato. Ma restano comunque forti il senso e il valore di un\u2019iniziativa che conferma quanto il mondo produttivo italiano sia in prima linea sul versante della <em>green economy<\/em>.<\/p>\n<p>L\u2019appello \u00e8 stato presentato, nei giorni scorsi, in <strong>Assolombarda<\/strong>, durante l\u2019appuntamento milanese del \u201cFestival dello sviluppo sostenibile\u201d dell\u2019Asvis (l\u2019Associazione per la sostenibilit\u00e0 guidata da Enrico Giovannini\u201d, con un dibattito tra imprenditori, economisti e <em>opinion leader<\/em> su \u201cLe imprese e la finanza per lo sviluppo sostenibile: opportunit\u00e0 da cogliere e ostacoli da rimuovere\u201d. E su un punto il consenso \u00e8 stato unanime: la sostenibilit\u00e0, ambientale e sociale, va considerata come un cardine della competitivit\u00e0 delle nostre imprese pi\u00f9 attive sui mercati internazionali.<\/p>\n<p>La posizione di Assolombarda \u00e8 chiara da tempo ed \u00e8 stata ribadita proprio durante il convegno Asvis:\u00a0 \u201cSe la sostenibilit\u00e0 \u00e8 una scelta di comunicazione di breve periodo non ha un grande futuro\u201d. La scelta invece \u00e8 \u201cstrategica\u201d, di lungo periodo, \u201cuna scelta di economia civile, di economia circolare, un&#8217;assunzione di responsabilit\u00e0 sociale, nei confronti sia dei territori su cui crescono le imprese sia di tutti gli <em>stakeholders<\/em>\u201d. Ma anche, contemporaneamente un\u2019indicazione che ha a che fare con la competitivit\u00e0. Per reggere sui mercati nell&#8217;alta gamma dei prodotti e dei servizi, infatti, \u00e8 necessario avere un grande rispetto per l&#8217;ambiente, le persone, i diritti, l&#8217;inclusione sociale, la qualit\u00e0 e la sicurezza: tutti elementi che consentono di affrontare la concorrenza e legittimano e fanno crescere le imprese. \u201cLa sostenibilit\u00e0 &#8211; per dirla con Assolombarda &#8211; sta dentro il nostro modo di fare impresa\u201d.<\/p>\n<p>Ci sono settori particolarmente avanzati, nella sintesi tra <em><strong>green economy<\/strong> <\/em>e valori sociali, proprio quelli che hanno un rapporto pi\u00f9 diretto con il territorio e con le persone e sono pi\u00f9 impegnati sul fronte della competizione globale di qualit\u00e0: l\u2019<em>automotive<\/em>, la chimica, la farmaceutica, la gomma, la meccanica e la meccatronica, oltre che le tradizionali punte d\u2019eccellenza del made in Italy, arredamento, agroindustria e abbigliamento: tutti quei settori, cio\u00e8, in cui la ricerca, la spinta d\u2019innovazione e la qualit\u00e0 di prodotti e servizi sono pi\u00f9 avanzati.<\/p>\n<p>Di fronte alle grandi <strong>trasformazioni tecnologiche<\/strong> in corso anche l&#8217;economia digitale aiuti i processi economici sul versante della qualit\u00e0, anche se si pongono nuovi e difficili problemi di sostenibilit\u00e0 per quel che riguarda il mercato del lavoro. Ci sono mestieri e professioni che cambiano profondamente, lavori che scompaiono, lavori che si creano. Equilibri economici e sociali sottoposti a fortissimi stress. Disagi che maturano. Nuove speranze che crescono. Tutto un mondo in movimento.<\/p>\n<p>Proprio pensando ai temi della sostenibilit\u00e0 e agli SDG (appunto i <em>Sustainable Development Goals<\/em>) in Assolombarda si sostiene che la responsabilit\u00e0 delle imprese \u00e8 quella di investire molto sull\u2019innovazione e sollecitare investimenti pubblici su formazione, ricerca, nuovi ammortizzatori sociali legati anche alla riqualificazione professionale: bisogna costruire le competenze e farle evolvere man mano che l&#8217;economia digitale modifica i rapporti di produzione e ne crea di nuovi.<\/p>\n<p>Innovazione, sostenibilit\u00e0 e competitivit\u00e0, appunto: \u201cFare impresa con attenzione verso l\u2019ambiente non \u00e8 buonismo, ma \u00e8 una scelta necessaria, che crea valore ed \u00e8 fondamentale, per il nostro futuro: un obiettivo economico e sociale da continuare a perseguire\u201d, conferma Sergio Domp\u00e8, presidente dell\u2019omonimo gruppo farmaceutico e vicepresidente di Assolombarda, durante un recente convegno di Sodalitas.<\/p>\n<p>Ci sono buoni esempi, che vengono, su tutti questi versanti, proprio dalle imprese pi\u00f9 innovative. Le testimonianze, al convegno milanese dell\u2019Asvis, di Pirelli, Enel, Unipol, Lega delle Cooperative, Cassa Depositi e Prestiti, Invitalia, etc. Ne sono state conferma.<\/p>\n<p>\u201cPer noi la sostenibilit\u00e0 significa attenzione per le <strong>persone e per il territorio\u201d<\/strong>, sostiene <strong>Marco Tronchetti Provera<\/strong>, Ceo di Pirelli. Un impegno che non riguarda solo l\u2019ecologia, ma anche l\u2019aiuto per le comunit\u00e0 a crescere in modo equilibrato\u201d: le comunit\u00e0 interne alla fabbrica, lavorando sui temi della sicurezza e della qualit\u00e0 dell\u2019ambiente di lavoro; e le comunit\u00e0 esterne alle fabbriche, investendo insieme a loro per ospedali o centri di assistenza, scuole, centri sportivi. Sostiene Tronchetti: \u201cNon ci pu\u00f2 essere crescita sostenibile nel tempo se la societ\u00e0 intorno all\u2019impresa non cresce\u201d.<\/p>\n<p>Ci sono, naturalmente, ostacoli da superare: \u201cLe tante normative differenziate, che dovrebbero essere tutte armonizzate\u201d, a livello sia nazionale che della Ue, dando vita contemporaneamente a una nuova e migliore regolamentazione che permetta al sistema delle imprese di avere i tempi per potersi aggiornare\u201d e reggere le sfide della competitivit\u00e0 e dell\u2019innovazione\u201d. Insiste Tronchetti: \u201cPer il futuro d\u2019una impresa la sostenibilit\u00e0 \u00e8 fondamentale. E noi ne siamo leader, in tutti gli indici internazionali del nostro settore\u201d.<\/p>","protected":false},"excerpt":{"rendered":"<p>Dieci grandi organizzazioni d\u2019impresa, da Confindustria a Confcommercio, dalle Associazioni delle copoperative a quelle dell\u2019agricoltura e dell\u2019artigianato, dalla Febaf (societ\u00e0 finanziarie) all\u2019Unioncamere hanno firmato alla fine di maggio un documento con un titolo impegnativo: \u201cAcceleriamo la transizione alla sostenibilit\u00e0\u201d. E l\u2019hanno mandato al governo, con un appello per rimuovere gli ostacoli normativi, burocratici e culturali [&hellip;]<\/p>\n","protected":false},"author":1,"featured_media":65400,"comment_status":"closed","ping_status":"closed","sticky":false,"template":"","format":"standard","meta":{"footnotes":""},"categories":[53,52],"tags":[],"class_list":["post-65399","post","type-post","status-publish","format-standard","has-post-thumbnail","hentry","category-blog","category-cultura-dimpresa"],"acf":[],"yoast_head":"<!-- This site is optimized with the Yoast SEO plugin v25.0 - https:\/\/yoast.com\/wordpress\/plugins\/seo\/ -->\n<title>Sostenibilit\u00e0 e valori d\u2019impresa: una scelta per la competitivit\u00e0 dell\u2019industria italiana - Fondazione Pirelli<\/title>\n<meta name=\"robots\" content=\"index, follow, max-snippet:-1, max-image-preview:large, max-video-preview:-1\" \/>\n<link rel=\"canonical\" href=\"https:\/\/www.fondazionepirelli.org\/it\/cultura-dimpresa\/sostenibilita-e-valori-dimpresa-una-scelta-per-la-competitivita-dellindustria-italiana\/\" \/>\n<meta property=\"og:locale\" content=\"it_IT\" \/>\n<meta property=\"og:type\" content=\"article\" \/>\n<meta property=\"og:title\" content=\"Sostenibilit\u00e0 e valori d\u2019impresa: una scelta per la competitivit\u00e0 dell\u2019industria italiana - Fondazione Pirelli\" \/>\n<meta property=\"og:description\" content=\"Dieci grandi organizzazioni d\u2019impresa, da Confindustria a Confcommercio, dalle Associazioni delle copoperative a quelle dell\u2019agricoltura e dell\u2019artigianato, dalla Febaf (societ\u00e0 finanziarie) all\u2019Unioncamere hanno firmato alla fine di maggio un documento con un titolo impegnativo: \u201cAcceleriamo la transizione alla sostenibilit\u00e0\u201d. E l\u2019hanno mandato al governo, con un appello per rimuovere gli ostacoli normativi, burocratici e culturali [&hellip;]\" \/>\n<meta property=\"og:url\" content=\"https:\/\/127.0.0.1\/it\/cultura-dimpresa\/sostenibilita-e-valori-dimpresa-una-scelta-per-la-competitivita-dellindustria-italiana\/\" \/>\n<meta property=\"og:site_name\" content=\"Fondazione Pirelli\" \/>\n<meta property=\"article:published_time\" content=\"2019-06-04T00:00:00+00:00\" \/>\n<meta property=\"article:modified_time\" content=\"2019-08-30T14:14:31+00:00\" \/>\n<meta property=\"og:image\" content=\"https:\/\/wpsite-assets.fondazionepirelli.org\/wp-content\/uploads\/2019\/08\/01155008\/5801_1.jpg\" \/>\n\t<meta property=\"og:image:width\" content=\"792\" \/>\n\t<meta property=\"og:image:height\" content=\"446\" \/>\n\t<meta property=\"og:image:type\" content=\"image\/jpeg\" \/>\n<meta name=\"author\" content=\"fondadmin\" \/>\n<meta name=\"twitter:card\" content=\"summary_large_image\" \/>\n<meta name=\"twitter:label1\" content=\"Scritto da\" \/>\n\t<meta name=\"twitter:data1\" content=\"fondadmin\" \/>\n\t<meta name=\"twitter:label2\" content=\"Tempo di lettura stimato\" \/>\n\t<meta name=\"twitter:data2\" content=\"4 minuti\" \/>\n<script type=\"application\/ld+json\" class=\"yoast-schema-graph\">{\"@context\":\"https:\/\/schema.org\",\"@graph\":[{\"@type\":\"WebPage\",\"@id\":\"https:\/\/127.0.0.1\/it\/cultura-dimpresa\/sostenibilita-e-valori-dimpresa-una-scelta-per-la-competitivita-dellindustria-italiana\/\",\"url\":\"https:\/\/127.0.0.1\/it\/cultura-dimpresa\/sostenibilita-e-valori-dimpresa-una-scelta-per-la-competitivita-dellindustria-italiana\/\",\"name\":\"Sostenibilit\u00e0 e valori d\u2019impresa: una scelta per la competitivit\u00e0 dell\u2019industria italiana - Fondazione Pirelli\",\"isPartOf\":{\"@id\":\"https:\/\/www.fondazionepirelli.org\/it\/#website\"},\"primaryImageOfPage\":{\"@id\":\"https:\/\/127.0.0.1\/it\/cultura-dimpresa\/sostenibilita-e-valori-dimpresa-una-scelta-per-la-competitivita-dellindustria-italiana\/#primaryimage\"},\"image\":{\"@id\":\"https:\/\/127.0.0.1\/it\/cultura-dimpresa\/sostenibilita-e-valori-dimpresa-una-scelta-per-la-competitivita-dellindustria-italiana\/#primaryimage\"},\"thumbnailUrl\":\"https:\/\/wpsite-assets.fondazionepirelli.org\/wp-content\/uploads\/2019\/08\/01155008\/5801_1.jpg\",\"datePublished\":\"2019-06-04T00:00:00+00:00\",\"dateModified\":\"2019-08-30T14:14:31+00:00\",\"author\":{\"@id\":\"https:\/\/www.fondazionepirelli.org\/it\/#\/schema\/person\/f47d097000832c4a6e54538c791fdf25\"},\"breadcrumb\":{\"@id\":\"https:\/\/127.0.0.1\/it\/cultura-dimpresa\/sostenibilita-e-valori-dimpresa-una-scelta-per-la-competitivita-dellindustria-italiana\/#breadcrumb\"},\"inLanguage\":\"it-IT\",\"potentialAction\":[{\"@type\":\"ReadAction\",\"target\":[\"https:\/\/127.0.0.1\/it\/cultura-dimpresa\/sostenibilita-e-valori-dimpresa-una-scelta-per-la-competitivita-dellindustria-italiana\/\"]}]},{\"@type\":\"ImageObject\",\"inLanguage\":\"it-IT\",\"@id\":\"https:\/\/127.0.0.1\/it\/cultura-dimpresa\/sostenibilita-e-valori-dimpresa-una-scelta-per-la-competitivita-dellindustria-italiana\/#primaryimage\",\"url\":\"https:\/\/wpsite-assets.fondazionepirelli.org\/wp-content\/uploads\/2019\/08\/01155008\/5801_1.jpg\",\"contentUrl\":\"https:\/\/wpsite-assets.fondazionepirelli.org\/wp-content\/uploads\/2019\/08\/01155008\/5801_1.jpg\",\"width\":792,\"height\":446},{\"@type\":\"BreadcrumbList\",\"@id\":\"https:\/\/127.0.0.1\/it\/cultura-dimpresa\/sostenibilita-e-valori-dimpresa-una-scelta-per-la-competitivita-dellindustria-italiana\/#breadcrumb\",\"itemListElement\":[{\"@type\":\"ListItem\",\"position\":1,\"name\":\"Home\",\"item\":\"https:\/\/www.fondazionepirelli.org\/it\/\"},{\"@type\":\"ListItem\",\"position\":2,\"name\":\"Sostenibilit\u00e0 e valori d\u2019impresa: una scelta per la competitivit\u00e0 dell\u2019industria italiana\"}]},{\"@type\":\"WebSite\",\"@id\":\"https:\/\/www.fondazionepirelli.org\/it\/#website\",\"url\":\"https:\/\/www.fondazionepirelli.org\/it\/\",\"name\":\"Fondazione Pirelli\",\"description\":\"\",\"potentialAction\":[{\"@type\":\"SearchAction\",\"target\":{\"@type\":\"EntryPoint\",\"urlTemplate\":\"https:\/\/www.fondazionepirelli.org\/it\/?s={search_term_string}\"},\"query-input\":{\"@type\":\"PropertyValueSpecification\",\"valueRequired\":true,\"valueName\":\"search_term_string\"}}],\"inLanguage\":\"it-IT\"},{\"@type\":\"Person\",\"@id\":\"https:\/\/www.fondazionepirelli.org\/it\/#\/schema\/person\/f47d097000832c4a6e54538c791fdf25\",\"name\":\"fondadmin\",\"image\":{\"@type\":\"ImageObject\",\"inLanguage\":\"it-IT\",\"@id\":\"https:\/\/www.fondazionepirelli.org\/it\/#\/schema\/person\/image\/\",\"url\":\"https:\/\/secure.gravatar.com\/avatar\/e69498a9175ca244966e51e53c88712c024fcebe41f9a05f75657f1bb25e489b?s=96&d=mm&r=g\",\"contentUrl\":\"https:\/\/secure.gravatar.com\/avatar\/e69498a9175ca244966e51e53c88712c024fcebe41f9a05f75657f1bb25e489b?s=96&d=mm&r=g\",\"caption\":\"fondadmin\"},\"url\":\"https:\/\/www.fondazionepirelli.org\/it\/author\/fondadmin\/\"}]}<\/script>\n<!-- \/ Yoast SEO plugin. -->","yoast_head_json":{"title":"Sostenibilit\u00e0 e valori d\u2019impresa: una scelta per la competitivit\u00e0 dell\u2019industria italiana - Fondazione Pirelli","robots":{"index":"index","follow":"follow","max-snippet":"max-snippet:-1","max-image-preview":"max-image-preview:large","max-video-preview":"max-video-preview:-1"},"canonical":"https:\/\/www.fondazionepirelli.org\/it\/cultura-dimpresa\/sostenibilita-e-valori-dimpresa-una-scelta-per-la-competitivita-dellindustria-italiana\/","og_locale":"it_IT","og_type":"article","og_title":"Sostenibilit\u00e0 e valori d\u2019impresa: una scelta per la competitivit\u00e0 dell\u2019industria italiana - Fondazione Pirelli","og_description":"Dieci grandi organizzazioni d\u2019impresa, da Confindustria a Confcommercio, dalle Associazioni delle copoperative a quelle dell\u2019agricoltura e dell\u2019artigianato, dalla Febaf (societ\u00e0 finanziarie) all\u2019Unioncamere hanno firmato alla fine di maggio un documento con un titolo impegnativo: \u201cAcceleriamo la transizione alla sostenibilit\u00e0\u201d. E l\u2019hanno mandato al governo, con un appello per rimuovere gli ostacoli normativi, burocratici e culturali [&hellip;]","og_url":"https:\/\/127.0.0.1\/it\/cultura-dimpresa\/sostenibilita-e-valori-dimpresa-una-scelta-per-la-competitivita-dellindustria-italiana\/","og_site_name":"Fondazione Pirelli","article_published_time":"2019-06-04T00:00:00+00:00","article_modified_time":"2019-08-30T14:14:31+00:00","og_image":[{"width":792,"height":446,"url":"https:\/\/wpsite-assets.fondazionepirelli.org\/wp-content\/uploads\/2019\/08\/01155008\/5801_1.jpg","type":"image\/jpeg"}],"author":"fondadmin","twitter_card":"summary_large_image","twitter_misc":{"Scritto da":"fondadmin","Tempo di lettura stimato":"4 minuti"},"schema":{"@context":"https:\/\/schema.org","@graph":[{"@type":"WebPage","@id":"https:\/\/127.0.0.1\/it\/cultura-dimpresa\/sostenibilita-e-valori-dimpresa-una-scelta-per-la-competitivita-dellindustria-italiana\/","url":"https:\/\/127.0.0.1\/it\/cultura-dimpresa\/sostenibilita-e-valori-dimpresa-una-scelta-per-la-competitivita-dellindustria-italiana\/","name":"Sostenibilit\u00e0 e valori d\u2019impresa: una scelta per la competitivit\u00e0 dell\u2019industria italiana - Fondazione Pirelli","isPartOf":{"@id":"https:\/\/www.fondazionepirelli.org\/it\/#website"},"primaryImageOfPage":{"@id":"https:\/\/127.0.0.1\/it\/cultura-dimpresa\/sostenibilita-e-valori-dimpresa-una-scelta-per-la-competitivita-dellindustria-italiana\/#primaryimage"},"image":{"@id":"https:\/\/127.0.0.1\/it\/cultura-dimpresa\/sostenibilita-e-valori-dimpresa-una-scelta-per-la-competitivita-dellindustria-italiana\/#primaryimage"},"thumbnailUrl":"https:\/\/wpsite-assets.fondazionepirelli.org\/wp-content\/uploads\/2019\/08\/01155008\/5801_1.jpg","datePublished":"2019-06-04T00:00:00+00:00","dateModified":"2019-08-30T14:14:31+00:00","author":{"@id":"https:\/\/www.fondazionepirelli.org\/it\/#\/schema\/person\/f47d097000832c4a6e54538c791fdf25"},"breadcrumb":{"@id":"https:\/\/127.0.0.1\/it\/cultura-dimpresa\/sostenibilita-e-valori-dimpresa-una-scelta-per-la-competitivita-dellindustria-italiana\/#breadcrumb"},"inLanguage":"it-IT","potentialAction":[{"@type":"ReadAction","target":["https:\/\/127.0.0.1\/it\/cultura-dimpresa\/sostenibilita-e-valori-dimpresa-una-scelta-per-la-competitivita-dellindustria-italiana\/"]}]},{"@type":"ImageObject","inLanguage":"it-IT","@id":"https:\/\/127.0.0.1\/it\/cultura-dimpresa\/sostenibilita-e-valori-dimpresa-una-scelta-per-la-competitivita-dellindustria-italiana\/#primaryimage","url":"https:\/\/wpsite-assets.fondazionepirelli.org\/wp-content\/uploads\/2019\/08\/01155008\/5801_1.jpg","contentUrl":"https:\/\/wpsite-assets.fondazionepirelli.org\/wp-content\/uploads\/2019\/08\/01155008\/5801_1.jpg","width":792,"height":446},{"@type":"BreadcrumbList","@id":"https:\/\/127.0.0.1\/it\/cultura-dimpresa\/sostenibilita-e-valori-dimpresa-una-scelta-per-la-competitivita-dellindustria-italiana\/#breadcrumb","itemListElement":[{"@type":"ListItem","position":1,"name":"Home","item":"https:\/\/www.fondazionepirelli.org\/it\/"},{"@type":"ListItem","position":2,"name":"Sostenibilit\u00e0 e valori d\u2019impresa: una scelta per la competitivit\u00e0 dell\u2019industria italiana"}]},{"@type":"WebSite","@id":"https:\/\/www.fondazionepirelli.org\/it\/#website","url":"https:\/\/www.fondazionepirelli.org\/it\/","name":"Fondazione Pirelli","description":"","potentialAction":[{"@type":"SearchAction","target":{"@type":"EntryPoint","urlTemplate":"https:\/\/www.fondazionepirelli.org\/it\/?s={search_term_string}"},"query-input":{"@type":"PropertyValueSpecification","valueRequired":true,"valueName":"search_term_string"}}],"inLanguage":"it-IT"},{"@type":"Person","@id":"https:\/\/www.fondazionepirelli.org\/it\/#\/schema\/person\/f47d097000832c4a6e54538c791fdf25","name":"fondadmin","image":{"@type":"ImageObject","inLanguage":"it-IT","@id":"https:\/\/www.fondazionepirelli.org\/it\/#\/schema\/person\/image\/","url":"https:\/\/secure.gravatar.com\/avatar\/e69498a9175ca244966e51e53c88712c024fcebe41f9a05f75657f1bb25e489b?s=96&d=mm&r=g","contentUrl":"https:\/\/secure.gravatar.com\/avatar\/e69498a9175ca244966e51e53c88712c024fcebe41f9a05f75657f1bb25e489b?s=96&d=mm&r=g","caption":"fondadmin"},"url":"https:\/\/www.fondazionepirelli.org\/it\/author\/fondadmin\/"}]}},"_links":{"self":[{"href":"https:\/\/www.fondazionepirelli.org\/it\/wp-json\/wp\/v2\/posts\/65399\/"}],"collection":[{"href":"https:\/\/www.fondazionepirelli.org\/it\/wp-json\/wp\/v2\/posts\/"}],"about":[{"href":"https:\/\/www.fondazionepirelli.org\/it\/wp-json\/wp\/v2\/types\/post\/"}],"author":[{"embeddable":true,"href":"https:\/\/www.fondazionepirelli.org\/it\/wp-json\/wp\/v2\/users\/1\/"}],"replies":[{"embeddable":true,"href":"https:\/\/www.fondazionepirelli.org\/it\/wp-json\/wp\/v2\/comments\/?post=65399"}],"version-history":[{"count":1,"href":"https:\/\/www.fondazionepirelli.org\/it\/wp-json\/wp\/v2\/posts\/65399\/revisions\/"}],"predecessor-version":[{"id":65698,"href":"https:\/\/www.fondazionepirelli.org\/it\/wp-json\/wp\/v2\/posts\/65399\/revisions\/65698\/"}],"wp:featuredmedia":[{"embeddable":true,"href":"https:\/\/www.fondazionepirelli.org\/it\/wp-json\/wp\/v2\/media\/65400\/"}],"wp:attachment":[{"href":"https:\/\/www.fondazionepirelli.org\/it\/wp-json\/wp\/v2\/media\/?parent=65399"}],"wp:term":[{"taxonomy":"category","embeddable":true,"href":"https:\/\/www.fondazionepirelli.org\/it\/wp-json\/wp\/v2\/categories\/?post=65399"},{"taxonomy":"post_tag","embeddable":true,"href":"https:\/\/www.fondazionepirelli.org\/it\/wp-json\/wp\/v2\/tags\/?post=65399"}],"curies":[{"name":"wp","href":"https:\/\/api.w.org\/{rel}","templated":true}]}}