{"id":65405,"date":"2019-06-11T00:00:00","date_gmt":"2019-06-11T00:00:00","guid":{"rendered":"http:\/\/www.fondazionepirelli.org\/non-categorizzato\/chi-servire\/"},"modified":"2019-09-11T07:56:57","modified_gmt":"2019-09-11T07:56:57","slug":"chi-servire","status":"publish","type":"post","link":"https:\/\/www.fondazionepirelli.org\/it\/cultura-dimpresa\/chi-servire\/","title":{"rendered":"Chi servire?"},"content":{"rendered":"<p><em>Un intervento dell\u2019Arcivescovo di Milano ripropone una visione importante di cultura d\u2019impresa<\/em><\/p><p>Porsi domande sul significato di quello che si fa \u00e8 importante. E, forse, \u00e8 ancora pi\u00f9 importante chiedersi quali siano gli obiettivi veri della propria azione. Domande che valgono per tutti. Anche per gli imprenditori e i <em>manager <\/em>\u00a0che hanno a che fare con sistemi produttivi che, per ci\u00f2 che fanno, possono toccare anche profondamente l\u2019ambiente in cui sono e le persone che contribuiscono al raggiungimento dei risultati produttivi.<\/p>\n<p>Leggere allora \u201cContributo per un confronto. Economia, lavoro, giustizia sociale\u201d scritto e letto dall\u2019Arcivescovo di Milano, Mario Enrico Delpini, alla LIUC in occasione dei 150 dalla morte di Carlo Cattaneo, \u00e8 una buona cosa per aggiungere alle proprie idee altri \u00a0elementi di ragionamento.<\/p>\n<p>Delpini inizia il suo discorso da quanto le Scritture possono fornire per l\u2019interpretazione della situazione di crisi dell\u2019oggi. Partendo in particolare da uno dei pi\u00f9 famosi passi dei Vangeli (\u201cNon potete servire Dio e la ricchezza \u201c), l\u2019Arcivescovo ragiona sui rischi dell\u2019idolatria del benessere. \u201cL\u2019idolatria della ricchezza\/profitto\/efficienza \u2013 dice Delpini -, induce ad attribuire a una illusione che rende stolte le persone, perch\u00e9 alimenta la persuasione che il benessere economico possa salvare la vita e garantire la felicit\u00e0, ignorando la precariet\u00e0 degli idoli (\u2026)\u201d. E poi ancora: \u201cL\u2019idolatria della ricchezza\/profitto\/efficienza\/accumulo si avvale della spersonalizzazione delle persone e diventa sistema\u201d. Tutto tenendo conto che \u00e8 \u201clegittimo che ogni imprenditore, insegnante e studente, si ponga la questione di chi vuole servire, se il vero Dio o il dio denaro, perch\u00e9, talvolta, \u00e8 come se ci fossero due tipi di dei: uno della domenica e dei giorni festivi e l\u2019altro per i giorni dal luned\u00ec al venerd\u00ec\u201d. Il pericolo, naturalmente, \u00e8 \u201cche il profitto diventi una sorta di assoluto illusorio, creato dalla stoltezza di un uomo che perde il senso delle proporzioni\u201d.<\/p>\n<p>Da tutto questo, Delpini trae l\u2019indicazione della necessit\u00e0 di \u201ccambiare registro\u201d \u00a0per una buona parte del \u00a0sistema economico e produttivo. Operazione complessa e difficile, ma possibile partendo dalla constatazione che \u201cla cura per il \u2018capitale umano\u2019 \u00e8 una tendenza che presenta buone pratiche nell\u2019esperienza di una imprenditoria lungimirante\u201d che ha nella condivisione dei valori, nella crescita delle persone e nella trasmissione stessa dei valori e delle conoscenze alcuni dei suoi pi\u00f9 forti capisaldi.<\/p>\n<p>Certamente Delpini pone una visione della cultura d\u2019impresa da un punto di vista strettamente cristiano che, tuttavia, pu\u00f2 trovare grandi spazi di condivisione anche partendo da altre visioni del mondo. E, in ogni caso, quanto scritto dall\u2019Arcivescovo di Milano costituisce una buona lettura per tutti.<\/p><p><strong><a href=\"https:\/\/wpsite-assets.fondazionepirelli.org\/wp-content\/uploads\/2019\/09\/11075441\/2019_05_14_LIUC.pdf\" target=\"_blank\" rel=\"noopener noreferrer\">Contributo per un confronto. \u201cEconomia, lavoro, giustizia sociale\u201d<\/a><\/strong><\/p>\n<p>Mario Enrico Delpini, Arcivescovo di Milano,<\/p>\n<p>LIUC, Castellanza, 14 maggio 2019<\/p><p><a href=\"https:\/\/wpsite-assets.fondazionepirelli.org\/wp-content\/uploads\/2019\/09\/11075441\/2019_05_14_LIUC.pdf\" target=\"_blank\" rel=\"noopener noreferrer\">Clicca qui per scaricare il PDF<\/a><\/p>","protected":false},"excerpt":{"rendered":"<p>Un intervento dell\u2019Arcivescovo di Milano ripropone una visione importante di cultura d\u2019impresaPorsi domande sul significato di quello che si fa \u00e8 importante. E, forse, \u00e8 ancora pi\u00f9 importante chiedersi quali siano gli obiettivi veri della propria azione. Domande che valgono per tutti. Anche per gli imprenditori e i manager \u00a0che hanno a che fare con [&hellip;]<\/p>\n","protected":false},"author":1,"featured_media":0,"comment_status":"closed","ping_status":"closed","sticky":false,"template":"","format":"standard","meta":{"footnotes":""},"categories":[54,52],"tags":[],"class_list":["post-65405","post","type-post","status-publish","format-standard","hentry","category-approfondimenti","category-cultura-dimpresa"],"acf":[],"yoast_head":"<!-- This site is optimized with the Yoast SEO plugin v25.0 - https:\/\/yoast.com\/wordpress\/plugins\/seo\/ -->\n<title>Chi servire? - Fondazione Pirelli<\/title>\n<meta name=\"robots\" content=\"index, follow, max-snippet:-1, max-image-preview:large, max-video-preview:-1\" \/>\n<link rel=\"canonical\" href=\"https:\/\/www.fondazionepirelli.org\/it\/cultura-dimpresa\/chi-servire\/\" \/>\n<meta property=\"og:locale\" content=\"it_IT\" \/>\n<meta property=\"og:type\" content=\"article\" \/>\n<meta property=\"og:title\" content=\"Chi servire? - Fondazione Pirelli\" \/>\n<meta property=\"og:description\" content=\"Un intervento dell\u2019Arcivescovo di Milano ripropone una visione importante di cultura d\u2019impresaPorsi domande sul significato di quello che si fa \u00e8 importante. E, forse, \u00e8 ancora pi\u00f9 importante chiedersi quali siano gli obiettivi veri della propria azione. Domande che valgono per tutti. Anche per gli imprenditori e i manager \u00a0che hanno a che fare con [&hellip;]\" \/>\n<meta property=\"og:url\" content=\"https:\/\/127.0.0.1\/it\/cultura-dimpresa\/chi-servire\/\" \/>\n<meta property=\"og:site_name\" content=\"Fondazione Pirelli\" \/>\n<meta property=\"article:published_time\" content=\"2019-06-11T00:00:00+00:00\" \/>\n<meta property=\"article:modified_time\" content=\"2019-09-11T07:56:57+00:00\" \/>\n<meta name=\"author\" content=\"fondadmin\" \/>\n<meta name=\"twitter:card\" content=\"summary_large_image\" \/>\n<meta name=\"twitter:label1\" content=\"Scritto da\" \/>\n\t<meta name=\"twitter:data1\" content=\"fondadmin\" \/>\n\t<meta name=\"twitter:label2\" content=\"Tempo di lettura stimato\" \/>\n\t<meta name=\"twitter:data2\" content=\"2 minuti\" \/>\n<script type=\"application\/ld+json\" class=\"yoast-schema-graph\">{\"@context\":\"https:\/\/schema.org\",\"@graph\":[{\"@type\":\"WebPage\",\"@id\":\"https:\/\/127.0.0.1\/it\/cultura-dimpresa\/chi-servire\/\",\"url\":\"https:\/\/127.0.0.1\/it\/cultura-dimpresa\/chi-servire\/\",\"name\":\"Chi servire? - Fondazione Pirelli\",\"isPartOf\":{\"@id\":\"https:\/\/www.fondazionepirelli.org\/it\/#website\"},\"datePublished\":\"2019-06-11T00:00:00+00:00\",\"dateModified\":\"2019-09-11T07:56:57+00:00\",\"author\":{\"@id\":\"https:\/\/www.fondazionepirelli.org\/it\/#\/schema\/person\/f47d097000832c4a6e54538c791fdf25\"},\"breadcrumb\":{\"@id\":\"https:\/\/127.0.0.1\/it\/cultura-dimpresa\/chi-servire\/#breadcrumb\"},\"inLanguage\":\"it-IT\",\"potentialAction\":[{\"@type\":\"ReadAction\",\"target\":[\"https:\/\/127.0.0.1\/it\/cultura-dimpresa\/chi-servire\/\"]}]},{\"@type\":\"BreadcrumbList\",\"@id\":\"https:\/\/127.0.0.1\/it\/cultura-dimpresa\/chi-servire\/#breadcrumb\",\"itemListElement\":[{\"@type\":\"ListItem\",\"position\":1,\"name\":\"Home\",\"item\":\"https:\/\/www.fondazionepirelli.org\/it\/\"},{\"@type\":\"ListItem\",\"position\":2,\"name\":\"Chi servire?\"}]},{\"@type\":\"WebSite\",\"@id\":\"https:\/\/www.fondazionepirelli.org\/it\/#website\",\"url\":\"https:\/\/www.fondazionepirelli.org\/it\/\",\"name\":\"Fondazione Pirelli\",\"description\":\"\",\"potentialAction\":[{\"@type\":\"SearchAction\",\"target\":{\"@type\":\"EntryPoint\",\"urlTemplate\":\"https:\/\/www.fondazionepirelli.org\/it\/?s={search_term_string}\"},\"query-input\":{\"@type\":\"PropertyValueSpecification\",\"valueRequired\":true,\"valueName\":\"search_term_string\"}}],\"inLanguage\":\"it-IT\"},{\"@type\":\"Person\",\"@id\":\"https:\/\/www.fondazionepirelli.org\/it\/#\/schema\/person\/f47d097000832c4a6e54538c791fdf25\",\"name\":\"fondadmin\",\"image\":{\"@type\":\"ImageObject\",\"inLanguage\":\"it-IT\",\"@id\":\"https:\/\/www.fondazionepirelli.org\/it\/#\/schema\/person\/image\/\",\"url\":\"https:\/\/secure.gravatar.com\/avatar\/e69498a9175ca244966e51e53c88712c024fcebe41f9a05f75657f1bb25e489b?s=96&d=mm&r=g\",\"contentUrl\":\"https:\/\/secure.gravatar.com\/avatar\/e69498a9175ca244966e51e53c88712c024fcebe41f9a05f75657f1bb25e489b?s=96&d=mm&r=g\",\"caption\":\"fondadmin\"},\"url\":\"https:\/\/www.fondazionepirelli.org\/it\/author\/fondadmin\/\"}]}<\/script>\n<!-- \/ Yoast SEO plugin. -->","yoast_head_json":{"title":"Chi servire? - Fondazione Pirelli","robots":{"index":"index","follow":"follow","max-snippet":"max-snippet:-1","max-image-preview":"max-image-preview:large","max-video-preview":"max-video-preview:-1"},"canonical":"https:\/\/www.fondazionepirelli.org\/it\/cultura-dimpresa\/chi-servire\/","og_locale":"it_IT","og_type":"article","og_title":"Chi servire? - Fondazione Pirelli","og_description":"Un intervento dell\u2019Arcivescovo di Milano ripropone una visione importante di cultura d\u2019impresaPorsi domande sul significato di quello che si fa \u00e8 importante. E, forse, \u00e8 ancora pi\u00f9 importante chiedersi quali siano gli obiettivi veri della propria azione. Domande che valgono per tutti. Anche per gli imprenditori e i manager \u00a0che hanno a che fare con [&hellip;]","og_url":"https:\/\/127.0.0.1\/it\/cultura-dimpresa\/chi-servire\/","og_site_name":"Fondazione Pirelli","article_published_time":"2019-06-11T00:00:00+00:00","article_modified_time":"2019-09-11T07:56:57+00:00","author":"fondadmin","twitter_card":"summary_large_image","twitter_misc":{"Scritto da":"fondadmin","Tempo di lettura stimato":"2 minuti"},"schema":{"@context":"https:\/\/schema.org","@graph":[{"@type":"WebPage","@id":"https:\/\/127.0.0.1\/it\/cultura-dimpresa\/chi-servire\/","url":"https:\/\/127.0.0.1\/it\/cultura-dimpresa\/chi-servire\/","name":"Chi servire? - Fondazione Pirelli","isPartOf":{"@id":"https:\/\/www.fondazionepirelli.org\/it\/#website"},"datePublished":"2019-06-11T00:00:00+00:00","dateModified":"2019-09-11T07:56:57+00:00","author":{"@id":"https:\/\/www.fondazionepirelli.org\/it\/#\/schema\/person\/f47d097000832c4a6e54538c791fdf25"},"breadcrumb":{"@id":"https:\/\/127.0.0.1\/it\/cultura-dimpresa\/chi-servire\/#breadcrumb"},"inLanguage":"it-IT","potentialAction":[{"@type":"ReadAction","target":["https:\/\/127.0.0.1\/it\/cultura-dimpresa\/chi-servire\/"]}]},{"@type":"BreadcrumbList","@id":"https:\/\/127.0.0.1\/it\/cultura-dimpresa\/chi-servire\/#breadcrumb","itemListElement":[{"@type":"ListItem","position":1,"name":"Home","item":"https:\/\/www.fondazionepirelli.org\/it\/"},{"@type":"ListItem","position":2,"name":"Chi servire?"}]},{"@type":"WebSite","@id":"https:\/\/www.fondazionepirelli.org\/it\/#website","url":"https:\/\/www.fondazionepirelli.org\/it\/","name":"Fondazione Pirelli","description":"","potentialAction":[{"@type":"SearchAction","target":{"@type":"EntryPoint","urlTemplate":"https:\/\/www.fondazionepirelli.org\/it\/?s={search_term_string}"},"query-input":{"@type":"PropertyValueSpecification","valueRequired":true,"valueName":"search_term_string"}}],"inLanguage":"it-IT"},{"@type":"Person","@id":"https:\/\/www.fondazionepirelli.org\/it\/#\/schema\/person\/f47d097000832c4a6e54538c791fdf25","name":"fondadmin","image":{"@type":"ImageObject","inLanguage":"it-IT","@id":"https:\/\/www.fondazionepirelli.org\/it\/#\/schema\/person\/image\/","url":"https:\/\/secure.gravatar.com\/avatar\/e69498a9175ca244966e51e53c88712c024fcebe41f9a05f75657f1bb25e489b?s=96&d=mm&r=g","contentUrl":"https:\/\/secure.gravatar.com\/avatar\/e69498a9175ca244966e51e53c88712c024fcebe41f9a05f75657f1bb25e489b?s=96&d=mm&r=g","caption":"fondadmin"},"url":"https:\/\/www.fondazionepirelli.org\/it\/author\/fondadmin\/"}]}},"_links":{"self":[{"href":"https:\/\/www.fondazionepirelli.org\/it\/wp-json\/wp\/v2\/posts\/65405\/"}],"collection":[{"href":"https:\/\/www.fondazionepirelli.org\/it\/wp-json\/wp\/v2\/posts\/"}],"about":[{"href":"https:\/\/www.fondazionepirelli.org\/it\/wp-json\/wp\/v2\/types\/post\/"}],"author":[{"embeddable":true,"href":"https:\/\/www.fondazionepirelli.org\/it\/wp-json\/wp\/v2\/users\/1\/"}],"replies":[{"embeddable":true,"href":"https:\/\/www.fondazionepirelli.org\/it\/wp-json\/wp\/v2\/comments\/?post=65405"}],"version-history":[{"count":3,"href":"https:\/\/www.fondazionepirelli.org\/it\/wp-json\/wp\/v2\/posts\/65405\/revisions\/"}],"predecessor-version":[{"id":68080,"href":"https:\/\/www.fondazionepirelli.org\/it\/wp-json\/wp\/v2\/posts\/65405\/revisions\/68080\/"}],"wp:attachment":[{"href":"https:\/\/www.fondazionepirelli.org\/it\/wp-json\/wp\/v2\/media\/?parent=65405"}],"wp:term":[{"taxonomy":"category","embeddable":true,"href":"https:\/\/www.fondazionepirelli.org\/it\/wp-json\/wp\/v2\/categories\/?post=65405"},{"taxonomy":"post_tag","embeddable":true,"href":"https:\/\/www.fondazionepirelli.org\/it\/wp-json\/wp\/v2\/tags\/?post=65405"}],"curies":[{"name":"wp","href":"https:\/\/api.w.org\/{rel}","templated":true}]}}