{"id":65419,"date":"2019-06-25T00:00:00","date_gmt":"2019-06-25T00:00:00","guid":{"rendered":"http:\/\/www.fondazionepirelli.org\/non-categorizzato\/limpresa-come-luogo-che-genera-ricchezza-per-tutti\/"},"modified":"2019-09-11T08:19:30","modified_gmt":"2019-09-11T08:19:30","slug":"limpresa-come-luogo-che-genera-ricchezza-per-tutti","status":"publish","type":"post","link":"https:\/\/www.fondazionepirelli.org\/it\/cultura-dimpresa\/limpresa-come-luogo-che-genera-ricchezza-per-tutti\/","title":{"rendered":"L\u2019impresa come \u201cluogo\u201d che genera ricchezza per tutti"},"content":{"rendered":"<p><em>Un documento della Diocesi di Torino approfondisce i legami fra produzione, lavoro e territorio<\/em><\/p><p>Impresa e lavoro intesi correttamente, e per il futuro. Obiettivo che dovrebbe essere comune e che, invece, periodicamente stenta ad essere condiviso. Questione di condizioni avverse, spesso, ma anche di cultura d\u2019impresa e del lavoro che deve essere fatta nascere e sviluppare. A partire dalla reciproca conoscenza. Magari iniziando dai giovani. Sono \u00a0stati questi gli intenti che hanno mosso l\u2019iniziativa della Diocesi di Torino: creare le condizioni per una reciproca conoscenza che toccasse giovani, imprese, enti di formazione e associazioni datoriali oltre che sindacali. Dall\u2019attivit\u00e0 \u2013 fatta di una serie di incontri su pi\u00f9 temi collegati alla produzione e al lavoro -, \u00e8 stato prodotto lo studio \u201cFuturo al lavoro. Riflessione sull\u2019esperienza e sui valori del lavoro\u201d, insieme di analisi e dibattiti attorno ad alcuni temi: giovani e lavoro, lavoro e formazione, lavoro e rappresentanza, lavoro e imprese, accompagnamento al mondo del lavoro. \u00a0Il dibattito attorno ad ogni binomio di temi ha dato vita ad un capitolo dell\u2019indagine a sua volta composto dall\u2019enunciazione del problema, dal dibattito attorno ad esso e da una serie di buone pratiche e proposte operative per superare le difficolt\u00e0.<\/p>\n<p>Ad aprire l\u2019insieme delle ricerche un intervento dell\u2019Arcivescovo di Torino, Cesare Nosiglia, con il compito di \u201ccucire\u201d insieme le diverse parti dell\u2019indagine. \u201cLa necessit\u00e0 di disegnare traiettorie e politiche per lo sviluppo economico \u2013 spiega Nosiglia -, s\u2019inserisce (\u2026) nell\u2019idea di promuovere il lavoro umano, fattore non solo decisivo per la crescita economica di un territorio, ma anche della persona umana e nella societ\u00e0 nel suo complesso\u201d; sempre Nosiglia poi precisa: \u201cLa solidariet\u00e0 spesso viene deprezzata perch\u00e9 chiama le persone che vivono il mondo del lavoro a favorire relazioni che vadano oltre il proprio interesse e tornaconto personale. Le sfide della storia se vissute da soli sono una sconfitta, se affrontate insieme diventano nuove opportunit\u00e0\u2026\u201d. L\u2019Arcivescovo, parlando dell\u2019impresa e del suo ruolo, sottolinea poi la possibilit\u00e0 che questa sia vista \u201ccome nuova forma di solidariet\u00e0 e possibilit\u00e0 di creazione della ricchezza, intesa non solo in termini monetari, riscoprendo la via inedita dell\u2019economia civile\u201d. Lo stesso poi aggiunge circa il ruolo proprio degli imprenditori che fare impresa pu\u00f2 \u201cessere uno spazio e un luogo in cui generare ricchezza per altri (non accumulo personale), possibilit\u00e0 di lavoro per il territorio e soprattutto lavoro buono, di qualit\u00e0, al servizio della persona e della societ\u00e0\u201d. E ancora: \u201cEssere imprenditori significa investire prima di tutto sulle capacit\u00e0 dell\u2019uomo, senza soggiogarle alla forza ineluttabile del denaro, del profitto fine a s\u00e9 stesso e del potere\u201d.<\/p>\n<p>\u201cFuturo al lavoro\u201d propone un\u2019idea d\u2019imprenditorialit\u00e0 che pu\u00f2 anche calzare stretta ad alcuni, ma che certamente ha molti punti in comune con la migliore cultura d\u2019impresa da tempo diffusa in Italia.<\/p><p><strong><a href=\"https:\/\/wpsite-assets.fondazionepirelli.org\/wp-content\/uploads\/2019\/09\/11081809\/FUTURO-AL-LAVORO.pdf\" target=\"_blank\" rel=\"noopener noreferrer\">Futuro al lavoro. Riflessione sull\u2019esperienza e sui valori del lavoro<\/a><\/strong><\/p>\n<p>AA.VV.<\/p>\n<p>Arcidiocesi di Torino, maggio 2019<\/p>\n<p><a href=\"https:\/\/wpsite-assets.fondazionepirelli.org\/wp-content\/uploads\/2019\/09\/11081809\/FUTURO-AL-LAVORO.pdf\" target=\"_blank\" rel=\"noopener noreferrer\">Clicca qui per scaricare il PDF<\/a><\/p>\n","protected":false},"excerpt":{"rendered":"<p>Un documento della Diocesi di Torino approfondisce i legami fra produzione, lavoro e territorioImpresa e lavoro intesi correttamente, e per il futuro. Obiettivo che dovrebbe essere comune e che, invece, periodicamente stenta ad essere condiviso. Questione di condizioni avverse, spesso, ma anche di cultura d\u2019impresa e del lavoro che deve essere fatta nascere e sviluppare. [&hellip;]<\/p>\n","protected":false},"author":1,"featured_media":0,"comment_status":"closed","ping_status":"closed","sticky":false,"template":"","format":"standard","meta":{"footnotes":""},"categories":[54,52],"tags":[],"class_list":["post-65419","post","type-post","status-publish","format-standard","hentry","category-approfondimenti","category-cultura-dimpresa"],"acf":[],"yoast_head":"<!-- This site is optimized with the Yoast SEO plugin v25.0 - https:\/\/yoast.com\/wordpress\/plugins\/seo\/ -->\n<title>L\u2019impresa come \u201cluogo\u201d che genera ricchezza per tutti - Fondazione Pirelli<\/title>\n<meta name=\"robots\" content=\"index, follow, max-snippet:-1, max-image-preview:large, max-video-preview:-1\" \/>\n<link rel=\"canonical\" href=\"https:\/\/www.fondazionepirelli.org\/it\/cultura-dimpresa\/limpresa-come-luogo-che-genera-ricchezza-per-tutti\/\" \/>\n<meta property=\"og:locale\" content=\"it_IT\" \/>\n<meta property=\"og:type\" content=\"article\" \/>\n<meta property=\"og:title\" content=\"L\u2019impresa come \u201cluogo\u201d che genera ricchezza per tutti - Fondazione Pirelli\" \/>\n<meta property=\"og:description\" content=\"Un documento della Diocesi di Torino approfondisce i legami fra produzione, lavoro e territorioImpresa e lavoro intesi correttamente, e per il futuro. Obiettivo che dovrebbe essere comune e che, invece, periodicamente stenta ad essere condiviso. Questione di condizioni avverse, spesso, ma anche di cultura d\u2019impresa e del lavoro che deve essere fatta nascere e sviluppare. [&hellip;]\" \/>\n<meta property=\"og:url\" content=\"https:\/\/www.fondazionepirelli.org\/it\/cultura-dimpresa\/limpresa-come-luogo-che-genera-ricchezza-per-tutti\/\" \/>\n<meta property=\"og:site_name\" content=\"Fondazione Pirelli\" \/>\n<meta property=\"article:published_time\" content=\"2019-06-25T00:00:00+00:00\" \/>\n<meta property=\"article:modified_time\" content=\"2019-09-11T08:19:30+00:00\" \/>\n<meta name=\"author\" content=\"fondadmin\" \/>\n<meta name=\"twitter:card\" content=\"summary_large_image\" \/>\n<meta name=\"twitter:label1\" content=\"Scritto da\" \/>\n\t<meta name=\"twitter:data1\" content=\"fondadmin\" \/>\n\t<meta name=\"twitter:label2\" content=\"Tempo di lettura stimato\" \/>\n\t<meta name=\"twitter:data2\" content=\"2 minuti\" \/>\n<script type=\"application\/ld+json\" class=\"yoast-schema-graph\">{\"@context\":\"https:\/\/schema.org\",\"@graph\":[{\"@type\":\"WebPage\",\"@id\":\"https:\/\/www.fondazionepirelli.org\/it\/cultura-dimpresa\/limpresa-come-luogo-che-genera-ricchezza-per-tutti\/\",\"url\":\"https:\/\/www.fondazionepirelli.org\/it\/cultura-dimpresa\/limpresa-come-luogo-che-genera-ricchezza-per-tutti\/\",\"name\":\"L\u2019impresa come \u201cluogo\u201d che genera ricchezza per tutti - Fondazione Pirelli\",\"isPartOf\":{\"@id\":\"https:\/\/www.fondazionepirelli.org\/it\/#website\"},\"datePublished\":\"2019-06-25T00:00:00+00:00\",\"dateModified\":\"2019-09-11T08:19:30+00:00\",\"author\":{\"@id\":\"https:\/\/www.fondazionepirelli.org\/it\/#\/schema\/person\/f47d097000832c4a6e54538c791fdf25\"},\"breadcrumb\":{\"@id\":\"https:\/\/www.fondazionepirelli.org\/it\/cultura-dimpresa\/limpresa-come-luogo-che-genera-ricchezza-per-tutti\/#breadcrumb\"},\"inLanguage\":\"it-IT\",\"potentialAction\":[{\"@type\":\"ReadAction\",\"target\":[\"https:\/\/www.fondazionepirelli.org\/it\/cultura-dimpresa\/limpresa-come-luogo-che-genera-ricchezza-per-tutti\/\"]}]},{\"@type\":\"BreadcrumbList\",\"@id\":\"https:\/\/www.fondazionepirelli.org\/it\/cultura-dimpresa\/limpresa-come-luogo-che-genera-ricchezza-per-tutti\/#breadcrumb\",\"itemListElement\":[{\"@type\":\"ListItem\",\"position\":1,\"name\":\"Home\",\"item\":\"https:\/\/www.fondazionepirelli.org\/it\/\"},{\"@type\":\"ListItem\",\"position\":2,\"name\":\"L\u2019impresa come \u201cluogo\u201d che genera ricchezza per tutti\"}]},{\"@type\":\"WebSite\",\"@id\":\"https:\/\/www.fondazionepirelli.org\/it\/#website\",\"url\":\"https:\/\/www.fondazionepirelli.org\/it\/\",\"name\":\"Fondazione Pirelli\",\"description\":\"\",\"potentialAction\":[{\"@type\":\"SearchAction\",\"target\":{\"@type\":\"EntryPoint\",\"urlTemplate\":\"https:\/\/www.fondazionepirelli.org\/it\/?s={search_term_string}\"},\"query-input\":{\"@type\":\"PropertyValueSpecification\",\"valueRequired\":true,\"valueName\":\"search_term_string\"}}],\"inLanguage\":\"it-IT\"},{\"@type\":\"Person\",\"@id\":\"https:\/\/www.fondazionepirelli.org\/it\/#\/schema\/person\/f47d097000832c4a6e54538c791fdf25\",\"name\":\"fondadmin\",\"image\":{\"@type\":\"ImageObject\",\"inLanguage\":\"it-IT\",\"@id\":\"https:\/\/www.fondazionepirelli.org\/it\/#\/schema\/person\/image\/\",\"url\":\"https:\/\/secure.gravatar.com\/avatar\/e69498a9175ca244966e51e53c88712c024fcebe41f9a05f75657f1bb25e489b?s=96&d=mm&r=g\",\"contentUrl\":\"https:\/\/secure.gravatar.com\/avatar\/e69498a9175ca244966e51e53c88712c024fcebe41f9a05f75657f1bb25e489b?s=96&d=mm&r=g\",\"caption\":\"fondadmin\"},\"url\":\"https:\/\/www.fondazionepirelli.org\/it\/author\/fondadmin\/\"}]}<\/script>\n<!-- \/ Yoast SEO plugin. -->","yoast_head_json":{"title":"L\u2019impresa come \u201cluogo\u201d che genera ricchezza per tutti - Fondazione Pirelli","robots":{"index":"index","follow":"follow","max-snippet":"max-snippet:-1","max-image-preview":"max-image-preview:large","max-video-preview":"max-video-preview:-1"},"canonical":"https:\/\/www.fondazionepirelli.org\/it\/cultura-dimpresa\/limpresa-come-luogo-che-genera-ricchezza-per-tutti\/","og_locale":"it_IT","og_type":"article","og_title":"L\u2019impresa come \u201cluogo\u201d che genera ricchezza per tutti - Fondazione Pirelli","og_description":"Un documento della Diocesi di Torino approfondisce i legami fra produzione, lavoro e territorioImpresa e lavoro intesi correttamente, e per il futuro. Obiettivo che dovrebbe essere comune e che, invece, periodicamente stenta ad essere condiviso. Questione di condizioni avverse, spesso, ma anche di cultura d\u2019impresa e del lavoro che deve essere fatta nascere e sviluppare. [&hellip;]","og_url":"https:\/\/www.fondazionepirelli.org\/it\/cultura-dimpresa\/limpresa-come-luogo-che-genera-ricchezza-per-tutti\/","og_site_name":"Fondazione Pirelli","article_published_time":"2019-06-25T00:00:00+00:00","article_modified_time":"2019-09-11T08:19:30+00:00","author":"fondadmin","twitter_card":"summary_large_image","twitter_misc":{"Scritto da":"fondadmin","Tempo di lettura stimato":"2 minuti"},"schema":{"@context":"https:\/\/schema.org","@graph":[{"@type":"WebPage","@id":"https:\/\/www.fondazionepirelli.org\/it\/cultura-dimpresa\/limpresa-come-luogo-che-genera-ricchezza-per-tutti\/","url":"https:\/\/www.fondazionepirelli.org\/it\/cultura-dimpresa\/limpresa-come-luogo-che-genera-ricchezza-per-tutti\/","name":"L\u2019impresa come \u201cluogo\u201d che genera ricchezza per tutti - Fondazione Pirelli","isPartOf":{"@id":"https:\/\/www.fondazionepirelli.org\/it\/#website"},"datePublished":"2019-06-25T00:00:00+00:00","dateModified":"2019-09-11T08:19:30+00:00","author":{"@id":"https:\/\/www.fondazionepirelli.org\/it\/#\/schema\/person\/f47d097000832c4a6e54538c791fdf25"},"breadcrumb":{"@id":"https:\/\/www.fondazionepirelli.org\/it\/cultura-dimpresa\/limpresa-come-luogo-che-genera-ricchezza-per-tutti\/#breadcrumb"},"inLanguage":"it-IT","potentialAction":[{"@type":"ReadAction","target":["https:\/\/www.fondazionepirelli.org\/it\/cultura-dimpresa\/limpresa-come-luogo-che-genera-ricchezza-per-tutti\/"]}]},{"@type":"BreadcrumbList","@id":"https:\/\/www.fondazionepirelli.org\/it\/cultura-dimpresa\/limpresa-come-luogo-che-genera-ricchezza-per-tutti\/#breadcrumb","itemListElement":[{"@type":"ListItem","position":1,"name":"Home","item":"https:\/\/www.fondazionepirelli.org\/it\/"},{"@type":"ListItem","position":2,"name":"L\u2019impresa come \u201cluogo\u201d che genera ricchezza per tutti"}]},{"@type":"WebSite","@id":"https:\/\/www.fondazionepirelli.org\/it\/#website","url":"https:\/\/www.fondazionepirelli.org\/it\/","name":"Fondazione Pirelli","description":"","potentialAction":[{"@type":"SearchAction","target":{"@type":"EntryPoint","urlTemplate":"https:\/\/www.fondazionepirelli.org\/it\/?s={search_term_string}"},"query-input":{"@type":"PropertyValueSpecification","valueRequired":true,"valueName":"search_term_string"}}],"inLanguage":"it-IT"},{"@type":"Person","@id":"https:\/\/www.fondazionepirelli.org\/it\/#\/schema\/person\/f47d097000832c4a6e54538c791fdf25","name":"fondadmin","image":{"@type":"ImageObject","inLanguage":"it-IT","@id":"https:\/\/www.fondazionepirelli.org\/it\/#\/schema\/person\/image\/","url":"https:\/\/secure.gravatar.com\/avatar\/e69498a9175ca244966e51e53c88712c024fcebe41f9a05f75657f1bb25e489b?s=96&d=mm&r=g","contentUrl":"https:\/\/secure.gravatar.com\/avatar\/e69498a9175ca244966e51e53c88712c024fcebe41f9a05f75657f1bb25e489b?s=96&d=mm&r=g","caption":"fondadmin"},"url":"https:\/\/www.fondazionepirelli.org\/it\/author\/fondadmin\/"}]}},"_links":{"self":[{"href":"https:\/\/www.fondazionepirelli.org\/it\/wp-json\/wp\/v2\/posts\/65419\/"}],"collection":[{"href":"https:\/\/www.fondazionepirelli.org\/it\/wp-json\/wp\/v2\/posts\/"}],"about":[{"href":"https:\/\/www.fondazionepirelli.org\/it\/wp-json\/wp\/v2\/types\/post\/"}],"author":[{"embeddable":true,"href":"https:\/\/www.fondazionepirelli.org\/it\/wp-json\/wp\/v2\/users\/1\/"}],"replies":[{"embeddable":true,"href":"https:\/\/www.fondazionepirelli.org\/it\/wp-json\/wp\/v2\/comments\/?post=65419"}],"version-history":[{"count":2,"href":"https:\/\/www.fondazionepirelli.org\/it\/wp-json\/wp\/v2\/posts\/65419\/revisions\/"}],"predecessor-version":[{"id":68095,"href":"https:\/\/www.fondazionepirelli.org\/it\/wp-json\/wp\/v2\/posts\/65419\/revisions\/68095\/"}],"wp:attachment":[{"href":"https:\/\/www.fondazionepirelli.org\/it\/wp-json\/wp\/v2\/media\/?parent=65419"}],"wp:term":[{"taxonomy":"category","embeddable":true,"href":"https:\/\/www.fondazionepirelli.org\/it\/wp-json\/wp\/v2\/categories\/?post=65419"},{"taxonomy":"post_tag","embeddable":true,"href":"https:\/\/www.fondazionepirelli.org\/it\/wp-json\/wp\/v2\/tags\/?post=65419"}],"curies":[{"name":"wp","href":"https:\/\/api.w.org\/{rel}","templated":true}]}}