{"id":65427,"date":"2019-07-02T00:00:00","date_gmt":"2019-07-02T00:00:00","guid":{"rendered":"http:\/\/www.fondazionepirelli.org\/non-categorizzato\/riordinare-il-caos\/"},"modified":"2019-08-02T10:52:23","modified_gmt":"2019-08-02T10:52:23","slug":"riordinare-il-caos","status":"publish","type":"post","link":"https:\/\/www.fondazionepirelli.org\/it\/cultura-dimpresa\/riordinare-il-caos\/","title":{"rendered":"Riordinare il caos"},"content":{"rendered":"<p><em>Un libro racconta la capacit\u00e0 dell\u2019uomo di dare un senso a dati apparentemente casuali<\/em><\/p><p>Assenza di riferimenti, continuo cambiamento del contesto d\u2019azione, necessit\u00e0 di avere una capacit\u00e0 di risposta rapida a sollecitazioni non determinabili. Sono alcune delle condizioni con le quali chi fa impresa deve oggi fare i conti. In un contesto di questo genere, \u00e8 importante poter usufruire di idee nuove circa la gestione aziendale. E\u2019 quanto \u00e8 possibile fare leggendo \u201cLavorare nell&#8217;azienda liquida utilizzando l&#8217;apofenia. La capacit\u00e0 di riconoscere le connessioni nelle situazioni complesse\u201d curato da Massimo Bornengo, Ezio Civitareale e Gianpiero Tufilli.<\/p>\n<p>Il libro trae spunto dall\u2019osservazione di una realt\u00e0 \u2013 quella d\u2019impresa appunto -, nella quale non si hanno pi\u00f9 riferimenti certi: la tecnologia, la programmazione, l&#8217;organizzazione rendono sempre pi\u00f9 sfumati i confini delle competenze e dei compiti. Nelle azienda sempre pi\u00f9 spesso ci si pu\u00f2 sentire come in un ambiente inafferrabile, senza confini, in continuo cambiamento. I curatori, per descrivere sinteticamente questa condizione, prendono a prestito il concetto di \u201csociet\u00e0 liquida\u201d di Zygmunt Bauman\u00a0 e coniano il concetto di \u201cazienda liquida\u201d.<\/p>\n<p>Ma come fare di fronte ad una situazione di questo genere? Bornengo, Civitareale e Tufilli suggeriscono un percorso nuovo partendo da due termini ancora estranei al vissuto moderno &#8211; apofenia e pareidolia &#8211; che identificano una caratteristica dell&#8217;intelletto umano: il riconoscimento di schemi o connessioni in dati casuali o apparentemente senza alcun senso. Detto in altro modo, gli autori approfondiscono un&#8217;attivit\u00e0 intellettiva da sempre usata dagli essere umani ma tutto sommato poco analizzata, quella di rendere ci\u00f2 che \u00e8 incoerente ed eterogeneo, semplice e leggibile. Detto in altre parole, la nostra mente tende naturalmente e normalmente a &#8220;mettere insieme&#8221; ci\u00f2 che \u00e8 separato, ad attribuire significati a cose che non ne hanno. L&#8217;apofenia, applicata al mondo del lavoro, aiuta a risolvere problemi, trovare soluzioni, semplificare e agevolare i rapporti interpersonali, condurre una riunione.<\/p>\n<p>Il libro inizia quindi a sintetizzare le caratteristiche della \u201csociet\u00e0 liquida\u201d e del \u201clavoro liquido\u201d, per passare poi ad affrontare il possibile futuro del lavoro. Preparato lo scenario, Bornengo , Civitareale e Tufilli approfondiscono i concetti di apofenia (cio\u00e8 la capacit\u00e0 di riconoscere schemi o connessioni in dati casuali o senza alcun senso) e di pareidolia (cio\u00e8 la capacit\u00e0 di ricondurre a forme note, oggetti o profili dalla forma casuale), prima dal punto di vista storico e poi da quello pratico. Il libro \u00e8 poi arricchito da una serie di contributi scritti da sociologi, avvocati, giornalisti, professori universitari, <em>manager<\/em> che di volta in volta toccano aspetti come i rapporti sindacali, il mercato del lavoro, l\u2019associazionismo, la logistica e l\u2019organizzazione aziendale.<\/p>\n<p>Quanto scritto da Bornengo , Civitareale e Tufilli \u00e8 tutto sommato un altro modo \u2013 interessante e utile -, di raccontare la cultura d\u2019impresa che cambia e si adatta al mutare delle circostanze nelle quale ogni organizzazione della produzione si trova ad agire. Scrivono i tre curatori: \u201cNoi crediamo che ancora una volta, come da sempre avviene nello sviluppo della storia, sar\u00e0 la capacit\u00e0 intellettiva dell\u2019uomo ad aiutarci a dare ordine al caos e quindi una forma alla liquidit\u00e0\u201d.<\/p><p><strong>Lavorare nell&#8217;azienda liquida utilizzando l&#8217;apofenia. La capacit\u00e0 di riconoscere le connessioni nelle situazioni complesse<\/strong><\/p>\n<p>Massimo Bornengo , Ezio Civitareale, Gianpiero Tufilli (a cura di)<\/p>\n<p>Franco Angeli, 2019<\/p>\n","protected":false},"excerpt":{"rendered":"<p>Un libro racconta la capacit\u00e0 dell\u2019uomo di dare un senso a dati apparentemente casualiAssenza di riferimenti, continuo cambiamento del contesto d\u2019azione, necessit\u00e0 di avere una capacit\u00e0 di risposta rapida a sollecitazioni non determinabili. Sono alcune delle condizioni con le quali chi fa impresa deve oggi fare i conti. In un contesto di questo genere, \u00e8 [&hellip;]<\/p>\n","protected":false},"author":1,"featured_media":65428,"comment_status":"closed","ping_status":"closed","sticky":false,"template":"","format":"standard","meta":{"footnotes":""},"categories":[52,58],"tags":[],"class_list":["post-65427","post","type-post","status-publish","format-standard","has-post-thumbnail","hentry","category-cultura-dimpresa","category-recensioni-libri"],"acf":[],"yoast_head":"<!-- This site is optimized with the Yoast SEO plugin v25.0 - https:\/\/yoast.com\/wordpress\/plugins\/seo\/ -->\n<title>Riordinare il caos - Fondazione Pirelli<\/title>\n<meta name=\"robots\" content=\"index, follow, max-snippet:-1, max-image-preview:large, max-video-preview:-1\" \/>\n<link rel=\"canonical\" href=\"https:\/\/www.fondazionepirelli.org\/it\/cultura-dimpresa\/riordinare-il-caos\/\" \/>\n<meta property=\"og:locale\" content=\"it_IT\" \/>\n<meta property=\"og:type\" content=\"article\" \/>\n<meta property=\"og:title\" content=\"Riordinare il caos - Fondazione Pirelli\" \/>\n<meta property=\"og:description\" content=\"Un libro racconta la capacit\u00e0 dell\u2019uomo di dare un senso a dati apparentemente casualiAssenza di riferimenti, continuo cambiamento del contesto d\u2019azione, necessit\u00e0 di avere una capacit\u00e0 di risposta rapida a sollecitazioni non determinabili. Sono alcune delle condizioni con le quali chi fa impresa deve oggi fare i conti. In un contesto di questo genere, \u00e8 [&hellip;]\" \/>\n<meta property=\"og:url\" content=\"https:\/\/www.fondazionepirelli.org\/it\/cultura-dimpresa\/riordinare-il-caos\/\" \/>\n<meta property=\"og:site_name\" content=\"Fondazione Pirelli\" \/>\n<meta property=\"article:published_time\" content=\"2019-07-02T00:00:00+00:00\" \/>\n<meta property=\"article:modified_time\" content=\"2019-08-02T10:52:23+00:00\" \/>\n<meta property=\"og:image\" content=\"https:\/\/wpsite-assets.fondazionepirelli.org\/wp-content\/uploads\/2019\/08\/01155024\/lavorare-nell-azienda-liquida-utilizzando-l-apofenia-la-capacita-di-riconoscere-le-connessioni-nelle-situazioni-complesse-2-1.jpg\" \/>\n\t<meta property=\"og:image:width\" content=\"401\" \/>\n\t<meta property=\"og:image:height\" content=\"557\" \/>\n\t<meta property=\"og:image:type\" content=\"image\/jpeg\" \/>\n<meta name=\"author\" content=\"fondadmin\" \/>\n<meta name=\"twitter:card\" content=\"summary_large_image\" \/>\n<meta name=\"twitter:label1\" content=\"Scritto da\" \/>\n\t<meta name=\"twitter:data1\" content=\"fondadmin\" \/>\n\t<meta name=\"twitter:label2\" content=\"Tempo di lettura stimato\" \/>\n\t<meta name=\"twitter:data2\" content=\"3 minuti\" \/>\n<script type=\"application\/ld+json\" class=\"yoast-schema-graph\">{\"@context\":\"https:\/\/schema.org\",\"@graph\":[{\"@type\":\"WebPage\",\"@id\":\"https:\/\/www.fondazionepirelli.org\/it\/cultura-dimpresa\/riordinare-il-caos\/\",\"url\":\"https:\/\/www.fondazionepirelli.org\/it\/cultura-dimpresa\/riordinare-il-caos\/\",\"name\":\"Riordinare il caos - Fondazione Pirelli\",\"isPartOf\":{\"@id\":\"https:\/\/www.fondazionepirelli.org\/it\/#website\"},\"primaryImageOfPage\":{\"@id\":\"https:\/\/www.fondazionepirelli.org\/it\/cultura-dimpresa\/riordinare-il-caos\/#primaryimage\"},\"image\":{\"@id\":\"https:\/\/www.fondazionepirelli.org\/it\/cultura-dimpresa\/riordinare-il-caos\/#primaryimage\"},\"thumbnailUrl\":\"https:\/\/wpsite-assets.fondazionepirelli.org\/wp-content\/uploads\/2019\/08\/01155024\/lavorare-nell-azienda-liquida-utilizzando-l-apofenia-la-capacita-di-riconoscere-le-connessioni-nelle-situazioni-complesse-2-1.jpg\",\"datePublished\":\"2019-07-02T00:00:00+00:00\",\"dateModified\":\"2019-08-02T10:52:23+00:00\",\"author\":{\"@id\":\"https:\/\/www.fondazionepirelli.org\/it\/#\/schema\/person\/f47d097000832c4a6e54538c791fdf25\"},\"breadcrumb\":{\"@id\":\"https:\/\/www.fondazionepirelli.org\/it\/cultura-dimpresa\/riordinare-il-caos\/#breadcrumb\"},\"inLanguage\":\"it-IT\",\"potentialAction\":[{\"@type\":\"ReadAction\",\"target\":[\"https:\/\/www.fondazionepirelli.org\/it\/cultura-dimpresa\/riordinare-il-caos\/\"]}]},{\"@type\":\"ImageObject\",\"inLanguage\":\"it-IT\",\"@id\":\"https:\/\/www.fondazionepirelli.org\/it\/cultura-dimpresa\/riordinare-il-caos\/#primaryimage\",\"url\":\"https:\/\/wpsite-assets.fondazionepirelli.org\/wp-content\/uploads\/2019\/08\/01155024\/lavorare-nell-azienda-liquida-utilizzando-l-apofenia-la-capacita-di-riconoscere-le-connessioni-nelle-situazioni-complesse-2-1.jpg\",\"contentUrl\":\"https:\/\/wpsite-assets.fondazionepirelli.org\/wp-content\/uploads\/2019\/08\/01155024\/lavorare-nell-azienda-liquida-utilizzando-l-apofenia-la-capacita-di-riconoscere-le-connessioni-nelle-situazioni-complesse-2-1.jpg\",\"width\":401,\"height\":557},{\"@type\":\"BreadcrumbList\",\"@id\":\"https:\/\/www.fondazionepirelli.org\/it\/cultura-dimpresa\/riordinare-il-caos\/#breadcrumb\",\"itemListElement\":[{\"@type\":\"ListItem\",\"position\":1,\"name\":\"Home\",\"item\":\"https:\/\/www.fondazionepirelli.org\/it\/\"},{\"@type\":\"ListItem\",\"position\":2,\"name\":\"Riordinare il caos\"}]},{\"@type\":\"WebSite\",\"@id\":\"https:\/\/www.fondazionepirelli.org\/it\/#website\",\"url\":\"https:\/\/www.fondazionepirelli.org\/it\/\",\"name\":\"Fondazione Pirelli\",\"description\":\"\",\"potentialAction\":[{\"@type\":\"SearchAction\",\"target\":{\"@type\":\"EntryPoint\",\"urlTemplate\":\"https:\/\/www.fondazionepirelli.org\/it\/?s={search_term_string}\"},\"query-input\":{\"@type\":\"PropertyValueSpecification\",\"valueRequired\":true,\"valueName\":\"search_term_string\"}}],\"inLanguage\":\"it-IT\"},{\"@type\":\"Person\",\"@id\":\"https:\/\/www.fondazionepirelli.org\/it\/#\/schema\/person\/f47d097000832c4a6e54538c791fdf25\",\"name\":\"fondadmin\",\"image\":{\"@type\":\"ImageObject\",\"inLanguage\":\"it-IT\",\"@id\":\"https:\/\/www.fondazionepirelli.org\/it\/#\/schema\/person\/image\/\",\"url\":\"https:\/\/secure.gravatar.com\/avatar\/e69498a9175ca244966e51e53c88712c024fcebe41f9a05f75657f1bb25e489b?s=96&d=mm&r=g\",\"contentUrl\":\"https:\/\/secure.gravatar.com\/avatar\/e69498a9175ca244966e51e53c88712c024fcebe41f9a05f75657f1bb25e489b?s=96&d=mm&r=g\",\"caption\":\"fondadmin\"},\"url\":\"https:\/\/www.fondazionepirelli.org\/it\/author\/fondadmin\/\"}]}<\/script>\n<!-- \/ Yoast SEO plugin. -->","yoast_head_json":{"title":"Riordinare il caos - Fondazione Pirelli","robots":{"index":"index","follow":"follow","max-snippet":"max-snippet:-1","max-image-preview":"max-image-preview:large","max-video-preview":"max-video-preview:-1"},"canonical":"https:\/\/www.fondazionepirelli.org\/it\/cultura-dimpresa\/riordinare-il-caos\/","og_locale":"it_IT","og_type":"article","og_title":"Riordinare il caos - Fondazione Pirelli","og_description":"Un libro racconta la capacit\u00e0 dell\u2019uomo di dare un senso a dati apparentemente casualiAssenza di riferimenti, continuo cambiamento del contesto d\u2019azione, necessit\u00e0 di avere una capacit\u00e0 di risposta rapida a sollecitazioni non determinabili. Sono alcune delle condizioni con le quali chi fa impresa deve oggi fare i conti. In un contesto di questo genere, \u00e8 [&hellip;]","og_url":"https:\/\/www.fondazionepirelli.org\/it\/cultura-dimpresa\/riordinare-il-caos\/","og_site_name":"Fondazione Pirelli","article_published_time":"2019-07-02T00:00:00+00:00","article_modified_time":"2019-08-02T10:52:23+00:00","og_image":[{"width":401,"height":557,"url":"https:\/\/wpsite-assets.fondazionepirelli.org\/wp-content\/uploads\/2019\/08\/01155024\/lavorare-nell-azienda-liquida-utilizzando-l-apofenia-la-capacita-di-riconoscere-le-connessioni-nelle-situazioni-complesse-2-1.jpg","type":"image\/jpeg"}],"author":"fondadmin","twitter_card":"summary_large_image","twitter_misc":{"Scritto da":"fondadmin","Tempo di lettura stimato":"3 minuti"},"schema":{"@context":"https:\/\/schema.org","@graph":[{"@type":"WebPage","@id":"https:\/\/www.fondazionepirelli.org\/it\/cultura-dimpresa\/riordinare-il-caos\/","url":"https:\/\/www.fondazionepirelli.org\/it\/cultura-dimpresa\/riordinare-il-caos\/","name":"Riordinare il caos - Fondazione Pirelli","isPartOf":{"@id":"https:\/\/www.fondazionepirelli.org\/it\/#website"},"primaryImageOfPage":{"@id":"https:\/\/www.fondazionepirelli.org\/it\/cultura-dimpresa\/riordinare-il-caos\/#primaryimage"},"image":{"@id":"https:\/\/www.fondazionepirelli.org\/it\/cultura-dimpresa\/riordinare-il-caos\/#primaryimage"},"thumbnailUrl":"https:\/\/wpsite-assets.fondazionepirelli.org\/wp-content\/uploads\/2019\/08\/01155024\/lavorare-nell-azienda-liquida-utilizzando-l-apofenia-la-capacita-di-riconoscere-le-connessioni-nelle-situazioni-complesse-2-1.jpg","datePublished":"2019-07-02T00:00:00+00:00","dateModified":"2019-08-02T10:52:23+00:00","author":{"@id":"https:\/\/www.fondazionepirelli.org\/it\/#\/schema\/person\/f47d097000832c4a6e54538c791fdf25"},"breadcrumb":{"@id":"https:\/\/www.fondazionepirelli.org\/it\/cultura-dimpresa\/riordinare-il-caos\/#breadcrumb"},"inLanguage":"it-IT","potentialAction":[{"@type":"ReadAction","target":["https:\/\/www.fondazionepirelli.org\/it\/cultura-dimpresa\/riordinare-il-caos\/"]}]},{"@type":"ImageObject","inLanguage":"it-IT","@id":"https:\/\/www.fondazionepirelli.org\/it\/cultura-dimpresa\/riordinare-il-caos\/#primaryimage","url":"https:\/\/wpsite-assets.fondazionepirelli.org\/wp-content\/uploads\/2019\/08\/01155024\/lavorare-nell-azienda-liquida-utilizzando-l-apofenia-la-capacita-di-riconoscere-le-connessioni-nelle-situazioni-complesse-2-1.jpg","contentUrl":"https:\/\/wpsite-assets.fondazionepirelli.org\/wp-content\/uploads\/2019\/08\/01155024\/lavorare-nell-azienda-liquida-utilizzando-l-apofenia-la-capacita-di-riconoscere-le-connessioni-nelle-situazioni-complesse-2-1.jpg","width":401,"height":557},{"@type":"BreadcrumbList","@id":"https:\/\/www.fondazionepirelli.org\/it\/cultura-dimpresa\/riordinare-il-caos\/#breadcrumb","itemListElement":[{"@type":"ListItem","position":1,"name":"Home","item":"https:\/\/www.fondazionepirelli.org\/it\/"},{"@type":"ListItem","position":2,"name":"Riordinare il caos"}]},{"@type":"WebSite","@id":"https:\/\/www.fondazionepirelli.org\/it\/#website","url":"https:\/\/www.fondazionepirelli.org\/it\/","name":"Fondazione Pirelli","description":"","potentialAction":[{"@type":"SearchAction","target":{"@type":"EntryPoint","urlTemplate":"https:\/\/www.fondazionepirelli.org\/it\/?s={search_term_string}"},"query-input":{"@type":"PropertyValueSpecification","valueRequired":true,"valueName":"search_term_string"}}],"inLanguage":"it-IT"},{"@type":"Person","@id":"https:\/\/www.fondazionepirelli.org\/it\/#\/schema\/person\/f47d097000832c4a6e54538c791fdf25","name":"fondadmin","image":{"@type":"ImageObject","inLanguage":"it-IT","@id":"https:\/\/www.fondazionepirelli.org\/it\/#\/schema\/person\/image\/","url":"https:\/\/secure.gravatar.com\/avatar\/e69498a9175ca244966e51e53c88712c024fcebe41f9a05f75657f1bb25e489b?s=96&d=mm&r=g","contentUrl":"https:\/\/secure.gravatar.com\/avatar\/e69498a9175ca244966e51e53c88712c024fcebe41f9a05f75657f1bb25e489b?s=96&d=mm&r=g","caption":"fondadmin"},"url":"https:\/\/www.fondazionepirelli.org\/it\/author\/fondadmin\/"}]}},"_links":{"self":[{"href":"https:\/\/www.fondazionepirelli.org\/it\/wp-json\/wp\/v2\/posts\/65427\/"}],"collection":[{"href":"https:\/\/www.fondazionepirelli.org\/it\/wp-json\/wp\/v2\/posts\/"}],"about":[{"href":"https:\/\/www.fondazionepirelli.org\/it\/wp-json\/wp\/v2\/types\/post\/"}],"author":[{"embeddable":true,"href":"https:\/\/www.fondazionepirelli.org\/it\/wp-json\/wp\/v2\/users\/1\/"}],"replies":[{"embeddable":true,"href":"https:\/\/www.fondazionepirelli.org\/it\/wp-json\/wp\/v2\/comments\/?post=65427"}],"version-history":[{"count":2,"href":"https:\/\/www.fondazionepirelli.org\/it\/wp-json\/wp\/v2\/posts\/65427\/revisions\/"}],"predecessor-version":[{"id":69480,"href":"https:\/\/www.fondazionepirelli.org\/it\/wp-json\/wp\/v2\/posts\/65427\/revisions\/69480\/"}],"wp:featuredmedia":[{"embeddable":true,"href":"https:\/\/www.fondazionepirelli.org\/it\/wp-json\/wp\/v2\/media\/65428\/"}],"wp:attachment":[{"href":"https:\/\/www.fondazionepirelli.org\/it\/wp-json\/wp\/v2\/media\/?parent=65427"}],"wp:term":[{"taxonomy":"category","embeddable":true,"href":"https:\/\/www.fondazionepirelli.org\/it\/wp-json\/wp\/v2\/categories\/?post=65427"},{"taxonomy":"post_tag","embeddable":true,"href":"https:\/\/www.fondazionepirelli.org\/it\/wp-json\/wp\/v2\/tags\/?post=65427"}],"curies":[{"name":"wp","href":"https:\/\/api.w.org\/{rel}","templated":true}]}}