{"id":65430,"date":"2019-07-09T00:00:00","date_gmt":"2019-07-09T00:00:00","guid":{"rendered":"http:\/\/www.fondazionepirelli.org\/non-categorizzato\/la-crisi-di-fiducia-nelle-societa-non-profit-mette-in-pericolo-il-capitale-sociale-della-solidarieta-che-regge-la-nostra-italia\/"},"modified":"2019-08-02T10:51:01","modified_gmt":"2019-08-02T10:51:01","slug":"la-crisi-di-fiducia-nelle-societa-non-profit-mette-in-pericolo-il-capitale-sociale-della-solidarieta-che-regge-la-nostra-italia","status":"publish","type":"post","link":"https:\/\/www.fondazionepirelli.org\/it\/cultura-dimpresa\/la-crisi-di-fiducia-nelle-societa-non-profit-mette-in-pericolo-il-capitale-sociale-della-solidarieta-che-regge-la-nostra-italia\/","title":{"rendered":"La crisi di fiducia nelle societ\u00e0 \u201cnon profit\u201d mette in pericolo il capitale sociale della solidariet\u00e0 che regge la nostra Italia"},"content":{"rendered":"<p><strong>La forza dell\u2019Italia sta\u00a0anche\u00a0nel suo straordinario capitale sociale positivo<\/strong>, che ha garantito la tenuta del Paese come sistema pure\u00a0nelle stagioni delle crisi pi\u00f9 dure.\u00a0Un capitale sociale fatto da comunit\u00e0 territoriali coese, imprese intraprendenti e inclusive, organizzazioni di volontariato. Oggi questo capitale sociale rivela preoccupanti segnali di erosione. L\u2019allarme viene da uno dei pi\u00f9 acuti e autorevoli osservatori dei fenomeni che segnano la societ\u00e0 italiana, <strong>Nando Pagnoncelli<\/strong>, <strong>presidente di\u00a0Ipsos Italia<\/strong>: \u201cCrollata la fiducia per\u00a0le\u00a0non profit\u201d, scrive sul \u201cCorriere della Sera\u201d (6 luglio), commentando i dati di un sondaggio\u00a0Ipsos\u201csulla scelta del ministro\u00a0Salvini\u00a0di impedire gli sbarchi sul territorio italiano dei migranti soccorsi in mare dalle navi delle organizzazioni umanitarie\u201d.<\/p>\n<p>Secondo\u00a0quel sondaggio, il 59% degli italiani sta con\u00a0Salvini, il 29% \u00e8 contrario, con ovvie punte di consenso plebiscitario (il 99%) tra gli elettori delle Lega e dei Cinque Stelle (77%) e con un robuste quote di sostegno tra le persone con pi\u00f9 di 35 anni, tra i lavoratori autonomi e tra gli operai.<\/p>\n<p><strong>E\u00a0le \u201cnon profit\u201d?<\/strong> La fiducia in queste organizzazioni \u00e8 crollata dall\u201980% del 2010 al 39% di oggi. E adesso <strong>solo il 22% degli italiani pensa che siano mosse da intenti umanitari, mentre il 56% le\u00a0giudica\u00a0ispirate da \u201cscopi economici\u201d<\/strong>. E\u2019 un dato forte, su cui riflettere attentamente.<\/p>\n<p>Pagnoncelli nota come \u201csi sia persa l\u2019aura di bont\u00e0 di cui godevano\u201d da quando, nel 2017, Luigi Di Maio, leader dei Cinque Stelle,\u00a0le defin\u00ec \u201ctaxi\u00a0del mare\u201d. E come il fenomeno si sia aggravato proprio di recente, nel cuore dello scontro caldissimo sull\u2019accoglienza degli immigrati.<\/p>\n<p>Il discredito diffuso, nato dalle polemiche sui migranti (caso\u00a0Diciotti, Sea Watch, etc.), si estende un\u00a0po\u2019\u00a0a tutto il mondo del \u201cnon profit\u201d. E in tempi di comunicazione ansiogena, gridata, caratterizzata dal binomio aggressivo\u00a0amico-nemico, <strong>ne fa le spese tutto quel vasto e straordinario mondo del cosiddetto \u201cterzo settore\u201d<\/strong> (\u201cterzo\u201d tra il\u00a0settore\u00a0pubblico e le imprese private\u00a0<em>profit<\/em>) che si occupa di temi sociali, assistenza, cooperazione, solidariet\u00e0: appunto quel \u201ccapitale sociale positivo\u201d di cui dicevamo.<\/p>\n<p>Nota Pagnoncelli: \u201c<strong>Il discredito colpisce duramente un intero settore che non comprende solo le\u00a0Ong<\/strong>\u00a0(organizzazioni non governative) impegnate nei soccorsi in mare e nell\u2019accoglienza dei migranti, ma rappresenta oltre 340mila realt\u00e0 che\u00a0operano\u00a0nei settori pi\u00f9 disparati, dai servizi alla persona (infanzia, anziani, disabili, etc.) alla cultura, dallo sport alla cooperazione internazionale\u201d. Un mondo vario, compresso, benemerito, che conta pi\u00f9 di un milione di addetti stabilmente impiegati e 5,5 milioni di volontari, in societ\u00e0, cooperative, associazioni, fondazioni, enti sociali di grande umanit\u00e0 e fondamentale utilit\u00e0 sociale, da Milano alla Brianza operosa, dal Veneto all\u2019Emilia, dalla Campania alla Sicilia, con forte radicamento nel mondo cattolico e\u00a0con\u00a0qualificate presenze anche in ambienti laici e di \u201cclub service\u201d. <strong>Pi\u00f9 di un italiano su dieci lavora nel \u201cnon profit\u201d o fa volontariato, dicono i dati dell\u2019Istat<\/strong> rielaborati\u00a0dalla Fondazione Social Venture \u201cGiordano Dell\u2019Amore\u201d.<\/p>\n<p>Insiste ancora Pagnoncelli, preoccupato: \u201cCon la fiducia,\u00a0stanno diminuendo anche le donazioni destinate al non profit\u201d. E\u00a0conclude: \u201cE\u2019 solo uno dei tanti effetti collaterali del\u00a0greve stile comunicativo della stagione politica attuale\u201d. La preoccupazione \u00e8 assolutamente condivisibile. Nella retorica estremizzata che su paura e rancore cerca e trova crescenti consensi politici, si rischia di mettere in crisi profonda i fondamenti della nostra vita civile.<\/p>\n<p><strong>Le tendenze anti-impresa diffuse nel governo stanno amplificando le difficolt\u00e0 di un mondo economico da cui\u00a0dipendono\u00a0benessere, lavoro, welfare, solidariet\u00e0<\/strong> (l\u2019impresa \u00e8 il principale\u00a0ascensore sociale attivo nel nostro paese, strumento indispensabile per premiare e fare crescere \u201ci capaci e meritevoli\u201d, come peraltro indica anche la nostra Costituzione). L\u2019attacco\u00a0da parte di ambienti governativi al mondo non profit, partendo dagli immigrati ed estendendo propagandisticamente il giudizio, aggrava il quadro.<\/p>\n<p>Non si tratta naturalmente di fare un \u201cpartito delle ong\u201d (nessuno ne sente il bisogno) n\u00e9 di renderle protagoniste d\u2019uno scontro tra maggioranza e opposizione, tra Salvini-Di Maio e il Pd, ma di evitare appunto gli effetti della strumentalizzazione politica e salvaguardare, con societ\u00e0 non profit, ong, strutture del \u201cterzo settore\u201d, un grande patrimonio civile della comunit\u00e0 italiana<\/p>\n<p>A prescindere, infatti,\u00a0dai singoli casi di cronaca su navi di soccorso, <strong>\u201cporti chiusi\u201d<\/strong>, eventuali violazioni di leggi (il cui accertamento spetta alla magistratura) e dalla necessit\u00e0 di regolare, in Italia e in Europa, un fenomeno di grandi dimensioni qual \u00e8 quello dei flussi migratori, qui vale la pena insistere sui danni che un certo tipo di propaganda politica pu\u00f2 fare a tutto il Paese. A danno, soprattutto, di quei ceti deboli che, proprio nelle organizzazioni non profit e nel volontariato sociale, trovano risposte\u00a0quotidiane ai loro problemi di sostegno, supporto, aiuto di cui abbiamo detto.<\/p>\n<p>La buona politica\u00a0responsabile\u00a0ha, naturalmente, bisogno di regole.\u00a0Ma\u00a0anche d\u2019intelligenza di distinzioni, tra chi eventualmente viola leggi e chi dedica il suo tempo a soccorrere e assistere anziani, malati, persone sole, comunit\u00e0 segnate da un forte disagio sociale. <strong>La crisi di fiducia nelle organizzazioni del volontariato \u00e8 una grave ferita, nel fragile corpo sociale dell\u2019Italia<\/strong>.\u00a0Una ferita che questo paese non merita.<\/p>\n","protected":false},"excerpt":{"rendered":"<p>La forza dell\u2019Italia sta\u00a0anche\u00a0nel suo straordinario capitale sociale positivo, che ha garantito la tenuta del Paese come sistema pure\u00a0nelle stagioni delle crisi pi\u00f9 dure.\u00a0Un capitale sociale fatto da comunit\u00e0 territoriali coese, imprese intraprendenti e inclusive, organizzazioni di volontariato. Oggi questo capitale sociale rivela preoccupanti segnali di erosione. L\u2019allarme viene da uno dei pi\u00f9 acuti e [&hellip;]<\/p>\n","protected":false},"author":1,"featured_media":65431,"comment_status":"closed","ping_status":"closed","sticky":false,"template":"","format":"standard","meta":{"footnotes":""},"categories":[53,52],"tags":[],"class_list":["post-65430","post","type-post","status-publish","format-standard","has-post-thumbnail","hentry","category-blog","category-cultura-dimpresa"],"acf":[],"yoast_head":"<!-- This site is optimized with the Yoast SEO plugin v25.0 - https:\/\/yoast.com\/wordpress\/plugins\/seo\/ -->\n<title>La crisi di fiducia nelle societ\u00e0 \u201cnon profit\u201d mette in pericolo il capitale sociale della solidariet\u00e0 che regge la nostra Italia - Fondazione Pirelli<\/title>\n<meta name=\"robots\" content=\"index, follow, max-snippet:-1, max-image-preview:large, max-video-preview:-1\" \/>\n<link rel=\"canonical\" href=\"https:\/\/www.fondazionepirelli.org\/it\/cultura-dimpresa\/la-crisi-di-fiducia-nelle-societa-non-profit-mette-in-pericolo-il-capitale-sociale-della-solidarieta-che-regge-la-nostra-italia\/\" \/>\n<meta property=\"og:locale\" content=\"it_IT\" \/>\n<meta property=\"og:type\" content=\"article\" \/>\n<meta property=\"og:title\" content=\"La crisi di fiducia nelle societ\u00e0 \u201cnon profit\u201d mette in pericolo il capitale sociale della solidariet\u00e0 che regge la nostra Italia - Fondazione Pirelli\" \/>\n<meta property=\"og:description\" content=\"La forza dell\u2019Italia sta\u00a0anche\u00a0nel suo straordinario capitale sociale positivo, che ha garantito la tenuta del Paese come sistema pure\u00a0nelle stagioni delle crisi pi\u00f9 dure.\u00a0Un capitale sociale fatto da comunit\u00e0 territoriali coese, imprese intraprendenti e inclusive, organizzazioni di volontariato. Oggi questo capitale sociale rivela preoccupanti segnali di erosione. L\u2019allarme viene da uno dei pi\u00f9 acuti e [&hellip;]\" \/>\n<meta property=\"og:url\" content=\"https:\/\/www.fondazionepirelli.org\/it\/cultura-dimpresa\/la-crisi-di-fiducia-nelle-societa-non-profit-mette-in-pericolo-il-capitale-sociale-della-solidarieta-che-regge-la-nostra-italia\/\" \/>\n<meta property=\"og:site_name\" content=\"Fondazione Pirelli\" \/>\n<meta property=\"article:published_time\" content=\"2019-07-09T00:00:00+00:00\" \/>\n<meta property=\"article:modified_time\" content=\"2019-08-02T10:51:01+00:00\" \/>\n<meta property=\"og:image\" content=\"https:\/\/wpsite-assets.fondazionepirelli.org\/wp-content\/uploads\/2019\/08\/01155025\/ammortizzatori2.jpg\" \/>\n\t<meta property=\"og:image:width\" content=\"550\" \/>\n\t<meta property=\"og:image:height\" content=\"400\" \/>\n\t<meta property=\"og:image:type\" content=\"image\/jpeg\" \/>\n<meta name=\"author\" content=\"fondadmin\" \/>\n<meta name=\"twitter:card\" content=\"summary_large_image\" \/>\n<meta name=\"twitter:label1\" content=\"Scritto da\" \/>\n\t<meta name=\"twitter:data1\" content=\"fondadmin\" \/>\n\t<meta name=\"twitter:label2\" content=\"Tempo di lettura stimato\" \/>\n\t<meta name=\"twitter:data2\" content=\"4 minuti\" \/>\n<script type=\"application\/ld+json\" class=\"yoast-schema-graph\">{\"@context\":\"https:\/\/schema.org\",\"@graph\":[{\"@type\":\"WebPage\",\"@id\":\"https:\/\/www.fondazionepirelli.org\/it\/cultura-dimpresa\/la-crisi-di-fiducia-nelle-societa-non-profit-mette-in-pericolo-il-capitale-sociale-della-solidarieta-che-regge-la-nostra-italia\/\",\"url\":\"https:\/\/www.fondazionepirelli.org\/it\/cultura-dimpresa\/la-crisi-di-fiducia-nelle-societa-non-profit-mette-in-pericolo-il-capitale-sociale-della-solidarieta-che-regge-la-nostra-italia\/\",\"name\":\"La crisi di fiducia nelle societ\u00e0 \u201cnon profit\u201d mette in pericolo il capitale sociale della solidariet\u00e0 che regge la nostra Italia - Fondazione Pirelli\",\"isPartOf\":{\"@id\":\"https:\/\/www.fondazionepirelli.org\/it\/#website\"},\"primaryImageOfPage\":{\"@id\":\"https:\/\/www.fondazionepirelli.org\/it\/cultura-dimpresa\/la-crisi-di-fiducia-nelle-societa-non-profit-mette-in-pericolo-il-capitale-sociale-della-solidarieta-che-regge-la-nostra-italia\/#primaryimage\"},\"image\":{\"@id\":\"https:\/\/www.fondazionepirelli.org\/it\/cultura-dimpresa\/la-crisi-di-fiducia-nelle-societa-non-profit-mette-in-pericolo-il-capitale-sociale-della-solidarieta-che-regge-la-nostra-italia\/#primaryimage\"},\"thumbnailUrl\":\"https:\/\/wpsite-assets.fondazionepirelli.org\/wp-content\/uploads\/2019\/08\/01155025\/ammortizzatori2.jpg\",\"datePublished\":\"2019-07-09T00:00:00+00:00\",\"dateModified\":\"2019-08-02T10:51:01+00:00\",\"author\":{\"@id\":\"https:\/\/www.fondazionepirelli.org\/it\/#\/schema\/person\/f47d097000832c4a6e54538c791fdf25\"},\"breadcrumb\":{\"@id\":\"https:\/\/www.fondazionepirelli.org\/it\/cultura-dimpresa\/la-crisi-di-fiducia-nelle-societa-non-profit-mette-in-pericolo-il-capitale-sociale-della-solidarieta-che-regge-la-nostra-italia\/#breadcrumb\"},\"inLanguage\":\"it-IT\",\"potentialAction\":[{\"@type\":\"ReadAction\",\"target\":[\"https:\/\/www.fondazionepirelli.org\/it\/cultura-dimpresa\/la-crisi-di-fiducia-nelle-societa-non-profit-mette-in-pericolo-il-capitale-sociale-della-solidarieta-che-regge-la-nostra-italia\/\"]}]},{\"@type\":\"ImageObject\",\"inLanguage\":\"it-IT\",\"@id\":\"https:\/\/www.fondazionepirelli.org\/it\/cultura-dimpresa\/la-crisi-di-fiducia-nelle-societa-non-profit-mette-in-pericolo-il-capitale-sociale-della-solidarieta-che-regge-la-nostra-italia\/#primaryimage\",\"url\":\"https:\/\/wpsite-assets.fondazionepirelli.org\/wp-content\/uploads\/2019\/08\/01155025\/ammortizzatori2.jpg\",\"contentUrl\":\"https:\/\/wpsite-assets.fondazionepirelli.org\/wp-content\/uploads\/2019\/08\/01155025\/ammortizzatori2.jpg\",\"width\":550,\"height\":400},{\"@type\":\"BreadcrumbList\",\"@id\":\"https:\/\/www.fondazionepirelli.org\/it\/cultura-dimpresa\/la-crisi-di-fiducia-nelle-societa-non-profit-mette-in-pericolo-il-capitale-sociale-della-solidarieta-che-regge-la-nostra-italia\/#breadcrumb\",\"itemListElement\":[{\"@type\":\"ListItem\",\"position\":1,\"name\":\"Home\",\"item\":\"https:\/\/www.fondazionepirelli.org\/it\/\"},{\"@type\":\"ListItem\",\"position\":2,\"name\":\"La crisi di fiducia nelle societ\u00e0 \u201cnon profit\u201d mette in pericolo il capitale sociale della solidariet\u00e0 che regge la nostra Italia\"}]},{\"@type\":\"WebSite\",\"@id\":\"https:\/\/www.fondazionepirelli.org\/it\/#website\",\"url\":\"https:\/\/www.fondazionepirelli.org\/it\/\",\"name\":\"Fondazione Pirelli\",\"description\":\"\",\"potentialAction\":[{\"@type\":\"SearchAction\",\"target\":{\"@type\":\"EntryPoint\",\"urlTemplate\":\"https:\/\/www.fondazionepirelli.org\/it\/?s={search_term_string}\"},\"query-input\":{\"@type\":\"PropertyValueSpecification\",\"valueRequired\":true,\"valueName\":\"search_term_string\"}}],\"inLanguage\":\"it-IT\"},{\"@type\":\"Person\",\"@id\":\"https:\/\/www.fondazionepirelli.org\/it\/#\/schema\/person\/f47d097000832c4a6e54538c791fdf25\",\"name\":\"fondadmin\",\"image\":{\"@type\":\"ImageObject\",\"inLanguage\":\"it-IT\",\"@id\":\"https:\/\/www.fondazionepirelli.org\/it\/#\/schema\/person\/image\/\",\"url\":\"https:\/\/secure.gravatar.com\/avatar\/e69498a9175ca244966e51e53c88712c024fcebe41f9a05f75657f1bb25e489b?s=96&d=mm&r=g\",\"contentUrl\":\"https:\/\/secure.gravatar.com\/avatar\/e69498a9175ca244966e51e53c88712c024fcebe41f9a05f75657f1bb25e489b?s=96&d=mm&r=g\",\"caption\":\"fondadmin\"},\"url\":\"https:\/\/www.fondazionepirelli.org\/it\/author\/fondadmin\/\"}]}<\/script>\n<!-- \/ Yoast SEO plugin. -->","yoast_head_json":{"title":"La crisi di fiducia nelle societ\u00e0 \u201cnon profit\u201d mette in pericolo il capitale sociale della solidariet\u00e0 che regge la nostra Italia - Fondazione Pirelli","robots":{"index":"index","follow":"follow","max-snippet":"max-snippet:-1","max-image-preview":"max-image-preview:large","max-video-preview":"max-video-preview:-1"},"canonical":"https:\/\/www.fondazionepirelli.org\/it\/cultura-dimpresa\/la-crisi-di-fiducia-nelle-societa-non-profit-mette-in-pericolo-il-capitale-sociale-della-solidarieta-che-regge-la-nostra-italia\/","og_locale":"it_IT","og_type":"article","og_title":"La crisi di fiducia nelle societ\u00e0 \u201cnon profit\u201d mette in pericolo il capitale sociale della solidariet\u00e0 che regge la nostra Italia - Fondazione Pirelli","og_description":"La forza dell\u2019Italia sta\u00a0anche\u00a0nel suo straordinario capitale sociale positivo, che ha garantito la tenuta del Paese come sistema pure\u00a0nelle stagioni delle crisi pi\u00f9 dure.\u00a0Un capitale sociale fatto da comunit\u00e0 territoriali coese, imprese intraprendenti e inclusive, organizzazioni di volontariato. Oggi questo capitale sociale rivela preoccupanti segnali di erosione. L\u2019allarme viene da uno dei pi\u00f9 acuti e [&hellip;]","og_url":"https:\/\/www.fondazionepirelli.org\/it\/cultura-dimpresa\/la-crisi-di-fiducia-nelle-societa-non-profit-mette-in-pericolo-il-capitale-sociale-della-solidarieta-che-regge-la-nostra-italia\/","og_site_name":"Fondazione Pirelli","article_published_time":"2019-07-09T00:00:00+00:00","article_modified_time":"2019-08-02T10:51:01+00:00","og_image":[{"width":550,"height":400,"url":"https:\/\/wpsite-assets.fondazionepirelli.org\/wp-content\/uploads\/2019\/08\/01155025\/ammortizzatori2.jpg","type":"image\/jpeg"}],"author":"fondadmin","twitter_card":"summary_large_image","twitter_misc":{"Scritto da":"fondadmin","Tempo di lettura stimato":"4 minuti"},"schema":{"@context":"https:\/\/schema.org","@graph":[{"@type":"WebPage","@id":"https:\/\/www.fondazionepirelli.org\/it\/cultura-dimpresa\/la-crisi-di-fiducia-nelle-societa-non-profit-mette-in-pericolo-il-capitale-sociale-della-solidarieta-che-regge-la-nostra-italia\/","url":"https:\/\/www.fondazionepirelli.org\/it\/cultura-dimpresa\/la-crisi-di-fiducia-nelle-societa-non-profit-mette-in-pericolo-il-capitale-sociale-della-solidarieta-che-regge-la-nostra-italia\/","name":"La crisi di fiducia nelle societ\u00e0 \u201cnon profit\u201d mette in pericolo il capitale sociale della solidariet\u00e0 che regge la nostra Italia - Fondazione Pirelli","isPartOf":{"@id":"https:\/\/www.fondazionepirelli.org\/it\/#website"},"primaryImageOfPage":{"@id":"https:\/\/www.fondazionepirelli.org\/it\/cultura-dimpresa\/la-crisi-di-fiducia-nelle-societa-non-profit-mette-in-pericolo-il-capitale-sociale-della-solidarieta-che-regge-la-nostra-italia\/#primaryimage"},"image":{"@id":"https:\/\/www.fondazionepirelli.org\/it\/cultura-dimpresa\/la-crisi-di-fiducia-nelle-societa-non-profit-mette-in-pericolo-il-capitale-sociale-della-solidarieta-che-regge-la-nostra-italia\/#primaryimage"},"thumbnailUrl":"https:\/\/wpsite-assets.fondazionepirelli.org\/wp-content\/uploads\/2019\/08\/01155025\/ammortizzatori2.jpg","datePublished":"2019-07-09T00:00:00+00:00","dateModified":"2019-08-02T10:51:01+00:00","author":{"@id":"https:\/\/www.fondazionepirelli.org\/it\/#\/schema\/person\/f47d097000832c4a6e54538c791fdf25"},"breadcrumb":{"@id":"https:\/\/www.fondazionepirelli.org\/it\/cultura-dimpresa\/la-crisi-di-fiducia-nelle-societa-non-profit-mette-in-pericolo-il-capitale-sociale-della-solidarieta-che-regge-la-nostra-italia\/#breadcrumb"},"inLanguage":"it-IT","potentialAction":[{"@type":"ReadAction","target":["https:\/\/www.fondazionepirelli.org\/it\/cultura-dimpresa\/la-crisi-di-fiducia-nelle-societa-non-profit-mette-in-pericolo-il-capitale-sociale-della-solidarieta-che-regge-la-nostra-italia\/"]}]},{"@type":"ImageObject","inLanguage":"it-IT","@id":"https:\/\/www.fondazionepirelli.org\/it\/cultura-dimpresa\/la-crisi-di-fiducia-nelle-societa-non-profit-mette-in-pericolo-il-capitale-sociale-della-solidarieta-che-regge-la-nostra-italia\/#primaryimage","url":"https:\/\/wpsite-assets.fondazionepirelli.org\/wp-content\/uploads\/2019\/08\/01155025\/ammortizzatori2.jpg","contentUrl":"https:\/\/wpsite-assets.fondazionepirelli.org\/wp-content\/uploads\/2019\/08\/01155025\/ammortizzatori2.jpg","width":550,"height":400},{"@type":"BreadcrumbList","@id":"https:\/\/www.fondazionepirelli.org\/it\/cultura-dimpresa\/la-crisi-di-fiducia-nelle-societa-non-profit-mette-in-pericolo-il-capitale-sociale-della-solidarieta-che-regge-la-nostra-italia\/#breadcrumb","itemListElement":[{"@type":"ListItem","position":1,"name":"Home","item":"https:\/\/www.fondazionepirelli.org\/it\/"},{"@type":"ListItem","position":2,"name":"La crisi di fiducia nelle societ\u00e0 \u201cnon profit\u201d mette in pericolo il capitale sociale della solidariet\u00e0 che regge la nostra Italia"}]},{"@type":"WebSite","@id":"https:\/\/www.fondazionepirelli.org\/it\/#website","url":"https:\/\/www.fondazionepirelli.org\/it\/","name":"Fondazione Pirelli","description":"","potentialAction":[{"@type":"SearchAction","target":{"@type":"EntryPoint","urlTemplate":"https:\/\/www.fondazionepirelli.org\/it\/?s={search_term_string}"},"query-input":{"@type":"PropertyValueSpecification","valueRequired":true,"valueName":"search_term_string"}}],"inLanguage":"it-IT"},{"@type":"Person","@id":"https:\/\/www.fondazionepirelli.org\/it\/#\/schema\/person\/f47d097000832c4a6e54538c791fdf25","name":"fondadmin","image":{"@type":"ImageObject","inLanguage":"it-IT","@id":"https:\/\/www.fondazionepirelli.org\/it\/#\/schema\/person\/image\/","url":"https:\/\/secure.gravatar.com\/avatar\/e69498a9175ca244966e51e53c88712c024fcebe41f9a05f75657f1bb25e489b?s=96&d=mm&r=g","contentUrl":"https:\/\/secure.gravatar.com\/avatar\/e69498a9175ca244966e51e53c88712c024fcebe41f9a05f75657f1bb25e489b?s=96&d=mm&r=g","caption":"fondadmin"},"url":"https:\/\/www.fondazionepirelli.org\/it\/author\/fondadmin\/"}]}},"_links":{"self":[{"href":"https:\/\/www.fondazionepirelli.org\/it\/wp-json\/wp\/v2\/posts\/65430\/"}],"collection":[{"href":"https:\/\/www.fondazionepirelli.org\/it\/wp-json\/wp\/v2\/posts\/"}],"about":[{"href":"https:\/\/www.fondazionepirelli.org\/it\/wp-json\/wp\/v2\/types\/post\/"}],"author":[{"embeddable":true,"href":"https:\/\/www.fondazionepirelli.org\/it\/wp-json\/wp\/v2\/users\/1\/"}],"replies":[{"embeddable":true,"href":"https:\/\/www.fondazionepirelli.org\/it\/wp-json\/wp\/v2\/comments\/?post=65430"}],"version-history":[{"count":1,"href":"https:\/\/www.fondazionepirelli.org\/it\/wp-json\/wp\/v2\/posts\/65430\/revisions\/"}],"predecessor-version":[{"id":65644,"href":"https:\/\/www.fondazionepirelli.org\/it\/wp-json\/wp\/v2\/posts\/65430\/revisions\/65644\/"}],"wp:featuredmedia":[{"embeddable":true,"href":"https:\/\/www.fondazionepirelli.org\/it\/wp-json\/wp\/v2\/media\/65431\/"}],"wp:attachment":[{"href":"https:\/\/www.fondazionepirelli.org\/it\/wp-json\/wp\/v2\/media\/?parent=65430"}],"wp:term":[{"taxonomy":"category","embeddable":true,"href":"https:\/\/www.fondazionepirelli.org\/it\/wp-json\/wp\/v2\/categories\/?post=65430"},{"taxonomy":"post_tag","embeddable":true,"href":"https:\/\/www.fondazionepirelli.org\/it\/wp-json\/wp\/v2\/tags\/?post=65430"}],"curies":[{"name":"wp","href":"https:\/\/api.w.org\/{rel}","templated":true}]}}