{"id":65434,"date":"2019-07-09T00:00:00","date_gmt":"2019-07-09T00:00:00","guid":{"rendered":"http:\/\/www.fondazionepirelli.org\/non-categorizzato\/leconomia-di-tutti\/"},"modified":"2019-08-02T10:51:37","modified_gmt":"2019-08-02T10:51:37","slug":"leconomia-di-tutti","status":"publish","type":"post","link":"https:\/\/www.fondazionepirelli.org\/it\/cultura-dimpresa\/leconomia-di-tutti\/","title":{"rendered":"L\u2019economia di tutti"},"content":{"rendered":"<p><em>Sintetizzati in un libro scritto a pi\u00f9 mani i tratti di un nuovo approccio alla produzione e al profitto<\/em><\/p><p>Il sistema sociale come un tutt\u2019uno, fatto di donne e uomini e di macchine, organizzazioni della produzione e per il <em>welfare, <\/em>di aspirazioni per il futuro e problemi dell\u2019oggi da risolvere. Un sistema nel quale le imprese e chi ci vive e lavora, hanno un ruolo fondamentale ma non assoluto; e nel quale profitto e benessere vanno di pari passo, con tutti i vincoli del caso.<\/p>\n<p>Traguardo non utopistico eppure difficile da raggiungere, quello di una societ\u00e0 che sia al contempo efficace ed efficiente e per tutti davvero, \u00e8\u00a0 quanto descritto da \u201cEconomia fondamentale. L&#8217;infrastruttura della vita quotidiana\u201d, scritto da un gruppo di osservatori della realt\u00e0 (economisti, sociologici e altro ancora), che si sono posti l\u2019obiettivo di delineare \u2013 partendo dall\u2019analisi del presente -, un futuro possibile.<\/p>\n<p>Nucleo del ragionamento \u00e8 l\u2019idea stessa di economia fondamentale indicata come la base materiale del benessere e della coesione sociale. E cio\u00e8 quello che ogni giorno dovremmo poter dare per scontato: acqua potabile sicura, energia elettrica non razionata, servizi sanitari evoluti e accessibili, istruzione avanzata gratuita, infrastrutture e trasporti pubblici efficienti, servizi di cura per bambini e anziani, mercati alimentari orientati al benessere dei consumatori e dei produttori di cibo. \u201cCose normali\u201d, detto in altri termini, che, tuttavia, spesso non sono tali.<\/p>\n<p>Il libro quindi inizia dall\u2019analisi della condizione dell\u2019oggi e dalla constatazione che\u00a0 da molti anni i Paesi europei seguono una strada diversa: l\u2019economia fondamentale \u00e8 messa al servizio del <em>business<\/em>, esasperando competitivit\u00e0 e orientamento al profitto. Il prezzo che paghiamo \u00e8 l\u2019inasprimento delle disuguaglianze, la dissoluzione dei legami sociali, la deriva populista e nazionalista.<\/p>\n<p>Da tutto questo, l\u2019esigenza di riprendere le fila di quelle \u201ccose normali\u201d che costituiscono appunto l\u2019economia fondamentale. Compito non semplice e non facile, che richiede quello che gli autori indicano come un \u201cun enorme sforzo di immaginazione istituzionale\u201d.<\/p>\n<p>Il libro ha una struttura semplice ed efficace. Prima viene descritta l\u2019economia fondamentale cos\u00ec come si \u00e8 evoluto e cos\u00ec come dovrebbe essere, poi ne vengono raccontati la sua \u201cdistruzione\u201d e i tratti essenziali di un percorso di ricostituzione e rinnovo. Tutto si chiude con l\u2019indicazione di quattro presupposti: il maggiore coinvolgimento dei cittadini, il\u00a0 rafforzamento del legame fra societ\u00e0 e imprese, la reinvenzione del sistema della tassazione, la creazione di \u201calleanze ibride\u201d attraverso la creazione di istituzioni intermedia in grado di interpretare meglio le esigenze dei cittadini.<\/p>\n<p>\u201cEconomia fondamentale\u201d delinea probabilmente i tratti di qualcosa che \u00e8 (forse) in gran parte utopistico, ma tocca anche aspetti sui quali occorre ragionare con attenzione e nei quali le imprese (e chi le governa) hanno certamente un ruolo. Un libro da leggere con attenzione (e non solo per ritrovarsi su posizione opposte), che pu\u00f2 alimentare anche la crescita della buona cultura d\u2019impresa.<\/p><p><strong>Economia fondamentale. <\/strong><strong>L&#8217;infrastruttura della vita quotidiana<\/strong><\/p>\n<p><a href=\"https:\/\/www.einaudi.it\/autori\/collettivo-per-leconomia-fondamentale\/\">Collettivo per l&#8217;economia fondamentale<\/a><\/p>\n<p>Einaudi, 2019<\/p>\n","protected":false},"excerpt":{"rendered":"<p>Sintetizzati in un libro scritto a pi\u00f9 mani i tratti di un nuovo approccio alla produzione e al profittoIl sistema sociale come un tutt\u2019uno, fatto di donne e uomini e di macchine, organizzazioni della produzione e per il welfare, di aspirazioni per il futuro e problemi dell\u2019oggi da risolvere. Un sistema nel quale le imprese [&hellip;]<\/p>\n","protected":false},"author":1,"featured_media":65435,"comment_status":"closed","ping_status":"closed","sticky":false,"template":"","format":"standard","meta":{"footnotes":""},"categories":[52,58],"tags":[],"class_list":["post-65434","post","type-post","status-publish","format-standard","has-post-thumbnail","hentry","category-cultura-dimpresa","category-recensioni-libri"],"acf":[],"yoast_head":"<!-- This site is optimized with the Yoast SEO plugin v25.0 - https:\/\/yoast.com\/wordpress\/plugins\/seo\/ -->\n<title>L\u2019economia di tutti - Fondazione Pirelli<\/title>\n<meta name=\"robots\" content=\"index, follow, max-snippet:-1, max-image-preview:large, max-video-preview:-1\" \/>\n<link rel=\"canonical\" href=\"https:\/\/www.fondazionepirelli.org\/it\/cultura-dimpresa\/leconomia-di-tutti\/\" \/>\n<meta property=\"og:locale\" content=\"it_IT\" \/>\n<meta property=\"og:type\" content=\"article\" \/>\n<meta property=\"og:title\" content=\"L\u2019economia di tutti - Fondazione Pirelli\" \/>\n<meta property=\"og:description\" content=\"Sintetizzati in un libro scritto a pi\u00f9 mani i tratti di un nuovo approccio alla produzione e al profittoIl sistema sociale come un tutt\u2019uno, fatto di donne e uomini e di macchine, organizzazioni della produzione e per il welfare, di aspirazioni per il futuro e problemi dell\u2019oggi da risolvere. Un sistema nel quale le imprese [&hellip;]\" \/>\n<meta property=\"og:url\" content=\"https:\/\/www.fondazionepirelli.org\/it\/cultura-dimpresa\/leconomia-di-tutti\/\" \/>\n<meta property=\"og:site_name\" content=\"Fondazione Pirelli\" \/>\n<meta property=\"article:published_time\" content=\"2019-07-09T00:00:00+00:00\" \/>\n<meta property=\"article:modified_time\" content=\"2019-08-02T10:51:37+00:00\" \/>\n<meta property=\"og:image\" content=\"https:\/\/wpsite-assets.fondazionepirelli.org\/wp-content\/uploads\/2019\/08\/01155026\/Capture.jpg\" \/>\n\t<meta property=\"og:image:width\" content=\"350\" \/>\n\t<meta property=\"og:image:height\" content=\"532\" \/>\n\t<meta property=\"og:image:type\" content=\"image\/jpeg\" \/>\n<meta name=\"author\" content=\"fondadmin\" \/>\n<meta name=\"twitter:card\" content=\"summary_large_image\" \/>\n<meta name=\"twitter:label1\" content=\"Scritto da\" \/>\n\t<meta name=\"twitter:data1\" content=\"fondadmin\" \/>\n\t<meta name=\"twitter:label2\" content=\"Tempo di lettura stimato\" \/>\n\t<meta name=\"twitter:data2\" content=\"2 minuti\" \/>\n<script type=\"application\/ld+json\" class=\"yoast-schema-graph\">{\"@context\":\"https:\/\/schema.org\",\"@graph\":[{\"@type\":\"WebPage\",\"@id\":\"https:\/\/www.fondazionepirelli.org\/it\/cultura-dimpresa\/leconomia-di-tutti\/\",\"url\":\"https:\/\/www.fondazionepirelli.org\/it\/cultura-dimpresa\/leconomia-di-tutti\/\",\"name\":\"L\u2019economia di tutti - Fondazione Pirelli\",\"isPartOf\":{\"@id\":\"https:\/\/www.fondazionepirelli.org\/it\/#website\"},\"primaryImageOfPage\":{\"@id\":\"https:\/\/www.fondazionepirelli.org\/it\/cultura-dimpresa\/leconomia-di-tutti\/#primaryimage\"},\"image\":{\"@id\":\"https:\/\/www.fondazionepirelli.org\/it\/cultura-dimpresa\/leconomia-di-tutti\/#primaryimage\"},\"thumbnailUrl\":\"https:\/\/wpsite-assets.fondazionepirelli.org\/wp-content\/uploads\/2019\/08\/01155026\/Capture.jpg\",\"datePublished\":\"2019-07-09T00:00:00+00:00\",\"dateModified\":\"2019-08-02T10:51:37+00:00\",\"author\":{\"@id\":\"https:\/\/www.fondazionepirelli.org\/it\/#\/schema\/person\/f47d097000832c4a6e54538c791fdf25\"},\"breadcrumb\":{\"@id\":\"https:\/\/www.fondazionepirelli.org\/it\/cultura-dimpresa\/leconomia-di-tutti\/#breadcrumb\"},\"inLanguage\":\"it-IT\",\"potentialAction\":[{\"@type\":\"ReadAction\",\"target\":[\"https:\/\/www.fondazionepirelli.org\/it\/cultura-dimpresa\/leconomia-di-tutti\/\"]}]},{\"@type\":\"ImageObject\",\"inLanguage\":\"it-IT\",\"@id\":\"https:\/\/www.fondazionepirelli.org\/it\/cultura-dimpresa\/leconomia-di-tutti\/#primaryimage\",\"url\":\"https:\/\/wpsite-assets.fondazionepirelli.org\/wp-content\/uploads\/2019\/08\/01155026\/Capture.jpg\",\"contentUrl\":\"https:\/\/wpsite-assets.fondazionepirelli.org\/wp-content\/uploads\/2019\/08\/01155026\/Capture.jpg\",\"width\":350,\"height\":532},{\"@type\":\"BreadcrumbList\",\"@id\":\"https:\/\/www.fondazionepirelli.org\/it\/cultura-dimpresa\/leconomia-di-tutti\/#breadcrumb\",\"itemListElement\":[{\"@type\":\"ListItem\",\"position\":1,\"name\":\"Home\",\"item\":\"https:\/\/www.fondazionepirelli.org\/it\/\"},{\"@type\":\"ListItem\",\"position\":2,\"name\":\"L\u2019economia di tutti\"}]},{\"@type\":\"WebSite\",\"@id\":\"https:\/\/www.fondazionepirelli.org\/it\/#website\",\"url\":\"https:\/\/www.fondazionepirelli.org\/it\/\",\"name\":\"Fondazione Pirelli\",\"description\":\"\",\"potentialAction\":[{\"@type\":\"SearchAction\",\"target\":{\"@type\":\"EntryPoint\",\"urlTemplate\":\"https:\/\/www.fondazionepirelli.org\/it\/?s={search_term_string}\"},\"query-input\":{\"@type\":\"PropertyValueSpecification\",\"valueRequired\":true,\"valueName\":\"search_term_string\"}}],\"inLanguage\":\"it-IT\"},{\"@type\":\"Person\",\"@id\":\"https:\/\/www.fondazionepirelli.org\/it\/#\/schema\/person\/f47d097000832c4a6e54538c791fdf25\",\"name\":\"fondadmin\",\"image\":{\"@type\":\"ImageObject\",\"inLanguage\":\"it-IT\",\"@id\":\"https:\/\/www.fondazionepirelli.org\/it\/#\/schema\/person\/image\/\",\"url\":\"https:\/\/secure.gravatar.com\/avatar\/e69498a9175ca244966e51e53c88712c024fcebe41f9a05f75657f1bb25e489b?s=96&d=mm&r=g\",\"contentUrl\":\"https:\/\/secure.gravatar.com\/avatar\/e69498a9175ca244966e51e53c88712c024fcebe41f9a05f75657f1bb25e489b?s=96&d=mm&r=g\",\"caption\":\"fondadmin\"},\"url\":\"https:\/\/www.fondazionepirelli.org\/it\/author\/fondadmin\/\"}]}<\/script>\n<!-- \/ Yoast SEO plugin. -->","yoast_head_json":{"title":"L\u2019economia di tutti - Fondazione Pirelli","robots":{"index":"index","follow":"follow","max-snippet":"max-snippet:-1","max-image-preview":"max-image-preview:large","max-video-preview":"max-video-preview:-1"},"canonical":"https:\/\/www.fondazionepirelli.org\/it\/cultura-dimpresa\/leconomia-di-tutti\/","og_locale":"it_IT","og_type":"article","og_title":"L\u2019economia di tutti - Fondazione Pirelli","og_description":"Sintetizzati in un libro scritto a pi\u00f9 mani i tratti di un nuovo approccio alla produzione e al profittoIl sistema sociale come un tutt\u2019uno, fatto di donne e uomini e di macchine, organizzazioni della produzione e per il welfare, di aspirazioni per il futuro e problemi dell\u2019oggi da risolvere. Un sistema nel quale le imprese [&hellip;]","og_url":"https:\/\/www.fondazionepirelli.org\/it\/cultura-dimpresa\/leconomia-di-tutti\/","og_site_name":"Fondazione Pirelli","article_published_time":"2019-07-09T00:00:00+00:00","article_modified_time":"2019-08-02T10:51:37+00:00","og_image":[{"width":350,"height":532,"url":"https:\/\/wpsite-assets.fondazionepirelli.org\/wp-content\/uploads\/2019\/08\/01155026\/Capture.jpg","type":"image\/jpeg"}],"author":"fondadmin","twitter_card":"summary_large_image","twitter_misc":{"Scritto da":"fondadmin","Tempo di lettura stimato":"2 minuti"},"schema":{"@context":"https:\/\/schema.org","@graph":[{"@type":"WebPage","@id":"https:\/\/www.fondazionepirelli.org\/it\/cultura-dimpresa\/leconomia-di-tutti\/","url":"https:\/\/www.fondazionepirelli.org\/it\/cultura-dimpresa\/leconomia-di-tutti\/","name":"L\u2019economia di tutti - Fondazione Pirelli","isPartOf":{"@id":"https:\/\/www.fondazionepirelli.org\/it\/#website"},"primaryImageOfPage":{"@id":"https:\/\/www.fondazionepirelli.org\/it\/cultura-dimpresa\/leconomia-di-tutti\/#primaryimage"},"image":{"@id":"https:\/\/www.fondazionepirelli.org\/it\/cultura-dimpresa\/leconomia-di-tutti\/#primaryimage"},"thumbnailUrl":"https:\/\/wpsite-assets.fondazionepirelli.org\/wp-content\/uploads\/2019\/08\/01155026\/Capture.jpg","datePublished":"2019-07-09T00:00:00+00:00","dateModified":"2019-08-02T10:51:37+00:00","author":{"@id":"https:\/\/www.fondazionepirelli.org\/it\/#\/schema\/person\/f47d097000832c4a6e54538c791fdf25"},"breadcrumb":{"@id":"https:\/\/www.fondazionepirelli.org\/it\/cultura-dimpresa\/leconomia-di-tutti\/#breadcrumb"},"inLanguage":"it-IT","potentialAction":[{"@type":"ReadAction","target":["https:\/\/www.fondazionepirelli.org\/it\/cultura-dimpresa\/leconomia-di-tutti\/"]}]},{"@type":"ImageObject","inLanguage":"it-IT","@id":"https:\/\/www.fondazionepirelli.org\/it\/cultura-dimpresa\/leconomia-di-tutti\/#primaryimage","url":"https:\/\/wpsite-assets.fondazionepirelli.org\/wp-content\/uploads\/2019\/08\/01155026\/Capture.jpg","contentUrl":"https:\/\/wpsite-assets.fondazionepirelli.org\/wp-content\/uploads\/2019\/08\/01155026\/Capture.jpg","width":350,"height":532},{"@type":"BreadcrumbList","@id":"https:\/\/www.fondazionepirelli.org\/it\/cultura-dimpresa\/leconomia-di-tutti\/#breadcrumb","itemListElement":[{"@type":"ListItem","position":1,"name":"Home","item":"https:\/\/www.fondazionepirelli.org\/it\/"},{"@type":"ListItem","position":2,"name":"L\u2019economia di tutti"}]},{"@type":"WebSite","@id":"https:\/\/www.fondazionepirelli.org\/it\/#website","url":"https:\/\/www.fondazionepirelli.org\/it\/","name":"Fondazione Pirelli","description":"","potentialAction":[{"@type":"SearchAction","target":{"@type":"EntryPoint","urlTemplate":"https:\/\/www.fondazionepirelli.org\/it\/?s={search_term_string}"},"query-input":{"@type":"PropertyValueSpecification","valueRequired":true,"valueName":"search_term_string"}}],"inLanguage":"it-IT"},{"@type":"Person","@id":"https:\/\/www.fondazionepirelli.org\/it\/#\/schema\/person\/f47d097000832c4a6e54538c791fdf25","name":"fondadmin","image":{"@type":"ImageObject","inLanguage":"it-IT","@id":"https:\/\/www.fondazionepirelli.org\/it\/#\/schema\/person\/image\/","url":"https:\/\/secure.gravatar.com\/avatar\/e69498a9175ca244966e51e53c88712c024fcebe41f9a05f75657f1bb25e489b?s=96&d=mm&r=g","contentUrl":"https:\/\/secure.gravatar.com\/avatar\/e69498a9175ca244966e51e53c88712c024fcebe41f9a05f75657f1bb25e489b?s=96&d=mm&r=g","caption":"fondadmin"},"url":"https:\/\/www.fondazionepirelli.org\/it\/author\/fondadmin\/"}]}},"_links":{"self":[{"href":"https:\/\/www.fondazionepirelli.org\/it\/wp-json\/wp\/v2\/posts\/65434\/"}],"collection":[{"href":"https:\/\/www.fondazionepirelli.org\/it\/wp-json\/wp\/v2\/posts\/"}],"about":[{"href":"https:\/\/www.fondazionepirelli.org\/it\/wp-json\/wp\/v2\/types\/post\/"}],"author":[{"embeddable":true,"href":"https:\/\/www.fondazionepirelli.org\/it\/wp-json\/wp\/v2\/users\/1\/"}],"replies":[{"embeddable":true,"href":"https:\/\/www.fondazionepirelli.org\/it\/wp-json\/wp\/v2\/comments\/?post=65434"}],"version-history":[{"count":1,"href":"https:\/\/www.fondazionepirelli.org\/it\/wp-json\/wp\/v2\/posts\/65434\/revisions\/"}],"predecessor-version":[{"id":65646,"href":"https:\/\/www.fondazionepirelli.org\/it\/wp-json\/wp\/v2\/posts\/65434\/revisions\/65646\/"}],"wp:featuredmedia":[{"embeddable":true,"href":"https:\/\/www.fondazionepirelli.org\/it\/wp-json\/wp\/v2\/media\/65435\/"}],"wp:attachment":[{"href":"https:\/\/www.fondazionepirelli.org\/it\/wp-json\/wp\/v2\/media\/?parent=65434"}],"wp:term":[{"taxonomy":"category","embeddable":true,"href":"https:\/\/www.fondazionepirelli.org\/it\/wp-json\/wp\/v2\/categories\/?post=65434"},{"taxonomy":"post_tag","embeddable":true,"href":"https:\/\/www.fondazionepirelli.org\/it\/wp-json\/wp\/v2\/tags\/?post=65434"}],"curies":[{"name":"wp","href":"https:\/\/api.w.org\/{rel}","templated":true}]}}