{"id":65443,"date":"2019-07-23T00:00:00","date_gmt":"2019-07-23T00:00:00","guid":{"rendered":"http:\/\/www.fondazionepirelli.org\/non-categorizzato\/ecco-come-il-socio-occulto-di-ndrangheta-e-mafia-inquina-leconomia-e-mette-in-crisi-le-buone-imprese\/"},"modified":"2019-08-02T10:48:55","modified_gmt":"2019-08-02T10:48:55","slug":"ecco-come-il-socio-occulto-di-ndrangheta-e-mafia-inquina-leconomia-e-mette-in-crisi-le-buone-imprese","status":"publish","type":"post","link":"https:\/\/www.fondazionepirelli.org\/it\/cultura-dimpresa\/ecco-come-il-socio-occulto-di-ndrangheta-e-mafia-inquina-leconomia-e-mette-in-crisi-le-buone-imprese\/","title":{"rendered":"Ecco come il \u201csocio occulto\u201d di \u2018ndrangheta e mafia inquina l\u2019economia e mette in crisi le buone imprese"},"content":{"rendered":"<p>\u201cIl socio occulto\u201d, che non appare ufficialmente ma governa in realt\u00e0 l\u2019impresa, ne condiziona scelte, legami, successi. Un socio mafioso.<strong> \u201cIl socio occulto\u201d<\/strong>, appunto, \u00e8 l\u2019efficace titolo dell\u2019ultimo libro di <strong>Marella Caramazza<\/strong>, manager, esperta di marketing e formazione,<strong> direttore generale della Fondazione Istud ed esperta indagatrice dell\u2019\u201canima nera\u201d dell\u2019economia del Nord<\/strong>. Pubblicato da Egea, la casa editrice dell\u2019Universit\u00e0 Bocconi, <strong>il saggio ricostruisce i legami tra corruzione nella pubblica amministrazione e crescita del peso economico di \u2018ndrangheta, camorra, Cosa Nostra siciliana<\/strong>. E vale la pena leggerlo, appunto, per capire le nuove dimensioni della criminalit\u00e0 organizzata, proprio mentre la Dia (la Direzione Investigativa Antimafia) e l\u2019Agenzia per i beni sequestrati e confiscati alla mafia forniscono all\u2019opinione pubblica i dati sulla <strong>presenza dei boss dei clan mafiosi nel mondo degli affari<\/strong>. Una presenza allarmante, in vari settori economici, dagli appalti pubblici alle forniture della sanit\u00e0, dal traffico dei rifiuti alle attivit\u00e0 commerciali, non solo nelle aree d\u2019origine delle famiglie criminali (Calabria, Sicilia, Campania, Puglia) ma soprattutto nelle zone economicamente pi\u00f9 dinamiche del Paese, dalla Lombardia all\u2019Emilia, dal Piemonte alla Liguria e a tutto il Nord Est. Non pi\u00f9 una \u201cinfiltrazione\u201d, come si continua a dire ancora oggi, per pigrizia concettuale. Ma una presenza estesa e profonda, un grave inquinamento, che sta alterando profondamente il funzionamento di mercati, servizi, lavori pubblici.<\/p>\n<p><strong>\u201cLa mafia \u00e8 ovunque\u201d<\/strong>, titola \u201cIl Sole24Ore\u201d (19 luglio) nel dare conto della <strong>relazione della Dia<\/strong>, che ricostruisce i <strong>principali settori d\u2019affari della mafia<\/strong> (giochi e scommesse on line, energie rinnovabili, agricoltura, ristorazione, attivit\u00e0 turistiche e alberghiere, supermercati, sanit\u00e0 e appalti pubblici, edilizia, commercio di opere d\u2019arte e reperti archeologici, raccolta e smaltimento rifiuti, proprio l\u2019ultima frontiera del business illegale su cui si muove, con successo, la Procura della Repubblica di Milano) e mostra come il Nord sia in testa alle classifiche delle operazioni sospette (il 46,8%, quasi una su due), con particolare peso della Lombardia, regione di finanziarie e banche.<\/p>\n<p>\u201cC\u2019\u00e8 mancanza di allarme sociale\u201d, insiste la Dia, sottolineando la <strong>rete di complicit\u00e0 della cosiddetta \u201carea grigia\u201d<\/strong> (ben raccontata anche nelle pagine de \u201cIl socio occulto\u201d) e cio\u00e8 di quei\u00a0 professionisti, manager, uomini d\u2019affari che organizzano, favoriscono, coprono le attivit\u00e0 delle imprese mafiose e il riciclaggio dei soldi provenienti da traffici illeciti. E preoccupate proprio dall\u2019espansione degli interessi di mafia, l\u2019<strong>Assolombarda<\/strong> a Milano e altre organizzazioni imprenditoriali in Veneto hanno intensificato la loro attivit\u00e0 sui <strong>temi della legalit\u00e0<\/strong> e per mettere in guardia le imprese: mai avere contatti con le cosche, mai lasciare spazio al \u201csocio occulto\u201d, pena la crisi grade dell\u2019economia di mercato e delle libert\u00e0 imprenditoriali. Un allarme che, pur lentamente, trova ascolto.<\/p>\n<p><strong>\u201cNella societ\u00e0 c\u2019\u00e8 voglia di mafia, di natura utilitaristica\u201d<\/strong>, denuncia, sempre sulle pagine de \u201cIl Sole24Ore\u201d (18 luglio), il <strong>Procuratore della Repubblica di Palermo Francesco Lo Voi<\/strong>, reduce da una brillante operazione di Polizia, tra la Sicilia e New York, che ha fatto scattare le manette ai polsi dei boss delle famiglie Inzerillo e Gambino, mafia storica in cerca di nuovi affari. I settori economici pi\u00f9 permeati, ricorda Lo Voi, sono \u201cenergia e rifiuti\u201d. E comunque, Palermo a parte, \u201cCosa Nostra investe all\u2019estero\u201d. Serve seguirne i flussi degli interessi, le piste dei soldi (come avevano insegnato Giovanni Falcone e Paolo Borsellino).<\/p>\n<p><strong>\u201cLe mafie diversificano al Nord. Scoperte 2.243 imprese colluse\u201d<\/strong>, titola \u201cLa Stampa\u201d (8 luglio), raccogliendo i <strong>dati delle prefetture e dell\u2019Anac<\/strong> (l\u2019Autorit\u00e0 anticorruzione guidata da Raffaele Cantone) sulle <strong>\u201cinterdittive\u201d<\/strong> e cio\u00e8 sui provvedimenti emessi dai prefetti, dopo una tempestiva istruttoria, per estromettere dagli appalti pubblici le imprese sospette di legami con clan mafiosi (l\u2019ultima, dai lavori per il Ponte Morandi a Genova). E proprio quel dato, 2.243 imprese colluse, mostra quanto preoccupante sia il <strong>fenomeno della presenza mafiosa nell\u2019economia<\/strong> ma anche come l\u2019apparato dello Stato si stia muovendo efficacemente per stroncare la <strong>devastazione criminale che stravolge affari e amministrazione pubblica<\/strong>.<\/p>\n<p>Anche il riordino e il <strong>rilancio dell\u2019Agenzia per i beni sequestrati e confiscati<\/strong> (pi\u00f9 risorse, migliore organizzazione) \u00e8 un importante strumento contro le attivit\u00e0 dei boss. Ci sono attualmente 2.982 aziende ex mafiose, in gestione all\u2019Agenzia. Vanno analizzate, per verificare che possano continuare a vivere in condizioni di <strong>regolarit\u00e0 e legalit\u00e0, fuori cio\u00e8 dai <em>business model <\/em>mafiosi<\/strong> (credito facile, corruzione, evasione fiscale, uso della violenza contro i concorrenti, lavoro nero, etc.). E affidate in gestione a manager competenti, e non solo a commercialisti e avvocati come custodi giudiziari, per poterle risanare e restituire al mercato. Sostiene <strong>Bruno Frattasi<\/strong>, prefetto, direttore dell\u2019Agenzia: \u201cIntendiamo valorizzare forme di collaborazione con associazioni di qualificati professionisti che possano portare all\u2019interno di queste aziende una cultura manageriale fortemente orientata al rispetto delle regole\u201d e dunque a una sana, corretta, efficiente gestione economica.<\/p>\n<p>C\u2019\u00e8 una condizione da ribaltare: il fatto che delle aziende sequestrate alla mafia (il provvedimento iniziale) appena il 34%, un terzo, sia ancora attivo, mentre arrivati al termine dell\u2019iter, alla confisca, solo il 19%, una su cinque, sopravviva. Le aziende ex mafiose vanno invece risanate, rilanciate, messe in condizione di creare, come ogni altra azienda, ricchezza e lavoro, Anche per evitare la diceria secondo cui con la presenza mafiosa l\u2019impresa vive e d\u00e0 lavoro, con l\u2019arrivo dello Stato, invece, l\u2019impresa muore e le persone restano disoccupate. Sfida difficile, Ma possibile.<\/p>\n<p>L\u2019obiettivo: legalit\u00e0, efficienza, competitivit\u00e0, al posto dei danni del \u201csocio occulto\u201d. <strong>L\u2019antimafia \u00e8 anche fare crescere una buona, equilibrata economia<\/strong>.<\/p>\n","protected":false},"excerpt":{"rendered":"<p>\u201cIl socio occulto\u201d, che non appare ufficialmente ma governa in realt\u00e0 l\u2019impresa, ne condiziona scelte, legami, successi. Un socio mafioso. \u201cIl socio occulto\u201d, appunto, \u00e8 l\u2019efficace titolo dell\u2019ultimo libro di Marella Caramazza, manager, esperta di marketing e formazione, direttore generale della Fondazione Istud ed esperta indagatrice dell\u2019\u201canima nera\u201d dell\u2019economia del Nord. Pubblicato da Egea, la [&hellip;]<\/p>\n","protected":false},"author":1,"featured_media":65444,"comment_status":"closed","ping_status":"closed","sticky":false,"template":"","format":"standard","meta":{"footnotes":""},"categories":[53,52],"tags":[],"class_list":["post-65443","post","type-post","status-publish","format-standard","has-post-thumbnail","hentry","category-blog","category-cultura-dimpresa"],"acf":[],"yoast_head":"<!-- This site is optimized with the Yoast SEO plugin v25.0 - https:\/\/yoast.com\/wordpress\/plugins\/seo\/ -->\n<title>Ecco come il \u201csocio occulto\u201d di \u2018ndrangheta e mafia inquina l\u2019economia e mette in crisi le buone imprese - Fondazione Pirelli<\/title>\n<meta name=\"robots\" content=\"index, follow, max-snippet:-1, max-image-preview:large, max-video-preview:-1\" \/>\n<link rel=\"canonical\" href=\"https:\/\/www.fondazionepirelli.org\/it\/cultura-dimpresa\/ecco-come-il-socio-occulto-di-ndrangheta-e-mafia-inquina-leconomia-e-mette-in-crisi-le-buone-imprese\/\" \/>\n<meta property=\"og:locale\" content=\"it_IT\" \/>\n<meta property=\"og:type\" content=\"article\" \/>\n<meta property=\"og:title\" content=\"Ecco come il \u201csocio occulto\u201d di \u2018ndrangheta e mafia inquina l\u2019economia e mette in crisi le buone imprese - Fondazione Pirelli\" \/>\n<meta property=\"og:description\" content=\"\u201cIl socio occulto\u201d, che non appare ufficialmente ma governa in realt\u00e0 l\u2019impresa, ne condiziona scelte, legami, successi. Un socio mafioso. \u201cIl socio occulto\u201d, appunto, \u00e8 l\u2019efficace titolo dell\u2019ultimo libro di Marella Caramazza, manager, esperta di marketing e formazione, direttore generale della Fondazione Istud ed esperta indagatrice dell\u2019\u201canima nera\u201d dell\u2019economia del Nord. Pubblicato da Egea, la [&hellip;]\" \/>\n<meta property=\"og:url\" content=\"https:\/\/www.fondazionepirelli.org\/it\/cultura-dimpresa\/ecco-come-il-socio-occulto-di-ndrangheta-e-mafia-inquina-leconomia-e-mette-in-crisi-le-buone-imprese\/\" \/>\n<meta property=\"og:site_name\" content=\"Fondazione Pirelli\" \/>\n<meta property=\"article:published_time\" content=\"2019-07-23T00:00:00+00:00\" \/>\n<meta property=\"article:modified_time\" content=\"2019-08-02T10:48:55+00:00\" \/>\n<meta property=\"og:image\" content=\"https:\/\/wpsite-assets.fondazionepirelli.org\/wp-content\/uploads\/2019\/08\/01155032\/8D751E51-E377-4491-8D67-372A0B173FB0.jpeg\" \/>\n\t<meta property=\"og:image:width\" content=\"500\" \/>\n\t<meta property=\"og:image:height\" content=\"361\" \/>\n\t<meta property=\"og:image:type\" content=\"image\/jpeg\" \/>\n<meta name=\"author\" content=\"fondadmin\" \/>\n<meta name=\"twitter:card\" content=\"summary_large_image\" \/>\n<meta name=\"twitter:label1\" content=\"Scritto da\" \/>\n\t<meta name=\"twitter:data1\" content=\"fondadmin\" \/>\n\t<meta name=\"twitter:label2\" content=\"Tempo di lettura stimato\" \/>\n\t<meta name=\"twitter:data2\" content=\"5 minuti\" \/>\n<script type=\"application\/ld+json\" class=\"yoast-schema-graph\">{\"@context\":\"https:\/\/schema.org\",\"@graph\":[{\"@type\":\"WebPage\",\"@id\":\"https:\/\/www.fondazionepirelli.org\/it\/cultura-dimpresa\/ecco-come-il-socio-occulto-di-ndrangheta-e-mafia-inquina-leconomia-e-mette-in-crisi-le-buone-imprese\/\",\"url\":\"https:\/\/www.fondazionepirelli.org\/it\/cultura-dimpresa\/ecco-come-il-socio-occulto-di-ndrangheta-e-mafia-inquina-leconomia-e-mette-in-crisi-le-buone-imprese\/\",\"name\":\"Ecco come il \u201csocio occulto\u201d di \u2018ndrangheta e mafia inquina l\u2019economia e mette in crisi le buone imprese - Fondazione Pirelli\",\"isPartOf\":{\"@id\":\"https:\/\/www.fondazionepirelli.org\/it\/#website\"},\"primaryImageOfPage\":{\"@id\":\"https:\/\/www.fondazionepirelli.org\/it\/cultura-dimpresa\/ecco-come-il-socio-occulto-di-ndrangheta-e-mafia-inquina-leconomia-e-mette-in-crisi-le-buone-imprese\/#primaryimage\"},\"image\":{\"@id\":\"https:\/\/www.fondazionepirelli.org\/it\/cultura-dimpresa\/ecco-come-il-socio-occulto-di-ndrangheta-e-mafia-inquina-leconomia-e-mette-in-crisi-le-buone-imprese\/#primaryimage\"},\"thumbnailUrl\":\"https:\/\/wpsite-assets.fondazionepirelli.org\/wp-content\/uploads\/2019\/08\/01155032\/8D751E51-E377-4491-8D67-372A0B173FB0.jpeg\",\"datePublished\":\"2019-07-23T00:00:00+00:00\",\"dateModified\":\"2019-08-02T10:48:55+00:00\",\"author\":{\"@id\":\"https:\/\/www.fondazionepirelli.org\/it\/#\/schema\/person\/f47d097000832c4a6e54538c791fdf25\"},\"breadcrumb\":{\"@id\":\"https:\/\/www.fondazionepirelli.org\/it\/cultura-dimpresa\/ecco-come-il-socio-occulto-di-ndrangheta-e-mafia-inquina-leconomia-e-mette-in-crisi-le-buone-imprese\/#breadcrumb\"},\"inLanguage\":\"it-IT\",\"potentialAction\":[{\"@type\":\"ReadAction\",\"target\":[\"https:\/\/www.fondazionepirelli.org\/it\/cultura-dimpresa\/ecco-come-il-socio-occulto-di-ndrangheta-e-mafia-inquina-leconomia-e-mette-in-crisi-le-buone-imprese\/\"]}]},{\"@type\":\"ImageObject\",\"inLanguage\":\"it-IT\",\"@id\":\"https:\/\/www.fondazionepirelli.org\/it\/cultura-dimpresa\/ecco-come-il-socio-occulto-di-ndrangheta-e-mafia-inquina-leconomia-e-mette-in-crisi-le-buone-imprese\/#primaryimage\",\"url\":\"https:\/\/wpsite-assets.fondazionepirelli.org\/wp-content\/uploads\/2019\/08\/01155032\/8D751E51-E377-4491-8D67-372A0B173FB0.jpeg\",\"contentUrl\":\"https:\/\/wpsite-assets.fondazionepirelli.org\/wp-content\/uploads\/2019\/08\/01155032\/8D751E51-E377-4491-8D67-372A0B173FB0.jpeg\",\"width\":500,\"height\":361},{\"@type\":\"BreadcrumbList\",\"@id\":\"https:\/\/www.fondazionepirelli.org\/it\/cultura-dimpresa\/ecco-come-il-socio-occulto-di-ndrangheta-e-mafia-inquina-leconomia-e-mette-in-crisi-le-buone-imprese\/#breadcrumb\",\"itemListElement\":[{\"@type\":\"ListItem\",\"position\":1,\"name\":\"Home\",\"item\":\"https:\/\/www.fondazionepirelli.org\/it\/\"},{\"@type\":\"ListItem\",\"position\":2,\"name\":\"Ecco come il \u201csocio occulto\u201d di \u2018ndrangheta e mafia inquina l\u2019economia e mette in crisi le buone imprese\"}]},{\"@type\":\"WebSite\",\"@id\":\"https:\/\/www.fondazionepirelli.org\/it\/#website\",\"url\":\"https:\/\/www.fondazionepirelli.org\/it\/\",\"name\":\"Fondazione Pirelli\",\"description\":\"\",\"potentialAction\":[{\"@type\":\"SearchAction\",\"target\":{\"@type\":\"EntryPoint\",\"urlTemplate\":\"https:\/\/www.fondazionepirelli.org\/it\/?s={search_term_string}\"},\"query-input\":{\"@type\":\"PropertyValueSpecification\",\"valueRequired\":true,\"valueName\":\"search_term_string\"}}],\"inLanguage\":\"it-IT\"},{\"@type\":\"Person\",\"@id\":\"https:\/\/www.fondazionepirelli.org\/it\/#\/schema\/person\/f47d097000832c4a6e54538c791fdf25\",\"name\":\"fondadmin\",\"image\":{\"@type\":\"ImageObject\",\"inLanguage\":\"it-IT\",\"@id\":\"https:\/\/www.fondazionepirelli.org\/it\/#\/schema\/person\/image\/\",\"url\":\"https:\/\/secure.gravatar.com\/avatar\/e69498a9175ca244966e51e53c88712c024fcebe41f9a05f75657f1bb25e489b?s=96&d=mm&r=g\",\"contentUrl\":\"https:\/\/secure.gravatar.com\/avatar\/e69498a9175ca244966e51e53c88712c024fcebe41f9a05f75657f1bb25e489b?s=96&d=mm&r=g\",\"caption\":\"fondadmin\"},\"url\":\"https:\/\/www.fondazionepirelli.org\/it\/author\/fondadmin\/\"}]}<\/script>\n<!-- \/ Yoast SEO plugin. -->","yoast_head_json":{"title":"Ecco come il \u201csocio occulto\u201d di \u2018ndrangheta e mafia inquina l\u2019economia e mette in crisi le buone imprese - Fondazione Pirelli","robots":{"index":"index","follow":"follow","max-snippet":"max-snippet:-1","max-image-preview":"max-image-preview:large","max-video-preview":"max-video-preview:-1"},"canonical":"https:\/\/www.fondazionepirelli.org\/it\/cultura-dimpresa\/ecco-come-il-socio-occulto-di-ndrangheta-e-mafia-inquina-leconomia-e-mette-in-crisi-le-buone-imprese\/","og_locale":"it_IT","og_type":"article","og_title":"Ecco come il \u201csocio occulto\u201d di \u2018ndrangheta e mafia inquina l\u2019economia e mette in crisi le buone imprese - Fondazione Pirelli","og_description":"\u201cIl socio occulto\u201d, che non appare ufficialmente ma governa in realt\u00e0 l\u2019impresa, ne condiziona scelte, legami, successi. Un socio mafioso. \u201cIl socio occulto\u201d, appunto, \u00e8 l\u2019efficace titolo dell\u2019ultimo libro di Marella Caramazza, manager, esperta di marketing e formazione, direttore generale della Fondazione Istud ed esperta indagatrice dell\u2019\u201canima nera\u201d dell\u2019economia del Nord. Pubblicato da Egea, la [&hellip;]","og_url":"https:\/\/www.fondazionepirelli.org\/it\/cultura-dimpresa\/ecco-come-il-socio-occulto-di-ndrangheta-e-mafia-inquina-leconomia-e-mette-in-crisi-le-buone-imprese\/","og_site_name":"Fondazione Pirelli","article_published_time":"2019-07-23T00:00:00+00:00","article_modified_time":"2019-08-02T10:48:55+00:00","og_image":[{"width":500,"height":361,"url":"https:\/\/wpsite-assets.fondazionepirelli.org\/wp-content\/uploads\/2019\/08\/01155032\/8D751E51-E377-4491-8D67-372A0B173FB0.jpeg","type":"image\/jpeg"}],"author":"fondadmin","twitter_card":"summary_large_image","twitter_misc":{"Scritto da":"fondadmin","Tempo di lettura stimato":"5 minuti"},"schema":{"@context":"https:\/\/schema.org","@graph":[{"@type":"WebPage","@id":"https:\/\/www.fondazionepirelli.org\/it\/cultura-dimpresa\/ecco-come-il-socio-occulto-di-ndrangheta-e-mafia-inquina-leconomia-e-mette-in-crisi-le-buone-imprese\/","url":"https:\/\/www.fondazionepirelli.org\/it\/cultura-dimpresa\/ecco-come-il-socio-occulto-di-ndrangheta-e-mafia-inquina-leconomia-e-mette-in-crisi-le-buone-imprese\/","name":"Ecco come il \u201csocio occulto\u201d di \u2018ndrangheta e mafia inquina l\u2019economia e mette in crisi le buone imprese - Fondazione Pirelli","isPartOf":{"@id":"https:\/\/www.fondazionepirelli.org\/it\/#website"},"primaryImageOfPage":{"@id":"https:\/\/www.fondazionepirelli.org\/it\/cultura-dimpresa\/ecco-come-il-socio-occulto-di-ndrangheta-e-mafia-inquina-leconomia-e-mette-in-crisi-le-buone-imprese\/#primaryimage"},"image":{"@id":"https:\/\/www.fondazionepirelli.org\/it\/cultura-dimpresa\/ecco-come-il-socio-occulto-di-ndrangheta-e-mafia-inquina-leconomia-e-mette-in-crisi-le-buone-imprese\/#primaryimage"},"thumbnailUrl":"https:\/\/wpsite-assets.fondazionepirelli.org\/wp-content\/uploads\/2019\/08\/01155032\/8D751E51-E377-4491-8D67-372A0B173FB0.jpeg","datePublished":"2019-07-23T00:00:00+00:00","dateModified":"2019-08-02T10:48:55+00:00","author":{"@id":"https:\/\/www.fondazionepirelli.org\/it\/#\/schema\/person\/f47d097000832c4a6e54538c791fdf25"},"breadcrumb":{"@id":"https:\/\/www.fondazionepirelli.org\/it\/cultura-dimpresa\/ecco-come-il-socio-occulto-di-ndrangheta-e-mafia-inquina-leconomia-e-mette-in-crisi-le-buone-imprese\/#breadcrumb"},"inLanguage":"it-IT","potentialAction":[{"@type":"ReadAction","target":["https:\/\/www.fondazionepirelli.org\/it\/cultura-dimpresa\/ecco-come-il-socio-occulto-di-ndrangheta-e-mafia-inquina-leconomia-e-mette-in-crisi-le-buone-imprese\/"]}]},{"@type":"ImageObject","inLanguage":"it-IT","@id":"https:\/\/www.fondazionepirelli.org\/it\/cultura-dimpresa\/ecco-come-il-socio-occulto-di-ndrangheta-e-mafia-inquina-leconomia-e-mette-in-crisi-le-buone-imprese\/#primaryimage","url":"https:\/\/wpsite-assets.fondazionepirelli.org\/wp-content\/uploads\/2019\/08\/01155032\/8D751E51-E377-4491-8D67-372A0B173FB0.jpeg","contentUrl":"https:\/\/wpsite-assets.fondazionepirelli.org\/wp-content\/uploads\/2019\/08\/01155032\/8D751E51-E377-4491-8D67-372A0B173FB0.jpeg","width":500,"height":361},{"@type":"BreadcrumbList","@id":"https:\/\/www.fondazionepirelli.org\/it\/cultura-dimpresa\/ecco-come-il-socio-occulto-di-ndrangheta-e-mafia-inquina-leconomia-e-mette-in-crisi-le-buone-imprese\/#breadcrumb","itemListElement":[{"@type":"ListItem","position":1,"name":"Home","item":"https:\/\/www.fondazionepirelli.org\/it\/"},{"@type":"ListItem","position":2,"name":"Ecco come il \u201csocio occulto\u201d di \u2018ndrangheta e mafia inquina l\u2019economia e mette in crisi le buone imprese"}]},{"@type":"WebSite","@id":"https:\/\/www.fondazionepirelli.org\/it\/#website","url":"https:\/\/www.fondazionepirelli.org\/it\/","name":"Fondazione Pirelli","description":"","potentialAction":[{"@type":"SearchAction","target":{"@type":"EntryPoint","urlTemplate":"https:\/\/www.fondazionepirelli.org\/it\/?s={search_term_string}"},"query-input":{"@type":"PropertyValueSpecification","valueRequired":true,"valueName":"search_term_string"}}],"inLanguage":"it-IT"},{"@type":"Person","@id":"https:\/\/www.fondazionepirelli.org\/it\/#\/schema\/person\/f47d097000832c4a6e54538c791fdf25","name":"fondadmin","image":{"@type":"ImageObject","inLanguage":"it-IT","@id":"https:\/\/www.fondazionepirelli.org\/it\/#\/schema\/person\/image\/","url":"https:\/\/secure.gravatar.com\/avatar\/e69498a9175ca244966e51e53c88712c024fcebe41f9a05f75657f1bb25e489b?s=96&d=mm&r=g","contentUrl":"https:\/\/secure.gravatar.com\/avatar\/e69498a9175ca244966e51e53c88712c024fcebe41f9a05f75657f1bb25e489b?s=96&d=mm&r=g","caption":"fondadmin"},"url":"https:\/\/www.fondazionepirelli.org\/it\/author\/fondadmin\/"}]}},"_links":{"self":[{"href":"https:\/\/www.fondazionepirelli.org\/it\/wp-json\/wp\/v2\/posts\/65443\/"}],"collection":[{"href":"https:\/\/www.fondazionepirelli.org\/it\/wp-json\/wp\/v2\/posts\/"}],"about":[{"href":"https:\/\/www.fondazionepirelli.org\/it\/wp-json\/wp\/v2\/types\/post\/"}],"author":[{"embeddable":true,"href":"https:\/\/www.fondazionepirelli.org\/it\/wp-json\/wp\/v2\/users\/1\/"}],"replies":[{"embeddable":true,"href":"https:\/\/www.fondazionepirelli.org\/it\/wp-json\/wp\/v2\/comments\/?post=65443"}],"version-history":[{"count":1,"href":"https:\/\/www.fondazionepirelli.org\/it\/wp-json\/wp\/v2\/posts\/65443\/revisions\/"}],"predecessor-version":[{"id":65637,"href":"https:\/\/www.fondazionepirelli.org\/it\/wp-json\/wp\/v2\/posts\/65443\/revisions\/65637\/"}],"wp:featuredmedia":[{"embeddable":true,"href":"https:\/\/www.fondazionepirelli.org\/it\/wp-json\/wp\/v2\/media\/65444\/"}],"wp:attachment":[{"href":"https:\/\/www.fondazionepirelli.org\/it\/wp-json\/wp\/v2\/media\/?parent=65443"}],"wp:term":[{"taxonomy":"category","embeddable":true,"href":"https:\/\/www.fondazionepirelli.org\/it\/wp-json\/wp\/v2\/categories\/?post=65443"},{"taxonomy":"post_tag","embeddable":true,"href":"https:\/\/www.fondazionepirelli.org\/it\/wp-json\/wp\/v2\/tags\/?post=65443"}],"curies":[{"name":"wp","href":"https:\/\/api.w.org\/{rel}","templated":true}]}}