{"id":65447,"date":"2019-07-23T00:00:00","date_gmt":"2019-07-23T00:00:00","guid":{"rendered":"http:\/\/www.fondazionepirelli.org\/non-categorizzato\/saper-lavorare-con-il-futuro\/"},"modified":"2019-08-02T10:49:50","modified_gmt":"2019-08-02T10:49:50","slug":"saper-lavorare-con-il-futuro","status":"publish","type":"post","link":"https:\/\/www.fondazionepirelli.org\/it\/cultura-dimpresa\/saper-lavorare-con-il-futuro\/","title":{"rendered":"Saper lavorare con il futuro"},"content":{"rendered":"<p><em>Metodi e tecniche per affrontare quanto ci aspetta, raccontati con linguaggio piano e leggibile<\/em><\/p><p>Il segreto sta nella capacit\u00e0 di reagire con prontezza agli imprevisti. E\u2019 anche questo, ormai, ci\u00f2 che viene richiesto al buon imprenditore cos\u00ec come al bravo <em>manager <\/em>d\u2019impresa. Esigenza alla quale segue un\u2019indicazione di fondo: per gestire situazioni sempre pi\u00f9 incerte e confuse \u00e8 necessario imparare ad anticipare quello che verr\u00e0. E\u2019 su questa base che Roberto Poli ha scritto \u201cLavorare con il futuro. Idee e strumenti per governare l&#8217;incertezza\u201d.<\/p>\n<p>L\u2019autore \u2013 che insegna Previsione sociale ed Epistemologia delle scienze sociali all\u2019Universit\u00e0 di Trento -, spiega che non si tratta di saper prevedere ci\u00f2 che accadr\u00e0, ma piuttosto di saperci lavorare insieme\u00a0 usando un apparato di strumenti messi a punto \u201cper visualizzare i futuri possibili ed elaborare scenari capaci di guidare le decisioni nel presente\u201d.<\/p>\n<p>Serve quindi sapere misurare i rischi e identificare i cambiamenti, occorre saper distinguere ci\u00f2 che \u00e8 solo complicato da ci\u00f2 che \u00e8 effettivamente complesso. E\u2019 necessario molto esercizio. Ed \u00e8 proprio per questo che serve leggere il libro di Poli che affronta il tema in pi\u00f9 fasi, ciascuna con i propri specifici strumenti e metodi. A fare da fonti di esercizio \u2013 e poi di lavoro -,\u00a0 sono approcci particolari alla realt\u00e0 come quelli dell\u2019intelligenza collettiva, delle tattiche militari, delle strategie che insegnano la resilienza.<\/p>\n<p>Il libro \u00e8 composto da una successione di 10 capitoli. Si parte quindi con il mettere ordine nelle definizioni per passare poi alla puntualizzazione dei concetti di <em>megatrend<\/em> e di anticipazione. Poli quindi approfondisce i binomi rischio-incertezza e complicato-complesso, per poi passare ad esaminare la cassetta degli attrezzi di chi \u201clavora con il futuro\u201d.<\/p>\n<p>Il libro di Roberto Poli \u00e8 affascinante e si deve percorrere da cima a fondo: non sempre facile da leggere, \u00e8 comunque una buona lettura.<\/p>\n<p>Bellissimo, in chiusura, il ricordo di Aurelio Peccei e dell\u2019inscindibilit\u00e0 del futuro dalla qualit\u00e0 umana.<\/p><p><strong>Lavorare con il futuro. <\/strong><strong>Idee e strumenti per governare l&#8217;incertezza<\/strong><\/p>\n<p>Roberto Poli<\/p>\n<p>EGEA, 2019<\/p>\n","protected":false},"excerpt":{"rendered":"<p>Metodi e tecniche per affrontare quanto ci aspetta, raccontati con linguaggio piano e leggibileIl segreto sta nella capacit\u00e0 di reagire con prontezza agli imprevisti. E\u2019 anche questo, ormai, ci\u00f2 che viene richiesto al buon imprenditore cos\u00ec come al bravo manager d\u2019impresa. Esigenza alla quale segue un\u2019indicazione di fondo: per gestire situazioni sempre pi\u00f9 incerte e [&hellip;]<\/p>\n","protected":false},"author":1,"featured_media":65448,"comment_status":"closed","ping_status":"closed","sticky":false,"template":"","format":"standard","meta":{"footnotes":""},"categories":[52,58],"tags":[],"class_list":["post-65447","post","type-post","status-publish","format-standard","has-post-thumbnail","hentry","category-cultura-dimpresa","category-recensioni-libri"],"acf":[],"yoast_head":"<!-- This site is optimized with the Yoast SEO plugin v25.0 - https:\/\/yoast.com\/wordpress\/plugins\/seo\/ -->\n<title>Saper lavorare con il futuro - Fondazione Pirelli<\/title>\n<meta name=\"robots\" content=\"index, follow, max-snippet:-1, max-image-preview:large, max-video-preview:-1\" \/>\n<link rel=\"canonical\" href=\"https:\/\/www.fondazionepirelli.org\/it\/cultura-dimpresa\/saper-lavorare-con-il-futuro\/\" \/>\n<meta property=\"og:locale\" content=\"it_IT\" \/>\n<meta property=\"og:type\" content=\"article\" \/>\n<meta property=\"og:title\" content=\"Saper lavorare con il futuro - Fondazione Pirelli\" \/>\n<meta property=\"og:description\" content=\"Metodi e tecniche per affrontare quanto ci aspetta, raccontati con linguaggio piano e leggibileIl segreto sta nella capacit\u00e0 di reagire con prontezza agli imprevisti. E\u2019 anche questo, ormai, ci\u00f2 che viene richiesto al buon imprenditore cos\u00ec come al bravo manager d\u2019impresa. Esigenza alla quale segue un\u2019indicazione di fondo: per gestire situazioni sempre pi\u00f9 incerte e [&hellip;]\" \/>\n<meta property=\"og:url\" content=\"https:\/\/www.fondazionepirelli.org\/it\/cultura-dimpresa\/saper-lavorare-con-il-futuro\/\" \/>\n<meta property=\"og:site_name\" content=\"Fondazione Pirelli\" \/>\n<meta property=\"article:published_time\" content=\"2019-07-23T00:00:00+00:00\" \/>\n<meta property=\"article:modified_time\" content=\"2019-08-02T10:49:50+00:00\" \/>\n<meta property=\"og:image\" content=\"https:\/\/wpsite-assets.fondazionepirelli.org\/wp-content\/uploads\/2019\/08\/01155033\/Lavorare-con-il-futuro.jpg\" \/>\n\t<meta property=\"og:image:width\" content=\"350\" \/>\n\t<meta property=\"og:image:height\" content=\"532\" \/>\n\t<meta property=\"og:image:type\" content=\"image\/jpeg\" \/>\n<meta name=\"author\" content=\"fondadmin\" \/>\n<meta name=\"twitter:card\" content=\"summary_large_image\" \/>\n<meta name=\"twitter:label1\" content=\"Scritto da\" \/>\n\t<meta name=\"twitter:data1\" content=\"fondadmin\" \/>\n\t<meta name=\"twitter:label2\" content=\"Tempo di lettura stimato\" \/>\n\t<meta name=\"twitter:data2\" content=\"2 minuti\" \/>\n<script type=\"application\/ld+json\" class=\"yoast-schema-graph\">{\"@context\":\"https:\/\/schema.org\",\"@graph\":[{\"@type\":\"WebPage\",\"@id\":\"https:\/\/www.fondazionepirelli.org\/it\/cultura-dimpresa\/saper-lavorare-con-il-futuro\/\",\"url\":\"https:\/\/www.fondazionepirelli.org\/it\/cultura-dimpresa\/saper-lavorare-con-il-futuro\/\",\"name\":\"Saper lavorare con il futuro - Fondazione Pirelli\",\"isPartOf\":{\"@id\":\"https:\/\/www.fondazionepirelli.org\/it\/#website\"},\"primaryImageOfPage\":{\"@id\":\"https:\/\/www.fondazionepirelli.org\/it\/cultura-dimpresa\/saper-lavorare-con-il-futuro\/#primaryimage\"},\"image\":{\"@id\":\"https:\/\/www.fondazionepirelli.org\/it\/cultura-dimpresa\/saper-lavorare-con-il-futuro\/#primaryimage\"},\"thumbnailUrl\":\"https:\/\/wpsite-assets.fondazionepirelli.org\/wp-content\/uploads\/2019\/08\/01155033\/Lavorare-con-il-futuro.jpg\",\"datePublished\":\"2019-07-23T00:00:00+00:00\",\"dateModified\":\"2019-08-02T10:49:50+00:00\",\"author\":{\"@id\":\"https:\/\/www.fondazionepirelli.org\/it\/#\/schema\/person\/f47d097000832c4a6e54538c791fdf25\"},\"breadcrumb\":{\"@id\":\"https:\/\/www.fondazionepirelli.org\/it\/cultura-dimpresa\/saper-lavorare-con-il-futuro\/#breadcrumb\"},\"inLanguage\":\"it-IT\",\"potentialAction\":[{\"@type\":\"ReadAction\",\"target\":[\"https:\/\/www.fondazionepirelli.org\/it\/cultura-dimpresa\/saper-lavorare-con-il-futuro\/\"]}]},{\"@type\":\"ImageObject\",\"inLanguage\":\"it-IT\",\"@id\":\"https:\/\/www.fondazionepirelli.org\/it\/cultura-dimpresa\/saper-lavorare-con-il-futuro\/#primaryimage\",\"url\":\"https:\/\/wpsite-assets.fondazionepirelli.org\/wp-content\/uploads\/2019\/08\/01155033\/Lavorare-con-il-futuro.jpg\",\"contentUrl\":\"https:\/\/wpsite-assets.fondazionepirelli.org\/wp-content\/uploads\/2019\/08\/01155033\/Lavorare-con-il-futuro.jpg\",\"width\":350,\"height\":532},{\"@type\":\"BreadcrumbList\",\"@id\":\"https:\/\/www.fondazionepirelli.org\/it\/cultura-dimpresa\/saper-lavorare-con-il-futuro\/#breadcrumb\",\"itemListElement\":[{\"@type\":\"ListItem\",\"position\":1,\"name\":\"Home\",\"item\":\"https:\/\/www.fondazionepirelli.org\/it\/\"},{\"@type\":\"ListItem\",\"position\":2,\"name\":\"Saper lavorare con il futuro\"}]},{\"@type\":\"WebSite\",\"@id\":\"https:\/\/www.fondazionepirelli.org\/it\/#website\",\"url\":\"https:\/\/www.fondazionepirelli.org\/it\/\",\"name\":\"Fondazione Pirelli\",\"description\":\"\",\"potentialAction\":[{\"@type\":\"SearchAction\",\"target\":{\"@type\":\"EntryPoint\",\"urlTemplate\":\"https:\/\/www.fondazionepirelli.org\/it\/?s={search_term_string}\"},\"query-input\":{\"@type\":\"PropertyValueSpecification\",\"valueRequired\":true,\"valueName\":\"search_term_string\"}}],\"inLanguage\":\"it-IT\"},{\"@type\":\"Person\",\"@id\":\"https:\/\/www.fondazionepirelli.org\/it\/#\/schema\/person\/f47d097000832c4a6e54538c791fdf25\",\"name\":\"fondadmin\",\"image\":{\"@type\":\"ImageObject\",\"inLanguage\":\"it-IT\",\"@id\":\"https:\/\/www.fondazionepirelli.org\/it\/#\/schema\/person\/image\/\",\"url\":\"https:\/\/secure.gravatar.com\/avatar\/e69498a9175ca244966e51e53c88712c024fcebe41f9a05f75657f1bb25e489b?s=96&d=mm&r=g\",\"contentUrl\":\"https:\/\/secure.gravatar.com\/avatar\/e69498a9175ca244966e51e53c88712c024fcebe41f9a05f75657f1bb25e489b?s=96&d=mm&r=g\",\"caption\":\"fondadmin\"},\"url\":\"https:\/\/www.fondazionepirelli.org\/it\/author\/fondadmin\/\"}]}<\/script>\n<!-- \/ Yoast SEO plugin. -->","yoast_head_json":{"title":"Saper lavorare con il futuro - Fondazione Pirelli","robots":{"index":"index","follow":"follow","max-snippet":"max-snippet:-1","max-image-preview":"max-image-preview:large","max-video-preview":"max-video-preview:-1"},"canonical":"https:\/\/www.fondazionepirelli.org\/it\/cultura-dimpresa\/saper-lavorare-con-il-futuro\/","og_locale":"it_IT","og_type":"article","og_title":"Saper lavorare con il futuro - Fondazione Pirelli","og_description":"Metodi e tecniche per affrontare quanto ci aspetta, raccontati con linguaggio piano e leggibileIl segreto sta nella capacit\u00e0 di reagire con prontezza agli imprevisti. E\u2019 anche questo, ormai, ci\u00f2 che viene richiesto al buon imprenditore cos\u00ec come al bravo manager d\u2019impresa. Esigenza alla quale segue un\u2019indicazione di fondo: per gestire situazioni sempre pi\u00f9 incerte e [&hellip;]","og_url":"https:\/\/www.fondazionepirelli.org\/it\/cultura-dimpresa\/saper-lavorare-con-il-futuro\/","og_site_name":"Fondazione Pirelli","article_published_time":"2019-07-23T00:00:00+00:00","article_modified_time":"2019-08-02T10:49:50+00:00","og_image":[{"width":350,"height":532,"url":"https:\/\/wpsite-assets.fondazionepirelli.org\/wp-content\/uploads\/2019\/08\/01155033\/Lavorare-con-il-futuro.jpg","type":"image\/jpeg"}],"author":"fondadmin","twitter_card":"summary_large_image","twitter_misc":{"Scritto da":"fondadmin","Tempo di lettura stimato":"2 minuti"},"schema":{"@context":"https:\/\/schema.org","@graph":[{"@type":"WebPage","@id":"https:\/\/www.fondazionepirelli.org\/it\/cultura-dimpresa\/saper-lavorare-con-il-futuro\/","url":"https:\/\/www.fondazionepirelli.org\/it\/cultura-dimpresa\/saper-lavorare-con-il-futuro\/","name":"Saper lavorare con il futuro - Fondazione Pirelli","isPartOf":{"@id":"https:\/\/www.fondazionepirelli.org\/it\/#website"},"primaryImageOfPage":{"@id":"https:\/\/www.fondazionepirelli.org\/it\/cultura-dimpresa\/saper-lavorare-con-il-futuro\/#primaryimage"},"image":{"@id":"https:\/\/www.fondazionepirelli.org\/it\/cultura-dimpresa\/saper-lavorare-con-il-futuro\/#primaryimage"},"thumbnailUrl":"https:\/\/wpsite-assets.fondazionepirelli.org\/wp-content\/uploads\/2019\/08\/01155033\/Lavorare-con-il-futuro.jpg","datePublished":"2019-07-23T00:00:00+00:00","dateModified":"2019-08-02T10:49:50+00:00","author":{"@id":"https:\/\/www.fondazionepirelli.org\/it\/#\/schema\/person\/f47d097000832c4a6e54538c791fdf25"},"breadcrumb":{"@id":"https:\/\/www.fondazionepirelli.org\/it\/cultura-dimpresa\/saper-lavorare-con-il-futuro\/#breadcrumb"},"inLanguage":"it-IT","potentialAction":[{"@type":"ReadAction","target":["https:\/\/www.fondazionepirelli.org\/it\/cultura-dimpresa\/saper-lavorare-con-il-futuro\/"]}]},{"@type":"ImageObject","inLanguage":"it-IT","@id":"https:\/\/www.fondazionepirelli.org\/it\/cultura-dimpresa\/saper-lavorare-con-il-futuro\/#primaryimage","url":"https:\/\/wpsite-assets.fondazionepirelli.org\/wp-content\/uploads\/2019\/08\/01155033\/Lavorare-con-il-futuro.jpg","contentUrl":"https:\/\/wpsite-assets.fondazionepirelli.org\/wp-content\/uploads\/2019\/08\/01155033\/Lavorare-con-il-futuro.jpg","width":350,"height":532},{"@type":"BreadcrumbList","@id":"https:\/\/www.fondazionepirelli.org\/it\/cultura-dimpresa\/saper-lavorare-con-il-futuro\/#breadcrumb","itemListElement":[{"@type":"ListItem","position":1,"name":"Home","item":"https:\/\/www.fondazionepirelli.org\/it\/"},{"@type":"ListItem","position":2,"name":"Saper lavorare con il futuro"}]},{"@type":"WebSite","@id":"https:\/\/www.fondazionepirelli.org\/it\/#website","url":"https:\/\/www.fondazionepirelli.org\/it\/","name":"Fondazione Pirelli","description":"","potentialAction":[{"@type":"SearchAction","target":{"@type":"EntryPoint","urlTemplate":"https:\/\/www.fondazionepirelli.org\/it\/?s={search_term_string}"},"query-input":{"@type":"PropertyValueSpecification","valueRequired":true,"valueName":"search_term_string"}}],"inLanguage":"it-IT"},{"@type":"Person","@id":"https:\/\/www.fondazionepirelli.org\/it\/#\/schema\/person\/f47d097000832c4a6e54538c791fdf25","name":"fondadmin","image":{"@type":"ImageObject","inLanguage":"it-IT","@id":"https:\/\/www.fondazionepirelli.org\/it\/#\/schema\/person\/image\/","url":"https:\/\/secure.gravatar.com\/avatar\/e69498a9175ca244966e51e53c88712c024fcebe41f9a05f75657f1bb25e489b?s=96&d=mm&r=g","contentUrl":"https:\/\/secure.gravatar.com\/avatar\/e69498a9175ca244966e51e53c88712c024fcebe41f9a05f75657f1bb25e489b?s=96&d=mm&r=g","caption":"fondadmin"},"url":"https:\/\/www.fondazionepirelli.org\/it\/author\/fondadmin\/"}]}},"_links":{"self":[{"href":"https:\/\/www.fondazionepirelli.org\/it\/wp-json\/wp\/v2\/posts\/65447\/"}],"collection":[{"href":"https:\/\/www.fondazionepirelli.org\/it\/wp-json\/wp\/v2\/posts\/"}],"about":[{"href":"https:\/\/www.fondazionepirelli.org\/it\/wp-json\/wp\/v2\/types\/post\/"}],"author":[{"embeddable":true,"href":"https:\/\/www.fondazionepirelli.org\/it\/wp-json\/wp\/v2\/users\/1\/"}],"replies":[{"embeddable":true,"href":"https:\/\/www.fondazionepirelli.org\/it\/wp-json\/wp\/v2\/comments\/?post=65447"}],"version-history":[{"count":1,"href":"https:\/\/www.fondazionepirelli.org\/it\/wp-json\/wp\/v2\/posts\/65447\/revisions\/"}],"predecessor-version":[{"id":65639,"href":"https:\/\/www.fondazionepirelli.org\/it\/wp-json\/wp\/v2\/posts\/65447\/revisions\/65639\/"}],"wp:featuredmedia":[{"embeddable":true,"href":"https:\/\/www.fondazionepirelli.org\/it\/wp-json\/wp\/v2\/media\/65448\/"}],"wp:attachment":[{"href":"https:\/\/www.fondazionepirelli.org\/it\/wp-json\/wp\/v2\/media\/?parent=65447"}],"wp:term":[{"taxonomy":"category","embeddable":true,"href":"https:\/\/www.fondazionepirelli.org\/it\/wp-json\/wp\/v2\/categories\/?post=65447"},{"taxonomy":"post_tag","embeddable":true,"href":"https:\/\/www.fondazionepirelli.org\/it\/wp-json\/wp\/v2\/tags\/?post=65447"}],"curies":[{"name":"wp","href":"https:\/\/api.w.org\/{rel}","templated":true}]}}