{"id":67601,"date":"2019-09-03T07:26:40","date_gmt":"2019-09-03T07:26:40","guid":{"rendered":"https:\/\/www.fondazionepirelli.org\/?p=67601"},"modified":"2019-09-09T12:55:07","modified_gmt":"2019-09-09T12:55:07","slug":"lautunno-delleconomia-mondiale-fra-timori-di-recessione-e-impegni-per-la-green-economy","status":"publish","type":"post","link":"https:\/\/www.fondazionepirelli.org\/it\/cultura-dimpresa\/lautunno-delleconomia-mondiale-fra-timori-di-recessione-e-impegni-per-la-green-economy\/","title":{"rendered":"L\u2019autunno dell\u2019economia mondiale fra timori di recessione e impegni per la green economy"},"content":{"rendered":"<p>L\u2019autunno dell\u2019economia mondiale comincia con un doppio segno. Quello dei timori d\u2019una nuova recessione globale. E quello, del tutto opposto, carico di fiducia, dell\u2019attenzione crescente ai temi ambientali espressa sia dal mondo economico che dai governi del G7, preoccupati per i roghi che devastano Siberia, Amazzonia ed Africa e il contemporaneo scioglimento dei ghiacciai e ben intenzionati, dunque, a ragionare concretamente di \u201csviluppo sostenibile\u201d.<\/p>\n<p>Ci si pu\u00f2 fare ironia, come il tagliente Altan (\u201cLa recessione \u00e8 un fatto transitorio\u201d, dice uno dei suoi omini un po\u2019 truci. \u201cPoi andr\u00e0 peggio\u201d, replica l\u2019altro). Ma anche ragionare positivamente su quella che sembra una svolta etica delle imprese: il documento della <em>Business Roundtable<\/em> (il club delle principali 180 multinazionali azionali Usa) che mette in secondo piano il principio dello <em>shareholder value <\/em>(profitto e valore delle azioni) per lasciare uno spazio essenziale agli interessi e ai valori degli <em>stakeholders <\/em>(dipendenti, consumatori, fornitori, persone delle comunit\u00e0 coinvolte dall\u2019attivit\u00e0 delle imprese).<\/p>\n<p>Per dirla in sintesi: entriamo in un autunno in cui il tema centrale \u00e8 la crescita economica, ma d\u2019una qualit\u00e0 e d\u2019un equilibrio molto migliori che nel passato.<\/p>\n<p>L\u2019economia globale sta rallentando, sostengono i principali banchieri mondiali riuniti, alla fine d\u2019agosto, tra le montagne del Wyoming, negli Usa. S\u2019avverte l\u2019ombra della recessione, conferma la Bce, ben consapevole della crisi dell\u2019economia tedesca (bloccata soprattutto dalle difficolt\u00e0 del settore dell\u2019auto) e della stagnazione italiana, che dura oramai da cinque trimestri (l\u2019Istat, venerd\u00ec, ha confermato per l\u2019Italia crescita zero per il 2019) e della fragilit\u00e0 di tutta l\u2019area Ue (crescita prevista dell\u20191,1%). Le guerre dei dazi e delle valute scatenate dal sovranismo irresponsabile di Triumph, verso la Cina e l\u2019Europa stanno amplificando le conseguenze negative per tutto il commercio internazionale. La Brexit aggrava il quadro. Le tensioni politiche in Cina (Hong Kong), India, Iran e Africa tengono un po\u2019 tutto il mondo in grande tensione.<\/p>\n<p>C\u2019\u00e8 dunque da essere preoccupati, seriamente. Eppure, chi osserva con attenzione i fenomeni economici, non pu\u00f2 non nutrire anche alcune fondate speranze sulle ipotesi di radicali e positivi cambiamenti del contesto. Quali? Quelli che potremmo riassumere sotto il cappello della <em>green economy<\/em>.<\/p>\n<p>Guardiamo meglio, allora, al documento della <em>Business Roundtable<\/em>. Firmato nel cuore d\u2019agosto da pi\u00f9 di 180 top manager (quelli di Amazon, Apple, Accenture, BlackRock, IBM, JP Morgan, Goldman Sachs, Coca Cola, General Motors, At&amp;T e delle altre grandi aziende della C<em>orporate America, <\/em>con 15milioni di dipendenti), rovescia la <em>shareholder theory <\/em>di Milton Friedman (\u201cLa responsabilit\u00e0 sociale delle imprese consiste nell\u2019aumentare i profitti\u201d) che ha nutrito e distorto pensieri e azioni economiche dagli anni Ottanta a oggi e sostiene che, accanto ai profitti, compito delle imprese sia quello di arricchire la vita dei propri dipendenti, dei consumatori, dei fornitori e delle comunit\u00e0, nel rispetto dei diritti e dei valori delle persone e dell\u2019ambiente.\u00a0Dai <em>Chicago Boys <\/em>liberisti di Friedman alla rilettura di Keynes, liberale con forte sensibilit\u00e0 sociale, si potrebbe dire in una sola frase di sintesi.<\/p>\n<p>Guardiamo meglio. \u00c8 una svolta opportunistica, per cercare di salvare con una riverniciata <em>green<\/em> gli interessi di un <em>business <\/em>che incontra crescenti critiche etiche e sociali, dicono gli osservatori pi\u00f9 sospettosi e disincantati. Una vera e propria \u201csterzata nella filosofia degli imprenditori\u201d, s\u2019entusiasma invece <em>The Wall Street Journal<\/em>. Anche <em>The Economist <\/em>\u00e8 positivamente orientato, parlando di impegno sociale delle imprese, per un capitalismo \u201ccivile\u201d o ancora pi\u00f9 precisamente \u201ccollettivo\u201d, attento alle esigenze della societ\u00e0. \u201cLa svolta etica del capitalismo\u201d, titola il <em>Corriere della Sera<\/em>. Opportunista o meno che sia la svolta, le dichiarazioni formali dei documenti hanno una loro forza, una certa solennit\u00e0. E queste risentono comunque degli orientamenti di un\u2019opinione pubblica che, soprattutto tra i <em>millennials <\/em>(i nati tra il 1981 e il 1996), come manager ma anche come consumatori, mostra una crescente sensibilit\u00e0 per il temi ambientali e gli equilibri sociali (lo ha ben documentato su <em>IlSole24Ore <\/em>del 30 agosto Giorgio Barba Navaretti, economista impegnato tra l\u2019Universit\u00e0 Statale di Milano e SciencePo di Parigi)<em>. <\/em>E possono avere un ruolo importante nel miglioramento del clima economico e nella costruzione di un nuovo e pi\u00f9 equilibrato paradigma di crescita e contribuire a una \u201ceconomia civile\u201d e \u201ccircolare\u201d nel segno della responsabilit\u00e0 d\u2019uno sviluppo \u201csostenibile e inclusivo\u201d, capace di legare competitivit\u00e0 e sostenibilit\u00e0 ambientale e sociale.<\/p>\n<p>Come? C\u2019\u00e8 una crescente letteratura economica e sociale, sul tema. E indicazioni interessanti si ritrovano anche nelle pagine di\u00a0 \u201cResponsabili\u201d, il nuovo libro di Stefano Zamagni (edito da Il Mulino), un autorevole economista attento alle questioni sociali e, appunto, all\u2019economia civile, adesso presidente della Pontificia Accademia delle Scienze Sociali, molto ascoltato da Papa Francesco sui temi dell\u2019\u201deconomia giusta\u201d. Keynes, appunto (e i suoi nuovi interpreti, Stiglitz, Krugman, Fitoussi, Crouch). E un rilancio contemporaneo della dottrina sociale della Chiesa, in originale dialogo, che s\u2019aggiorna con il miglior ambientalismo.<\/p>\n<p>La svolta <em>green<\/em> e sostenibile della <em>Corporate America<\/em>, peraltro, arriva dopo le impegnative prese di posizione di imprese e associazioni imprenditoriali in Francia e in Germania, oltre che naturalmente in Italia, con la scelta di Confindustria che aveva reso pubblico, gi\u00e0 nel 2018, il \u201cManifesto per la responsabilit\u00e0 sociale d\u2019impresa per l\u2019Industria 4.0\u201d, legando innovazione hi tech e sostenibilit\u00e0 (una strada gi\u00e0 percorsa da tempo, con successo, da parecchie delle migliori imprese italiane, come abbiamo raccontato spesso in questo blog). E sono molte le associazioni e le fondazioni d\u2019impresa che sostengono le battaglie e le ricerche di Symbola, guidata da Ermete Realacci, una delle personalit\u00e0 pi\u00f9 autorevoli dell\u2019ambientalismo italiano e le attivit\u00e0 dell\u2019Asvis, l\u2019associazione per lo sviluppo sostenibile, presieduta da Enrico Giovannini e impegnata a tradurre in prativa i principi dei Sustainable Development Goals degli accordi Onu di Parigi 2015.<\/p>\n<p>Ecco dunque la leva essenziale della <em>green economy<\/em>. Pu\u00f2 ispirare i programmi e le iniziative della nuova commissione Ue guidata da Ursula von del Leyen (ci sono gi\u00e0 impegnative dichiarazioni in questo senso). Ma anche le attivit\u00e0 del nuovo governo italiano, che sul legame tra competitivit\u00e0 e sostenibilit\u00e0 pu\u00f2 giocare molte carte positive.<\/p>\n","protected":false},"excerpt":{"rendered":"<p>L\u2019autunno dell\u2019economia mondiale comincia con un doppio segno. Quello dei timori d\u2019una nuova recessione globale. E quello, del tutto opposto, carico di fiducia, dell\u2019attenzione crescente ai temi ambientali espressa sia dal mondo economico che dai governi del G7, preoccupati per i roghi che devastano Siberia, Amazzonia ed Africa e il contemporaneo scioglimento dei ghiacciai e [&hellip;]<\/p>\n","protected":false},"author":1,"featured_media":67670,"comment_status":"open","ping_status":"open","sticky":false,"template":"","format":"standard","meta":{"footnotes":""},"categories":[53,52],"tags":[],"class_list":["post-67601","post","type-post","status-publish","format-standard","has-post-thumbnail","hentry","category-blog","category-cultura-dimpresa"],"acf":[],"yoast_head":"<!-- This site is optimized with the Yoast SEO plugin v25.0 - https:\/\/yoast.com\/wordpress\/plugins\/seo\/ -->\n<title>L\u2019autunno dell\u2019economia mondiale fra timori di recessione e impegni per la green economy - Fondazione Pirelli<\/title>\n<meta name=\"robots\" content=\"index, follow, max-snippet:-1, max-image-preview:large, max-video-preview:-1\" \/>\n<link rel=\"canonical\" href=\"https:\/\/www.fondazionepirelli.org\/it\/cultura-dimpresa\/lautunno-delleconomia-mondiale-fra-timori-di-recessione-e-impegni-per-la-green-economy\/\" \/>\n<meta property=\"og:locale\" content=\"it_IT\" \/>\n<meta property=\"og:type\" content=\"article\" \/>\n<meta property=\"og:title\" content=\"L\u2019autunno dell\u2019economia mondiale fra timori di recessione e impegni per la green economy - Fondazione Pirelli\" \/>\n<meta property=\"og:description\" content=\"L\u2019autunno dell\u2019economia mondiale comincia con un doppio segno. Quello dei timori d\u2019una nuova recessione globale. E quello, del tutto opposto, carico di fiducia, dell\u2019attenzione crescente ai temi ambientali espressa sia dal mondo economico che dai governi del G7, preoccupati per i roghi che devastano Siberia, Amazzonia ed Africa e il contemporaneo scioglimento dei ghiacciai e [&hellip;]\" \/>\n<meta property=\"og:url\" content=\"https:\/\/www.fondazionepirelli.org\/it\/cultura-dimpresa\/lautunno-delleconomia-mondiale-fra-timori-di-recessione-e-impegni-per-la-green-economy\/\" \/>\n<meta property=\"og:site_name\" content=\"Fondazione Pirelli\" \/>\n<meta property=\"article:published_time\" content=\"2019-09-03T07:26:40+00:00\" \/>\n<meta property=\"article:modified_time\" content=\"2019-09-09T12:55:07+00:00\" \/>\n<meta property=\"og:image\" content=\"https:\/\/wpsite-assets.fondazionepirelli.org\/wp-content\/uploads\/2019\/09\/03132037\/cropped-Pengaburk-82-2.jpg\" \/>\n\t<meta property=\"og:image:width\" content=\"2400\" \/>\n\t<meta property=\"og:image:height\" content=\"1300\" \/>\n\t<meta property=\"og:image:type\" content=\"image\/jpeg\" \/>\n<meta name=\"author\" content=\"fondadmin\" \/>\n<meta name=\"twitter:card\" content=\"summary_large_image\" \/>\n<meta name=\"twitter:label1\" content=\"Scritto da\" \/>\n\t<meta name=\"twitter:data1\" content=\"fondadmin\" \/>\n\t<meta name=\"twitter:label2\" content=\"Tempo di lettura stimato\" \/>\n\t<meta name=\"twitter:data2\" content=\"5 minuti\" \/>\n<script type=\"application\/ld+json\" class=\"yoast-schema-graph\">{\"@context\":\"https:\/\/schema.org\",\"@graph\":[{\"@type\":\"WebPage\",\"@id\":\"https:\/\/www.fondazionepirelli.org\/it\/cultura-dimpresa\/lautunno-delleconomia-mondiale-fra-timori-di-recessione-e-impegni-per-la-green-economy\/\",\"url\":\"https:\/\/www.fondazionepirelli.org\/it\/cultura-dimpresa\/lautunno-delleconomia-mondiale-fra-timori-di-recessione-e-impegni-per-la-green-economy\/\",\"name\":\"L\u2019autunno dell\u2019economia mondiale fra timori di recessione e impegni per la green economy - Fondazione Pirelli\",\"isPartOf\":{\"@id\":\"https:\/\/www.fondazionepirelli.org\/it\/#website\"},\"primaryImageOfPage\":{\"@id\":\"https:\/\/www.fondazionepirelli.org\/it\/cultura-dimpresa\/lautunno-delleconomia-mondiale-fra-timori-di-recessione-e-impegni-per-la-green-economy\/#primaryimage\"},\"image\":{\"@id\":\"https:\/\/www.fondazionepirelli.org\/it\/cultura-dimpresa\/lautunno-delleconomia-mondiale-fra-timori-di-recessione-e-impegni-per-la-green-economy\/#primaryimage\"},\"thumbnailUrl\":\"https:\/\/wpsite-assets.fondazionepirelli.org\/wp-content\/uploads\/2019\/09\/03132037\/cropped-Pengaburk-82-2.jpg\",\"datePublished\":\"2019-09-03T07:26:40+00:00\",\"dateModified\":\"2019-09-09T12:55:07+00:00\",\"author\":{\"@id\":\"https:\/\/www.fondazionepirelli.org\/it\/#\/schema\/person\/f47d097000832c4a6e54538c791fdf25\"},\"breadcrumb\":{\"@id\":\"https:\/\/www.fondazionepirelli.org\/it\/cultura-dimpresa\/lautunno-delleconomia-mondiale-fra-timori-di-recessione-e-impegni-per-la-green-economy\/#breadcrumb\"},\"inLanguage\":\"it-IT\",\"potentialAction\":[{\"@type\":\"ReadAction\",\"target\":[\"https:\/\/www.fondazionepirelli.org\/it\/cultura-dimpresa\/lautunno-delleconomia-mondiale-fra-timori-di-recessione-e-impegni-per-la-green-economy\/\"]}]},{\"@type\":\"ImageObject\",\"inLanguage\":\"it-IT\",\"@id\":\"https:\/\/www.fondazionepirelli.org\/it\/cultura-dimpresa\/lautunno-delleconomia-mondiale-fra-timori-di-recessione-e-impegni-per-la-green-economy\/#primaryimage\",\"url\":\"https:\/\/wpsite-assets.fondazionepirelli.org\/wp-content\/uploads\/2019\/09\/03132037\/cropped-Pengaburk-82-2.jpg\",\"contentUrl\":\"https:\/\/wpsite-assets.fondazionepirelli.org\/wp-content\/uploads\/2019\/09\/03132037\/cropped-Pengaburk-82-2.jpg\",\"width\":2400,\"height\":1300},{\"@type\":\"BreadcrumbList\",\"@id\":\"https:\/\/www.fondazionepirelli.org\/it\/cultura-dimpresa\/lautunno-delleconomia-mondiale-fra-timori-di-recessione-e-impegni-per-la-green-economy\/#breadcrumb\",\"itemListElement\":[{\"@type\":\"ListItem\",\"position\":1,\"name\":\"Home\",\"item\":\"https:\/\/www.fondazionepirelli.org\/it\/\"},{\"@type\":\"ListItem\",\"position\":2,\"name\":\"L\u2019autunno dell\u2019economia mondiale fra timori di recessione e impegni per la green economy\"}]},{\"@type\":\"WebSite\",\"@id\":\"https:\/\/www.fondazionepirelli.org\/it\/#website\",\"url\":\"https:\/\/www.fondazionepirelli.org\/it\/\",\"name\":\"Fondazione Pirelli\",\"description\":\"\",\"potentialAction\":[{\"@type\":\"SearchAction\",\"target\":{\"@type\":\"EntryPoint\",\"urlTemplate\":\"https:\/\/www.fondazionepirelli.org\/it\/?s={search_term_string}\"},\"query-input\":{\"@type\":\"PropertyValueSpecification\",\"valueRequired\":true,\"valueName\":\"search_term_string\"}}],\"inLanguage\":\"it-IT\"},{\"@type\":\"Person\",\"@id\":\"https:\/\/www.fondazionepirelli.org\/it\/#\/schema\/person\/f47d097000832c4a6e54538c791fdf25\",\"name\":\"fondadmin\",\"image\":{\"@type\":\"ImageObject\",\"inLanguage\":\"it-IT\",\"@id\":\"https:\/\/www.fondazionepirelli.org\/it\/#\/schema\/person\/image\/\",\"url\":\"https:\/\/secure.gravatar.com\/avatar\/e69498a9175ca244966e51e53c88712c024fcebe41f9a05f75657f1bb25e489b?s=96&d=mm&r=g\",\"contentUrl\":\"https:\/\/secure.gravatar.com\/avatar\/e69498a9175ca244966e51e53c88712c024fcebe41f9a05f75657f1bb25e489b?s=96&d=mm&r=g\",\"caption\":\"fondadmin\"},\"url\":\"https:\/\/www.fondazionepirelli.org\/it\/author\/fondadmin\/\"}]}<\/script>\n<!-- \/ Yoast SEO plugin. -->","yoast_head_json":{"title":"L\u2019autunno dell\u2019economia mondiale fra timori di recessione e impegni per la green economy - Fondazione Pirelli","robots":{"index":"index","follow":"follow","max-snippet":"max-snippet:-1","max-image-preview":"max-image-preview:large","max-video-preview":"max-video-preview:-1"},"canonical":"https:\/\/www.fondazionepirelli.org\/it\/cultura-dimpresa\/lautunno-delleconomia-mondiale-fra-timori-di-recessione-e-impegni-per-la-green-economy\/","og_locale":"it_IT","og_type":"article","og_title":"L\u2019autunno dell\u2019economia mondiale fra timori di recessione e impegni per la green economy - Fondazione Pirelli","og_description":"L\u2019autunno dell\u2019economia mondiale comincia con un doppio segno. Quello dei timori d\u2019una nuova recessione globale. E quello, del tutto opposto, carico di fiducia, dell\u2019attenzione crescente ai temi ambientali espressa sia dal mondo economico che dai governi del G7, preoccupati per i roghi che devastano Siberia, Amazzonia ed Africa e il contemporaneo scioglimento dei ghiacciai e [&hellip;]","og_url":"https:\/\/www.fondazionepirelli.org\/it\/cultura-dimpresa\/lautunno-delleconomia-mondiale-fra-timori-di-recessione-e-impegni-per-la-green-economy\/","og_site_name":"Fondazione Pirelli","article_published_time":"2019-09-03T07:26:40+00:00","article_modified_time":"2019-09-09T12:55:07+00:00","og_image":[{"width":2400,"height":1300,"url":"https:\/\/wpsite-assets.fondazionepirelli.org\/wp-content\/uploads\/2019\/09\/03132037\/cropped-Pengaburk-82-2.jpg","type":"image\/jpeg"}],"author":"fondadmin","twitter_card":"summary_large_image","twitter_misc":{"Scritto da":"fondadmin","Tempo di lettura stimato":"5 minuti"},"schema":{"@context":"https:\/\/schema.org","@graph":[{"@type":"WebPage","@id":"https:\/\/www.fondazionepirelli.org\/it\/cultura-dimpresa\/lautunno-delleconomia-mondiale-fra-timori-di-recessione-e-impegni-per-la-green-economy\/","url":"https:\/\/www.fondazionepirelli.org\/it\/cultura-dimpresa\/lautunno-delleconomia-mondiale-fra-timori-di-recessione-e-impegni-per-la-green-economy\/","name":"L\u2019autunno dell\u2019economia mondiale fra timori di recessione e impegni per la green economy - Fondazione Pirelli","isPartOf":{"@id":"https:\/\/www.fondazionepirelli.org\/it\/#website"},"primaryImageOfPage":{"@id":"https:\/\/www.fondazionepirelli.org\/it\/cultura-dimpresa\/lautunno-delleconomia-mondiale-fra-timori-di-recessione-e-impegni-per-la-green-economy\/#primaryimage"},"image":{"@id":"https:\/\/www.fondazionepirelli.org\/it\/cultura-dimpresa\/lautunno-delleconomia-mondiale-fra-timori-di-recessione-e-impegni-per-la-green-economy\/#primaryimage"},"thumbnailUrl":"https:\/\/wpsite-assets.fondazionepirelli.org\/wp-content\/uploads\/2019\/09\/03132037\/cropped-Pengaburk-82-2.jpg","datePublished":"2019-09-03T07:26:40+00:00","dateModified":"2019-09-09T12:55:07+00:00","author":{"@id":"https:\/\/www.fondazionepirelli.org\/it\/#\/schema\/person\/f47d097000832c4a6e54538c791fdf25"},"breadcrumb":{"@id":"https:\/\/www.fondazionepirelli.org\/it\/cultura-dimpresa\/lautunno-delleconomia-mondiale-fra-timori-di-recessione-e-impegni-per-la-green-economy\/#breadcrumb"},"inLanguage":"it-IT","potentialAction":[{"@type":"ReadAction","target":["https:\/\/www.fondazionepirelli.org\/it\/cultura-dimpresa\/lautunno-delleconomia-mondiale-fra-timori-di-recessione-e-impegni-per-la-green-economy\/"]}]},{"@type":"ImageObject","inLanguage":"it-IT","@id":"https:\/\/www.fondazionepirelli.org\/it\/cultura-dimpresa\/lautunno-delleconomia-mondiale-fra-timori-di-recessione-e-impegni-per-la-green-economy\/#primaryimage","url":"https:\/\/wpsite-assets.fondazionepirelli.org\/wp-content\/uploads\/2019\/09\/03132037\/cropped-Pengaburk-82-2.jpg","contentUrl":"https:\/\/wpsite-assets.fondazionepirelli.org\/wp-content\/uploads\/2019\/09\/03132037\/cropped-Pengaburk-82-2.jpg","width":2400,"height":1300},{"@type":"BreadcrumbList","@id":"https:\/\/www.fondazionepirelli.org\/it\/cultura-dimpresa\/lautunno-delleconomia-mondiale-fra-timori-di-recessione-e-impegni-per-la-green-economy\/#breadcrumb","itemListElement":[{"@type":"ListItem","position":1,"name":"Home","item":"https:\/\/www.fondazionepirelli.org\/it\/"},{"@type":"ListItem","position":2,"name":"L\u2019autunno dell\u2019economia mondiale fra timori di recessione e impegni per la green economy"}]},{"@type":"WebSite","@id":"https:\/\/www.fondazionepirelli.org\/it\/#website","url":"https:\/\/www.fondazionepirelli.org\/it\/","name":"Fondazione Pirelli","description":"","potentialAction":[{"@type":"SearchAction","target":{"@type":"EntryPoint","urlTemplate":"https:\/\/www.fondazionepirelli.org\/it\/?s={search_term_string}"},"query-input":{"@type":"PropertyValueSpecification","valueRequired":true,"valueName":"search_term_string"}}],"inLanguage":"it-IT"},{"@type":"Person","@id":"https:\/\/www.fondazionepirelli.org\/it\/#\/schema\/person\/f47d097000832c4a6e54538c791fdf25","name":"fondadmin","image":{"@type":"ImageObject","inLanguage":"it-IT","@id":"https:\/\/www.fondazionepirelli.org\/it\/#\/schema\/person\/image\/","url":"https:\/\/secure.gravatar.com\/avatar\/e69498a9175ca244966e51e53c88712c024fcebe41f9a05f75657f1bb25e489b?s=96&d=mm&r=g","contentUrl":"https:\/\/secure.gravatar.com\/avatar\/e69498a9175ca244966e51e53c88712c024fcebe41f9a05f75657f1bb25e489b?s=96&d=mm&r=g","caption":"fondadmin"},"url":"https:\/\/www.fondazionepirelli.org\/it\/author\/fondadmin\/"}]}},"_links":{"self":[{"href":"https:\/\/www.fondazionepirelli.org\/it\/wp-json\/wp\/v2\/posts\/67601\/"}],"collection":[{"href":"https:\/\/www.fondazionepirelli.org\/it\/wp-json\/wp\/v2\/posts\/"}],"about":[{"href":"https:\/\/www.fondazionepirelli.org\/it\/wp-json\/wp\/v2\/types\/post\/"}],"author":[{"embeddable":true,"href":"https:\/\/www.fondazionepirelli.org\/it\/wp-json\/wp\/v2\/users\/1\/"}],"replies":[{"embeddable":true,"href":"https:\/\/www.fondazionepirelli.org\/it\/wp-json\/wp\/v2\/comments\/?post=67601"}],"version-history":[{"count":4,"href":"https:\/\/www.fondazionepirelli.org\/it\/wp-json\/wp\/v2\/posts\/67601\/revisions\/"}],"predecessor-version":[{"id":67757,"href":"https:\/\/www.fondazionepirelli.org\/it\/wp-json\/wp\/v2\/posts\/67601\/revisions\/67757\/"}],"wp:featuredmedia":[{"embeddable":true,"href":"https:\/\/www.fondazionepirelli.org\/it\/wp-json\/wp\/v2\/media\/67670\/"}],"wp:attachment":[{"href":"https:\/\/www.fondazionepirelli.org\/it\/wp-json\/wp\/v2\/media\/?parent=67601"}],"wp:term":[{"taxonomy":"category","embeddable":true,"href":"https:\/\/www.fondazionepirelli.org\/it\/wp-json\/wp\/v2\/categories\/?post=67601"},{"taxonomy":"post_tag","embeddable":true,"href":"https:\/\/www.fondazionepirelli.org\/it\/wp-json\/wp\/v2\/tags\/?post=67601"}],"curies":[{"name":"wp","href":"https:\/\/api.w.org\/{rel}","templated":true}]}}