{"id":67603,"date":"2019-09-02T07:42:20","date_gmt":"2019-09-02T07:42:20","guid":{"rendered":"https:\/\/www.fondazionepirelli.org\/?p=67603"},"modified":"2019-09-09T12:50:42","modified_gmt":"2019-09-09T12:50:42","slug":"cultura-dimpresa-e-cultura-del-pubblico-affinita-necessarie","status":"publish","type":"post","link":"https:\/\/www.fondazionepirelli.org\/it\/cultura-dimpresa\/cultura-dimpresa-e-cultura-del-pubblico-affinita-necessarie\/","title":{"rendered":"Cultura d\u2019impresa e cultura del pubblico, affinit\u00e0 necessarie"},"content":{"rendered":"<p><em>Un\u2019ampia raccolta di saggi pubblicata da Sapienza e LUISS, delinea nuovi orizzonti di cooperazione<\/em><\/p><p>Pubblico e privato. Anche nell\u2019economia e nella produzione di ricchezza (che non necessariamente deve essere sempre e solo materiale). Profitto di bilancio e profitto sociale. E poi ancora particolare visione del mercato e del lavoro.\u00a0 Sono numerose e tutte importanti le relazioni che, negli attuali sistemi sociali, si possono attivare fra area pubblica e area privata. Entrambe espressioni di una cultura del produrre (in senso materiale ma anche immateriale), le due sfere della societ\u00e0 interagiscono continuamente, generando effetti che a loro volta sono motivo di interazione. E condizionandosi a vicenda. Ed \u00e8 per questo che occorre capire meglio natura e aspetti di questo rapporto. Leggere la raccolta di saggi \u201cDialogo e cooperazione tra societ\u00e0, sistema pubblico ed imprese: politiche pubbliche e strategie di impresa\u201d \u2013 scritta a pi\u00f9 mani e pubblicata da Universit\u00e0 Sapienza e LUISS -, \u00e8 un buon modo per iniziare ad approfondire questi temi.<\/p>\n<p>Si tratta di una raccolta di saggi che ragionano tutti sui diversi aspetti dei legami fra sistema pubblico e imprese private visti da differenti visuali. La raccolta \u00e8 articolata in una serie di aree ognuna delle quali indaga sulle relazioni pubblico-privato da un particolare punto di vista: prima in senso generale, poi da quello legislativo, in seguito guardando alla qualit\u00e0 delle politiche pubbliche, poi alle questioni delle autonomie, della programmazione degli interventi, delle relazioni con l\u2019Europa e, infine, dello <em>smart working<\/em>. Ogni parte della raccolta inizia con una \u201crelazione conclusiva\u201d che ha il compito di sintetizzare i risultati degli studi particolari afferenti ad ogni grande area tematica.<\/p>\n<p>Scrive Mario Bonito (della Facolt\u00e0 di Scienze Politiche, Sociologia, Comunicazione della Sapienza), in una delle relazioni conclusive della \u201cnecessit\u00e0 di una maggiore cooperazione tra pubblico e privato al fine di garantire ordine e competitivit\u00e0. L\u2019assenza di fiducia infatti genera il prevalere dell\u2019uno sull\u2019altro e viceversa, fattore che produce una paralisi e una riduzione della libert\u00e0\u201d. E ancora: \u201cUna maggiore fiducia e coesione fra pubblico e privato migliorerebbe la qualit\u00e0 delle politiche pubbliche nel breve periodo, rafforzandone la capacit\u00e0 di formulazione, il coordinamento fra le politiche e le previsioni degli impatti economici, e nel lungo periodo grazie a meccanismi di attuazione, monitoraggio, valutazione e responsabilit\u00e0\u201d.<\/p>\n<p>Si delinea una sorta di nuova cultura d\u2019impresa unita ad una nuova cultura dell\u2019intervento pubblico: entrambe volte a migliorare il territorio, la produzione, il benessere.<\/p><p><strong><a href=\"https:\/\/wpsite-assets.fondazionepirelli.org\/wp-content\/uploads\/2019\/09\/02074125\/cultura_dimpresa_e_cultura_del_pubblico_affinita%CC%80_necessarie.pdf\">Dialogo e cooperazione tra societ\u00e0, sistema pubblico ed imprese: politiche pubbliche e strategie di impresa<\/a><\/strong><\/p>\n<p>AA.VV.<\/p>\n<p>Scuola per le Politiche Pubbliche, Universit\u00e0 Sapienza, LUISS, 2019<\/p>\n","protected":false},"excerpt":{"rendered":"<p>Un\u2019ampia raccolta di saggi pubblicata da Sapienza e LUISS, delinea nuovi orizzonti di cooperazionePubblico e privato. Anche nell\u2019economia e nella produzione di ricchezza (che non necessariamente deve essere sempre e solo materiale). Profitto di bilancio e profitto sociale. E poi ancora particolare visione del mercato e del lavoro.\u00a0 Sono numerose e tutte importanti le relazioni [&hellip;]<\/p>\n","protected":false},"author":1,"featured_media":0,"comment_status":"open","ping_status":"open","sticky":false,"template":"","format":"standard","meta":{"footnotes":""},"categories":[54,52],"tags":[],"class_list":["post-67603","post","type-post","status-publish","format-standard","hentry","category-approfondimenti","category-cultura-dimpresa"],"acf":[],"yoast_head":"<!-- This site is optimized with the Yoast SEO plugin v25.0 - https:\/\/yoast.com\/wordpress\/plugins\/seo\/ -->\n<title>Cultura d\u2019impresa e cultura del pubblico, affinit\u00e0 necessarie - Fondazione Pirelli<\/title>\n<meta name=\"robots\" content=\"index, follow, max-snippet:-1, max-image-preview:large, max-video-preview:-1\" \/>\n<link rel=\"canonical\" href=\"https:\/\/www.fondazionepirelli.org\/it\/cultura-dimpresa\/cultura-dimpresa-e-cultura-del-pubblico-affinita-necessarie\/\" \/>\n<meta property=\"og:locale\" content=\"it_IT\" \/>\n<meta property=\"og:type\" content=\"article\" \/>\n<meta property=\"og:title\" content=\"Cultura d\u2019impresa e cultura del pubblico, affinit\u00e0 necessarie - Fondazione Pirelli\" \/>\n<meta property=\"og:description\" content=\"Un\u2019ampia raccolta di saggi pubblicata da Sapienza e LUISS, delinea nuovi orizzonti di cooperazionePubblico e privato. Anche nell\u2019economia e nella produzione di ricchezza (che non necessariamente deve essere sempre e solo materiale). Profitto di bilancio e profitto sociale. E poi ancora particolare visione del mercato e del lavoro.\u00a0 Sono numerose e tutte importanti le relazioni [&hellip;]\" \/>\n<meta property=\"og:url\" content=\"https:\/\/127.0.0.1\/it\/cultura-dimpresa\/cultura-dimpresa-e-cultura-del-pubblico-affinita-necessarie\/\" \/>\n<meta property=\"og:site_name\" content=\"Fondazione Pirelli\" \/>\n<meta property=\"article:published_time\" content=\"2019-09-02T07:42:20+00:00\" \/>\n<meta property=\"article:modified_time\" content=\"2019-09-09T12:50:42+00:00\" \/>\n<meta name=\"author\" content=\"fondadmin\" \/>\n<meta name=\"twitter:card\" content=\"summary_large_image\" \/>\n<meta name=\"twitter:label1\" content=\"Scritto da\" \/>\n\t<meta name=\"twitter:data1\" content=\"fondadmin\" \/>\n\t<meta name=\"twitter:label2\" content=\"Tempo di lettura stimato\" \/>\n\t<meta name=\"twitter:data2\" content=\"2 minuti\" \/>\n<script type=\"application\/ld+json\" class=\"yoast-schema-graph\">{\"@context\":\"https:\/\/schema.org\",\"@graph\":[{\"@type\":\"WebPage\",\"@id\":\"https:\/\/127.0.0.1\/it\/cultura-dimpresa\/cultura-dimpresa-e-cultura-del-pubblico-affinita-necessarie\/\",\"url\":\"https:\/\/127.0.0.1\/it\/cultura-dimpresa\/cultura-dimpresa-e-cultura-del-pubblico-affinita-necessarie\/\",\"name\":\"Cultura d\u2019impresa e cultura del pubblico, affinit\u00e0 necessarie - Fondazione Pirelli\",\"isPartOf\":{\"@id\":\"https:\/\/www.fondazionepirelli.org\/it\/#website\"},\"datePublished\":\"2019-09-02T07:42:20+00:00\",\"dateModified\":\"2019-09-09T12:50:42+00:00\",\"author\":{\"@id\":\"https:\/\/www.fondazionepirelli.org\/it\/#\/schema\/person\/f47d097000832c4a6e54538c791fdf25\"},\"breadcrumb\":{\"@id\":\"https:\/\/127.0.0.1\/it\/cultura-dimpresa\/cultura-dimpresa-e-cultura-del-pubblico-affinita-necessarie\/#breadcrumb\"},\"inLanguage\":\"it-IT\",\"potentialAction\":[{\"@type\":\"ReadAction\",\"target\":[\"https:\/\/127.0.0.1\/it\/cultura-dimpresa\/cultura-dimpresa-e-cultura-del-pubblico-affinita-necessarie\/\"]}]},{\"@type\":\"BreadcrumbList\",\"@id\":\"https:\/\/127.0.0.1\/it\/cultura-dimpresa\/cultura-dimpresa-e-cultura-del-pubblico-affinita-necessarie\/#breadcrumb\",\"itemListElement\":[{\"@type\":\"ListItem\",\"position\":1,\"name\":\"Home\",\"item\":\"https:\/\/www.fondazionepirelli.org\/it\/\"},{\"@type\":\"ListItem\",\"position\":2,\"name\":\"Cultura d\u2019impresa e cultura del pubblico, affinit\u00e0 necessarie\"}]},{\"@type\":\"WebSite\",\"@id\":\"https:\/\/www.fondazionepirelli.org\/it\/#website\",\"url\":\"https:\/\/www.fondazionepirelli.org\/it\/\",\"name\":\"Fondazione Pirelli\",\"description\":\"\",\"potentialAction\":[{\"@type\":\"SearchAction\",\"target\":{\"@type\":\"EntryPoint\",\"urlTemplate\":\"https:\/\/www.fondazionepirelli.org\/it\/?s={search_term_string}\"},\"query-input\":{\"@type\":\"PropertyValueSpecification\",\"valueRequired\":true,\"valueName\":\"search_term_string\"}}],\"inLanguage\":\"it-IT\"},{\"@type\":\"Person\",\"@id\":\"https:\/\/www.fondazionepirelli.org\/it\/#\/schema\/person\/f47d097000832c4a6e54538c791fdf25\",\"name\":\"fondadmin\",\"image\":{\"@type\":\"ImageObject\",\"inLanguage\":\"it-IT\",\"@id\":\"https:\/\/www.fondazionepirelli.org\/it\/#\/schema\/person\/image\/\",\"url\":\"https:\/\/secure.gravatar.com\/avatar\/e69498a9175ca244966e51e53c88712c024fcebe41f9a05f75657f1bb25e489b?s=96&d=mm&r=g\",\"contentUrl\":\"https:\/\/secure.gravatar.com\/avatar\/e69498a9175ca244966e51e53c88712c024fcebe41f9a05f75657f1bb25e489b?s=96&d=mm&r=g\",\"caption\":\"fondadmin\"},\"url\":\"https:\/\/www.fondazionepirelli.org\/it\/author\/fondadmin\/\"}]}<\/script>\n<!-- \/ Yoast SEO plugin. -->","yoast_head_json":{"title":"Cultura d\u2019impresa e cultura del pubblico, affinit\u00e0 necessarie - Fondazione Pirelli","robots":{"index":"index","follow":"follow","max-snippet":"max-snippet:-1","max-image-preview":"max-image-preview:large","max-video-preview":"max-video-preview:-1"},"canonical":"https:\/\/www.fondazionepirelli.org\/it\/cultura-dimpresa\/cultura-dimpresa-e-cultura-del-pubblico-affinita-necessarie\/","og_locale":"it_IT","og_type":"article","og_title":"Cultura d\u2019impresa e cultura del pubblico, affinit\u00e0 necessarie - Fondazione Pirelli","og_description":"Un\u2019ampia raccolta di saggi pubblicata da Sapienza e LUISS, delinea nuovi orizzonti di cooperazionePubblico e privato. Anche nell\u2019economia e nella produzione di ricchezza (che non necessariamente deve essere sempre e solo materiale). Profitto di bilancio e profitto sociale. E poi ancora particolare visione del mercato e del lavoro.\u00a0 Sono numerose e tutte importanti le relazioni [&hellip;]","og_url":"https:\/\/127.0.0.1\/it\/cultura-dimpresa\/cultura-dimpresa-e-cultura-del-pubblico-affinita-necessarie\/","og_site_name":"Fondazione Pirelli","article_published_time":"2019-09-02T07:42:20+00:00","article_modified_time":"2019-09-09T12:50:42+00:00","author":"fondadmin","twitter_card":"summary_large_image","twitter_misc":{"Scritto da":"fondadmin","Tempo di lettura stimato":"2 minuti"},"schema":{"@context":"https:\/\/schema.org","@graph":[{"@type":"WebPage","@id":"https:\/\/127.0.0.1\/it\/cultura-dimpresa\/cultura-dimpresa-e-cultura-del-pubblico-affinita-necessarie\/","url":"https:\/\/127.0.0.1\/it\/cultura-dimpresa\/cultura-dimpresa-e-cultura-del-pubblico-affinita-necessarie\/","name":"Cultura d\u2019impresa e cultura del pubblico, affinit\u00e0 necessarie - Fondazione Pirelli","isPartOf":{"@id":"https:\/\/www.fondazionepirelli.org\/it\/#website"},"datePublished":"2019-09-02T07:42:20+00:00","dateModified":"2019-09-09T12:50:42+00:00","author":{"@id":"https:\/\/www.fondazionepirelli.org\/it\/#\/schema\/person\/f47d097000832c4a6e54538c791fdf25"},"breadcrumb":{"@id":"https:\/\/127.0.0.1\/it\/cultura-dimpresa\/cultura-dimpresa-e-cultura-del-pubblico-affinita-necessarie\/#breadcrumb"},"inLanguage":"it-IT","potentialAction":[{"@type":"ReadAction","target":["https:\/\/127.0.0.1\/it\/cultura-dimpresa\/cultura-dimpresa-e-cultura-del-pubblico-affinita-necessarie\/"]}]},{"@type":"BreadcrumbList","@id":"https:\/\/127.0.0.1\/it\/cultura-dimpresa\/cultura-dimpresa-e-cultura-del-pubblico-affinita-necessarie\/#breadcrumb","itemListElement":[{"@type":"ListItem","position":1,"name":"Home","item":"https:\/\/www.fondazionepirelli.org\/it\/"},{"@type":"ListItem","position":2,"name":"Cultura d\u2019impresa e cultura del pubblico, affinit\u00e0 necessarie"}]},{"@type":"WebSite","@id":"https:\/\/www.fondazionepirelli.org\/it\/#website","url":"https:\/\/www.fondazionepirelli.org\/it\/","name":"Fondazione Pirelli","description":"","potentialAction":[{"@type":"SearchAction","target":{"@type":"EntryPoint","urlTemplate":"https:\/\/www.fondazionepirelli.org\/it\/?s={search_term_string}"},"query-input":{"@type":"PropertyValueSpecification","valueRequired":true,"valueName":"search_term_string"}}],"inLanguage":"it-IT"},{"@type":"Person","@id":"https:\/\/www.fondazionepirelli.org\/it\/#\/schema\/person\/f47d097000832c4a6e54538c791fdf25","name":"fondadmin","image":{"@type":"ImageObject","inLanguage":"it-IT","@id":"https:\/\/www.fondazionepirelli.org\/it\/#\/schema\/person\/image\/","url":"https:\/\/secure.gravatar.com\/avatar\/e69498a9175ca244966e51e53c88712c024fcebe41f9a05f75657f1bb25e489b?s=96&d=mm&r=g","contentUrl":"https:\/\/secure.gravatar.com\/avatar\/e69498a9175ca244966e51e53c88712c024fcebe41f9a05f75657f1bb25e489b?s=96&d=mm&r=g","caption":"fondadmin"},"url":"https:\/\/www.fondazionepirelli.org\/it\/author\/fondadmin\/"}]}},"_links":{"self":[{"href":"https:\/\/www.fondazionepirelli.org\/it\/wp-json\/wp\/v2\/posts\/67603\/"}],"collection":[{"href":"https:\/\/www.fondazionepirelli.org\/it\/wp-json\/wp\/v2\/posts\/"}],"about":[{"href":"https:\/\/www.fondazionepirelli.org\/it\/wp-json\/wp\/v2\/types\/post\/"}],"author":[{"embeddable":true,"href":"https:\/\/www.fondazionepirelli.org\/it\/wp-json\/wp\/v2\/users\/1\/"}],"replies":[{"embeddable":true,"href":"https:\/\/www.fondazionepirelli.org\/it\/wp-json\/wp\/v2\/comments\/?post=67603"}],"version-history":[{"count":4,"href":"https:\/\/www.fondazionepirelli.org\/it\/wp-json\/wp\/v2\/posts\/67603\/revisions\/"}],"predecessor-version":[{"id":67609,"href":"https:\/\/www.fondazionepirelli.org\/it\/wp-json\/wp\/v2\/posts\/67603\/revisions\/67609\/"}],"wp:attachment":[{"href":"https:\/\/www.fondazionepirelli.org\/it\/wp-json\/wp\/v2\/media\/?parent=67603"}],"wp:term":[{"taxonomy":"category","embeddable":true,"href":"https:\/\/www.fondazionepirelli.org\/it\/wp-json\/wp\/v2\/categories\/?post=67603"},{"taxonomy":"post_tag","embeddable":true,"href":"https:\/\/www.fondazionepirelli.org\/it\/wp-json\/wp\/v2\/tags\/?post=67603"}],"curies":[{"name":"wp","href":"https:\/\/api.w.org\/{rel}","templated":true}]}}