{"id":67610,"date":"2019-09-02T07:48:03","date_gmt":"2019-09-02T07:48:03","guid":{"rendered":"https:\/\/www.fondazionepirelli.org\/?p=67610"},"modified":"2019-09-09T12:53:40","modified_gmt":"2019-09-09T12:53:40","slug":"luoghi-dimpresa","status":"publish","type":"post","link":"https:\/\/www.fondazionepirelli.org\/it\/cultura-dimpresa\/luoghi-dimpresa\/","title":{"rendered":"Luoghi d\u2019impresa"},"content":{"rendered":"<p><em>Condensato in un libro il ragionamento sul valore dei luoghi nei quali comunit\u00e0 e produzione si fanno un tutt\u2019uno<\/em><\/p>\n<p>Luoghi d\u2019impresa. E quindi luoghi di comunit\u00e0 di donne e uomini accomunati da uno stesso destino (seppur solamente produttivo). Luoghi d\u2019intenti condivisi, di visioni imprenditoriali e non solo, che si fanno organizzazioni della produzione e che si animano con il lavoro di molti. \u00c8 una delle constatazioni, apparentemente paradossali, che \u00e8 possibile fare osservando i sistemi produttivi dell\u2019oggi. Nell\u2019era della globalizzazione, della digitalizzazione, dell\u2019immateriale produttivo, si torna a valorizzare il luogo di produzione. E non si tratta solamente del risultato di mode passeggere legate a particolari comparti produttivi. Si riscoprono, invece, anche i luoghi delle fabbriche. Torna a farsi sentire l\u2019importanza della dimensione territoriale e comunitaria della produzione.<\/p>\n<p>\u00c8 attorno a questo nodo di idee che ruota \u201cDove. La dimensione di luogo che ricompone impresa e societ\u00e0\u201d scritto a quattro mani da Paolo Venturi e Flaviano Zandonai, rispettivamente direttore di AICCON, Centro Studi sul non profit e la cooperazione dell\u2019Universit\u00e0 di Bologna, e sociologo che si occupa da oltre vent\u2019anni di terzo settore e impresa sociale.<br \/>\nLa tesi del libro \u00e8 semplice: sono i territori, i quartieri e le periferie, i luoghi privilegiati dove si sperimentano le innovazioni sociali da cui provengono gli impulsi pi\u00f9 significativi allo sviluppo e al benessere. Anzi, mai come adesso la creazione di valore si gioca a livello territoriale e il destino delle imprese \u00e8 legato a quello del contesto in cui operano. \u00c8 la manifestazione di quella cultura del produrre radicata in ben determinati luoghi geografici, che trova il suo momento d\u2019oro.<br \/>\nSecondo Venturi e Zandonai, ovviamente, mettere insieme luoghi fisici, persone, mercati, aziende e grandi movimenti globali, non \u00e8 cosa semplice ma una sfida nella quale contano visioni, relazioni sociali, prodotti materiali e risorse immateriali, condizioni infrastrutturali e regole politiche. Il \u201cdove\u201d vivere e produrre viene cos\u00ec creato, racconta il libro, dall\u2019insieme di apertura e coesione che fanno la differenza perch\u00e9 agiscono come meccanismi generativi di nuove infrastrutture sociali capaci di trasformare gli spazi in luoghi e ricreare quella che gli autori chiamano \u201cecologia delle relazioni\u201d indispensabile alla vita in comune e allo sviluppo economico.<\/p>\n<p>Un cammino che non \u00e8 automatico, ma che va aiutato. Per questo gli autori arrivano a proporre un manifesto in tre punti (o tre manifesti come viene indicato nel libro), rivolti rispettivamente al mondo delle imprese (viste come comunit\u00e0 educanti), ai decisori politici (che sono chiamati a produrre misure in favore delle comunit\u00e0) e al terzo settore.<br \/>\nQuando delineato da Venturi e Zandonai \u00e8 un quadro complesso, non facile, con il quale molti dovranno fare i conti e altri non saranno pienamente d\u2019accordo. Ma quanto descritto nel libro \u00e8 certamente da considerare con attenzione.<br \/>\nScrivono i due autori: \u201c\u00c8 (\u2026) intorno alla rigenerazione dei luoghi che si gioca la partita decisiva: una sfida che chiama in causa quei beni intangibili come la partecipazione dei cittadini nei processi deliberativi e la coesione sociale che oggi \u00e8 sotto attacco a causa delle crescenti disuguaglianze e della tendenza al ripiegamento delle comunit\u00e0 stesse. Oggi a dominare infatti sono comunit\u00e0 rancorose, che preferiscono investire il loro capitale di relazioni e fiducia internamente (bonding) e non per ampliare la propria connettivit\u00e0 (bridging). E infatti \u00e8 proprio intorno a un carattere aperto e connesso dei legami sociali che oggi si gioca la partita del \u00ablocale\u00bb: non solo per imprese e istituzioni ma anche per la societ\u00e0 civile\u201d.<\/p><p><strong>Dove. La dimensione di luogo che ricompone impresa e societ\u00e0<\/strong><br \/>\nPaolo Venturi, Flaviano Zandonai<br \/>\nEgea, 2019<\/p>\n","protected":false},"excerpt":{"rendered":"<p>Condensato in un libro il ragionamento sul valore dei luoghi nei quali comunit\u00e0 e produzione si fanno un tutt\u2019uno Luoghi d\u2019impresa. E quindi luoghi di comunit\u00e0 di donne e uomini accomunati da uno stesso destino (seppur solamente produttivo). Luoghi d\u2019intenti condivisi, di visioni imprenditoriali e non solo, che si fanno organizzazioni della produzione e che [&hellip;]<\/p>\n","protected":false},"author":1,"featured_media":67612,"comment_status":"open","ping_status":"open","sticky":false,"template":"","format":"standard","meta":{"footnotes":""},"categories":[52,58],"tags":[],"class_list":["post-67610","post","type-post","status-publish","format-standard","has-post-thumbnail","hentry","category-cultura-dimpresa","category-recensioni-libri"],"acf":[],"yoast_head":"<!-- This site is optimized with the Yoast SEO plugin v25.0 - https:\/\/yoast.com\/wordpress\/plugins\/seo\/ -->\n<title>Luoghi d\u2019impresa - Fondazione Pirelli<\/title>\n<meta name=\"robots\" content=\"index, follow, max-snippet:-1, max-image-preview:large, max-video-preview:-1\" \/>\n<link rel=\"canonical\" href=\"https:\/\/www.fondazionepirelli.org\/it\/cultura-dimpresa\/luoghi-dimpresa\/\" \/>\n<meta property=\"og:locale\" content=\"it_IT\" \/>\n<meta property=\"og:type\" content=\"article\" \/>\n<meta property=\"og:title\" content=\"Luoghi d\u2019impresa - Fondazione Pirelli\" \/>\n<meta property=\"og:description\" content=\"Condensato in un libro il ragionamento sul valore dei luoghi nei quali comunit\u00e0 e produzione si fanno un tutt\u2019uno Luoghi d\u2019impresa. E quindi luoghi di comunit\u00e0 di donne e uomini accomunati da uno stesso destino (seppur solamente produttivo). Luoghi d\u2019intenti condivisi, di visioni imprenditoriali e non solo, che si fanno organizzazioni della produzione e che [&hellip;]\" \/>\n<meta property=\"og:url\" content=\"https:\/\/www.fondazionepirelli.org\/it\/cultura-dimpresa\/luoghi-dimpresa\/\" \/>\n<meta property=\"og:site_name\" content=\"Fondazione Pirelli\" \/>\n<meta property=\"article:published_time\" content=\"2019-09-02T07:48:03+00:00\" \/>\n<meta property=\"article:modified_time\" content=\"2019-09-09T12:53:40+00:00\" \/>\n<meta property=\"og:image\" content=\"https:\/\/wpsite-assets.fondazionepirelli.org\/wp-content\/uploads\/2019\/09\/02074742\/dove-e1567410772147.jpg\" \/>\n\t<meta property=\"og:image:width\" content=\"350\" \/>\n\t<meta property=\"og:image:height\" content=\"536\" \/>\n\t<meta property=\"og:image:type\" content=\"image\/jpeg\" \/>\n<meta name=\"author\" content=\"fondadmin\" \/>\n<meta name=\"twitter:card\" content=\"summary_large_image\" \/>\n<meta name=\"twitter:label1\" content=\"Scritto da\" \/>\n\t<meta name=\"twitter:data1\" content=\"fondadmin\" \/>\n\t<meta name=\"twitter:label2\" content=\"Tempo di lettura stimato\" \/>\n\t<meta name=\"twitter:data2\" content=\"3 minuti\" \/>\n<script type=\"application\/ld+json\" class=\"yoast-schema-graph\">{\"@context\":\"https:\/\/schema.org\",\"@graph\":[{\"@type\":\"WebPage\",\"@id\":\"https:\/\/www.fondazionepirelli.org\/it\/cultura-dimpresa\/luoghi-dimpresa\/\",\"url\":\"https:\/\/www.fondazionepirelli.org\/it\/cultura-dimpresa\/luoghi-dimpresa\/\",\"name\":\"Luoghi d\u2019impresa - Fondazione Pirelli\",\"isPartOf\":{\"@id\":\"https:\/\/www.fondazionepirelli.org\/it\/#website\"},\"primaryImageOfPage\":{\"@id\":\"https:\/\/www.fondazionepirelli.org\/it\/cultura-dimpresa\/luoghi-dimpresa\/#primaryimage\"},\"image\":{\"@id\":\"https:\/\/www.fondazionepirelli.org\/it\/cultura-dimpresa\/luoghi-dimpresa\/#primaryimage\"},\"thumbnailUrl\":\"https:\/\/wpsite-assets.fondazionepirelli.org\/wp-content\/uploads\/2019\/09\/02074742\/dove-e1567410772147.jpg\",\"datePublished\":\"2019-09-02T07:48:03+00:00\",\"dateModified\":\"2019-09-09T12:53:40+00:00\",\"author\":{\"@id\":\"https:\/\/www.fondazionepirelli.org\/it\/#\/schema\/person\/f47d097000832c4a6e54538c791fdf25\"},\"breadcrumb\":{\"@id\":\"https:\/\/www.fondazionepirelli.org\/it\/cultura-dimpresa\/luoghi-dimpresa\/#breadcrumb\"},\"inLanguage\":\"it-IT\",\"potentialAction\":[{\"@type\":\"ReadAction\",\"target\":[\"https:\/\/www.fondazionepirelli.org\/it\/cultura-dimpresa\/luoghi-dimpresa\/\"]}]},{\"@type\":\"ImageObject\",\"inLanguage\":\"it-IT\",\"@id\":\"https:\/\/www.fondazionepirelli.org\/it\/cultura-dimpresa\/luoghi-dimpresa\/#primaryimage\",\"url\":\"https:\/\/wpsite-assets.fondazionepirelli.org\/wp-content\/uploads\/2019\/09\/02074742\/dove-e1567410772147.jpg\",\"contentUrl\":\"https:\/\/wpsite-assets.fondazionepirelli.org\/wp-content\/uploads\/2019\/09\/02074742\/dove-e1567410772147.jpg\",\"width\":350,\"height\":536},{\"@type\":\"BreadcrumbList\",\"@id\":\"https:\/\/www.fondazionepirelli.org\/it\/cultura-dimpresa\/luoghi-dimpresa\/#breadcrumb\",\"itemListElement\":[{\"@type\":\"ListItem\",\"position\":1,\"name\":\"Home\",\"item\":\"https:\/\/www.fondazionepirelli.org\/it\/\"},{\"@type\":\"ListItem\",\"position\":2,\"name\":\"Luoghi d\u2019impresa\"}]},{\"@type\":\"WebSite\",\"@id\":\"https:\/\/www.fondazionepirelli.org\/it\/#website\",\"url\":\"https:\/\/www.fondazionepirelli.org\/it\/\",\"name\":\"Fondazione Pirelli\",\"description\":\"\",\"potentialAction\":[{\"@type\":\"SearchAction\",\"target\":{\"@type\":\"EntryPoint\",\"urlTemplate\":\"https:\/\/www.fondazionepirelli.org\/it\/?s={search_term_string}\"},\"query-input\":{\"@type\":\"PropertyValueSpecification\",\"valueRequired\":true,\"valueName\":\"search_term_string\"}}],\"inLanguage\":\"it-IT\"},{\"@type\":\"Person\",\"@id\":\"https:\/\/www.fondazionepirelli.org\/it\/#\/schema\/person\/f47d097000832c4a6e54538c791fdf25\",\"name\":\"fondadmin\",\"image\":{\"@type\":\"ImageObject\",\"inLanguage\":\"it-IT\",\"@id\":\"https:\/\/www.fondazionepirelli.org\/it\/#\/schema\/person\/image\/\",\"url\":\"https:\/\/secure.gravatar.com\/avatar\/e69498a9175ca244966e51e53c88712c024fcebe41f9a05f75657f1bb25e489b?s=96&d=mm&r=g\",\"contentUrl\":\"https:\/\/secure.gravatar.com\/avatar\/e69498a9175ca244966e51e53c88712c024fcebe41f9a05f75657f1bb25e489b?s=96&d=mm&r=g\",\"caption\":\"fondadmin\"},\"url\":\"https:\/\/www.fondazionepirelli.org\/it\/author\/fondadmin\/\"}]}<\/script>\n<!-- \/ Yoast SEO plugin. -->","yoast_head_json":{"title":"Luoghi d\u2019impresa - Fondazione Pirelli","robots":{"index":"index","follow":"follow","max-snippet":"max-snippet:-1","max-image-preview":"max-image-preview:large","max-video-preview":"max-video-preview:-1"},"canonical":"https:\/\/www.fondazionepirelli.org\/it\/cultura-dimpresa\/luoghi-dimpresa\/","og_locale":"it_IT","og_type":"article","og_title":"Luoghi d\u2019impresa - Fondazione Pirelli","og_description":"Condensato in un libro il ragionamento sul valore dei luoghi nei quali comunit\u00e0 e produzione si fanno un tutt\u2019uno Luoghi d\u2019impresa. E quindi luoghi di comunit\u00e0 di donne e uomini accomunati da uno stesso destino (seppur solamente produttivo). Luoghi d\u2019intenti condivisi, di visioni imprenditoriali e non solo, che si fanno organizzazioni della produzione e che [&hellip;]","og_url":"https:\/\/www.fondazionepirelli.org\/it\/cultura-dimpresa\/luoghi-dimpresa\/","og_site_name":"Fondazione Pirelli","article_published_time":"2019-09-02T07:48:03+00:00","article_modified_time":"2019-09-09T12:53:40+00:00","og_image":[{"width":350,"height":536,"url":"https:\/\/wpsite-assets.fondazionepirelli.org\/wp-content\/uploads\/2019\/09\/02074742\/dove-e1567410772147.jpg","type":"image\/jpeg"}],"author":"fondadmin","twitter_card":"summary_large_image","twitter_misc":{"Scritto da":"fondadmin","Tempo di lettura stimato":"3 minuti"},"schema":{"@context":"https:\/\/schema.org","@graph":[{"@type":"WebPage","@id":"https:\/\/www.fondazionepirelli.org\/it\/cultura-dimpresa\/luoghi-dimpresa\/","url":"https:\/\/www.fondazionepirelli.org\/it\/cultura-dimpresa\/luoghi-dimpresa\/","name":"Luoghi d\u2019impresa - Fondazione Pirelli","isPartOf":{"@id":"https:\/\/www.fondazionepirelli.org\/it\/#website"},"primaryImageOfPage":{"@id":"https:\/\/www.fondazionepirelli.org\/it\/cultura-dimpresa\/luoghi-dimpresa\/#primaryimage"},"image":{"@id":"https:\/\/www.fondazionepirelli.org\/it\/cultura-dimpresa\/luoghi-dimpresa\/#primaryimage"},"thumbnailUrl":"https:\/\/wpsite-assets.fondazionepirelli.org\/wp-content\/uploads\/2019\/09\/02074742\/dove-e1567410772147.jpg","datePublished":"2019-09-02T07:48:03+00:00","dateModified":"2019-09-09T12:53:40+00:00","author":{"@id":"https:\/\/www.fondazionepirelli.org\/it\/#\/schema\/person\/f47d097000832c4a6e54538c791fdf25"},"breadcrumb":{"@id":"https:\/\/www.fondazionepirelli.org\/it\/cultura-dimpresa\/luoghi-dimpresa\/#breadcrumb"},"inLanguage":"it-IT","potentialAction":[{"@type":"ReadAction","target":["https:\/\/www.fondazionepirelli.org\/it\/cultura-dimpresa\/luoghi-dimpresa\/"]}]},{"@type":"ImageObject","inLanguage":"it-IT","@id":"https:\/\/www.fondazionepirelli.org\/it\/cultura-dimpresa\/luoghi-dimpresa\/#primaryimage","url":"https:\/\/wpsite-assets.fondazionepirelli.org\/wp-content\/uploads\/2019\/09\/02074742\/dove-e1567410772147.jpg","contentUrl":"https:\/\/wpsite-assets.fondazionepirelli.org\/wp-content\/uploads\/2019\/09\/02074742\/dove-e1567410772147.jpg","width":350,"height":536},{"@type":"BreadcrumbList","@id":"https:\/\/www.fondazionepirelli.org\/it\/cultura-dimpresa\/luoghi-dimpresa\/#breadcrumb","itemListElement":[{"@type":"ListItem","position":1,"name":"Home","item":"https:\/\/www.fondazionepirelli.org\/it\/"},{"@type":"ListItem","position":2,"name":"Luoghi d\u2019impresa"}]},{"@type":"WebSite","@id":"https:\/\/www.fondazionepirelli.org\/it\/#website","url":"https:\/\/www.fondazionepirelli.org\/it\/","name":"Fondazione Pirelli","description":"","potentialAction":[{"@type":"SearchAction","target":{"@type":"EntryPoint","urlTemplate":"https:\/\/www.fondazionepirelli.org\/it\/?s={search_term_string}"},"query-input":{"@type":"PropertyValueSpecification","valueRequired":true,"valueName":"search_term_string"}}],"inLanguage":"it-IT"},{"@type":"Person","@id":"https:\/\/www.fondazionepirelli.org\/it\/#\/schema\/person\/f47d097000832c4a6e54538c791fdf25","name":"fondadmin","image":{"@type":"ImageObject","inLanguage":"it-IT","@id":"https:\/\/www.fondazionepirelli.org\/it\/#\/schema\/person\/image\/","url":"https:\/\/secure.gravatar.com\/avatar\/e69498a9175ca244966e51e53c88712c024fcebe41f9a05f75657f1bb25e489b?s=96&d=mm&r=g","contentUrl":"https:\/\/secure.gravatar.com\/avatar\/e69498a9175ca244966e51e53c88712c024fcebe41f9a05f75657f1bb25e489b?s=96&d=mm&r=g","caption":"fondadmin"},"url":"https:\/\/www.fondazionepirelli.org\/it\/author\/fondadmin\/"}]}},"_links":{"self":[{"href":"https:\/\/www.fondazionepirelli.org\/it\/wp-json\/wp\/v2\/posts\/67610\/"}],"collection":[{"href":"https:\/\/www.fondazionepirelli.org\/it\/wp-json\/wp\/v2\/posts\/"}],"about":[{"href":"https:\/\/www.fondazionepirelli.org\/it\/wp-json\/wp\/v2\/types\/post\/"}],"author":[{"embeddable":true,"href":"https:\/\/www.fondazionepirelli.org\/it\/wp-json\/wp\/v2\/users\/1\/"}],"replies":[{"embeddable":true,"href":"https:\/\/www.fondazionepirelli.org\/it\/wp-json\/wp\/v2\/comments\/?post=67610"}],"version-history":[{"count":3,"href":"https:\/\/www.fondazionepirelli.org\/it\/wp-json\/wp\/v2\/posts\/67610\/revisions\/"}],"predecessor-version":[{"id":67758,"href":"https:\/\/www.fondazionepirelli.org\/it\/wp-json\/wp\/v2\/posts\/67610\/revisions\/67758\/"}],"wp:featuredmedia":[{"embeddable":true,"href":"https:\/\/www.fondazionepirelli.org\/it\/wp-json\/wp\/v2\/media\/67612\/"}],"wp:attachment":[{"href":"https:\/\/www.fondazionepirelli.org\/it\/wp-json\/wp\/v2\/media\/?parent=67610"}],"wp:term":[{"taxonomy":"category","embeddable":true,"href":"https:\/\/www.fondazionepirelli.org\/it\/wp-json\/wp\/v2\/categories\/?post=67610"},{"taxonomy":"post_tag","embeddable":true,"href":"https:\/\/www.fondazionepirelli.org\/it\/wp-json\/wp\/v2\/tags\/?post=67610"}],"curies":[{"name":"wp","href":"https:\/\/api.w.org\/{rel}","templated":true}]}}