{"id":68033,"date":"2019-09-10T13:37:26","date_gmt":"2019-09-10T13:37:26","guid":{"rendered":"https:\/\/www.fondazionepirelli.org\/?p=68033"},"modified":"2019-09-17T10:22:25","modified_gmt":"2019-09-17T08:22:25","slug":"nuove-tecnologie-alla-prova-dimpresa","status":"publish","type":"post","link":"https:\/\/www.fondazionepirelli.org\/it\/cultura-dimpresa\/nuove-tecnologie-alla-prova-dimpresa\/","title":{"rendered":"Nuove tecnologie alla prova d\u2019impresa"},"content":{"rendered":"<p><em>Una tesi discussa al Politecnico di Torino ragiona sul modello 4.0 e le PMI<\/em><\/p>\n<p>Si fa presto a dire \u201ctrasformazione digitale\u201d oppure \u201cImpresa 4.0\u201d. Perch\u00e9 se il paradigma delle nuove tecnologie appare essere ormai piuttosto chiaro ai molti \u2013 almeno nelle sue linee essenziali \u2013 la sua attuazione operativa \u00e8, invece, assolutamente caratterizzata da una serie di difficolt\u00e0, freni, distorsioni che esemplificano bene quanta sia la distanza fra futuro (prossimo) e realt\u00e0 dell\u2019oggi.<br \/>\nCapire a che punto si \u00e8 del percorso verso la piena e consapevole adozione delle nuove tecnologie, \u00e8 quindi importante per comprendere la distanza ancora da coprire, il grado di penetrazione reale del 4.0 e, soprattutto, cosa occorra fare per poter affermare che le nuove tecnologie sono ormai il presente e non il futuro.<br \/>\nServe quindi leggere il lavoro di tesi di Antonio Pellerino \u2013 \u201cLa trasformazione digitale nelle Piccole e Medie Imprese\u201d \u2013 presentato recentemente al Politecnico di Torino, Dipartimento di Ingegneria Gestionale della produzione.<br \/>\nTema centrale della ricerca \u00e8 infatti la trasformazione digitale che ha modificato significativamente l\u2019industria nel suo complesso: ci\u00f2 che (anche sbrigativamente), viene identificato con il termine Industria 4.0. In particolare, inoltre, Pellerino si concentra sulla situazione delle PMI, viste come \u201cspina dorsale\u201d dell\u2019industria italiana, ma soprattutto come anello debole della catena che parte dalle nuove tecnologie e arriva nelle fabbriche.<br \/>\nL\u2019indagine segue un percorso lineare e per questo efficace. Nella prima parte ci si dedica ad un\u2019analisi approfondita della letteratura riguardante la digitalizzazione e le tecnologie abilitanti Industria 4.0; nella seconda parte l\u2019autore si concentra sulle PMI e in particolare sulle difficolt\u00e0 concrete della loro trasformazione digitale, cos\u00ec da comprendere come queste stiano affrontando tale passaggio evolutivo e cosa necessitino per gestirlo.<br \/>\nScrive l\u2019autore nelle conclusioni di come sia \u201cdi fondamentale importanza non solo pianificare una strategia di trasformazione digitale univoca e coerente ma soprattutto che la figura responsabile di tale processo\u201d, debba \u201cessere capace di coinvolgere l\u2019impresa nel suo complesso facendo da ponte tra le diverse possibilit\u00e0 offerte dalla digitalizzazione e un\u2019effettiva\u201d applicazione della stessa.<\/p><p><strong><a href=\"https:\/\/wpsite-assets.fondazionepirelli.org\/wp-content\/uploads\/2019\/09\/10133000\/La-trasformazione-digitale-nelle-Piccole-e-Medie-Imprese-.pdf\" target=\"_blank\" rel=\"noopener noreferrer\">La trasformazione digitale nelle Piccole e Medie Imprese<\/a><\/strong><br \/>\nAntonio Pellerino<br \/>\nTesi, Politecnico di Torino, Dipartimento di Ingegneria Gestionale della produzione, 2019<\/p>\n<p><a href=\"https:\/\/wpsite-assets.fondazionepirelli.org\/wp-content\/uploads\/2019\/09\/10133000\/La-trasformazione-digitale-nelle-Piccole-e-Medie-Imprese-.pdf\" target=\"_blank\" rel=\"noopener noreferrer\">Clicca qui per scaricare il PDF<\/a><\/p>\n","protected":false},"excerpt":{"rendered":"<p>Una tesi discussa al Politecnico di Torino ragiona sul modello 4.0 e le PMI Si fa presto a dire \u201ctrasformazione digitale\u201d oppure \u201cImpresa 4.0\u201d. Perch\u00e9 se il paradigma delle nuove tecnologie appare essere ormai piuttosto chiaro ai molti \u2013 almeno nelle sue linee essenziali \u2013 la sua attuazione operativa \u00e8, invece, assolutamente caratterizzata da una [&hellip;]<\/p>\n","protected":false},"author":1,"featured_media":0,"comment_status":"open","ping_status":"open","sticky":false,"template":"","format":"standard","meta":{"footnotes":""},"categories":[54,52],"tags":[],"class_list":["post-68033","post","type-post","status-publish","format-standard","hentry","category-approfondimenti","category-cultura-dimpresa"],"acf":[],"yoast_head":"<!-- This site is optimized with the Yoast SEO plugin v25.0 - https:\/\/yoast.com\/wordpress\/plugins\/seo\/ -->\n<title>Nuove tecnologie alla prova d\u2019impresa - Fondazione Pirelli<\/title>\n<meta name=\"robots\" content=\"index, follow, max-snippet:-1, max-image-preview:large, max-video-preview:-1\" \/>\n<link rel=\"canonical\" href=\"https:\/\/www.fondazionepirelli.org\/it\/cultura-dimpresa\/nuove-tecnologie-alla-prova-dimpresa\/\" \/>\n<meta property=\"og:locale\" content=\"it_IT\" \/>\n<meta property=\"og:type\" content=\"article\" \/>\n<meta property=\"og:title\" content=\"Nuove tecnologie alla prova d\u2019impresa - Fondazione Pirelli\" \/>\n<meta property=\"og:description\" content=\"Una tesi discussa al Politecnico di Torino ragiona sul modello 4.0 e le PMI Si fa presto a dire \u201ctrasformazione digitale\u201d oppure \u201cImpresa 4.0\u201d. Perch\u00e9 se il paradigma delle nuove tecnologie appare essere ormai piuttosto chiaro ai molti \u2013 almeno nelle sue linee essenziali \u2013 la sua attuazione operativa \u00e8, invece, assolutamente caratterizzata da una [&hellip;]\" \/>\n<meta property=\"og:url\" content=\"https:\/\/www.fondazionepirelli.org\/it\/cultura-dimpresa\/nuove-tecnologie-alla-prova-dimpresa\/\" \/>\n<meta property=\"og:site_name\" content=\"Fondazione Pirelli\" \/>\n<meta property=\"article:published_time\" content=\"2019-09-10T13:37:26+00:00\" \/>\n<meta property=\"article:modified_time\" content=\"2019-09-17T08:22:25+00:00\" \/>\n<meta name=\"author\" content=\"fondadmin\" \/>\n<meta name=\"twitter:card\" content=\"summary_large_image\" \/>\n<meta name=\"twitter:label1\" content=\"Scritto da\" \/>\n\t<meta name=\"twitter:data1\" content=\"fondadmin\" \/>\n\t<meta name=\"twitter:label2\" content=\"Tempo di lettura stimato\" \/>\n\t<meta name=\"twitter:data2\" content=\"2 minuti\" \/>\n<script type=\"application\/ld+json\" class=\"yoast-schema-graph\">{\"@context\":\"https:\/\/schema.org\",\"@graph\":[{\"@type\":\"WebPage\",\"@id\":\"https:\/\/www.fondazionepirelli.org\/it\/cultura-dimpresa\/nuove-tecnologie-alla-prova-dimpresa\/\",\"url\":\"https:\/\/www.fondazionepirelli.org\/it\/cultura-dimpresa\/nuove-tecnologie-alla-prova-dimpresa\/\",\"name\":\"Nuove tecnologie alla prova d\u2019impresa - Fondazione Pirelli\",\"isPartOf\":{\"@id\":\"https:\/\/www.fondazionepirelli.org\/it\/#website\"},\"datePublished\":\"2019-09-10T13:37:26+00:00\",\"dateModified\":\"2019-09-17T08:22:25+00:00\",\"author\":{\"@id\":\"https:\/\/www.fondazionepirelli.org\/it\/#\/schema\/person\/f47d097000832c4a6e54538c791fdf25\"},\"breadcrumb\":{\"@id\":\"https:\/\/www.fondazionepirelli.org\/it\/cultura-dimpresa\/nuove-tecnologie-alla-prova-dimpresa\/#breadcrumb\"},\"inLanguage\":\"it-IT\",\"potentialAction\":[{\"@type\":\"ReadAction\",\"target\":[\"https:\/\/www.fondazionepirelli.org\/it\/cultura-dimpresa\/nuove-tecnologie-alla-prova-dimpresa\/\"]}]},{\"@type\":\"BreadcrumbList\",\"@id\":\"https:\/\/www.fondazionepirelli.org\/it\/cultura-dimpresa\/nuove-tecnologie-alla-prova-dimpresa\/#breadcrumb\",\"itemListElement\":[{\"@type\":\"ListItem\",\"position\":1,\"name\":\"Home\",\"item\":\"https:\/\/www.fondazionepirelli.org\/it\/\"},{\"@type\":\"ListItem\",\"position\":2,\"name\":\"Nuove tecnologie alla prova d\u2019impresa\"}]},{\"@type\":\"WebSite\",\"@id\":\"https:\/\/www.fondazionepirelli.org\/it\/#website\",\"url\":\"https:\/\/www.fondazionepirelli.org\/it\/\",\"name\":\"Fondazione Pirelli\",\"description\":\"\",\"potentialAction\":[{\"@type\":\"SearchAction\",\"target\":{\"@type\":\"EntryPoint\",\"urlTemplate\":\"https:\/\/www.fondazionepirelli.org\/it\/?s={search_term_string}\"},\"query-input\":{\"@type\":\"PropertyValueSpecification\",\"valueRequired\":true,\"valueName\":\"search_term_string\"}}],\"inLanguage\":\"it-IT\"},{\"@type\":\"Person\",\"@id\":\"https:\/\/www.fondazionepirelli.org\/it\/#\/schema\/person\/f47d097000832c4a6e54538c791fdf25\",\"name\":\"fondadmin\",\"image\":{\"@type\":\"ImageObject\",\"inLanguage\":\"it-IT\",\"@id\":\"https:\/\/www.fondazionepirelli.org\/it\/#\/schema\/person\/image\/\",\"url\":\"https:\/\/secure.gravatar.com\/avatar\/e69498a9175ca244966e51e53c88712c024fcebe41f9a05f75657f1bb25e489b?s=96&d=mm&r=g\",\"contentUrl\":\"https:\/\/secure.gravatar.com\/avatar\/e69498a9175ca244966e51e53c88712c024fcebe41f9a05f75657f1bb25e489b?s=96&d=mm&r=g\",\"caption\":\"fondadmin\"},\"url\":\"https:\/\/www.fondazionepirelli.org\/it\/author\/fondadmin\/\"}]}<\/script>\n<!-- \/ Yoast SEO plugin. -->","yoast_head_json":{"title":"Nuove tecnologie alla prova d\u2019impresa - Fondazione Pirelli","robots":{"index":"index","follow":"follow","max-snippet":"max-snippet:-1","max-image-preview":"max-image-preview:large","max-video-preview":"max-video-preview:-1"},"canonical":"https:\/\/www.fondazionepirelli.org\/it\/cultura-dimpresa\/nuove-tecnologie-alla-prova-dimpresa\/","og_locale":"it_IT","og_type":"article","og_title":"Nuove tecnologie alla prova d\u2019impresa - Fondazione Pirelli","og_description":"Una tesi discussa al Politecnico di Torino ragiona sul modello 4.0 e le PMI Si fa presto a dire \u201ctrasformazione digitale\u201d oppure \u201cImpresa 4.0\u201d. Perch\u00e9 se il paradigma delle nuove tecnologie appare essere ormai piuttosto chiaro ai molti \u2013 almeno nelle sue linee essenziali \u2013 la sua attuazione operativa \u00e8, invece, assolutamente caratterizzata da una [&hellip;]","og_url":"https:\/\/www.fondazionepirelli.org\/it\/cultura-dimpresa\/nuove-tecnologie-alla-prova-dimpresa\/","og_site_name":"Fondazione Pirelli","article_published_time":"2019-09-10T13:37:26+00:00","article_modified_time":"2019-09-17T08:22:25+00:00","author":"fondadmin","twitter_card":"summary_large_image","twitter_misc":{"Scritto da":"fondadmin","Tempo di lettura stimato":"2 minuti"},"schema":{"@context":"https:\/\/schema.org","@graph":[{"@type":"WebPage","@id":"https:\/\/www.fondazionepirelli.org\/it\/cultura-dimpresa\/nuove-tecnologie-alla-prova-dimpresa\/","url":"https:\/\/www.fondazionepirelli.org\/it\/cultura-dimpresa\/nuove-tecnologie-alla-prova-dimpresa\/","name":"Nuove tecnologie alla prova d\u2019impresa - Fondazione Pirelli","isPartOf":{"@id":"https:\/\/www.fondazionepirelli.org\/it\/#website"},"datePublished":"2019-09-10T13:37:26+00:00","dateModified":"2019-09-17T08:22:25+00:00","author":{"@id":"https:\/\/www.fondazionepirelli.org\/it\/#\/schema\/person\/f47d097000832c4a6e54538c791fdf25"},"breadcrumb":{"@id":"https:\/\/www.fondazionepirelli.org\/it\/cultura-dimpresa\/nuove-tecnologie-alla-prova-dimpresa\/#breadcrumb"},"inLanguage":"it-IT","potentialAction":[{"@type":"ReadAction","target":["https:\/\/www.fondazionepirelli.org\/it\/cultura-dimpresa\/nuove-tecnologie-alla-prova-dimpresa\/"]}]},{"@type":"BreadcrumbList","@id":"https:\/\/www.fondazionepirelli.org\/it\/cultura-dimpresa\/nuove-tecnologie-alla-prova-dimpresa\/#breadcrumb","itemListElement":[{"@type":"ListItem","position":1,"name":"Home","item":"https:\/\/www.fondazionepirelli.org\/it\/"},{"@type":"ListItem","position":2,"name":"Nuove tecnologie alla prova d\u2019impresa"}]},{"@type":"WebSite","@id":"https:\/\/www.fondazionepirelli.org\/it\/#website","url":"https:\/\/www.fondazionepirelli.org\/it\/","name":"Fondazione Pirelli","description":"","potentialAction":[{"@type":"SearchAction","target":{"@type":"EntryPoint","urlTemplate":"https:\/\/www.fondazionepirelli.org\/it\/?s={search_term_string}"},"query-input":{"@type":"PropertyValueSpecification","valueRequired":true,"valueName":"search_term_string"}}],"inLanguage":"it-IT"},{"@type":"Person","@id":"https:\/\/www.fondazionepirelli.org\/it\/#\/schema\/person\/f47d097000832c4a6e54538c791fdf25","name":"fondadmin","image":{"@type":"ImageObject","inLanguage":"it-IT","@id":"https:\/\/www.fondazionepirelli.org\/it\/#\/schema\/person\/image\/","url":"https:\/\/secure.gravatar.com\/avatar\/e69498a9175ca244966e51e53c88712c024fcebe41f9a05f75657f1bb25e489b?s=96&d=mm&r=g","contentUrl":"https:\/\/secure.gravatar.com\/avatar\/e69498a9175ca244966e51e53c88712c024fcebe41f9a05f75657f1bb25e489b?s=96&d=mm&r=g","caption":"fondadmin"},"url":"https:\/\/www.fondazionepirelli.org\/it\/author\/fondadmin\/"}]}},"_links":{"self":[{"href":"https:\/\/www.fondazionepirelli.org\/it\/wp-json\/wp\/v2\/posts\/68033\/"}],"collection":[{"href":"https:\/\/www.fondazionepirelli.org\/it\/wp-json\/wp\/v2\/posts\/"}],"about":[{"href":"https:\/\/www.fondazionepirelli.org\/it\/wp-json\/wp\/v2\/types\/post\/"}],"author":[{"embeddable":true,"href":"https:\/\/www.fondazionepirelli.org\/it\/wp-json\/wp\/v2\/users\/1\/"}],"replies":[{"embeddable":true,"href":"https:\/\/www.fondazionepirelli.org\/it\/wp-json\/wp\/v2\/comments\/?post=68033"}],"version-history":[{"count":5,"href":"https:\/\/www.fondazionepirelli.org\/it\/wp-json\/wp\/v2\/posts\/68033\/revisions\/"}],"predecessor-version":[{"id":68600,"href":"https:\/\/www.fondazionepirelli.org\/it\/wp-json\/wp\/v2\/posts\/68033\/revisions\/68600\/"}],"wp:attachment":[{"href":"https:\/\/www.fondazionepirelli.org\/it\/wp-json\/wp\/v2\/media\/?parent=68033"}],"wp:term":[{"taxonomy":"category","embeddable":true,"href":"https:\/\/www.fondazionepirelli.org\/it\/wp-json\/wp\/v2\/categories\/?post=68033"},{"taxonomy":"post_tag","embeddable":true,"href":"https:\/\/www.fondazionepirelli.org\/it\/wp-json\/wp\/v2\/tags\/?post=68033"}],"curies":[{"name":"wp","href":"https:\/\/api.w.org\/{rel}","templated":true}]}}