{"id":68039,"date":"2019-09-10T13:37:33","date_gmt":"2019-09-10T13:37:33","guid":{"rendered":"https:\/\/www.fondazionepirelli.org\/?p=68039"},"modified":"2019-09-17T10:18:15","modified_gmt":"2019-09-17T08:18:15","slug":"le-sfide-per-il-nuovo-governo-rilanciare-la-produttivitaferma-da-ventanni-e-creare-piu-innovazione-e-lavoro","status":"publish","type":"post","link":"https:\/\/www.fondazionepirelli.org\/it\/cultura-dimpresa\/le-sfide-per-il-nuovo-governo-rilanciare-la-produttivitaferma-da-ventanni-e-creare-piu-innovazione-e-lavoro\/","title":{"rendered":"Le sfide per il nuovo governo: rilanciare la produttivit\u00e0 ferma da vent\u2019anni e creare pi\u00f9 innovazione e lavoro"},"content":{"rendered":"<p>\u201cGreen new deal\u201d, taglio del cuneo fiscale a vantaggio dei lavoratori, salario minimo ma \u201ccollegato alla contrattazione collettiva\u201d, misure per l\u2019innovazione delle imprese. Ci sono impegni per rimettere in moto l\u2019economia italiana, nel programma di governo del presidente del Consiglio Conte, al suo bis. Nel contesto dei conti pubblici sotto controllo e del legame stretto con una Ue di cui, comunque, rivedere regole e vincoli (secondo il suggerimento che autorevolmente arriva dal Quirinale e che \u00e8 condiviso anche dalla Commissione di Bruxelles, presieduta da Ursula von der Leyen, con l\u2019italiano Paolo Gentiloni agli Affari Economici). Bene, dunque, dopo la stagione del precedente governo giallo-verde (sempre Conte al vertice, ma meno protagonista) tutto concentrato su assistenzialismo, pensioni anticipate e strapi alle regole Ue per fare spesa pubblica amplificando deficit e debito.<\/p>\n<p>Eppure, a leggere attentamente discorsi, programmi e dichiarazioni dei vertici dei partiti neo-alleati (Pd, M5Stelle e Leu) risaltano le carenze programmatiche e l\u2019assenza d\u2019una vera e propria strategia di politica economica in grado di fare ripartire la crescita. Di una serie di scelte, cio\u00e8, capaci di affrontare uno dei nodi essenziali dell\u2019economia: la bassa produttivit\u00e0, sia quella generale del sistema sia la produttivit\u00e0 per ora lavorata.<\/p>\n<p>Il punto di partenza \u00e8 la presa d\u2019atto d\u2019essere un Paese in stagnazione (lo ha documentato l\u2019Istat il 6 settembre, con \u201ccrescita zero\u201d anche nel primo semestre 2019 e con \u201cuna debolezza dei ritmi produttivi che si \u00e8 riflessa sull\u2019andamento dell\u2019occupazione). Siamo in coda ai paesi Ue, anche di quelli (Spagna, Portogallo) un tempo in crisi. Risentiamo fortemente delle difficolt\u00e0 dell\u2019economia tedesca e dei problemi del settore dell\u2019auto, pagando anche un alto prezzo, come paese esportatore, per le tensioni commerciali e valutarie tra Ua e Cina. Ma subiamo anche profondi limiti nostri, interni, di qualit\u00e0 del sistema amministrativo e produttivo.<\/p>\n<p>La produttivit\u00e0 italiana \u2013 ecco il nodo \u2013 \u00e8 ferma da vent\u2019anni. Anzi, peggio, arretra. Eurostat documenta che la produttivit\u00e0 per addetto nell\u2019area dell\u2019euro (19 paesi), facendo base 100 nel 2010, \u00e8 salita a 105,1 nel 2018, mentre quella italiana \u00e8 scesa a 98. Perdiamo competitivit\u00e0. Viviamo un invecchiamento e un peggioramento dell\u2019apparato produttivo nrel suo complesso, proprio mentre stanno radicalmente cambiando le ragioni della competitivit\u00e0 internazionale, sotto la spinta delle trasformazioni indotte dalla diffusione del \u201cdigitale\u201d e dai grandi passi in avanti della cosiddetta \u201ceconomia della conoscenza\u201d.<br \/>\nSenza affrontare questi temi \u2013 produttivit\u00e0 e competitivit\u00e0 \u2013 non c\u2019\u00e8 crescita possibile, non ci sono opportunit\u00e0 per creare n\u00e9 benessere n\u00e9 lavoro. Gli stessi stimoli ai redditi e ai consumi e le politiche che portano a tassi bassi non possono avere effetti significativi in termini di sviluppo. L\u2019esperienza di questi anni ne \u00e8 riprova.<\/p>\n<p>Serve dunque una politica economica orientata allo sviluppo. Come? Le indicazioni possibili sono note da tempo, ma inapplicate, soprattutto da chi ha preferito la propaganda della spesa \u201cfacile\u201d e dell\u2019assistenza alla ludicit\u00e0 lungimirante delle riforme. Infrastrutture immateriali (quelle hi tech, digitali) e materiali per comunicazione e servizi (ferrovie ad alta velocit\u00e0, porti, aeroporti, la Gronda di Genova, le autostrade, etc: proprio quelle ostacolate da uno dei partiti che era ed \u00e8 ancora al governo). Pubblica amministrazione efficiente (e comunque non \u201csvuotata\u201d e semiparalizzata da \u201cquota 100\u201d per le pensioni). Formazione diffusa, di qualit\u00e0 e per corsi lunghi oltre i normali cicli scolastici. Ricerca. Incentivi fiscali per le imprese che innovano e crescono, sulla scia di quanto di buono era stato gi\u00e0 fatto dai governi Letta, Renzi e Gentiloni. Un ambizioso programma di investimenti pubblici e di stimolo agli investimenti privati, anche con gli \u201ceuro bond\u201d per rinnovare e rafforzare, in quantit\u00e0 e qualit\u00e0, l\u2019apparato produttivo italiano (\u00e8 questo, il \u201cgreen new deal\u201d annunciato da Conte?).<br \/>\nUn punto dev\u2019essere chiaro: non c\u2019\u00e8 ripresa senza impresa. E non c\u2019\u00e8 crescita d\u2019impresa se non in un orizzonte di fiducia, di sicurezza, di stabilit\u00e0.<\/p>\n<p>Negli anni, molte imprese italiane hanno fatto bene il loro mestiere, investendo per innovare, crescere, conquistare mercati nel mondo e creando benessere e lavoro. Sono la leva essenziale della politica economica per la crescita. In molti settori l\u2019Italia continua a essere avanguardia europea: meccatronica, farmaceutica, chimica, gomma-plastica, ma anche le \u201ctre A\u201d della tradizione del made in Italy, alimentare, arredamento e abbigliamento. E ha ragione un economista competente come Marco Fortis quando (\u201cIl Foglio\u201d, 16 luglio) parla di un \u201cPil1\u201d (quello privato e delle industrie del Nord) e di un \u201cPil2\u201d (quello pubblico e del Mezzogiorno), d\u2019una produttivit\u00e0 dinamica e competitiva e, invece, d\u2019una incapacit\u00e0 di produrre ricchezza e di continuare con \u201ci fallimenti\u201d. Non si tratta, naturalmente, di giocare con le contrapposizioni geografiche o di rivendicare spazi per \u201cil partito del Nord\u201d contro il Sud. Ma di parlare seriamente di sviluppo. Di definire politiche che, facendo leva sulla centralit\u00e0 delle imprese e di quelle manifatturiere soprattutto, riavvii il ciclo virtuoso di crescita e nuovo lavoro.<\/p>\n<p>Le ragioni della scarsa produttivit\u00e0, insomma, stanno nell\u2019apparato pubblico e anche in quell\u2019industria privata (di dimensioni piccole e piccolissime) che non ha saputo innovare e crescere e chiede protezioni, sussidi, aiuti. Tutto quello che una buona politica economica per lo sviluppo non deve fare.<\/p>\n","protected":false},"excerpt":{"rendered":"<p>\u201cGreen new deal\u201d, taglio del cuneo fiscale a vantaggio dei lavoratori, salario minimo ma \u201ccollegato alla contrattazione collettiva\u201d, misure per l\u2019innovazione delle imprese. Ci sono impegni per rimettere in moto l\u2019economia italiana, nel programma di governo del presidente del Consiglio Conte, al suo bis. Nel contesto dei conti pubblici sotto controllo e del legame stretto [&hellip;]<\/p>\n","protected":false},"author":1,"featured_media":68041,"comment_status":"open","ping_status":"open","sticky":false,"template":"","format":"standard","meta":{"footnotes":""},"categories":[53,52],"tags":[],"class_list":["post-68039","post","type-post","status-publish","format-standard","has-post-thumbnail","hentry","category-blog","category-cultura-dimpresa"],"acf":[],"yoast_head":"<!-- This site is optimized with the Yoast SEO plugin v25.0 - https:\/\/yoast.com\/wordpress\/plugins\/seo\/ -->\n<title>Le sfide per il nuovo governo: rilanciare la produttivit\u00e0 ferma da vent\u2019anni e creare pi\u00f9 innovazione e lavoro - Fondazione Pirelli<\/title>\n<meta name=\"robots\" content=\"index, follow, max-snippet:-1, max-image-preview:large, max-video-preview:-1\" \/>\n<link rel=\"canonical\" href=\"https:\/\/www.fondazionepirelli.org\/it\/cultura-dimpresa\/le-sfide-per-il-nuovo-governo-rilanciare-la-produttivitaferma-da-ventanni-e-creare-piu-innovazione-e-lavoro\/\" \/>\n<meta property=\"og:locale\" content=\"it_IT\" \/>\n<meta property=\"og:type\" content=\"article\" \/>\n<meta property=\"og:title\" content=\"Le sfide per il nuovo governo: rilanciare la produttivit\u00e0 ferma da vent\u2019anni e creare pi\u00f9 innovazione e lavoro - Fondazione Pirelli\" \/>\n<meta property=\"og:description\" content=\"\u201cGreen new deal\u201d, taglio del cuneo fiscale a vantaggio dei lavoratori, salario minimo ma \u201ccollegato alla contrattazione collettiva\u201d, misure per l\u2019innovazione delle imprese. Ci sono impegni per rimettere in moto l\u2019economia italiana, nel programma di governo del presidente del Consiglio Conte, al suo bis. Nel contesto dei conti pubblici sotto controllo e del legame stretto [&hellip;]\" \/>\n<meta property=\"og:url\" content=\"https:\/\/www.fondazionepirelli.org\/it\/cultura-dimpresa\/le-sfide-per-il-nuovo-governo-rilanciare-la-produttivitaferma-da-ventanni-e-creare-piu-innovazione-e-lavoro\/\" \/>\n<meta property=\"og:site_name\" content=\"Fondazione Pirelli\" \/>\n<meta property=\"article:published_time\" content=\"2019-09-10T13:37:33+00:00\" \/>\n<meta property=\"article:modified_time\" content=\"2019-09-17T08:18:15+00:00\" \/>\n<meta property=\"og:image\" content=\"https:\/\/wpsite-assets.fondazionepirelli.org\/wp-content\/uploads\/2019\/09\/10133244\/Le-sfide-per-il-nuovo-governo_visual-e1568122376685.jpg\" \/>\n\t<meta property=\"og:image:width\" content=\"600\" \/>\n\t<meta property=\"og:image:height\" content=\"400\" \/>\n\t<meta property=\"og:image:type\" content=\"image\/jpeg\" \/>\n<meta name=\"author\" content=\"fondadmin\" \/>\n<meta name=\"twitter:card\" content=\"summary_large_image\" \/>\n<meta name=\"twitter:label1\" content=\"Scritto da\" \/>\n\t<meta name=\"twitter:data1\" content=\"fondadmin\" \/>\n\t<meta name=\"twitter:label2\" content=\"Tempo di lettura stimato\" \/>\n\t<meta name=\"twitter:data2\" content=\"4 minuti\" \/>\n<script type=\"application\/ld+json\" class=\"yoast-schema-graph\">{\"@context\":\"https:\/\/schema.org\",\"@graph\":[{\"@type\":\"WebPage\",\"@id\":\"https:\/\/www.fondazionepirelli.org\/it\/cultura-dimpresa\/le-sfide-per-il-nuovo-governo-rilanciare-la-produttivitaferma-da-ventanni-e-creare-piu-innovazione-e-lavoro\/\",\"url\":\"https:\/\/www.fondazionepirelli.org\/it\/cultura-dimpresa\/le-sfide-per-il-nuovo-governo-rilanciare-la-produttivitaferma-da-ventanni-e-creare-piu-innovazione-e-lavoro\/\",\"name\":\"Le sfide per il nuovo governo: rilanciare la produttivit\u00e0 ferma da vent\u2019anni e creare pi\u00f9 innovazione e lavoro - Fondazione Pirelli\",\"isPartOf\":{\"@id\":\"https:\/\/www.fondazionepirelli.org\/it\/#website\"},\"primaryImageOfPage\":{\"@id\":\"https:\/\/www.fondazionepirelli.org\/it\/cultura-dimpresa\/le-sfide-per-il-nuovo-governo-rilanciare-la-produttivitaferma-da-ventanni-e-creare-piu-innovazione-e-lavoro\/#primaryimage\"},\"image\":{\"@id\":\"https:\/\/www.fondazionepirelli.org\/it\/cultura-dimpresa\/le-sfide-per-il-nuovo-governo-rilanciare-la-produttivitaferma-da-ventanni-e-creare-piu-innovazione-e-lavoro\/#primaryimage\"},\"thumbnailUrl\":\"https:\/\/wpsite-assets.fondazionepirelli.org\/wp-content\/uploads\/2019\/09\/10133244\/Le-sfide-per-il-nuovo-governo_visual-e1568122376685.jpg\",\"datePublished\":\"2019-09-10T13:37:33+00:00\",\"dateModified\":\"2019-09-17T08:18:15+00:00\",\"author\":{\"@id\":\"https:\/\/www.fondazionepirelli.org\/it\/#\/schema\/person\/f47d097000832c4a6e54538c791fdf25\"},\"breadcrumb\":{\"@id\":\"https:\/\/www.fondazionepirelli.org\/it\/cultura-dimpresa\/le-sfide-per-il-nuovo-governo-rilanciare-la-produttivitaferma-da-ventanni-e-creare-piu-innovazione-e-lavoro\/#breadcrumb\"},\"inLanguage\":\"it-IT\",\"potentialAction\":[{\"@type\":\"ReadAction\",\"target\":[\"https:\/\/www.fondazionepirelli.org\/it\/cultura-dimpresa\/le-sfide-per-il-nuovo-governo-rilanciare-la-produttivitaferma-da-ventanni-e-creare-piu-innovazione-e-lavoro\/\"]}]},{\"@type\":\"ImageObject\",\"inLanguage\":\"it-IT\",\"@id\":\"https:\/\/www.fondazionepirelli.org\/it\/cultura-dimpresa\/le-sfide-per-il-nuovo-governo-rilanciare-la-produttivitaferma-da-ventanni-e-creare-piu-innovazione-e-lavoro\/#primaryimage\",\"url\":\"https:\/\/wpsite-assets.fondazionepirelli.org\/wp-content\/uploads\/2019\/09\/10133244\/Le-sfide-per-il-nuovo-governo_visual-e1568122376685.jpg\",\"contentUrl\":\"https:\/\/wpsite-assets.fondazionepirelli.org\/wp-content\/uploads\/2019\/09\/10133244\/Le-sfide-per-il-nuovo-governo_visual-e1568122376685.jpg\",\"width\":600,\"height\":400},{\"@type\":\"BreadcrumbList\",\"@id\":\"https:\/\/www.fondazionepirelli.org\/it\/cultura-dimpresa\/le-sfide-per-il-nuovo-governo-rilanciare-la-produttivitaferma-da-ventanni-e-creare-piu-innovazione-e-lavoro\/#breadcrumb\",\"itemListElement\":[{\"@type\":\"ListItem\",\"position\":1,\"name\":\"Home\",\"item\":\"https:\/\/www.fondazionepirelli.org\/it\/\"},{\"@type\":\"ListItem\",\"position\":2,\"name\":\"Le sfide per il nuovo governo: rilanciare la produttivit\u00e0 ferma da vent\u2019anni e creare pi\u00f9 innovazione e lavoro\"}]},{\"@type\":\"WebSite\",\"@id\":\"https:\/\/www.fondazionepirelli.org\/it\/#website\",\"url\":\"https:\/\/www.fondazionepirelli.org\/it\/\",\"name\":\"Fondazione Pirelli\",\"description\":\"\",\"potentialAction\":[{\"@type\":\"SearchAction\",\"target\":{\"@type\":\"EntryPoint\",\"urlTemplate\":\"https:\/\/www.fondazionepirelli.org\/it\/?s={search_term_string}\"},\"query-input\":{\"@type\":\"PropertyValueSpecification\",\"valueRequired\":true,\"valueName\":\"search_term_string\"}}],\"inLanguage\":\"it-IT\"},{\"@type\":\"Person\",\"@id\":\"https:\/\/www.fondazionepirelli.org\/it\/#\/schema\/person\/f47d097000832c4a6e54538c791fdf25\",\"name\":\"fondadmin\",\"image\":{\"@type\":\"ImageObject\",\"inLanguage\":\"it-IT\",\"@id\":\"https:\/\/www.fondazionepirelli.org\/it\/#\/schema\/person\/image\/\",\"url\":\"https:\/\/secure.gravatar.com\/avatar\/e69498a9175ca244966e51e53c88712c024fcebe41f9a05f75657f1bb25e489b?s=96&d=mm&r=g\",\"contentUrl\":\"https:\/\/secure.gravatar.com\/avatar\/e69498a9175ca244966e51e53c88712c024fcebe41f9a05f75657f1bb25e489b?s=96&d=mm&r=g\",\"caption\":\"fondadmin\"},\"url\":\"https:\/\/www.fondazionepirelli.org\/it\/author\/fondadmin\/\"}]}<\/script>\n<!-- \/ Yoast SEO plugin. -->","yoast_head_json":{"title":"Le sfide per il nuovo governo: rilanciare la produttivit\u00e0 ferma da vent\u2019anni e creare pi\u00f9 innovazione e lavoro - Fondazione Pirelli","robots":{"index":"index","follow":"follow","max-snippet":"max-snippet:-1","max-image-preview":"max-image-preview:large","max-video-preview":"max-video-preview:-1"},"canonical":"https:\/\/www.fondazionepirelli.org\/it\/cultura-dimpresa\/le-sfide-per-il-nuovo-governo-rilanciare-la-produttivitaferma-da-ventanni-e-creare-piu-innovazione-e-lavoro\/","og_locale":"it_IT","og_type":"article","og_title":"Le sfide per il nuovo governo: rilanciare la produttivit\u00e0 ferma da vent\u2019anni e creare pi\u00f9 innovazione e lavoro - Fondazione Pirelli","og_description":"\u201cGreen new deal\u201d, taglio del cuneo fiscale a vantaggio dei lavoratori, salario minimo ma \u201ccollegato alla contrattazione collettiva\u201d, misure per l\u2019innovazione delle imprese. Ci sono impegni per rimettere in moto l\u2019economia italiana, nel programma di governo del presidente del Consiglio Conte, al suo bis. Nel contesto dei conti pubblici sotto controllo e del legame stretto [&hellip;]","og_url":"https:\/\/www.fondazionepirelli.org\/it\/cultura-dimpresa\/le-sfide-per-il-nuovo-governo-rilanciare-la-produttivitaferma-da-ventanni-e-creare-piu-innovazione-e-lavoro\/","og_site_name":"Fondazione Pirelli","article_published_time":"2019-09-10T13:37:33+00:00","article_modified_time":"2019-09-17T08:18:15+00:00","og_image":[{"width":600,"height":400,"url":"https:\/\/wpsite-assets.fondazionepirelli.org\/wp-content\/uploads\/2019\/09\/10133244\/Le-sfide-per-il-nuovo-governo_visual-e1568122376685.jpg","type":"image\/jpeg"}],"author":"fondadmin","twitter_card":"summary_large_image","twitter_misc":{"Scritto da":"fondadmin","Tempo di lettura stimato":"4 minuti"},"schema":{"@context":"https:\/\/schema.org","@graph":[{"@type":"WebPage","@id":"https:\/\/www.fondazionepirelli.org\/it\/cultura-dimpresa\/le-sfide-per-il-nuovo-governo-rilanciare-la-produttivitaferma-da-ventanni-e-creare-piu-innovazione-e-lavoro\/","url":"https:\/\/www.fondazionepirelli.org\/it\/cultura-dimpresa\/le-sfide-per-il-nuovo-governo-rilanciare-la-produttivitaferma-da-ventanni-e-creare-piu-innovazione-e-lavoro\/","name":"Le sfide per il nuovo governo: rilanciare la produttivit\u00e0 ferma da vent\u2019anni e creare pi\u00f9 innovazione e lavoro - Fondazione Pirelli","isPartOf":{"@id":"https:\/\/www.fondazionepirelli.org\/it\/#website"},"primaryImageOfPage":{"@id":"https:\/\/www.fondazionepirelli.org\/it\/cultura-dimpresa\/le-sfide-per-il-nuovo-governo-rilanciare-la-produttivitaferma-da-ventanni-e-creare-piu-innovazione-e-lavoro\/#primaryimage"},"image":{"@id":"https:\/\/www.fondazionepirelli.org\/it\/cultura-dimpresa\/le-sfide-per-il-nuovo-governo-rilanciare-la-produttivitaferma-da-ventanni-e-creare-piu-innovazione-e-lavoro\/#primaryimage"},"thumbnailUrl":"https:\/\/wpsite-assets.fondazionepirelli.org\/wp-content\/uploads\/2019\/09\/10133244\/Le-sfide-per-il-nuovo-governo_visual-e1568122376685.jpg","datePublished":"2019-09-10T13:37:33+00:00","dateModified":"2019-09-17T08:18:15+00:00","author":{"@id":"https:\/\/www.fondazionepirelli.org\/it\/#\/schema\/person\/f47d097000832c4a6e54538c791fdf25"},"breadcrumb":{"@id":"https:\/\/www.fondazionepirelli.org\/it\/cultura-dimpresa\/le-sfide-per-il-nuovo-governo-rilanciare-la-produttivitaferma-da-ventanni-e-creare-piu-innovazione-e-lavoro\/#breadcrumb"},"inLanguage":"it-IT","potentialAction":[{"@type":"ReadAction","target":["https:\/\/www.fondazionepirelli.org\/it\/cultura-dimpresa\/le-sfide-per-il-nuovo-governo-rilanciare-la-produttivitaferma-da-ventanni-e-creare-piu-innovazione-e-lavoro\/"]}]},{"@type":"ImageObject","inLanguage":"it-IT","@id":"https:\/\/www.fondazionepirelli.org\/it\/cultura-dimpresa\/le-sfide-per-il-nuovo-governo-rilanciare-la-produttivitaferma-da-ventanni-e-creare-piu-innovazione-e-lavoro\/#primaryimage","url":"https:\/\/wpsite-assets.fondazionepirelli.org\/wp-content\/uploads\/2019\/09\/10133244\/Le-sfide-per-il-nuovo-governo_visual-e1568122376685.jpg","contentUrl":"https:\/\/wpsite-assets.fondazionepirelli.org\/wp-content\/uploads\/2019\/09\/10133244\/Le-sfide-per-il-nuovo-governo_visual-e1568122376685.jpg","width":600,"height":400},{"@type":"BreadcrumbList","@id":"https:\/\/www.fondazionepirelli.org\/it\/cultura-dimpresa\/le-sfide-per-il-nuovo-governo-rilanciare-la-produttivitaferma-da-ventanni-e-creare-piu-innovazione-e-lavoro\/#breadcrumb","itemListElement":[{"@type":"ListItem","position":1,"name":"Home","item":"https:\/\/www.fondazionepirelli.org\/it\/"},{"@type":"ListItem","position":2,"name":"Le sfide per il nuovo governo: rilanciare la produttivit\u00e0 ferma da vent\u2019anni e creare pi\u00f9 innovazione e lavoro"}]},{"@type":"WebSite","@id":"https:\/\/www.fondazionepirelli.org\/it\/#website","url":"https:\/\/www.fondazionepirelli.org\/it\/","name":"Fondazione Pirelli","description":"","potentialAction":[{"@type":"SearchAction","target":{"@type":"EntryPoint","urlTemplate":"https:\/\/www.fondazionepirelli.org\/it\/?s={search_term_string}"},"query-input":{"@type":"PropertyValueSpecification","valueRequired":true,"valueName":"search_term_string"}}],"inLanguage":"it-IT"},{"@type":"Person","@id":"https:\/\/www.fondazionepirelli.org\/it\/#\/schema\/person\/f47d097000832c4a6e54538c791fdf25","name":"fondadmin","image":{"@type":"ImageObject","inLanguage":"it-IT","@id":"https:\/\/www.fondazionepirelli.org\/it\/#\/schema\/person\/image\/","url":"https:\/\/secure.gravatar.com\/avatar\/e69498a9175ca244966e51e53c88712c024fcebe41f9a05f75657f1bb25e489b?s=96&d=mm&r=g","contentUrl":"https:\/\/secure.gravatar.com\/avatar\/e69498a9175ca244966e51e53c88712c024fcebe41f9a05f75657f1bb25e489b?s=96&d=mm&r=g","caption":"fondadmin"},"url":"https:\/\/www.fondazionepirelli.org\/it\/author\/fondadmin\/"}]}},"_links":{"self":[{"href":"https:\/\/www.fondazionepirelli.org\/it\/wp-json\/wp\/v2\/posts\/68039\/"}],"collection":[{"href":"https:\/\/www.fondazionepirelli.org\/it\/wp-json\/wp\/v2\/posts\/"}],"about":[{"href":"https:\/\/www.fondazionepirelli.org\/it\/wp-json\/wp\/v2\/types\/post\/"}],"author":[{"embeddable":true,"href":"https:\/\/www.fondazionepirelli.org\/it\/wp-json\/wp\/v2\/users\/1\/"}],"replies":[{"embeddable":true,"href":"https:\/\/www.fondazionepirelli.org\/it\/wp-json\/wp\/v2\/comments\/?post=68039"}],"version-history":[{"count":2,"href":"https:\/\/www.fondazionepirelli.org\/it\/wp-json\/wp\/v2\/posts\/68039\/revisions\/"}],"predecessor-version":[{"id":68050,"href":"https:\/\/www.fondazionepirelli.org\/it\/wp-json\/wp\/v2\/posts\/68039\/revisions\/68050\/"}],"wp:featuredmedia":[{"embeddable":true,"href":"https:\/\/www.fondazionepirelli.org\/it\/wp-json\/wp\/v2\/media\/68041\/"}],"wp:attachment":[{"href":"https:\/\/www.fondazionepirelli.org\/it\/wp-json\/wp\/v2\/media\/?parent=68039"}],"wp:term":[{"taxonomy":"category","embeddable":true,"href":"https:\/\/www.fondazionepirelli.org\/it\/wp-json\/wp\/v2\/categories\/?post=68039"},{"taxonomy":"post_tag","embeddable":true,"href":"https:\/\/www.fondazionepirelli.org\/it\/wp-json\/wp\/v2\/tags\/?post=68039"}],"curies":[{"name":"wp","href":"https:\/\/api.w.org\/{rel}","templated":true}]}}