{"id":69094,"date":"2019-09-24T09:43:17","date_gmt":"2019-09-24T07:43:17","guid":{"rendered":"https:\/\/www.fondazionepirelli.org\/?p=69094"},"modified":"2019-09-27T14:54:43","modified_gmt":"2019-09-27T12:54:43","slug":"beni-culturali-e-cultura-dimpresa-sociale","status":"publish","type":"post","link":"https:\/\/www.fondazionepirelli.org\/it\/cultura-dimpresa\/beni-culturali-e-cultura-dimpresa-sociale\/","title":{"rendered":"Beni culturali e cultura d\u2019impresa sociale"},"content":{"rendered":"<p><em>Una tesi discussa alla LUISS, ordina i termini che legano azione pubblica e mano privata in un ambito importante della societ\u00e0<\/em><\/p><p>Cooperare per il bene del territorio e delle comunit\u00e0 che ospita. L\u2019indicazione di un nuovo modo di concepire i rapporti fra dimensioni economico-produttive e dimensioni sociali e umane dei luoghi, \u00e8 ormai chiara da tempo. Che poi questo approccio sia per davvero messo in pratica fino in fondo, \u00e8 per\u00f2 altra cosa. Gli spazi per fare bene, tuttavia, ci sono. A delinearne alcuni ci pensa Alice Di Giovine con la sua tesi discussa alla Universit\u00e0 LUISS (Dipartimento di Economia).<\/p>\n<p>\u201cCrescita e creazione di valore attraverso la conservazione dei beni culturali. Ruolo dei privati e del terzo settore\u201d \u00e8 un ordinato ragionamento sui rapporti fra iniziativa privata, impresa\u00a0 sociale, mantenimento e conservazione dei beni culturali. L\u2019autrice, cio\u00e8, ha tessuto un filo che unisce alcuni elementi (Stato, privato e cultura) che insistono in un determinato luogo e che, se ben gestiti, possono utilmente cooperare fra di loro.<\/p>\n<p>Il lavoro prende le mosse da un esame attento dell\u2019azione dello Stato in relazione alla gestione e tutela dei beni culturali, per poi passare ad esaminare l\u2019atteggiamento delle imprese del terzo settore sempre in relazione ai beni culturali ma anche in quanto imprese; infine, il lavoro approfondisce il ruolo delle fondazioni viste come strumenti di supporto ad entrambi i capi della questione (con un esempio fornito dal FAI).<\/p>\n<p>Scrive Di Giovine: \u201cGli ultimi anni sono stati interessati dalla tendenza delle istituzioni pubbliche a lasciare ampio spazio anche ad attori privati, in particolare il Terzo Settore si \u00e8 fatto protagonista di numerose iniziative economiche a sostegno di siti culturali. Molti siti sono stati cos\u00ec riportati in vita grazie all\u2019intervento di fondazioni esperte e restituiti con entusiasmo a turisti e cittadini. Queste iniziative possono quindi essere considerate strumenti di innovazione sociale applicata alla gestione del patrimonio culturale\u201d. Si tratta, a ben vedere, di una finestra aperta su un modo diverso dal consueto di intendere anche la cultura d\u2019impresa sociale. Scrive ancora l\u2019autrice: \u201cPotrebbe essere interessante identificare questo trend come un tramonto del tradizionale Welfare State, il quale apre le porte a un \u2018Welfare civile\u2019, in cui lo Stato, i privati e gli organismi senza fini di lucro concorrono all\u2019offerta di servizi alla persona. In questo modo si delinea un sistema moderno e innovativo che apre le porte alla partecipazione diretta dei cittadini alla gestione dei beni collettivi\u201d.<\/p>\n<p>Il lavoro di Alice Di Giovine non apporta forse particolari novit\u00e0 all\u2019argomento, ma ha il merito di ordinarne i termini e di rendere pi\u00f9 chiaro il tutto.<\/p>\n<p><a href=\"https:\/\/wpsite-assets.fondazionepirelli.org\/wp-content\/uploads\/2019\/09\/23094156\/di_giovine_alice_tesi.pdf\" target=\"_blank\" rel=\"noopener noreferrer\"><strong>Crescita e creazione di valore attraverso la conservazione dei beni culturali. Ruolo dei privati e del terzo settore<\/strong><\/a><\/p>\n<p>Alice Di Giovine<\/p>\n<p>Universit\u00e0 LUISS, Dipartimento di Economia Laurea in: Economia e Management, 2018<\/p>\n<p><a href=\"https:\/\/wpsite-assets.fondazionepirelli.org\/wp-content\/uploads\/2019\/09\/23094156\/di_giovine_alice_tesi.pdf\" target=\"_blank\" rel=\"noopener noreferrer\">Clicca qui per scaricare il PDF<\/a><\/p>\n","protected":false},"excerpt":{"rendered":"<p>Una tesi discussa alla LUISS, ordina i termini che legano azione pubblica e mano privata in un ambito importante della societ\u00e0Cooperare per il bene del territorio e delle comunit\u00e0 che ospita. L\u2019indicazione di un nuovo modo di concepire i rapporti fra dimensioni economico-produttive e dimensioni sociali e umane dei luoghi, \u00e8 ormai chiara da tempo. [&hellip;]<\/p>\n","protected":false},"author":1,"featured_media":0,"comment_status":"open","ping_status":"open","sticky":false,"template":"","format":"standard","meta":{"footnotes":""},"categories":[54,52],"tags":[],"class_list":["post-69094","post","type-post","status-publish","format-standard","hentry","category-approfondimenti","category-cultura-dimpresa"],"acf":[],"yoast_head":"<!-- This site is optimized with the Yoast SEO plugin v25.0 - https:\/\/yoast.com\/wordpress\/plugins\/seo\/ -->\n<title>Beni culturali e cultura d\u2019impresa sociale - Fondazione Pirelli<\/title>\n<meta name=\"robots\" content=\"index, follow, max-snippet:-1, max-image-preview:large, max-video-preview:-1\" \/>\n<link rel=\"canonical\" href=\"https:\/\/www.fondazionepirelli.org\/it\/cultura-dimpresa\/beni-culturali-e-cultura-dimpresa-sociale\/\" \/>\n<meta property=\"og:locale\" content=\"it_IT\" \/>\n<meta property=\"og:type\" content=\"article\" \/>\n<meta property=\"og:title\" content=\"Beni culturali e cultura d\u2019impresa sociale - Fondazione Pirelli\" \/>\n<meta property=\"og:description\" content=\"Una tesi discussa alla LUISS, ordina i termini che legano azione pubblica e mano privata in un ambito importante della societ\u00e0Cooperare per il bene del territorio e delle comunit\u00e0 che ospita. L\u2019indicazione di un nuovo modo di concepire i rapporti fra dimensioni economico-produttive e dimensioni sociali e umane dei luoghi, \u00e8 ormai chiara da tempo. [&hellip;]\" \/>\n<meta property=\"og:url\" content=\"https:\/\/127.0.0.1\/it\/cultura-dimpresa\/beni-culturali-e-cultura-dimpresa-sociale\/\" \/>\n<meta property=\"og:site_name\" content=\"Fondazione Pirelli\" \/>\n<meta property=\"article:published_time\" content=\"2019-09-24T07:43:17+00:00\" \/>\n<meta property=\"article:modified_time\" content=\"2019-09-27T12:54:43+00:00\" \/>\n<meta name=\"author\" content=\"fondadmin\" \/>\n<meta name=\"twitter:card\" content=\"summary_large_image\" \/>\n<meta name=\"twitter:label1\" content=\"Scritto da\" \/>\n\t<meta name=\"twitter:data1\" content=\"fondadmin\" \/>\n\t<meta name=\"twitter:label2\" content=\"Tempo di lettura stimato\" \/>\n\t<meta name=\"twitter:data2\" content=\"2 minuti\" \/>\n<script type=\"application\/ld+json\" class=\"yoast-schema-graph\">{\"@context\":\"https:\/\/schema.org\",\"@graph\":[{\"@type\":\"WebPage\",\"@id\":\"https:\/\/127.0.0.1\/it\/cultura-dimpresa\/beni-culturali-e-cultura-dimpresa-sociale\/\",\"url\":\"https:\/\/127.0.0.1\/it\/cultura-dimpresa\/beni-culturali-e-cultura-dimpresa-sociale\/\",\"name\":\"Beni culturali e cultura d\u2019impresa sociale - Fondazione Pirelli\",\"isPartOf\":{\"@id\":\"https:\/\/www.fondazionepirelli.org\/it\/#website\"},\"datePublished\":\"2019-09-24T07:43:17+00:00\",\"dateModified\":\"2019-09-27T12:54:43+00:00\",\"author\":{\"@id\":\"https:\/\/www.fondazionepirelli.org\/it\/#\/schema\/person\/f47d097000832c4a6e54538c791fdf25\"},\"breadcrumb\":{\"@id\":\"https:\/\/127.0.0.1\/it\/cultura-dimpresa\/beni-culturali-e-cultura-dimpresa-sociale\/#breadcrumb\"},\"inLanguage\":\"it-IT\",\"potentialAction\":[{\"@type\":\"ReadAction\",\"target\":[\"https:\/\/127.0.0.1\/it\/cultura-dimpresa\/beni-culturali-e-cultura-dimpresa-sociale\/\"]}]},{\"@type\":\"BreadcrumbList\",\"@id\":\"https:\/\/127.0.0.1\/it\/cultura-dimpresa\/beni-culturali-e-cultura-dimpresa-sociale\/#breadcrumb\",\"itemListElement\":[{\"@type\":\"ListItem\",\"position\":1,\"name\":\"Home\",\"item\":\"https:\/\/www.fondazionepirelli.org\/it\/\"},{\"@type\":\"ListItem\",\"position\":2,\"name\":\"Beni culturali e cultura d\u2019impresa sociale\"}]},{\"@type\":\"WebSite\",\"@id\":\"https:\/\/www.fondazionepirelli.org\/it\/#website\",\"url\":\"https:\/\/www.fondazionepirelli.org\/it\/\",\"name\":\"Fondazione Pirelli\",\"description\":\"\",\"potentialAction\":[{\"@type\":\"SearchAction\",\"target\":{\"@type\":\"EntryPoint\",\"urlTemplate\":\"https:\/\/www.fondazionepirelli.org\/it\/?s={search_term_string}\"},\"query-input\":{\"@type\":\"PropertyValueSpecification\",\"valueRequired\":true,\"valueName\":\"search_term_string\"}}],\"inLanguage\":\"it-IT\"},{\"@type\":\"Person\",\"@id\":\"https:\/\/www.fondazionepirelli.org\/it\/#\/schema\/person\/f47d097000832c4a6e54538c791fdf25\",\"name\":\"fondadmin\",\"image\":{\"@type\":\"ImageObject\",\"inLanguage\":\"it-IT\",\"@id\":\"https:\/\/www.fondazionepirelli.org\/it\/#\/schema\/person\/image\/\",\"url\":\"https:\/\/secure.gravatar.com\/avatar\/e69498a9175ca244966e51e53c88712c024fcebe41f9a05f75657f1bb25e489b?s=96&d=mm&r=g\",\"contentUrl\":\"https:\/\/secure.gravatar.com\/avatar\/e69498a9175ca244966e51e53c88712c024fcebe41f9a05f75657f1bb25e489b?s=96&d=mm&r=g\",\"caption\":\"fondadmin\"},\"url\":\"https:\/\/www.fondazionepirelli.org\/it\/author\/fondadmin\/\"}]}<\/script>\n<!-- \/ Yoast SEO plugin. -->","yoast_head_json":{"title":"Beni culturali e cultura d\u2019impresa sociale - Fondazione Pirelli","robots":{"index":"index","follow":"follow","max-snippet":"max-snippet:-1","max-image-preview":"max-image-preview:large","max-video-preview":"max-video-preview:-1"},"canonical":"https:\/\/www.fondazionepirelli.org\/it\/cultura-dimpresa\/beni-culturali-e-cultura-dimpresa-sociale\/","og_locale":"it_IT","og_type":"article","og_title":"Beni culturali e cultura d\u2019impresa sociale - Fondazione Pirelli","og_description":"Una tesi discussa alla LUISS, ordina i termini che legano azione pubblica e mano privata in un ambito importante della societ\u00e0Cooperare per il bene del territorio e delle comunit\u00e0 che ospita. L\u2019indicazione di un nuovo modo di concepire i rapporti fra dimensioni economico-produttive e dimensioni sociali e umane dei luoghi, \u00e8 ormai chiara da tempo. [&hellip;]","og_url":"https:\/\/127.0.0.1\/it\/cultura-dimpresa\/beni-culturali-e-cultura-dimpresa-sociale\/","og_site_name":"Fondazione Pirelli","article_published_time":"2019-09-24T07:43:17+00:00","article_modified_time":"2019-09-27T12:54:43+00:00","author":"fondadmin","twitter_card":"summary_large_image","twitter_misc":{"Scritto da":"fondadmin","Tempo di lettura stimato":"2 minuti"},"schema":{"@context":"https:\/\/schema.org","@graph":[{"@type":"WebPage","@id":"https:\/\/127.0.0.1\/it\/cultura-dimpresa\/beni-culturali-e-cultura-dimpresa-sociale\/","url":"https:\/\/127.0.0.1\/it\/cultura-dimpresa\/beni-culturali-e-cultura-dimpresa-sociale\/","name":"Beni culturali e cultura d\u2019impresa sociale - Fondazione Pirelli","isPartOf":{"@id":"https:\/\/www.fondazionepirelli.org\/it\/#website"},"datePublished":"2019-09-24T07:43:17+00:00","dateModified":"2019-09-27T12:54:43+00:00","author":{"@id":"https:\/\/www.fondazionepirelli.org\/it\/#\/schema\/person\/f47d097000832c4a6e54538c791fdf25"},"breadcrumb":{"@id":"https:\/\/127.0.0.1\/it\/cultura-dimpresa\/beni-culturali-e-cultura-dimpresa-sociale\/#breadcrumb"},"inLanguage":"it-IT","potentialAction":[{"@type":"ReadAction","target":["https:\/\/127.0.0.1\/it\/cultura-dimpresa\/beni-culturali-e-cultura-dimpresa-sociale\/"]}]},{"@type":"BreadcrumbList","@id":"https:\/\/127.0.0.1\/it\/cultura-dimpresa\/beni-culturali-e-cultura-dimpresa-sociale\/#breadcrumb","itemListElement":[{"@type":"ListItem","position":1,"name":"Home","item":"https:\/\/www.fondazionepirelli.org\/it\/"},{"@type":"ListItem","position":2,"name":"Beni culturali e cultura d\u2019impresa sociale"}]},{"@type":"WebSite","@id":"https:\/\/www.fondazionepirelli.org\/it\/#website","url":"https:\/\/www.fondazionepirelli.org\/it\/","name":"Fondazione Pirelli","description":"","potentialAction":[{"@type":"SearchAction","target":{"@type":"EntryPoint","urlTemplate":"https:\/\/www.fondazionepirelli.org\/it\/?s={search_term_string}"},"query-input":{"@type":"PropertyValueSpecification","valueRequired":true,"valueName":"search_term_string"}}],"inLanguage":"it-IT"},{"@type":"Person","@id":"https:\/\/www.fondazionepirelli.org\/it\/#\/schema\/person\/f47d097000832c4a6e54538c791fdf25","name":"fondadmin","image":{"@type":"ImageObject","inLanguage":"it-IT","@id":"https:\/\/www.fondazionepirelli.org\/it\/#\/schema\/person\/image\/","url":"https:\/\/secure.gravatar.com\/avatar\/e69498a9175ca244966e51e53c88712c024fcebe41f9a05f75657f1bb25e489b?s=96&d=mm&r=g","contentUrl":"https:\/\/secure.gravatar.com\/avatar\/e69498a9175ca244966e51e53c88712c024fcebe41f9a05f75657f1bb25e489b?s=96&d=mm&r=g","caption":"fondadmin"},"url":"https:\/\/www.fondazionepirelli.org\/it\/author\/fondadmin\/"}]}},"_links":{"self":[{"href":"https:\/\/www.fondazionepirelli.org\/it\/wp-json\/wp\/v2\/posts\/69094\/"}],"collection":[{"href":"https:\/\/www.fondazionepirelli.org\/it\/wp-json\/wp\/v2\/posts\/"}],"about":[{"href":"https:\/\/www.fondazionepirelli.org\/it\/wp-json\/wp\/v2\/types\/post\/"}],"author":[{"embeddable":true,"href":"https:\/\/www.fondazionepirelli.org\/it\/wp-json\/wp\/v2\/users\/1\/"}],"replies":[{"embeddable":true,"href":"https:\/\/www.fondazionepirelli.org\/it\/wp-json\/wp\/v2\/comments\/?post=69094"}],"version-history":[{"count":3,"href":"https:\/\/www.fondazionepirelli.org\/it\/wp-json\/wp\/v2\/posts\/69094\/revisions\/"}],"predecessor-version":[{"id":69219,"href":"https:\/\/www.fondazionepirelli.org\/it\/wp-json\/wp\/v2\/posts\/69094\/revisions\/69219\/"}],"wp:attachment":[{"href":"https:\/\/www.fondazionepirelli.org\/it\/wp-json\/wp\/v2\/media\/?parent=69094"}],"wp:term":[{"taxonomy":"category","embeddable":true,"href":"https:\/\/www.fondazionepirelli.org\/it\/wp-json\/wp\/v2\/categories\/?post=69094"},{"taxonomy":"post_tag","embeddable":true,"href":"https:\/\/www.fondazionepirelli.org\/it\/wp-json\/wp\/v2\/tags\/?post=69094"}],"curies":[{"name":"wp","href":"https:\/\/api.w.org\/{rel}","templated":true}]}}