{"id":69099,"date":"2019-09-24T13:29:56","date_gmt":"2019-09-24T11:29:56","guid":{"rendered":"https:\/\/www.fondazionepirelli.org\/?p=69099"},"modified":"2019-09-24T13:29:56","modified_gmt":"2019-09-24T11:29:56","slug":"fare-impresa-e-fare-cultura-i-dibattiti-su-valori-e-crisi-tra-i-convegni-di-confindustria-e-i-dialoghi-di-trani","status":"publish","type":"post","link":"https:\/\/www.fondazionepirelli.org\/it\/cultura-dimpresa\/fare-impresa-e-fare-cultura-i-dibattiti-su-valori-e-crisi-tra-i-convegni-di-confindustria-e-i-dialoghi-di-trani\/","title":{"rendered":"Fare impresa \u00e8 fare cultura: i dibattiti su valori e crisi tra i convegni di Confindustria e i \u201cDialoghi di Trani\u201d"},"content":{"rendered":"<p>In tempi di radicali cambiamenti sociali, politici ed economici, \u00e8 indispensabile scrivere nuove mappe, ricostruire una geografia delle relazioni e delle speranze, \u201cridisegnare le forme del mondo e dell\u2019umano\u201d, per dirla con le parole di Aldo Schiavone, storico, davanti a una platea affollata di ragazzi ai \u201cDialoghi di Trani\u201d, domenica scorsa. Indagare sulla \u201ccrisi\u201d, nella doppia accezione del pericolo e dell\u2019opportunit\u00e0. Provare, con la passione e la fatica indispensabili ai mestieri intellettuali, a dare a parole dense come \u201cindividuo\u201d, \u201cdemocrazia\u201d, \u201clavoro\u201d, \u201cuguaglianza\u201d, \u201cdiversit\u00e0\u201d significati adatti a raccontare fratture, trasformazioni, metamorfosi.<\/p>\n<p>\u201cLa grande et\u00e0 del lavoro, il lavoro libero come merce in cambio di salario, come strumento di libert\u00e0 e dignit\u00e0 \u00e8 alle nostre spalle, la rivoluzione tecnologica l\u2019ha distrutta\u201d, insiste Schiavone. E ancora: \u201cViviamo in un\u2019epoca che ha sempre pi\u00f9 tecnologia e sempre meno lavoro, almeno di quel lavoro con un minimo significato di costruttore di legami sociali\u201d.<br \/>\nL\u2019analisi, cos\u00ec netta, pu\u00f2 non essere del tutto condivisibile. Ma pone questioni profonde e reali che investono anche il mondo delle imprese, i loro sistemi di valori, la loro cultura. Perch\u00e9 proprio le imprese sono nel cuore della trasformazione tecnologica, la promuovono e la subiscono, ne vivono limiti e possibilit\u00e0 e ne devono sperimentare forme e strumenti di governo per ridefinire la propria competitivit\u00e0 sui mercati locali e globali, ma anche per ricostruire la loro legittimazione sociale, la loro accettabilit\u00e0 come soggetti positivi, protagonisti di un migliore futuro.<\/p>\n<p>Resta, per le imprese e le loro organizzazioni pi\u00f9 aperte e sensibili, la centralit\u00e0 del lavoro. Si tratta, semmai, di scriverne una nuova mappa (sulle indicazioni, per esempio, delle analisi e delle previsioni d\u2019un economista come Enrico Moretti, professore all\u2019universit\u00e0 di Berkeley, con il suo libro \u201cLa nuova geografia del lavoro\u201d, Mondadori). E di saper coniugare gli strumenti digital da \u201cIndustria 4.0\u201d e le opportunit\u00e0 offerte dalle innovazioni ad alta tecnologia (a cominciare dal 5G) con una originale cultura del lavoro, della conoscenza e dell\u2019organizzazione, fondata su competenze, capacit\u00e0, ricerca continua, nuove relazioni tra diritti e doveri nel segno della responsabilit\u00e0, non solo degli imprenditori, dei lavoratori e dei manager, ma dell\u2019intero universo degli stakeholders (\u201cresponsabilit\u00e0\u201d \u00e8 stata appunto la parola d\u2019ordine trasversale a tutti i \u201cDialoghi di Trani\u201d).<br \/>\nCambieranno, infatti, le caratteristiche di molti lavori, parecchi spariranno (le mansioni pi\u00f9 seriali e a basso contenuto professionale) e altri ne nasceranno (di molti non sappiamo oggi neanche nome e ruolo). Ma quel cambiamento va pensato e progettato: l\u2019intelligenza dell\u2019uomo, tutto sommato, costruisce e governa l\u2019intelligenza artificiale, senza cadere nella trappola della \u201ctecnofobia\u201d, come ammonisce un sindacalista colto e intelligente, Marco Bentivogli, in \u201cContrordine compagni\u201d, Rizzoli) ma provando semmai a rispondere, proprio sul piano della cultura d\u2019impresa, alle questioni poste da un lucido filosofo, Remo Bodei, in \u201cDominio e sottomissione &#8211; Schiavi, animali, macchine, Intelligenza Artificiale\u201d, Il Mulino.<br \/>\nLe politiche di formazione e di sostegno sociale devono accompagnare questo difficile processo: \u00e8 una responsabilit\u00e0 delle politiche pubbliche (anche su scala europea) su cui le imprese stesse vanno chiamate a collaborare.<br \/>\nL\u2019orizzonte, insomma, \u00e8 quello di una \u201cimpresa riformista\u201d capace di coniugare produttivit\u00e0, redditivit\u00e0 e sostenibilit\u00e0 ambientale e sociale, capacit\u00e0 competitiva e valorizzazione delle persone, valori da \u201ceconomia circolare e civile\u201d, con la rapidit\u00e0 indispensabile per cogliere il senso e la direzione dei cambiamenti. In sintesi: serve una nuova e migliore \u201ccivilt\u00e0 del lavoro\u201d, una riscrittura di quella \u201ccivilt\u00e0 delle macchine\u201d che aveva caratterizzato gli anni Cinquanta di impetuoso sviluppo economico e sociale in Italia e in Europa (per usare, qui, come paradigma, l\u2019efficace testata d\u2019una delle pi\u00f9 sapide riviste aziendali degli anni Cinquanta, redatta per la Finmeccanica dell\u2019Iri da Leonardo Sinisgalli, un ingegnere-poeta gi\u00e0 responsabile, con Arturo Tofanelli e Vittorio Sereni, della \u201cRivista Pirelli\u201d, esempio ancora oggi ricco di stimoli da \u201cumanesimo industriale\u201d).<\/p>\n<p>Il nome di Sinisgalli \u00e8 risuonato, sempre negli scorsi giorni, anche nel corso di un altro appuntamento dedicato alle imprese e alla loro cultura: il convegno di Confindustria a Matera intitolato \u201cCultura, comunit\u00e0, impresa: i valori dell\u2019Europa\u201d. Sinisgalli era lucano, di Montemurro (dove \u00e8 molto attiva una Fondazione intitolata al suo nome) e aveva avuto successo, come manager, prima all\u2019Olivetti di Ivrea e poi alla Pirelli, alla Finmeccanica e all\u2019Eni di Mattei. Umanesimo e scienza, poesia e meccanica, persone e macchine. Un intenso lavoro letterario e industriale, costruendo sintesi originali, da vera e propria \u201ccultura politecnica\u201d.<\/p>\n<p>Eccola, la chiave per parlare di cultura d\u2019impresa: la cultura serve alle imprese, come strumento di innovazione, ma le imprese stesse sono dinamiche produttrici di cultura scientifica e tecnologica, di cultura del lavoro, della bellezza, della qualit\u00e0. Una sintesi tra scienza e umanesimo, appunto quell\u2019\u201cumanesimo industriale\u201d di cui abbiamo appena detto. Una straordinaria cultura dello sviluppo, fondata anche sui valori dell\u2019inclusione e della sostenibilit\u00e0 ambientale e sociale, come cardini stessi della propria competitivit\u00e0.<br \/>\nLa fabbrica, l\u2019industria, i laboratori di ricerca e sviluppo sono luoghi di cultura (lo ha raccontato benissimo un grande maestro di letteratura e di vita, Primo Levi, chimico e uomo d\u2019industria, in due libri essenziali: \u201cLa chiave a stella\u201d e \u201cIl sistema periodico\u201d, entrambi pubblicati da Einaudi). Le relazioni collaborative tra le persone, impegnate nell\u2019innovazione, costruiscono un ricco tessuto culturale. L\u2019impegno a stimolare e seguire i cambiamenti di consumi e costumi \u00e8 una strategia culturale. La decodifica delle complessit\u00e0 per tenere attivi i processi produttivi e di mercato ha bisogno di robusti strumenti culturali e produce nuova cultura. E proprio l\u2019impresa contemporanea, attiva e aperta, ci suggerisce la necessit\u00e0 di passare dal binomio \u201cimpresa e cultura\u201d alla sintesi \u201cimpresa \u00e8 cultura\u201d. Una realt\u00e0 gi\u00e0 presente, in molte imprese. E tocca innanzitutto alle imprese rendersene conto, costruendo un nuovo e migliore racconto di s\u00e9.<\/p>\n","protected":false},"excerpt":{"rendered":"<p>In tempi di radicali cambiamenti sociali, politici ed economici, \u00e8 indispensabile scrivere nuove mappe, ricostruire una geografia delle relazioni e delle speranze, \u201cridisegnare le forme del mondo e dell\u2019umano\u201d, per dirla con le parole di Aldo Schiavone, storico, davanti a una platea affollata di ragazzi ai \u201cDialoghi di Trani\u201d, domenica scorsa. Indagare sulla \u201ccrisi\u201d, nella [&hellip;]<\/p>\n","protected":false},"author":1,"featured_media":69216,"comment_status":"open","ping_status":"open","sticky":false,"template":"","format":"standard","meta":{"footnotes":""},"categories":[53,52],"tags":[],"class_list":["post-69099","post","type-post","status-publish","format-standard","has-post-thumbnail","hentry","category-blog","category-cultura-dimpresa"],"acf":[],"yoast_head":"<!-- This site is optimized with the Yoast SEO plugin v25.0 - https:\/\/yoast.com\/wordpress\/plugins\/seo\/ -->\n<title>Fare impresa \u00e8 fare cultura: i dibattiti su valori e crisi tra i convegni di Confindustria e i \u201cDialoghi di Trani\u201d - Fondazione Pirelli<\/title>\n<meta name=\"robots\" content=\"index, follow, max-snippet:-1, max-image-preview:large, max-video-preview:-1\" \/>\n<link rel=\"canonical\" href=\"https:\/\/www.fondazionepirelli.org\/it\/cultura-dimpresa\/fare-impresa-e-fare-cultura-i-dibattiti-su-valori-e-crisi-tra-i-convegni-di-confindustria-e-i-dialoghi-di-trani\/\" \/>\n<meta property=\"og:locale\" content=\"it_IT\" \/>\n<meta property=\"og:type\" content=\"article\" \/>\n<meta property=\"og:title\" content=\"Fare impresa \u00e8 fare cultura: i dibattiti su valori e crisi tra i convegni di Confindustria e i \u201cDialoghi di Trani\u201d - Fondazione Pirelli\" \/>\n<meta property=\"og:description\" content=\"In tempi di radicali cambiamenti sociali, politici ed economici, \u00e8 indispensabile scrivere nuove mappe, ricostruire una geografia delle relazioni e delle speranze, \u201cridisegnare le forme del mondo e dell\u2019umano\u201d, per dirla con le parole di Aldo Schiavone, storico, davanti a una platea affollata di ragazzi ai \u201cDialoghi di Trani\u201d, domenica scorsa. Indagare sulla \u201ccrisi\u201d, nella [&hellip;]\" \/>\n<meta property=\"og:url\" content=\"https:\/\/www.fondazionepirelli.org\/it\/cultura-dimpresa\/fare-impresa-e-fare-cultura-i-dibattiti-su-valori-e-crisi-tra-i-convegni-di-confindustria-e-i-dialoghi-di-trani\/\" \/>\n<meta property=\"og:site_name\" content=\"Fondazione Pirelli\" \/>\n<meta property=\"article:published_time\" content=\"2019-09-24T11:29:56+00:00\" \/>\n<meta property=\"og:image\" content=\"https:\/\/wpsite-assets.fondazionepirelli.org\/wp-content\/uploads\/2019\/09\/24132757\/business-man-creative-thinking-72dpi-1280x1200-e1569324487708.jpg\" \/>\n\t<meta property=\"og:image:width\" content=\"600\" \/>\n\t<meta property=\"og:image:height\" content=\"563\" \/>\n\t<meta property=\"og:image:type\" content=\"image\/jpeg\" \/>\n<meta name=\"author\" content=\"fondadmin\" \/>\n<meta name=\"twitter:card\" content=\"summary_large_image\" \/>\n<meta name=\"twitter:label1\" content=\"Scritto da\" \/>\n\t<meta name=\"twitter:data1\" content=\"fondadmin\" \/>\n\t<meta name=\"twitter:label2\" content=\"Tempo di lettura stimato\" \/>\n\t<meta name=\"twitter:data2\" content=\"5 minuti\" \/>\n<script type=\"application\/ld+json\" class=\"yoast-schema-graph\">{\"@context\":\"https:\/\/schema.org\",\"@graph\":[{\"@type\":\"WebPage\",\"@id\":\"https:\/\/www.fondazionepirelli.org\/it\/cultura-dimpresa\/fare-impresa-e-fare-cultura-i-dibattiti-su-valori-e-crisi-tra-i-convegni-di-confindustria-e-i-dialoghi-di-trani\/\",\"url\":\"https:\/\/www.fondazionepirelli.org\/it\/cultura-dimpresa\/fare-impresa-e-fare-cultura-i-dibattiti-su-valori-e-crisi-tra-i-convegni-di-confindustria-e-i-dialoghi-di-trani\/\",\"name\":\"Fare impresa \u00e8 fare cultura: i dibattiti su valori e crisi tra i convegni di Confindustria e i \u201cDialoghi di Trani\u201d - Fondazione Pirelli\",\"isPartOf\":{\"@id\":\"https:\/\/www.fondazionepirelli.org\/it\/#website\"},\"primaryImageOfPage\":{\"@id\":\"https:\/\/www.fondazionepirelli.org\/it\/cultura-dimpresa\/fare-impresa-e-fare-cultura-i-dibattiti-su-valori-e-crisi-tra-i-convegni-di-confindustria-e-i-dialoghi-di-trani\/#primaryimage\"},\"image\":{\"@id\":\"https:\/\/www.fondazionepirelli.org\/it\/cultura-dimpresa\/fare-impresa-e-fare-cultura-i-dibattiti-su-valori-e-crisi-tra-i-convegni-di-confindustria-e-i-dialoghi-di-trani\/#primaryimage\"},\"thumbnailUrl\":\"https:\/\/wpsite-assets.fondazionepirelli.org\/wp-content\/uploads\/2019\/09\/24132757\/business-man-creative-thinking-72dpi-1280x1200-e1569324487708.jpg\",\"datePublished\":\"2019-09-24T11:29:56+00:00\",\"author\":{\"@id\":\"https:\/\/www.fondazionepirelli.org\/it\/#\/schema\/person\/f47d097000832c4a6e54538c791fdf25\"},\"breadcrumb\":{\"@id\":\"https:\/\/www.fondazionepirelli.org\/it\/cultura-dimpresa\/fare-impresa-e-fare-cultura-i-dibattiti-su-valori-e-crisi-tra-i-convegni-di-confindustria-e-i-dialoghi-di-trani\/#breadcrumb\"},\"inLanguage\":\"it-IT\",\"potentialAction\":[{\"@type\":\"ReadAction\",\"target\":[\"https:\/\/www.fondazionepirelli.org\/it\/cultura-dimpresa\/fare-impresa-e-fare-cultura-i-dibattiti-su-valori-e-crisi-tra-i-convegni-di-confindustria-e-i-dialoghi-di-trani\/\"]}]},{\"@type\":\"ImageObject\",\"inLanguage\":\"it-IT\",\"@id\":\"https:\/\/www.fondazionepirelli.org\/it\/cultura-dimpresa\/fare-impresa-e-fare-cultura-i-dibattiti-su-valori-e-crisi-tra-i-convegni-di-confindustria-e-i-dialoghi-di-trani\/#primaryimage\",\"url\":\"https:\/\/wpsite-assets.fondazionepirelli.org\/wp-content\/uploads\/2019\/09\/24132757\/business-man-creative-thinking-72dpi-1280x1200-e1569324487708.jpg\",\"contentUrl\":\"https:\/\/wpsite-assets.fondazionepirelli.org\/wp-content\/uploads\/2019\/09\/24132757\/business-man-creative-thinking-72dpi-1280x1200-e1569324487708.jpg\",\"width\":600,\"height\":563,\"caption\":\"Businessman thinks of a new creative idea\"},{\"@type\":\"BreadcrumbList\",\"@id\":\"https:\/\/www.fondazionepirelli.org\/it\/cultura-dimpresa\/fare-impresa-e-fare-cultura-i-dibattiti-su-valori-e-crisi-tra-i-convegni-di-confindustria-e-i-dialoghi-di-trani\/#breadcrumb\",\"itemListElement\":[{\"@type\":\"ListItem\",\"position\":1,\"name\":\"Home\",\"item\":\"https:\/\/www.fondazionepirelli.org\/it\/\"},{\"@type\":\"ListItem\",\"position\":2,\"name\":\"Fare impresa \u00e8 fare cultura: i dibattiti su valori e crisi tra i convegni di Confindustria e i \u201cDialoghi di Trani\u201d\"}]},{\"@type\":\"WebSite\",\"@id\":\"https:\/\/www.fondazionepirelli.org\/it\/#website\",\"url\":\"https:\/\/www.fondazionepirelli.org\/it\/\",\"name\":\"Fondazione Pirelli\",\"description\":\"\",\"potentialAction\":[{\"@type\":\"SearchAction\",\"target\":{\"@type\":\"EntryPoint\",\"urlTemplate\":\"https:\/\/www.fondazionepirelli.org\/it\/?s={search_term_string}\"},\"query-input\":{\"@type\":\"PropertyValueSpecification\",\"valueRequired\":true,\"valueName\":\"search_term_string\"}}],\"inLanguage\":\"it-IT\"},{\"@type\":\"Person\",\"@id\":\"https:\/\/www.fondazionepirelli.org\/it\/#\/schema\/person\/f47d097000832c4a6e54538c791fdf25\",\"name\":\"fondadmin\",\"image\":{\"@type\":\"ImageObject\",\"inLanguage\":\"it-IT\",\"@id\":\"https:\/\/www.fondazionepirelli.org\/it\/#\/schema\/person\/image\/\",\"url\":\"https:\/\/secure.gravatar.com\/avatar\/e69498a9175ca244966e51e53c88712c024fcebe41f9a05f75657f1bb25e489b?s=96&d=mm&r=g\",\"contentUrl\":\"https:\/\/secure.gravatar.com\/avatar\/e69498a9175ca244966e51e53c88712c024fcebe41f9a05f75657f1bb25e489b?s=96&d=mm&r=g\",\"caption\":\"fondadmin\"},\"url\":\"https:\/\/www.fondazionepirelli.org\/it\/author\/fondadmin\/\"}]}<\/script>\n<!-- \/ Yoast SEO plugin. -->","yoast_head_json":{"title":"Fare impresa \u00e8 fare cultura: i dibattiti su valori e crisi tra i convegni di Confindustria e i \u201cDialoghi di Trani\u201d - Fondazione Pirelli","robots":{"index":"index","follow":"follow","max-snippet":"max-snippet:-1","max-image-preview":"max-image-preview:large","max-video-preview":"max-video-preview:-1"},"canonical":"https:\/\/www.fondazionepirelli.org\/it\/cultura-dimpresa\/fare-impresa-e-fare-cultura-i-dibattiti-su-valori-e-crisi-tra-i-convegni-di-confindustria-e-i-dialoghi-di-trani\/","og_locale":"it_IT","og_type":"article","og_title":"Fare impresa \u00e8 fare cultura: i dibattiti su valori e crisi tra i convegni di Confindustria e i \u201cDialoghi di Trani\u201d - Fondazione Pirelli","og_description":"In tempi di radicali cambiamenti sociali, politici ed economici, \u00e8 indispensabile scrivere nuove mappe, ricostruire una geografia delle relazioni e delle speranze, \u201cridisegnare le forme del mondo e dell\u2019umano\u201d, per dirla con le parole di Aldo Schiavone, storico, davanti a una platea affollata di ragazzi ai \u201cDialoghi di Trani\u201d, domenica scorsa. Indagare sulla \u201ccrisi\u201d, nella [&hellip;]","og_url":"https:\/\/www.fondazionepirelli.org\/it\/cultura-dimpresa\/fare-impresa-e-fare-cultura-i-dibattiti-su-valori-e-crisi-tra-i-convegni-di-confindustria-e-i-dialoghi-di-trani\/","og_site_name":"Fondazione Pirelli","article_published_time":"2019-09-24T11:29:56+00:00","og_image":[{"width":600,"height":563,"url":"https:\/\/wpsite-assets.fondazionepirelli.org\/wp-content\/uploads\/2019\/09\/24132757\/business-man-creative-thinking-72dpi-1280x1200-e1569324487708.jpg","type":"image\/jpeg"}],"author":"fondadmin","twitter_card":"summary_large_image","twitter_misc":{"Scritto da":"fondadmin","Tempo di lettura stimato":"5 minuti"},"schema":{"@context":"https:\/\/schema.org","@graph":[{"@type":"WebPage","@id":"https:\/\/www.fondazionepirelli.org\/it\/cultura-dimpresa\/fare-impresa-e-fare-cultura-i-dibattiti-su-valori-e-crisi-tra-i-convegni-di-confindustria-e-i-dialoghi-di-trani\/","url":"https:\/\/www.fondazionepirelli.org\/it\/cultura-dimpresa\/fare-impresa-e-fare-cultura-i-dibattiti-su-valori-e-crisi-tra-i-convegni-di-confindustria-e-i-dialoghi-di-trani\/","name":"Fare impresa \u00e8 fare cultura: i dibattiti su valori e crisi tra i convegni di Confindustria e i \u201cDialoghi di Trani\u201d - Fondazione Pirelli","isPartOf":{"@id":"https:\/\/www.fondazionepirelli.org\/it\/#website"},"primaryImageOfPage":{"@id":"https:\/\/www.fondazionepirelli.org\/it\/cultura-dimpresa\/fare-impresa-e-fare-cultura-i-dibattiti-su-valori-e-crisi-tra-i-convegni-di-confindustria-e-i-dialoghi-di-trani\/#primaryimage"},"image":{"@id":"https:\/\/www.fondazionepirelli.org\/it\/cultura-dimpresa\/fare-impresa-e-fare-cultura-i-dibattiti-su-valori-e-crisi-tra-i-convegni-di-confindustria-e-i-dialoghi-di-trani\/#primaryimage"},"thumbnailUrl":"https:\/\/wpsite-assets.fondazionepirelli.org\/wp-content\/uploads\/2019\/09\/24132757\/business-man-creative-thinking-72dpi-1280x1200-e1569324487708.jpg","datePublished":"2019-09-24T11:29:56+00:00","author":{"@id":"https:\/\/www.fondazionepirelli.org\/it\/#\/schema\/person\/f47d097000832c4a6e54538c791fdf25"},"breadcrumb":{"@id":"https:\/\/www.fondazionepirelli.org\/it\/cultura-dimpresa\/fare-impresa-e-fare-cultura-i-dibattiti-su-valori-e-crisi-tra-i-convegni-di-confindustria-e-i-dialoghi-di-trani\/#breadcrumb"},"inLanguage":"it-IT","potentialAction":[{"@type":"ReadAction","target":["https:\/\/www.fondazionepirelli.org\/it\/cultura-dimpresa\/fare-impresa-e-fare-cultura-i-dibattiti-su-valori-e-crisi-tra-i-convegni-di-confindustria-e-i-dialoghi-di-trani\/"]}]},{"@type":"ImageObject","inLanguage":"it-IT","@id":"https:\/\/www.fondazionepirelli.org\/it\/cultura-dimpresa\/fare-impresa-e-fare-cultura-i-dibattiti-su-valori-e-crisi-tra-i-convegni-di-confindustria-e-i-dialoghi-di-trani\/#primaryimage","url":"https:\/\/wpsite-assets.fondazionepirelli.org\/wp-content\/uploads\/2019\/09\/24132757\/business-man-creative-thinking-72dpi-1280x1200-e1569324487708.jpg","contentUrl":"https:\/\/wpsite-assets.fondazionepirelli.org\/wp-content\/uploads\/2019\/09\/24132757\/business-man-creative-thinking-72dpi-1280x1200-e1569324487708.jpg","width":600,"height":563,"caption":"Businessman thinks of a new creative idea"},{"@type":"BreadcrumbList","@id":"https:\/\/www.fondazionepirelli.org\/it\/cultura-dimpresa\/fare-impresa-e-fare-cultura-i-dibattiti-su-valori-e-crisi-tra-i-convegni-di-confindustria-e-i-dialoghi-di-trani\/#breadcrumb","itemListElement":[{"@type":"ListItem","position":1,"name":"Home","item":"https:\/\/www.fondazionepirelli.org\/it\/"},{"@type":"ListItem","position":2,"name":"Fare impresa \u00e8 fare cultura: i dibattiti su valori e crisi tra i convegni di Confindustria e i \u201cDialoghi di Trani\u201d"}]},{"@type":"WebSite","@id":"https:\/\/www.fondazionepirelli.org\/it\/#website","url":"https:\/\/www.fondazionepirelli.org\/it\/","name":"Fondazione Pirelli","description":"","potentialAction":[{"@type":"SearchAction","target":{"@type":"EntryPoint","urlTemplate":"https:\/\/www.fondazionepirelli.org\/it\/?s={search_term_string}"},"query-input":{"@type":"PropertyValueSpecification","valueRequired":true,"valueName":"search_term_string"}}],"inLanguage":"it-IT"},{"@type":"Person","@id":"https:\/\/www.fondazionepirelli.org\/it\/#\/schema\/person\/f47d097000832c4a6e54538c791fdf25","name":"fondadmin","image":{"@type":"ImageObject","inLanguage":"it-IT","@id":"https:\/\/www.fondazionepirelli.org\/it\/#\/schema\/person\/image\/","url":"https:\/\/secure.gravatar.com\/avatar\/e69498a9175ca244966e51e53c88712c024fcebe41f9a05f75657f1bb25e489b?s=96&d=mm&r=g","contentUrl":"https:\/\/secure.gravatar.com\/avatar\/e69498a9175ca244966e51e53c88712c024fcebe41f9a05f75657f1bb25e489b?s=96&d=mm&r=g","caption":"fondadmin"},"url":"https:\/\/www.fondazionepirelli.org\/it\/author\/fondadmin\/"}]}},"_links":{"self":[{"href":"https:\/\/www.fondazionepirelli.org\/it\/wp-json\/wp\/v2\/posts\/69099\/"}],"collection":[{"href":"https:\/\/www.fondazionepirelli.org\/it\/wp-json\/wp\/v2\/posts\/"}],"about":[{"href":"https:\/\/www.fondazionepirelli.org\/it\/wp-json\/wp\/v2\/types\/post\/"}],"author":[{"embeddable":true,"href":"https:\/\/www.fondazionepirelli.org\/it\/wp-json\/wp\/v2\/users\/1\/"}],"replies":[{"embeddable":true,"href":"https:\/\/www.fondazionepirelli.org\/it\/wp-json\/wp\/v2\/comments\/?post=69099"}],"version-history":[{"count":2,"href":"https:\/\/www.fondazionepirelli.org\/it\/wp-json\/wp\/v2\/posts\/69099\/revisions\/"}],"predecessor-version":[{"id":69218,"href":"https:\/\/www.fondazionepirelli.org\/it\/wp-json\/wp\/v2\/posts\/69099\/revisions\/69218\/"}],"wp:featuredmedia":[{"embeddable":true,"href":"https:\/\/www.fondazionepirelli.org\/it\/wp-json\/wp\/v2\/media\/69216\/"}],"wp:attachment":[{"href":"https:\/\/www.fondazionepirelli.org\/it\/wp-json\/wp\/v2\/media\/?parent=69099"}],"wp:term":[{"taxonomy":"category","embeddable":true,"href":"https:\/\/www.fondazionepirelli.org\/it\/wp-json\/wp\/v2\/categories\/?post=69099"},{"taxonomy":"post_tag","embeddable":true,"href":"https:\/\/www.fondazionepirelli.org\/it\/wp-json\/wp\/v2\/tags\/?post=69099"}],"curies":[{"name":"wp","href":"https:\/\/api.w.org\/{rel}","templated":true}]}}