{"id":69469,"date":"2019-10-01T11:16:16","date_gmt":"2019-10-01T09:16:16","guid":{"rendered":"https:\/\/www.fondazionepirelli.org\/?p=69469"},"modified":"2019-10-01T11:16:16","modified_gmt":"2019-10-01T09:16:16","slug":"cultura-lavoro-e-migrazioni","status":"publish","type":"post","link":"https:\/\/www.fondazionepirelli.org\/it\/cultura-dimpresa\/approfondimenti\/cultura-lavoro-e-migrazioni\/","title":{"rendered":"Cultura, lavoro e migrazioni"},"content":{"rendered":"<p><em>Una indagine pubblicata da Banca d\u2019Italia mette in relazione l\u2019andamento dei flussi di persone con l\u2019evoluzione delle condizioni sociali ed economiche del Paese<\/em><\/p>\n<p><strong>\u00a0<\/strong><\/p>\n<p>L\u2019economia e la produzione, la crescita delle imprese, i successi di queste, sono tutte circostanze nelle quali \u2013 spesso \u2013, un ruolo importante ha avuto la migrazione di grandi quantit\u00e0 di persone. Capire i grandi movimenti migratori, i loro motivi, le loro dinamiche, \u00e8 cosa da fare non solo per la comprensione dei traguardi raggiunti, ma pure per la migliore consapevolezza di quella cultura d\u2019impresa tutta italiana che tanta parte ha nei successi (e nei fallimenti) di ci\u00f2 che comunemente viene indicato come <em>made in Italy. <\/em><\/p>\n<p>Serve allora leggere\u00a0 \u201cMigrazioni, demografia e lavoro in un paese diviso\u201d scritto a quattro mani da Asher Colombo e Gianpiero Dalla Zuanna (rispettivamente dell\u2019Universit\u00e0 di Bologna e di Padova) e pubblicato da Banca d\u2019Italia e presentato al XVIII <em>World Economic History Congress<\/em>, nella Sessione <em>Demography and Economic Change from Modern Era to Date: An International Comparative Perspective<\/em>.<\/p>\n<p>I due autori partono dalla considerazione che oggi in Spagna, Portogallo, Italia, Malta e Grecia, l\u2019incidenza degli stranieri sulla popolazione \u00e8 del tutto comparabile a quella dei pi\u00f9 tradizionali paesi europei di immigrazione. Solo quarant\u2019anni fa per\u00f2 le dimensioni della presenza straniera erano decisamente modeste. Invertendo una tendenza secolare, spiegano quindi Colombo e Dalla Zuanna, a partire dagli anni Settanta il saldo migratorio con i paesi stranieri \u00e8 diventato positivo. Ma dopo il <em>boom<\/em> migratorio dell\u2019inizio del XXI secolo, nei successivi anni di crisi si \u00e8 osservato un improvviso e deciso calo.<\/p>\n<p>La ricerca ha quindi l\u2019obiettivo da un lato di descrivere settant\u2019anni di migrazioni italiane (dagli anni Cinquanta a oggi), distinguendo in modo sistematico Centro-Nord da Mezzogiorno e connettendole con la storia migratoria degli anni precedenti; dall\u2019altro, di identificare le peculiarit\u00e0 persistenti e strutturali che hanno modellato la presenza straniera in Italia, costruendo un modello assai diverso da quello dell\u2019Europa Centrale e Settentrionale. Ne emerge la vicenda di flussi migratori indicati tecnicamente con un andamento <em>stop and go<\/em> interpretato alla luce di fattori di attrazione determinati da cambiamenti strutturali avvenuti nella demografia e nel mercato del lavoro, ma anche dalla stessa particolare cultura presente nella societ\u00e0 italiana.<\/p>\n<p>Scrivo i due autori nelle loro conclusioni: \u201cGli attori sono cambiati, ma il copione \u00e8 molto simile. All\u2019Unit\u00e0 fino agli anni Settanta del Novecento sono stati gli italiani a partire verso altre regioni d\u2019Italia o verso l\u2019estero, mentre nei tre decenni successivi la carenza di italiani disposti a fare lavori manuali a basso costo \u00e8 stata compensata, per lo pi\u00f9, dall\u2019arrivo di stranieri. Le cose si sono modificate \u2013 parzialmente \u2013 nel corso dell\u2019ultimo decennio, perch\u00e9 per la prima volta si osservano partenze consistenti dall\u2019Italia anche di giovani con elevato titolo di studio. Ci\u00f2 che avverr\u00e0 nel prossimo futuro dipende strettamente dalla capacit\u00e0 del nostro paese di creare nuovi posti di lavoro, sia ad alta che a bassa qualificazione\u201d.<\/p><p><strong><a href=\"https:\/\/wpsite-assets.fondazionepirelli.org\/wp-content\/uploads\/2019\/09\/30123256\/cultura-lavoro-e-migrazioni_QSE-45.pdf\" target=\"_blank\" rel=\"noopener noreferrer\">Migrazioni, demografia e lavoro in un paese diviso<\/a><\/strong><\/p>\n<p>Asher Colombo, Gianpiero Dalla Zuanna<\/p>\n<p>Banca d\u2019Italia, Quaderni di Storia Economica, n. 45, settembre 2019<\/p><p><a href=\"https:\/\/wpsite-assets.fondazionepirelli.org\/wp-content\/uploads\/2019\/09\/30123256\/cultura-lavoro-e-migrazioni_QSE-45.pdf\" target=\"_blank\" rel=\"noopener noreferrer\">Clicca qui per scaricare il PDF<\/a><\/p>\n","protected":false},"excerpt":{"rendered":"<p>Una indagine pubblicata da Banca d\u2019Italia mette in relazione l\u2019andamento dei flussi di persone con l\u2019evoluzione delle condizioni sociali ed economiche del Paese \u00a0 L\u2019economia e la produzione, la crescita delle imprese, i successi di queste, sono tutte circostanze nelle quali \u2013 spesso \u2013, un ruolo importante ha avuto la migrazione di grandi quantit\u00e0 di [&hellip;]<\/p>\n","protected":false},"author":1,"featured_media":0,"comment_status":"open","ping_status":"open","sticky":false,"template":"","format":"standard","meta":{"footnotes":""},"categories":[54,52],"tags":[],"class_list":["post-69469","post","type-post","status-publish","format-standard","hentry","category-approfondimenti","category-cultura-dimpresa"],"acf":[],"yoast_head":"<!-- This site is optimized with the Yoast SEO plugin v25.0 - https:\/\/yoast.com\/wordpress\/plugins\/seo\/ -->\n<title>Cultura, lavoro e migrazioni - Fondazione Pirelli<\/title>\n<meta name=\"robots\" content=\"index, follow, max-snippet:-1, max-image-preview:large, max-video-preview:-1\" \/>\n<link rel=\"canonical\" href=\"https:\/\/www.fondazionepirelli.org\/it\/cultura-dimpresa\/approfondimenti\/cultura-lavoro-e-migrazioni\/\" \/>\n<meta property=\"og:locale\" content=\"it_IT\" \/>\n<meta property=\"og:type\" content=\"article\" \/>\n<meta property=\"og:title\" content=\"Cultura, lavoro e migrazioni - Fondazione Pirelli\" \/>\n<meta property=\"og:description\" content=\"Una indagine pubblicata da Banca d\u2019Italia mette in relazione l\u2019andamento dei flussi di persone con l\u2019evoluzione delle condizioni sociali ed economiche del Paese \u00a0 L\u2019economia e la produzione, la crescita delle imprese, i successi di queste, sono tutte circostanze nelle quali \u2013 spesso \u2013, un ruolo importante ha avuto la migrazione di grandi quantit\u00e0 di [&hellip;]\" \/>\n<meta property=\"og:url\" content=\"https:\/\/127.0.0.1\/it\/cultura-dimpresa\/approfondimenti\/cultura-lavoro-e-migrazioni\/\" \/>\n<meta property=\"og:site_name\" content=\"Fondazione Pirelli\" \/>\n<meta property=\"article:published_time\" content=\"2019-10-01T09:16:16+00:00\" \/>\n<meta name=\"author\" content=\"fondadmin\" \/>\n<meta name=\"twitter:card\" content=\"summary_large_image\" \/>\n<meta name=\"twitter:label1\" content=\"Scritto da\" \/>\n\t<meta name=\"twitter:data1\" content=\"fondadmin\" \/>\n\t<meta name=\"twitter:label2\" content=\"Tempo di lettura stimato\" \/>\n\t<meta name=\"twitter:data2\" content=\"3 minuti\" \/>\n<script type=\"application\/ld+json\" class=\"yoast-schema-graph\">{\"@context\":\"https:\/\/schema.org\",\"@graph\":[{\"@type\":\"WebPage\",\"@id\":\"https:\/\/127.0.0.1\/it\/cultura-dimpresa\/approfondimenti\/cultura-lavoro-e-migrazioni\/\",\"url\":\"https:\/\/127.0.0.1\/it\/cultura-dimpresa\/approfondimenti\/cultura-lavoro-e-migrazioni\/\",\"name\":\"Cultura, lavoro e migrazioni - Fondazione Pirelli\",\"isPartOf\":{\"@id\":\"https:\/\/www.fondazionepirelli.org\/it\/#website\"},\"datePublished\":\"2019-10-01T09:16:16+00:00\",\"author\":{\"@id\":\"https:\/\/www.fondazionepirelli.org\/it\/#\/schema\/person\/f47d097000832c4a6e54538c791fdf25\"},\"breadcrumb\":{\"@id\":\"https:\/\/127.0.0.1\/it\/cultura-dimpresa\/approfondimenti\/cultura-lavoro-e-migrazioni\/#breadcrumb\"},\"inLanguage\":\"it-IT\",\"potentialAction\":[{\"@type\":\"ReadAction\",\"target\":[\"https:\/\/127.0.0.1\/it\/cultura-dimpresa\/approfondimenti\/cultura-lavoro-e-migrazioni\/\"]}]},{\"@type\":\"BreadcrumbList\",\"@id\":\"https:\/\/127.0.0.1\/it\/cultura-dimpresa\/approfondimenti\/cultura-lavoro-e-migrazioni\/#breadcrumb\",\"itemListElement\":[{\"@type\":\"ListItem\",\"position\":1,\"name\":\"Home\",\"item\":\"https:\/\/www.fondazionepirelli.org\/it\/\"},{\"@type\":\"ListItem\",\"position\":2,\"name\":\"Cultura, lavoro e migrazioni\"}]},{\"@type\":\"WebSite\",\"@id\":\"https:\/\/www.fondazionepirelli.org\/it\/#website\",\"url\":\"https:\/\/www.fondazionepirelli.org\/it\/\",\"name\":\"Fondazione Pirelli\",\"description\":\"\",\"potentialAction\":[{\"@type\":\"SearchAction\",\"target\":{\"@type\":\"EntryPoint\",\"urlTemplate\":\"https:\/\/www.fondazionepirelli.org\/it\/?s={search_term_string}\"},\"query-input\":{\"@type\":\"PropertyValueSpecification\",\"valueRequired\":true,\"valueName\":\"search_term_string\"}}],\"inLanguage\":\"it-IT\"},{\"@type\":\"Person\",\"@id\":\"https:\/\/www.fondazionepirelli.org\/it\/#\/schema\/person\/f47d097000832c4a6e54538c791fdf25\",\"name\":\"fondadmin\",\"image\":{\"@type\":\"ImageObject\",\"inLanguage\":\"it-IT\",\"@id\":\"https:\/\/www.fondazionepirelli.org\/it\/#\/schema\/person\/image\/\",\"url\":\"https:\/\/secure.gravatar.com\/avatar\/e69498a9175ca244966e51e53c88712c024fcebe41f9a05f75657f1bb25e489b?s=96&d=mm&r=g\",\"contentUrl\":\"https:\/\/secure.gravatar.com\/avatar\/e69498a9175ca244966e51e53c88712c024fcebe41f9a05f75657f1bb25e489b?s=96&d=mm&r=g\",\"caption\":\"fondadmin\"},\"url\":\"https:\/\/www.fondazionepirelli.org\/it\/author\/fondadmin\/\"}]}<\/script>\n<!-- \/ Yoast SEO plugin. -->","yoast_head_json":{"title":"Cultura, lavoro e migrazioni - Fondazione Pirelli","robots":{"index":"index","follow":"follow","max-snippet":"max-snippet:-1","max-image-preview":"max-image-preview:large","max-video-preview":"max-video-preview:-1"},"canonical":"https:\/\/www.fondazionepirelli.org\/it\/cultura-dimpresa\/approfondimenti\/cultura-lavoro-e-migrazioni\/","og_locale":"it_IT","og_type":"article","og_title":"Cultura, lavoro e migrazioni - Fondazione Pirelli","og_description":"Una indagine pubblicata da Banca d\u2019Italia mette in relazione l\u2019andamento dei flussi di persone con l\u2019evoluzione delle condizioni sociali ed economiche del Paese \u00a0 L\u2019economia e la produzione, la crescita delle imprese, i successi di queste, sono tutte circostanze nelle quali \u2013 spesso \u2013, un ruolo importante ha avuto la migrazione di grandi quantit\u00e0 di [&hellip;]","og_url":"https:\/\/127.0.0.1\/it\/cultura-dimpresa\/approfondimenti\/cultura-lavoro-e-migrazioni\/","og_site_name":"Fondazione Pirelli","article_published_time":"2019-10-01T09:16:16+00:00","author":"fondadmin","twitter_card":"summary_large_image","twitter_misc":{"Scritto da":"fondadmin","Tempo di lettura stimato":"3 minuti"},"schema":{"@context":"https:\/\/schema.org","@graph":[{"@type":"WebPage","@id":"https:\/\/127.0.0.1\/it\/cultura-dimpresa\/approfondimenti\/cultura-lavoro-e-migrazioni\/","url":"https:\/\/127.0.0.1\/it\/cultura-dimpresa\/approfondimenti\/cultura-lavoro-e-migrazioni\/","name":"Cultura, lavoro e migrazioni - Fondazione Pirelli","isPartOf":{"@id":"https:\/\/www.fondazionepirelli.org\/it\/#website"},"datePublished":"2019-10-01T09:16:16+00:00","author":{"@id":"https:\/\/www.fondazionepirelli.org\/it\/#\/schema\/person\/f47d097000832c4a6e54538c791fdf25"},"breadcrumb":{"@id":"https:\/\/127.0.0.1\/it\/cultura-dimpresa\/approfondimenti\/cultura-lavoro-e-migrazioni\/#breadcrumb"},"inLanguage":"it-IT","potentialAction":[{"@type":"ReadAction","target":["https:\/\/127.0.0.1\/it\/cultura-dimpresa\/approfondimenti\/cultura-lavoro-e-migrazioni\/"]}]},{"@type":"BreadcrumbList","@id":"https:\/\/127.0.0.1\/it\/cultura-dimpresa\/approfondimenti\/cultura-lavoro-e-migrazioni\/#breadcrumb","itemListElement":[{"@type":"ListItem","position":1,"name":"Home","item":"https:\/\/www.fondazionepirelli.org\/it\/"},{"@type":"ListItem","position":2,"name":"Cultura, lavoro e migrazioni"}]},{"@type":"WebSite","@id":"https:\/\/www.fondazionepirelli.org\/it\/#website","url":"https:\/\/www.fondazionepirelli.org\/it\/","name":"Fondazione Pirelli","description":"","potentialAction":[{"@type":"SearchAction","target":{"@type":"EntryPoint","urlTemplate":"https:\/\/www.fondazionepirelli.org\/it\/?s={search_term_string}"},"query-input":{"@type":"PropertyValueSpecification","valueRequired":true,"valueName":"search_term_string"}}],"inLanguage":"it-IT"},{"@type":"Person","@id":"https:\/\/www.fondazionepirelli.org\/it\/#\/schema\/person\/f47d097000832c4a6e54538c791fdf25","name":"fondadmin","image":{"@type":"ImageObject","inLanguage":"it-IT","@id":"https:\/\/www.fondazionepirelli.org\/it\/#\/schema\/person\/image\/","url":"https:\/\/secure.gravatar.com\/avatar\/e69498a9175ca244966e51e53c88712c024fcebe41f9a05f75657f1bb25e489b?s=96&d=mm&r=g","contentUrl":"https:\/\/secure.gravatar.com\/avatar\/e69498a9175ca244966e51e53c88712c024fcebe41f9a05f75657f1bb25e489b?s=96&d=mm&r=g","caption":"fondadmin"},"url":"https:\/\/www.fondazionepirelli.org\/it\/author\/fondadmin\/"}]}},"_links":{"self":[{"href":"https:\/\/www.fondazionepirelli.org\/it\/wp-json\/wp\/v2\/posts\/69469\/"}],"collection":[{"href":"https:\/\/www.fondazionepirelli.org\/it\/wp-json\/wp\/v2\/posts\/"}],"about":[{"href":"https:\/\/www.fondazionepirelli.org\/it\/wp-json\/wp\/v2\/types\/post\/"}],"author":[{"embeddable":true,"href":"https:\/\/www.fondazionepirelli.org\/it\/wp-json\/wp\/v2\/users\/1\/"}],"replies":[{"embeddable":true,"href":"https:\/\/www.fondazionepirelli.org\/it\/wp-json\/wp\/v2\/comments\/?post=69469"}],"version-history":[{"count":3,"href":"https:\/\/www.fondazionepirelli.org\/it\/wp-json\/wp\/v2\/posts\/69469\/revisions\/"}],"predecessor-version":[{"id":69474,"href":"https:\/\/www.fondazionepirelli.org\/it\/wp-json\/wp\/v2\/posts\/69469\/revisions\/69474\/"}],"wp:attachment":[{"href":"https:\/\/www.fondazionepirelli.org\/it\/wp-json\/wp\/v2\/media\/?parent=69469"}],"wp:term":[{"taxonomy":"category","embeddable":true,"href":"https:\/\/www.fondazionepirelli.org\/it\/wp-json\/wp\/v2\/categories\/?post=69469"},{"taxonomy":"post_tag","embeddable":true,"href":"https:\/\/www.fondazionepirelli.org\/it\/wp-json\/wp\/v2\/tags\/?post=69469"}],"curies":[{"name":"wp","href":"https:\/\/api.w.org\/{rel}","templated":true}]}}