{"id":69500,"date":"2019-10-03T10:07:48","date_gmt":"2019-10-03T08:07:48","guid":{"rendered":"https:\/\/www.fondazionepirelli.org\/?p=69500"},"modified":"2022-01-28T14:00:15","modified_gmt":"2022-01-28T13:00:15","slug":"pirelli-da-sempre-la-parola-al-gommista","status":"publish","type":"post","link":"https:\/\/www.fondazionepirelli.org\/it\/iniziative\/storie-dal-mondo-pirelli\/pirelli-da-sempre-la-parola-al-gommista\/","title":{"rendered":"Pirelli, da sempre \u201cla parola al gommista\u201d"},"content":{"rendered":"<p>Pirelli ha recentemente inaugurato a Noranco, nel distretto di Lugano in Canton Ticino, il primo centro della propria rete di rivenditori <strong>Driver<\/strong> in Svizzera. Progettato seguendo i canoni identificativi che sono propri della rete, con un concept architettonico innovativo che tiene conto sia della funzionalit\u00e0 pratica sia della bellezza estetica, il punto vendita Driver di Noranco \u00e8 strutturato su spazi che compongono un mix di showroom, technology gallery, area lounge, <strong>spazi di vendita e assistenza<\/strong> e i servizi di accoglienza e intrattenimento dedicati al cliente rendono davvero esclusiva <strong>l\u2019esperienza dal gommista<\/strong>. L\u2019operazione Driver in Svizzera \u00e8 solo l\u2019ultimo capitolo di una storia ormai lunghissima che lega Pirelli alla rete dei propri rivenditori, nella certezza che il ruolo della \u201cP lunga\u201d come azienda innovativa e all\u2019avanguardia nel campo industriale vada rafforzato anche consolidando un rapporto di fiducia e fidelizzazione nei confronti delle proprie strutture di vendita.<\/p>\n<p>In questo obiettivo nacquero gi\u00e0 nel corso degli <strong>anni Cinquanta<\/strong> del Novecento alcune <strong>campagne pubblicitarie<\/strong>, firmate dai pi\u00f9 importanti artisti dell\u2019epoca, in grado di fornire ai rivenditori soluzioni innovative per promuovere prodotti di punta come il <strong>Cinturato<\/strong> o il pneumatico N+R a carcassa in Rayon e Nylon. Campagne poi proseguite negli anni Settanta con i filmati pubblicitari di <strong>Carosello<\/strong> con il gommista nel ruolo di protagonista: \u201c<a href=\"https:\/\/www.fondazionepirelli.org\/archivio-storico\/audiovisivi\/detail\/IT-PIRELLI-AV0001-000435\/la-parola-al-gommista-5.html?jsonVal=%7b%22jsonVal%22:%7b%22query%22:%22parola%20al%20gommista%22,%22startDate%22:%22%22,%22endDate%22:%22%22,%22fieldDate%22:%22dataNormal%22,%22_perPage%22:20%7d%7d&amp;attachmentMisc=undefined\" target=\"_blank\" rel=\"noopener noreferrer\">La parola al gommista<\/a>\u201d e \u201c<a href=\"https:\/\/www.fondazionepirelli.org\/archivio-storico\/audiovisivi\/detail\/IT-PIRELLI-AV0001-000555\/ti-cerco-ti-filmo-ti-premio-2.html?jsonVal=%7b%22jsonVal%22:%7b%22query%22:%22ti%20cerco%22,%22startDate%22:%22%22,%22endDate%22:%22%22,%22fieldDate%22:%22dataNormal%22,%22_perPage%22:20%7d%7d&amp;attachmentMisc=undefined\" target=\"_blank\" rel=\"noopener noreferrer\">Ti cerco, ti filmo, ti premio<\/a>\u201d furono le serie televisive pi\u00f9 note tra il <strong>1972<\/strong> e il <strong>1974<\/strong>.<br \/>\nSul fronte editoriale, gi\u00e0 nel settembre del <strong>1958<\/strong> era uscito il <strong>primo numero<\/strong> di <strong>\u201cPi vendere\u201d<\/strong>, periodico prodotto dalla Pirelli con lo scopo di supportare i gommisti italiani. All\u2019interno della rivista, oltre a illustrare i nuovi prodotti fornendo utili consigli per la vendita, venivano proposte attivit\u00e0 legate alla promozione come la partecipazione Pirelli ai saloni, oppure suggerimenti legati all\u2019assistenza tecnica. In questo senso, \u00e8 stata emblematica l\u2019operazione che, nel <strong>1959<\/strong>, vide Pirelli aprire una serie di <strong>punti vendita<\/strong> nelle aree Autogrill lungo la nascente <strong>Autostrada del Sole<\/strong>.<\/p>\n<p>Un discorso a s\u00e9 merita la varia produzione di <strong>gadget e oggetti promozionali<\/strong> come mezzo pi\u00f9 immediato per stabilire un contatto diretto tra venditore e acquirente. <strong>\u201cFate ricordare il vostro nome\u201d<\/strong> era il suggerimento per il gommista a dotarsi dei pupazzetti \u2014 regalo per i clienti \u2014 di <a href=\"https:\/\/www.fondazionepirelli.org\/archivio-storico\/audiovisivi\/detail\/IT-PIRELLI-AV0001-000060\/mammut-babbut-figliut-alle-olimpiadi-regate-veliche.html?jsonVal=%7b%22jsonVal%22:%7b%22query%22:%22babbut%22,%22startDate%22:%22%22,%22endDate%22:%22%22,%22fieldDate%22:%22dataNormal%22,%22_perPage%22:20%7d%7d&amp;attachmentMisc=undefined\" target=\"_blank\" rel=\"noopener noreferrer\">Babbut Mammut e Figliut<\/a>, dei portachiavi a forma di Cinturato, delle carte da gioco personalizzate, di utili componenti per l\u2019automobile: \u201cLa nostra pubblicit\u00e0 \u00e8 la vostra pubblicit\u00e0 perch\u00e8 \u00e8 stata fatta per voi, tenendo presenti i vostri interessi. \u00c8 un servizio messo in atto per aiutarvi a vendere\u201d. Oggi come allora.<\/p>\n","protected":false},"excerpt":{"rendered":"<p>Pirelli ha recentemente inaugurato a Noranco, nel distretto di Lugano in Canton Ticino, il primo centro della propria rete di rivenditori Driver in Svizzera. Progettato seguendo i canoni identificativi che sono propri della rete, con un concept architettonico innovativo che tiene conto sia della funzionalit\u00e0 pratica sia della bellezza estetica, il punto vendita Driver di [&hellip;]<\/p>\n","protected":false},"author":1,"featured_media":69532,"comment_status":"open","ping_status":"open","sticky":false,"template":"","format":"standard","meta":{"footnotes":""},"categories":[62],"tags":[118],"class_list":["post-69500","post","type-post","status-publish","format-standard","has-post-thumbnail","hentry","category-storie-dal-mondo-pirelli","tag-storia-aziendale"],"acf":[],"yoast_head":"<!-- This site is optimized with the Yoast SEO plugin v25.0 - https:\/\/yoast.com\/wordpress\/plugins\/seo\/ -->\n<title>Pirelli, da sempre \u201cla parola al gommista\u201d | Fondazione Pirelli<\/title>\n<meta name=\"description\" content=\"La storia dell&#039;assistenza di Pirelli: dalla campagna pubblicitaria &quot;La parola al gommista&quot; ai gadget per i rivenditori. Scopri di pi\u00f9 su fondazionepirelli.org.\" \/>\n<meta name=\"robots\" content=\"index, follow, max-snippet:-1, max-image-preview:large, max-video-preview:-1\" \/>\n<link rel=\"canonical\" href=\"https:\/\/www.fondazionepirelli.org\/it\/iniziative\/storie-dal-mondo-pirelli\/pirelli-da-sempre-la-parola-al-gommista\/\" \/>\n<meta property=\"og:locale\" content=\"it_IT\" \/>\n<meta property=\"og:type\" content=\"article\" \/>\n<meta property=\"og:title\" content=\"Pirelli, da sempre \u201cla parola al gommista\u201d | Fondazione Pirelli\" \/>\n<meta property=\"og:description\" content=\"La storia dell&#039;assistenza di Pirelli: dalla campagna pubblicitaria &quot;La parola al gommista&quot; ai gadget per i rivenditori. Scopri di pi\u00f9 su fondazionepirelli.org.\" \/>\n<meta property=\"og:url\" content=\"https:\/\/127.0.0.1\/it\/iniziative\/storie-dal-mondo-pirelli\/pirelli-da-sempre-la-parola-al-gommista\/\" \/>\n<meta property=\"og:site_name\" content=\"Fondazione Pirelli\" \/>\n<meta property=\"article:published_time\" content=\"2019-10-03T08:07:48+00:00\" \/>\n<meta property=\"article:modified_time\" content=\"2022-01-28T13:00:15+00:00\" \/>\n<meta property=\"og:image\" content=\"https:\/\/wpsite-assets.fondazionepirelli.org\/wp-content\/uploads\/2019\/10\/03101300\/da_sempre_la_parola_al_gommista_evidenza_1920x1080-e1570090391426.jpg\" \/>\n\t<meta property=\"og:image:width\" content=\"600\" \/>\n\t<meta property=\"og:image:height\" content=\"338\" \/>\n\t<meta property=\"og:image:type\" content=\"image\/jpeg\" \/>\n<meta name=\"author\" content=\"fondadmin\" \/>\n<meta name=\"twitter:card\" content=\"summary_large_image\" \/>\n<meta name=\"twitter:label1\" content=\"Scritto da\" \/>\n\t<meta name=\"twitter:data1\" content=\"fondadmin\" \/>\n\t<meta name=\"twitter:label2\" content=\"Tempo di lettura stimato\" \/>\n\t<meta name=\"twitter:data2\" content=\"2 minuti\" \/>\n<script type=\"application\/ld+json\" class=\"yoast-schema-graph\">{\"@context\":\"https:\/\/schema.org\",\"@graph\":[{\"@type\":\"WebPage\",\"@id\":\"https:\/\/127.0.0.1\/it\/iniziative\/storie-dal-mondo-pirelli\/pirelli-da-sempre-la-parola-al-gommista\/\",\"url\":\"https:\/\/127.0.0.1\/it\/iniziative\/storie-dal-mondo-pirelli\/pirelli-da-sempre-la-parola-al-gommista\/\",\"name\":\"Pirelli, da sempre \u201cla parola al gommista\u201d | Fondazione Pirelli\",\"isPartOf\":{\"@id\":\"https:\/\/www.fondazionepirelli.org\/it\/#website\"},\"primaryImageOfPage\":{\"@id\":\"https:\/\/127.0.0.1\/it\/iniziative\/storie-dal-mondo-pirelli\/pirelli-da-sempre-la-parola-al-gommista\/#primaryimage\"},\"image\":{\"@id\":\"https:\/\/127.0.0.1\/it\/iniziative\/storie-dal-mondo-pirelli\/pirelli-da-sempre-la-parola-al-gommista\/#primaryimage\"},\"thumbnailUrl\":\"https:\/\/wpsite-assets.fondazionepirelli.org\/wp-content\/uploads\/2019\/10\/03101300\/da_sempre_la_parola_al_gommista_evidenza_1920x1080-e1570090391426.jpg\",\"datePublished\":\"2019-10-03T08:07:48+00:00\",\"dateModified\":\"2022-01-28T13:00:15+00:00\",\"author\":{\"@id\":\"https:\/\/www.fondazionepirelli.org\/it\/#\/schema\/person\/f47d097000832c4a6e54538c791fdf25\"},\"description\":\"La storia dell'assistenza di Pirelli: dalla campagna pubblicitaria \\\"La parola al gommista\\\" ai gadget per i rivenditori. Scopri di pi\u00f9 su fondazionepirelli.org.\",\"breadcrumb\":{\"@id\":\"https:\/\/127.0.0.1\/it\/iniziative\/storie-dal-mondo-pirelli\/pirelli-da-sempre-la-parola-al-gommista\/#breadcrumb\"},\"inLanguage\":\"it-IT\",\"potentialAction\":[{\"@type\":\"ReadAction\",\"target\":[\"https:\/\/127.0.0.1\/it\/iniziative\/storie-dal-mondo-pirelli\/pirelli-da-sempre-la-parola-al-gommista\/\"]}]},{\"@type\":\"ImageObject\",\"inLanguage\":\"it-IT\",\"@id\":\"https:\/\/127.0.0.1\/it\/iniziative\/storie-dal-mondo-pirelli\/pirelli-da-sempre-la-parola-al-gommista\/#primaryimage\",\"url\":\"https:\/\/wpsite-assets.fondazionepirelli.org\/wp-content\/uploads\/2019\/10\/03101300\/da_sempre_la_parola_al_gommista_evidenza_1920x1080-e1570090391426.jpg\",\"contentUrl\":\"https:\/\/wpsite-assets.fondazionepirelli.org\/wp-content\/uploads\/2019\/10\/03101300\/da_sempre_la_parola_al_gommista_evidenza_1920x1080-e1570090391426.jpg\",\"width\":600,\"height\":338},{\"@type\":\"BreadcrumbList\",\"@id\":\"https:\/\/127.0.0.1\/it\/iniziative\/storie-dal-mondo-pirelli\/pirelli-da-sempre-la-parola-al-gommista\/#breadcrumb\",\"itemListElement\":[{\"@type\":\"ListItem\",\"position\":1,\"name\":\"Home\",\"item\":\"https:\/\/www.fondazionepirelli.org\/it\/\"},{\"@type\":\"ListItem\",\"position\":2,\"name\":\"Pirelli, da sempre \u201cla parola al gommista\u201d\"}]},{\"@type\":\"WebSite\",\"@id\":\"https:\/\/www.fondazionepirelli.org\/it\/#website\",\"url\":\"https:\/\/www.fondazionepirelli.org\/it\/\",\"name\":\"Fondazione Pirelli\",\"description\":\"\",\"potentialAction\":[{\"@type\":\"SearchAction\",\"target\":{\"@type\":\"EntryPoint\",\"urlTemplate\":\"https:\/\/www.fondazionepirelli.org\/it\/?s={search_term_string}\"},\"query-input\":{\"@type\":\"PropertyValueSpecification\",\"valueRequired\":true,\"valueName\":\"search_term_string\"}}],\"inLanguage\":\"it-IT\"},{\"@type\":\"Person\",\"@id\":\"https:\/\/www.fondazionepirelli.org\/it\/#\/schema\/person\/f47d097000832c4a6e54538c791fdf25\",\"name\":\"fondadmin\",\"image\":{\"@type\":\"ImageObject\",\"inLanguage\":\"it-IT\",\"@id\":\"https:\/\/www.fondazionepirelli.org\/it\/#\/schema\/person\/image\/\",\"url\":\"https:\/\/secure.gravatar.com\/avatar\/e69498a9175ca244966e51e53c88712c024fcebe41f9a05f75657f1bb25e489b?s=96&d=mm&r=g\",\"contentUrl\":\"https:\/\/secure.gravatar.com\/avatar\/e69498a9175ca244966e51e53c88712c024fcebe41f9a05f75657f1bb25e489b?s=96&d=mm&r=g\",\"caption\":\"fondadmin\"},\"url\":\"https:\/\/www.fondazionepirelli.org\/it\/author\/fondadmin\/\"}]}<\/script>\n<!-- \/ Yoast SEO plugin. -->","yoast_head_json":{"title":"Pirelli, da sempre \u201cla parola al gommista\u201d | Fondazione Pirelli","description":"La storia dell'assistenza di Pirelli: dalla campagna pubblicitaria \"La parola al gommista\" ai gadget per i rivenditori. Scopri di pi\u00f9 su fondazionepirelli.org.","robots":{"index":"index","follow":"follow","max-snippet":"max-snippet:-1","max-image-preview":"max-image-preview:large","max-video-preview":"max-video-preview:-1"},"canonical":"https:\/\/www.fondazionepirelli.org\/it\/iniziative\/storie-dal-mondo-pirelli\/pirelli-da-sempre-la-parola-al-gommista\/","og_locale":"it_IT","og_type":"article","og_title":"Pirelli, da sempre \u201cla parola al gommista\u201d | Fondazione Pirelli","og_description":"La storia dell'assistenza di Pirelli: dalla campagna pubblicitaria \"La parola al gommista\" ai gadget per i rivenditori. Scopri di pi\u00f9 su fondazionepirelli.org.","og_url":"https:\/\/127.0.0.1\/it\/iniziative\/storie-dal-mondo-pirelli\/pirelli-da-sempre-la-parola-al-gommista\/","og_site_name":"Fondazione Pirelli","article_published_time":"2019-10-03T08:07:48+00:00","article_modified_time":"2022-01-28T13:00:15+00:00","og_image":[{"width":600,"height":338,"url":"https:\/\/wpsite-assets.fondazionepirelli.org\/wp-content\/uploads\/2019\/10\/03101300\/da_sempre_la_parola_al_gommista_evidenza_1920x1080-e1570090391426.jpg","type":"image\/jpeg"}],"author":"fondadmin","twitter_card":"summary_large_image","twitter_misc":{"Scritto da":"fondadmin","Tempo di lettura stimato":"2 minuti"},"schema":{"@context":"https:\/\/schema.org","@graph":[{"@type":"WebPage","@id":"https:\/\/127.0.0.1\/it\/iniziative\/storie-dal-mondo-pirelli\/pirelli-da-sempre-la-parola-al-gommista\/","url":"https:\/\/127.0.0.1\/it\/iniziative\/storie-dal-mondo-pirelli\/pirelli-da-sempre-la-parola-al-gommista\/","name":"Pirelli, da sempre \u201cla parola al gommista\u201d | Fondazione Pirelli","isPartOf":{"@id":"https:\/\/www.fondazionepirelli.org\/it\/#website"},"primaryImageOfPage":{"@id":"https:\/\/127.0.0.1\/it\/iniziative\/storie-dal-mondo-pirelli\/pirelli-da-sempre-la-parola-al-gommista\/#primaryimage"},"image":{"@id":"https:\/\/127.0.0.1\/it\/iniziative\/storie-dal-mondo-pirelli\/pirelli-da-sempre-la-parola-al-gommista\/#primaryimage"},"thumbnailUrl":"https:\/\/wpsite-assets.fondazionepirelli.org\/wp-content\/uploads\/2019\/10\/03101300\/da_sempre_la_parola_al_gommista_evidenza_1920x1080-e1570090391426.jpg","datePublished":"2019-10-03T08:07:48+00:00","dateModified":"2022-01-28T13:00:15+00:00","author":{"@id":"https:\/\/www.fondazionepirelli.org\/it\/#\/schema\/person\/f47d097000832c4a6e54538c791fdf25"},"description":"La storia dell'assistenza di Pirelli: dalla campagna pubblicitaria \"La parola al gommista\" ai gadget per i rivenditori. Scopri di pi\u00f9 su fondazionepirelli.org.","breadcrumb":{"@id":"https:\/\/127.0.0.1\/it\/iniziative\/storie-dal-mondo-pirelli\/pirelli-da-sempre-la-parola-al-gommista\/#breadcrumb"},"inLanguage":"it-IT","potentialAction":[{"@type":"ReadAction","target":["https:\/\/127.0.0.1\/it\/iniziative\/storie-dal-mondo-pirelli\/pirelli-da-sempre-la-parola-al-gommista\/"]}]},{"@type":"ImageObject","inLanguage":"it-IT","@id":"https:\/\/127.0.0.1\/it\/iniziative\/storie-dal-mondo-pirelli\/pirelli-da-sempre-la-parola-al-gommista\/#primaryimage","url":"https:\/\/wpsite-assets.fondazionepirelli.org\/wp-content\/uploads\/2019\/10\/03101300\/da_sempre_la_parola_al_gommista_evidenza_1920x1080-e1570090391426.jpg","contentUrl":"https:\/\/wpsite-assets.fondazionepirelli.org\/wp-content\/uploads\/2019\/10\/03101300\/da_sempre_la_parola_al_gommista_evidenza_1920x1080-e1570090391426.jpg","width":600,"height":338},{"@type":"BreadcrumbList","@id":"https:\/\/127.0.0.1\/it\/iniziative\/storie-dal-mondo-pirelli\/pirelli-da-sempre-la-parola-al-gommista\/#breadcrumb","itemListElement":[{"@type":"ListItem","position":1,"name":"Home","item":"https:\/\/www.fondazionepirelli.org\/it\/"},{"@type":"ListItem","position":2,"name":"Pirelli, da sempre \u201cla parola al gommista\u201d"}]},{"@type":"WebSite","@id":"https:\/\/www.fondazionepirelli.org\/it\/#website","url":"https:\/\/www.fondazionepirelli.org\/it\/","name":"Fondazione Pirelli","description":"","potentialAction":[{"@type":"SearchAction","target":{"@type":"EntryPoint","urlTemplate":"https:\/\/www.fondazionepirelli.org\/it\/?s={search_term_string}"},"query-input":{"@type":"PropertyValueSpecification","valueRequired":true,"valueName":"search_term_string"}}],"inLanguage":"it-IT"},{"@type":"Person","@id":"https:\/\/www.fondazionepirelli.org\/it\/#\/schema\/person\/f47d097000832c4a6e54538c791fdf25","name":"fondadmin","image":{"@type":"ImageObject","inLanguage":"it-IT","@id":"https:\/\/www.fondazionepirelli.org\/it\/#\/schema\/person\/image\/","url":"https:\/\/secure.gravatar.com\/avatar\/e69498a9175ca244966e51e53c88712c024fcebe41f9a05f75657f1bb25e489b?s=96&d=mm&r=g","contentUrl":"https:\/\/secure.gravatar.com\/avatar\/e69498a9175ca244966e51e53c88712c024fcebe41f9a05f75657f1bb25e489b?s=96&d=mm&r=g","caption":"fondadmin"},"url":"https:\/\/www.fondazionepirelli.org\/it\/author\/fondadmin\/"}]}},"_links":{"self":[{"href":"https:\/\/www.fondazionepirelli.org\/it\/wp-json\/wp\/v2\/posts\/69500\/"}],"collection":[{"href":"https:\/\/www.fondazionepirelli.org\/it\/wp-json\/wp\/v2\/posts\/"}],"about":[{"href":"https:\/\/www.fondazionepirelli.org\/it\/wp-json\/wp\/v2\/types\/post\/"}],"author":[{"embeddable":true,"href":"https:\/\/www.fondazionepirelli.org\/it\/wp-json\/wp\/v2\/users\/1\/"}],"replies":[{"embeddable":true,"href":"https:\/\/www.fondazionepirelli.org\/it\/wp-json\/wp\/v2\/comments\/?post=69500"}],"version-history":[{"count":8,"href":"https:\/\/www.fondazionepirelli.org\/it\/wp-json\/wp\/v2\/posts\/69500\/revisions\/"}],"predecessor-version":[{"id":72639,"href":"https:\/\/www.fondazionepirelli.org\/it\/wp-json\/wp\/v2\/posts\/69500\/revisions\/72639\/"}],"wp:featuredmedia":[{"embeddable":true,"href":"https:\/\/www.fondazionepirelli.org\/it\/wp-json\/wp\/v2\/media\/69532\/"}],"wp:attachment":[{"href":"https:\/\/www.fondazionepirelli.org\/it\/wp-json\/wp\/v2\/media\/?parent=69500"}],"wp:term":[{"taxonomy":"category","embeddable":true,"href":"https:\/\/www.fondazionepirelli.org\/it\/wp-json\/wp\/v2\/categories\/?post=69500"},{"taxonomy":"post_tag","embeddable":true,"href":"https:\/\/www.fondazionepirelli.org\/it\/wp-json\/wp\/v2\/tags\/?post=69500"}],"curies":[{"name":"wp","href":"https:\/\/api.w.org\/{rel}","templated":true}]}}