{"id":69581,"date":"2019-10-08T11:39:21","date_gmt":"2019-10-08T09:39:21","guid":{"rendered":"https:\/\/www.fondazionepirelli.org\/?p=69581"},"modified":"2019-10-09T11:12:38","modified_gmt":"2019-10-09T09:12:38","slug":"si-muove-leuropa-dei-green-bond-e-per-milano-e-le-imprese-la-sostenibilita-e-centro-dello-sviluppo","status":"publish","type":"post","link":"https:\/\/www.fondazionepirelli.org\/it\/cultura-dimpresa\/blog\/si-muove-leuropa-dei-green-bond-e-per-milano-e-le-imprese-la-sostenibilita-e-centro-dello-sviluppo\/","title":{"rendered":"Si muove l\u2019Europa dei \u201cgreen bond\u201d e per Milano e le imprese la sostenibilit\u00e0 \u00e8 centro dello sviluppo"},"content":{"rendered":"<p>\u201cMille miliardi di green bond\u201d, sostiene Paolo Gentiloni, da Commissario Ue per gli Affari economici, durante l\u2019audizione al Parlamento europeo, venerd\u00ec 4 ottobre. \u00c8 una conferma del progetto per un European Green Deal lanciato dalla presidente della Commissione Ursula von der Leyen per rimettere in moto una crescita, maggiore e migliore, d\u2019una Europa che soffre nello scontro tra i giganti Usa e Cina ma ha parecchie buone carte da giocare legando sostenibilit\u00e0 ambientale e sociale, economia digitale e competitivit\u00e0, facendo cio\u00e8 leva su valori e culture di cui proprio i nostri paesi europei sono particolarmente dotati.<br \/>\nQuei mille miliardi di green bond, a giudizio di Gentiloni, sono l\u2019asse portante d\u2019una svolta di politica economica, che riguarda sia Bruxelles sia i singoli Stati membri. Uno stimolo per investimenti pubblici e privati, un incentivo a una profonda riqualificazione dell\u2019economia da rendere pi\u00f9 \u201ccivile\u201d, pi\u00f9 \u201cgiusta\u201d.<br \/>\nGentiloni, davanti al Parlamento, ha parlato anche di un\u2019altra innovazione essenziale: scorporare gli investimenti ambientali dal calcolo del rapporto tra deficit e Pil secondo i parametri di Maastricht. Progetto ambizioso, sinora bocciato dai paesi Ue pi\u00f9 rigoristi, ossessivi nella difesa del pareggio di bilancio (e giustamente timorosi che gli allentamenti sui bilanci incoraggino una spesa pubblica corrente, improduttiva, in paesi in forte squilibrio, come l\u2019Italia). Ma progetto, possibile, adesso, proprio perch\u00e9 l\u2019Europa soffre le conseguenze, anche politiche e sociali, di una crescita asfittica e aumenta la consapevolezza (anche nei paesi cardine della Ue, come Germania e Francia) che lo sviluppo ha bisogno, con virtuosi criteri neo-keynesiani, proprio di investimenti pubblici di qualit\u00e0. La sostenibilit\u00e0 \u00e8 il terreno pi\u00f9 adatto, cuore di quel \u201ccambio di paradigma\u201d dell\u2019economia che incontra il consenso crescente di opinione pubblica, dalla \u201cgenerazione Greta\u201d alle scelte della Chiesa, dall\u2019impegno di molte industrie grandi e medie (ne abbiamo parlato nel blog della scorsa settimana) alla sensibilit\u00e0 dei consumatori (il 70% dei giovani intervistati da Swg per la grande societ\u00e0 di consulenza Ernst &amp; Young Italia chiede \u201cun nuovo modello di fare impresa\u201d, pi\u00f9 attento alla sostenibilit\u00e0; \u201cla Repubblica\u201d 5 ottobre)<br \/>\nAnche il governo italiano, il Conte 2, si mostra pi\u00f9 sensibile al tema e un po\u2019 pi\u00f9 affidabile verso l\u2019Europa, dopo l\u2019emarginazione, attuale, del rissoso sovranismo anti-europeo della Lega di Salvini.<\/p>\n<p>\u201cRilancio degli investimenti pubblici e sostegno a quelli privati in chiave eco-sostenibile\u201d, ha annunciato il ministro dell\u2019Economia Roberto Gualtieri durante la presentazione, a Roma, del Rapporto 2019 dell\u2019Asvis, l\u2019Associazione per lo sviluppo sostenibile (presieduta da Pierluigi Stefanini, guidata da Enrico Giovannini e sostenuta anche da parecchie fondazioni d\u2019impresa: merita sempre pi\u00f9 grande ascolto e pi\u00f9 concreta attenzione, insieme alle altre che, nate nel mondo economico, si occupano di sostenibilit\u00e0 e solidariet\u00e0, come Symbola, Sodalitas e Anima). Pure Gualtieri ha parlato di green bond, \u201ccon la fiducia che saranno accolti positivamente dal mercato\u201d e ha promesso che sar\u00e0 presto costituito, all\u2019interno del Cipe (il Comitato interministeriale per la programmazione economica) un \u201ccomitato per il clima\u201d.<br \/>\nNell\u2019attuale legge finanziaria in preparazione, di tanti impegni, si vede poco in termini di risorse. Ma l\u2019indicazione strategica \u00e8 chiara e condivisibile. Legando sostenibilit\u00e0 a rilancio dei progetti per l\u2019innovazione, per \u201cIndustria 4.0\u201d. Ci sono comunque, dice Gualtieri, 135 miliardi, gi\u00e0 stanziati, che vanno spesi, oltre alla quota di 9 miliardi dei 50 per il green new deal in linea con la Ue e a \u201c40 miliardi nel triennio a sostegno degli investimenti delle imprese\u201d, che saranno orientati verso l\u2019economia circolare.<br \/>\nL\u2019Asvis (nel Rapporto da 170 pagine sui 17 DSGs, i development sustainable goals dell\u2019Onu) per\u00f2, giustamente, non s\u2019accontenta di impegni politici che sinora si sono dimostrati un po\u2019 vaghi (il precedente governo Conte, sostenuto da Lega e 5Stelle, sull\u2019ambiente ha fatto sfoggio di retorica ma s\u2019\u00e8 rivelato quanto mai carente di scelte concrete e coerenti). E dunque insiste: il mondo, compresa l\u2019Italia, \u201cnon \u00e8 ancora sulla strada dello sviluppo sostenibile\u201d e noi italiani siamo migliorati in nove obiettivi, tra cui l\u2019innovazione e i modelli sostenibili di produzione e consumo (ecco un indice dell\u2019impegno delle imprese migliori) ma peggiorati in sei, nei capitoli che riguardano povert\u00e0, alimentazione e agricoltura sostenibili (che potrebbero essere un vanto del made in Italy), acqua e strutture igienico-sanitarie, sistema energetico, condizione dei mari ed ecosistemi terrestri (come il consumo del suolo, eccessivo: ben venga, allora, il piano di Milano, promosso dall\u2019architetto Stefano Boeri e sposato con convinzione dal Comune, per piantare nell\u2019arco di pochi anni 3 milioni di nuovi alberi, uno per ogni abitante della citt\u00e0 metropolitana). Bisogna, insomma, fare di pi\u00f9. Una sfida che riguarda anche il mondo delle imprese (vedremo meglio tra poco).<\/p>\n<p>C\u2019\u00e8 un\u2019indicazione strategica: inserire il principio dello sviluppo sostenibile nella Costituzione. Una battaglia difficile, ma che potrebbe essere sostenuta dal consenso delle nuove generazioni e della parte migliore d\u2019un mondo economico che sempre pi\u00f9 sa di dover legare profitti e interessi degli azionisti (lo shareholders value) al rispetto dei valori e dei bisogni delle persone e delle comunit\u00e0 (lo stakeholders value).<br \/>\nUna conferma di questa tensione che \u00e8 contemporaneamente economica, morale e civile viene dalla relazione con cui Carlo Bonomi ha aperto, gioved\u00ec scorso, l\u2019assemblea dell\u2019Associazione, in un teatro alla Scala affollato da duemila persone, alla presenza del presidente della Repubblica Sergio Mattarella (oltre che della presidente del Senato Casellati, del presidente del Consiglio Conte e di tre ministri). Bonomi ha intitolato l\u2019assemblea \u201cL\u2019impresa di servire l\u2019Italia\u201d e ha lanciato l\u2019idea di una vera e propria \u201cFiliera Futuro\u201d incentrata su lavoro, giovani, donne, tecnologia e sostenibilit\u00e0: \u201cLa nostra parola d\u2019ordine centrale \u00e8 proprio sostenibilit\u00e0\u201d. Una sostenibilit\u00e0 \u201cgenerazionale\u201d, chiedendo una leva fiscale per promuovere, nelle imprese, l\u2019affiancamento dei lavoratori anziani pi\u00f9 esperti ai giovani, \u201cnella trasmissione di saperi e competenze\u201d<br \/>\nSecondo punto: una maggiore sostenibilit\u00e0 sociale, stimolando il sindacato a ridefinire le relazioni industriali, dai contratti al welfare, con l\u2019impegno \u201cdi pagare ai giovani assunti pi\u00f9 del minimo contrattuale\u201d (un tema su cui Assolombarda insiste da tempo).<br \/>\nTerzo punto: la sostenibilit\u00e0 ambientale. Con un\u2019idea chiara e concreta: \u201cLa svolta europea e dell\u2019Onu nella lotta al cambiamento climatico \u00e8 ottima e benvenuta. Ma va affrontata con una visione fondata su competenze accurate\u201d. Come? Un esempio: \u201cIl problema numero uno nell\u2019ambito non energetico \u00e8 chiudere integralmente il ciclo del trattamento dei rifiuti, industriali e urbani. Perch\u00e9 da noi mancano gli impianti necessari e avanzati per trattarli in sicurezza, i rifiuti\u201d. Anche a questo, potrebbero servire i green bond. Sicurezza, pulizia, qualit\u00e0 della vita nelle nostre citt\u00e0. Le imprese, anche su questo, sono pronte da tempo a fare la loro parte.<\/p>\n","protected":false},"excerpt":{"rendered":"<p>\u201cMille miliardi di green bond\u201d, sostiene Paolo Gentiloni, da Commissario Ue per gli Affari economici, durante l\u2019audizione al Parlamento europeo, venerd\u00ec 4 ottobre. \u00c8 una conferma del progetto per un European Green Deal lanciato dalla presidente della Commissione Ursula von der Leyen per rimettere in moto una crescita, maggiore e migliore, d\u2019una Europa che soffre [&hellip;]<\/p>\n","protected":false},"author":1,"featured_media":69635,"comment_status":"open","ping_status":"open","sticky":false,"template":"","format":"standard","meta":{"footnotes":""},"categories":[53,52],"tags":[],"class_list":["post-69581","post","type-post","status-publish","format-standard","has-post-thumbnail","hentry","category-blog","category-cultura-dimpresa"],"acf":[],"yoast_head":"<!-- This site is optimized with the Yoast SEO plugin v25.0 - https:\/\/yoast.com\/wordpress\/plugins\/seo\/ -->\n<title>Si muove l\u2019Europa dei \u201cgreen bond\u201d e per Milano e le imprese la sostenibilit\u00e0 \u00e8 centro dello sviluppo - Fondazione Pirelli<\/title>\n<meta name=\"robots\" content=\"index, follow, max-snippet:-1, max-image-preview:large, max-video-preview:-1\" \/>\n<link rel=\"canonical\" href=\"https:\/\/www.fondazionepirelli.org\/it\/cultura-dimpresa\/blog\/si-muove-leuropa-dei-green-bond-e-per-milano-e-le-imprese-la-sostenibilita-e-centro-dello-sviluppo\/\" \/>\n<meta property=\"og:locale\" content=\"it_IT\" \/>\n<meta property=\"og:type\" content=\"article\" \/>\n<meta property=\"og:title\" content=\"Si muove l\u2019Europa dei \u201cgreen bond\u201d e per Milano e le imprese la sostenibilit\u00e0 \u00e8 centro dello sviluppo - Fondazione Pirelli\" \/>\n<meta property=\"og:description\" content=\"\u201cMille miliardi di green bond\u201d, sostiene Paolo Gentiloni, da Commissario Ue per gli Affari economici, durante l\u2019audizione al Parlamento europeo, venerd\u00ec 4 ottobre. \u00c8 una conferma del progetto per un European Green Deal lanciato dalla presidente della Commissione Ursula von der Leyen per rimettere in moto una crescita, maggiore e migliore, d\u2019una Europa che soffre [&hellip;]\" \/>\n<meta property=\"og:url\" content=\"https:\/\/127.0.0.1\/it\/cultura-dimpresa\/blog\/si-muove-leuropa-dei-green-bond-e-per-milano-e-le-imprese-la-sostenibilita-e-centro-dello-sviluppo\/\" \/>\n<meta property=\"og:site_name\" content=\"Fondazione Pirelli\" \/>\n<meta property=\"article:published_time\" content=\"2019-10-08T09:39:21+00:00\" \/>\n<meta property=\"article:modified_time\" content=\"2019-10-09T09:12:38+00:00\" \/>\n<meta property=\"og:image\" content=\"https:\/\/wpsite-assets.fondazionepirelli.org\/wp-content\/uploads\/2019\/10\/08112342\/blog_green-bond-e1570531146739.jpg\" \/>\n\t<meta property=\"og:image:width\" content=\"600\" \/>\n\t<meta property=\"og:image:height\" content=\"441\" \/>\n\t<meta property=\"og:image:type\" content=\"image\/jpeg\" \/>\n<meta name=\"author\" content=\"fondadmin\" \/>\n<meta name=\"twitter:card\" content=\"summary_large_image\" \/>\n<meta name=\"twitter:label1\" content=\"Scritto da\" \/>\n\t<meta name=\"twitter:data1\" content=\"fondadmin\" \/>\n\t<meta name=\"twitter:label2\" content=\"Tempo di lettura stimato\" \/>\n\t<meta name=\"twitter:data2\" content=\"5 minuti\" \/>\n<script type=\"application\/ld+json\" class=\"yoast-schema-graph\">{\"@context\":\"https:\/\/schema.org\",\"@graph\":[{\"@type\":\"WebPage\",\"@id\":\"https:\/\/127.0.0.1\/it\/cultura-dimpresa\/blog\/si-muove-leuropa-dei-green-bond-e-per-milano-e-le-imprese-la-sostenibilita-e-centro-dello-sviluppo\/\",\"url\":\"https:\/\/127.0.0.1\/it\/cultura-dimpresa\/blog\/si-muove-leuropa-dei-green-bond-e-per-milano-e-le-imprese-la-sostenibilita-e-centro-dello-sviluppo\/\",\"name\":\"Si muove l\u2019Europa dei \u201cgreen bond\u201d e per Milano e le imprese la sostenibilit\u00e0 \u00e8 centro dello sviluppo - Fondazione Pirelli\",\"isPartOf\":{\"@id\":\"https:\/\/www.fondazionepirelli.org\/it\/#website\"},\"primaryImageOfPage\":{\"@id\":\"https:\/\/127.0.0.1\/it\/cultura-dimpresa\/blog\/si-muove-leuropa-dei-green-bond-e-per-milano-e-le-imprese-la-sostenibilita-e-centro-dello-sviluppo\/#primaryimage\"},\"image\":{\"@id\":\"https:\/\/127.0.0.1\/it\/cultura-dimpresa\/blog\/si-muove-leuropa-dei-green-bond-e-per-milano-e-le-imprese-la-sostenibilita-e-centro-dello-sviluppo\/#primaryimage\"},\"thumbnailUrl\":\"https:\/\/wpsite-assets.fondazionepirelli.org\/wp-content\/uploads\/2019\/10\/08112342\/blog_green-bond-e1570531146739.jpg\",\"datePublished\":\"2019-10-08T09:39:21+00:00\",\"dateModified\":\"2019-10-09T09:12:38+00:00\",\"author\":{\"@id\":\"https:\/\/www.fondazionepirelli.org\/it\/#\/schema\/person\/f47d097000832c4a6e54538c791fdf25\"},\"breadcrumb\":{\"@id\":\"https:\/\/127.0.0.1\/it\/cultura-dimpresa\/blog\/si-muove-leuropa-dei-green-bond-e-per-milano-e-le-imprese-la-sostenibilita-e-centro-dello-sviluppo\/#breadcrumb\"},\"inLanguage\":\"it-IT\",\"potentialAction\":[{\"@type\":\"ReadAction\",\"target\":[\"https:\/\/127.0.0.1\/it\/cultura-dimpresa\/blog\/si-muove-leuropa-dei-green-bond-e-per-milano-e-le-imprese-la-sostenibilita-e-centro-dello-sviluppo\/\"]}]},{\"@type\":\"ImageObject\",\"inLanguage\":\"it-IT\",\"@id\":\"https:\/\/127.0.0.1\/it\/cultura-dimpresa\/blog\/si-muove-leuropa-dei-green-bond-e-per-milano-e-le-imprese-la-sostenibilita-e-centro-dello-sviluppo\/#primaryimage\",\"url\":\"https:\/\/wpsite-assets.fondazionepirelli.org\/wp-content\/uploads\/2019\/10\/08112342\/blog_green-bond-e1570531146739.jpg\",\"contentUrl\":\"https:\/\/wpsite-assets.fondazionepirelli.org\/wp-content\/uploads\/2019\/10\/08112342\/blog_green-bond-e1570531146739.jpg\",\"width\":600,\"height\":441},{\"@type\":\"BreadcrumbList\",\"@id\":\"https:\/\/127.0.0.1\/it\/cultura-dimpresa\/blog\/si-muove-leuropa-dei-green-bond-e-per-milano-e-le-imprese-la-sostenibilita-e-centro-dello-sviluppo\/#breadcrumb\",\"itemListElement\":[{\"@type\":\"ListItem\",\"position\":1,\"name\":\"Home\",\"item\":\"https:\/\/www.fondazionepirelli.org\/it\/\"},{\"@type\":\"ListItem\",\"position\":2,\"name\":\"Si muove l\u2019Europa dei \u201cgreen bond\u201d e per Milano e le imprese la sostenibilit\u00e0 \u00e8 centro dello sviluppo\"}]},{\"@type\":\"WebSite\",\"@id\":\"https:\/\/www.fondazionepirelli.org\/it\/#website\",\"url\":\"https:\/\/www.fondazionepirelli.org\/it\/\",\"name\":\"Fondazione Pirelli\",\"description\":\"\",\"potentialAction\":[{\"@type\":\"SearchAction\",\"target\":{\"@type\":\"EntryPoint\",\"urlTemplate\":\"https:\/\/www.fondazionepirelli.org\/it\/?s={search_term_string}\"},\"query-input\":{\"@type\":\"PropertyValueSpecification\",\"valueRequired\":true,\"valueName\":\"search_term_string\"}}],\"inLanguage\":\"it-IT\"},{\"@type\":\"Person\",\"@id\":\"https:\/\/www.fondazionepirelli.org\/it\/#\/schema\/person\/f47d097000832c4a6e54538c791fdf25\",\"name\":\"fondadmin\",\"image\":{\"@type\":\"ImageObject\",\"inLanguage\":\"it-IT\",\"@id\":\"https:\/\/www.fondazionepirelli.org\/it\/#\/schema\/person\/image\/\",\"url\":\"https:\/\/secure.gravatar.com\/avatar\/e69498a9175ca244966e51e53c88712c024fcebe41f9a05f75657f1bb25e489b?s=96&d=mm&r=g\",\"contentUrl\":\"https:\/\/secure.gravatar.com\/avatar\/e69498a9175ca244966e51e53c88712c024fcebe41f9a05f75657f1bb25e489b?s=96&d=mm&r=g\",\"caption\":\"fondadmin\"},\"url\":\"https:\/\/www.fondazionepirelli.org\/it\/author\/fondadmin\/\"}]}<\/script>\n<!-- \/ Yoast SEO plugin. -->","yoast_head_json":{"title":"Si muove l\u2019Europa dei \u201cgreen bond\u201d e per Milano e le imprese la sostenibilit\u00e0 \u00e8 centro dello sviluppo - Fondazione Pirelli","robots":{"index":"index","follow":"follow","max-snippet":"max-snippet:-1","max-image-preview":"max-image-preview:large","max-video-preview":"max-video-preview:-1"},"canonical":"https:\/\/www.fondazionepirelli.org\/it\/cultura-dimpresa\/blog\/si-muove-leuropa-dei-green-bond-e-per-milano-e-le-imprese-la-sostenibilita-e-centro-dello-sviluppo\/","og_locale":"it_IT","og_type":"article","og_title":"Si muove l\u2019Europa dei \u201cgreen bond\u201d e per Milano e le imprese la sostenibilit\u00e0 \u00e8 centro dello sviluppo - Fondazione Pirelli","og_description":"\u201cMille miliardi di green bond\u201d, sostiene Paolo Gentiloni, da Commissario Ue per gli Affari economici, durante l\u2019audizione al Parlamento europeo, venerd\u00ec 4 ottobre. \u00c8 una conferma del progetto per un European Green Deal lanciato dalla presidente della Commissione Ursula von der Leyen per rimettere in moto una crescita, maggiore e migliore, d\u2019una Europa che soffre [&hellip;]","og_url":"https:\/\/127.0.0.1\/it\/cultura-dimpresa\/blog\/si-muove-leuropa-dei-green-bond-e-per-milano-e-le-imprese-la-sostenibilita-e-centro-dello-sviluppo\/","og_site_name":"Fondazione Pirelli","article_published_time":"2019-10-08T09:39:21+00:00","article_modified_time":"2019-10-09T09:12:38+00:00","og_image":[{"width":600,"height":441,"url":"https:\/\/wpsite-assets.fondazionepirelli.org\/wp-content\/uploads\/2019\/10\/08112342\/blog_green-bond-e1570531146739.jpg","type":"image\/jpeg"}],"author":"fondadmin","twitter_card":"summary_large_image","twitter_misc":{"Scritto da":"fondadmin","Tempo di lettura stimato":"5 minuti"},"schema":{"@context":"https:\/\/schema.org","@graph":[{"@type":"WebPage","@id":"https:\/\/127.0.0.1\/it\/cultura-dimpresa\/blog\/si-muove-leuropa-dei-green-bond-e-per-milano-e-le-imprese-la-sostenibilita-e-centro-dello-sviluppo\/","url":"https:\/\/127.0.0.1\/it\/cultura-dimpresa\/blog\/si-muove-leuropa-dei-green-bond-e-per-milano-e-le-imprese-la-sostenibilita-e-centro-dello-sviluppo\/","name":"Si muove l\u2019Europa dei \u201cgreen bond\u201d e per Milano e le imprese la sostenibilit\u00e0 \u00e8 centro dello sviluppo - Fondazione Pirelli","isPartOf":{"@id":"https:\/\/www.fondazionepirelli.org\/it\/#website"},"primaryImageOfPage":{"@id":"https:\/\/127.0.0.1\/it\/cultura-dimpresa\/blog\/si-muove-leuropa-dei-green-bond-e-per-milano-e-le-imprese-la-sostenibilita-e-centro-dello-sviluppo\/#primaryimage"},"image":{"@id":"https:\/\/127.0.0.1\/it\/cultura-dimpresa\/blog\/si-muove-leuropa-dei-green-bond-e-per-milano-e-le-imprese-la-sostenibilita-e-centro-dello-sviluppo\/#primaryimage"},"thumbnailUrl":"https:\/\/wpsite-assets.fondazionepirelli.org\/wp-content\/uploads\/2019\/10\/08112342\/blog_green-bond-e1570531146739.jpg","datePublished":"2019-10-08T09:39:21+00:00","dateModified":"2019-10-09T09:12:38+00:00","author":{"@id":"https:\/\/www.fondazionepirelli.org\/it\/#\/schema\/person\/f47d097000832c4a6e54538c791fdf25"},"breadcrumb":{"@id":"https:\/\/127.0.0.1\/it\/cultura-dimpresa\/blog\/si-muove-leuropa-dei-green-bond-e-per-milano-e-le-imprese-la-sostenibilita-e-centro-dello-sviluppo\/#breadcrumb"},"inLanguage":"it-IT","potentialAction":[{"@type":"ReadAction","target":["https:\/\/127.0.0.1\/it\/cultura-dimpresa\/blog\/si-muove-leuropa-dei-green-bond-e-per-milano-e-le-imprese-la-sostenibilita-e-centro-dello-sviluppo\/"]}]},{"@type":"ImageObject","inLanguage":"it-IT","@id":"https:\/\/127.0.0.1\/it\/cultura-dimpresa\/blog\/si-muove-leuropa-dei-green-bond-e-per-milano-e-le-imprese-la-sostenibilita-e-centro-dello-sviluppo\/#primaryimage","url":"https:\/\/wpsite-assets.fondazionepirelli.org\/wp-content\/uploads\/2019\/10\/08112342\/blog_green-bond-e1570531146739.jpg","contentUrl":"https:\/\/wpsite-assets.fondazionepirelli.org\/wp-content\/uploads\/2019\/10\/08112342\/blog_green-bond-e1570531146739.jpg","width":600,"height":441},{"@type":"BreadcrumbList","@id":"https:\/\/127.0.0.1\/it\/cultura-dimpresa\/blog\/si-muove-leuropa-dei-green-bond-e-per-milano-e-le-imprese-la-sostenibilita-e-centro-dello-sviluppo\/#breadcrumb","itemListElement":[{"@type":"ListItem","position":1,"name":"Home","item":"https:\/\/www.fondazionepirelli.org\/it\/"},{"@type":"ListItem","position":2,"name":"Si muove l\u2019Europa dei \u201cgreen bond\u201d e per Milano e le imprese la sostenibilit\u00e0 \u00e8 centro dello sviluppo"}]},{"@type":"WebSite","@id":"https:\/\/www.fondazionepirelli.org\/it\/#website","url":"https:\/\/www.fondazionepirelli.org\/it\/","name":"Fondazione Pirelli","description":"","potentialAction":[{"@type":"SearchAction","target":{"@type":"EntryPoint","urlTemplate":"https:\/\/www.fondazionepirelli.org\/it\/?s={search_term_string}"},"query-input":{"@type":"PropertyValueSpecification","valueRequired":true,"valueName":"search_term_string"}}],"inLanguage":"it-IT"},{"@type":"Person","@id":"https:\/\/www.fondazionepirelli.org\/it\/#\/schema\/person\/f47d097000832c4a6e54538c791fdf25","name":"fondadmin","image":{"@type":"ImageObject","inLanguage":"it-IT","@id":"https:\/\/www.fondazionepirelli.org\/it\/#\/schema\/person\/image\/","url":"https:\/\/secure.gravatar.com\/avatar\/e69498a9175ca244966e51e53c88712c024fcebe41f9a05f75657f1bb25e489b?s=96&d=mm&r=g","contentUrl":"https:\/\/secure.gravatar.com\/avatar\/e69498a9175ca244966e51e53c88712c024fcebe41f9a05f75657f1bb25e489b?s=96&d=mm&r=g","caption":"fondadmin"},"url":"https:\/\/www.fondazionepirelli.org\/it\/author\/fondadmin\/"}]}},"_links":{"self":[{"href":"https:\/\/www.fondazionepirelli.org\/it\/wp-json\/wp\/v2\/posts\/69581\/"}],"collection":[{"href":"https:\/\/www.fondazionepirelli.org\/it\/wp-json\/wp\/v2\/posts\/"}],"about":[{"href":"https:\/\/www.fondazionepirelli.org\/it\/wp-json\/wp\/v2\/types\/post\/"}],"author":[{"embeddable":true,"href":"https:\/\/www.fondazionepirelli.org\/it\/wp-json\/wp\/v2\/users\/1\/"}],"replies":[{"embeddable":true,"href":"https:\/\/www.fondazionepirelli.org\/it\/wp-json\/wp\/v2\/comments\/?post=69581"}],"version-history":[{"count":2,"href":"https:\/\/www.fondazionepirelli.org\/it\/wp-json\/wp\/v2\/posts\/69581\/revisions\/"}],"predecessor-version":[{"id":69637,"href":"https:\/\/www.fondazionepirelli.org\/it\/wp-json\/wp\/v2\/posts\/69581\/revisions\/69637\/"}],"wp:featuredmedia":[{"embeddable":true,"href":"https:\/\/www.fondazionepirelli.org\/it\/wp-json\/wp\/v2\/media\/69635\/"}],"wp:attachment":[{"href":"https:\/\/www.fondazionepirelli.org\/it\/wp-json\/wp\/v2\/media\/?parent=69581"}],"wp:term":[{"taxonomy":"category","embeddable":true,"href":"https:\/\/www.fondazionepirelli.org\/it\/wp-json\/wp\/v2\/categories\/?post=69581"},{"taxonomy":"post_tag","embeddable":true,"href":"https:\/\/www.fondazionepirelli.org\/it\/wp-json\/wp\/v2\/tags\/?post=69581"}],"curies":[{"name":"wp","href":"https:\/\/api.w.org\/{rel}","templated":true}]}}