{"id":70239,"date":"2019-10-22T12:52:50","date_gmt":"2019-10-22T10:52:50","guid":{"rendered":"https:\/\/www.fondazionepirelli.org\/?p=70239"},"modified":"2019-10-22T12:52:50","modified_gmt":"2019-10-22T10:52:50","slug":"misurare-limpatto-sociale-di-unimpresa","status":"publish","type":"post","link":"https:\/\/www.fondazionepirelli.org\/it\/cultura-dimpresa\/misurare-limpatto-sociale-di-unimpresa\/","title":{"rendered":"Misurare l\u2019impatto sociale di un\u2019impresa"},"content":{"rendered":"<p><em>Una ricerca presentata al Colloquio scientifico sull\u2019impresa sociale 2019 fornisce gli elementi conoscitivi di base per valutare le relazioni fra azienda e territorio<\/em><\/p>\n<p><strong>\u00a0<\/strong><\/p>\n<p><strong>\u00a0<\/strong><\/p>\n<p>Impresa e territorio legati a filo doppio. Tanto da dare vita ad organizzazioni che fino a poco tempo fa non esistevano. Strutture economiche ma anche sociali; comunit\u00e0 di produzione con il profitto come fine ultimo, ma anche sistemi di rapporti sociali nei quali il profitto si accompagna ad altro (di pari importanza). E\u2019 spesso sulle organizzazioni ibride che si punta per riagguantare lo sviluppo. E sono queste strutture che vale la pena di conoscere meglio.<\/p>\n<p>Ad un obiettivo del genere ci hanno pensato Paolo Biancone, Silvana Secinaro, Valerio Brescia,\u00a0 e Daniel Iannaci (dell\u2019Universit\u00e0 degli studi di Torino \u2013 Dipartimento di Management), con la ricerca \u201cLa misurazione dell\u2019impatto sociale nelle organizzazioni ibride\u201d presentata al XIII Colloquio scientifico sull\u2019impresa sociale nello scorso maggio a Roma.<\/p>\n<p>L\u2019indagine parte da un presupposto che nasce dall\u2019osservazione della realt\u00e0: far fronte alle sfide proposte oggi a livello sociale ed economico implica, scrivono i quattro, \u201cun sistema imprenditoriale inclusivo, ovvero dove le imprese sono <em>driver<\/em> di inclusione economica e sociale per i territori in cui si inseriscono con il loro agire\u201d. Ma non solo. Per gli autori infatti se \u201cprima dell\u2019avvento della globalizzazione la competizione riguardava le singole imprese o i singoli gruppi d\u2019impresa, che potevano uscirne vincitori o perdenti, ci\u00f2 che sta succedendo oggi \u00e8 che il destino delle imprese \u00e8 legato a quello del loro territorio\u201d.<\/p>\n<p>A condizioni nuove, si risponde quindi con organizzazioni nuove. E\u2019 qui che il gruppo di lavoro coordinato da Paolo Biancone individua la categoria delle organizzazioni ibride intese come \u201cmodelli imprenditoriali votati a tenere insieme la <em>mission<\/em> sociale con attivit\u00e0 di natura commerciale\u201d. Si tratta cio\u00e8 di \u201cmodelli che fanno del sociale un <em>asset<\/em> strategico per rigenerare risorse di diversa natura: umane, mediante lo sviluppo di nuova conoscenza e nuove competenze; economiche, attraverso la possibilit\u00e0 di aggregare una molteplicit\u00e0 di tipologie di fonti proprio in virt\u00f9 della natura ibrida dell\u2019organizzazione; fisiche, legate cio\u00e8 al processo di trasformazione di spazi in luoghi, dove la relazionalit\u00e0 diventa l\u2019ingrediente fondamentale per la buona riuscita del processo\u201d.<\/p>\n<p>Ci\u00f2 che per\u00f2 \u00e8 necessario fare, consiste nella misurazione e valutazione degli effetti economici di tutto questo. Ma per raggiungere un obiettivo di questo genere, \u00e8 necessario mettere a punto strumenti nuovi sia di indagine che di comunicazione.<\/p>\n<p>Biancone e gli altri ricercatori \u2013 dopo un inquadramento dell\u2019ambito teorico e reale del tema -, individuano il <em>Popular Financial Reporting<\/em> \u2013 Bilancio POP, inteso ad oggi come uno dei pi\u00f9 efficaci strumenti in grado di misurare l\u2019impatto economico-finanziario-azionario e sociale di un\u2019organizzazione ibrida, rispondendo alle esigenze di conoscenza e trasparenza delle parti interessate.<\/p>\n<p>La ricerca di Biancone, Secinaro, Brescia e Iannaci affronta un tema complesso della realt\u00e0 economica odierna, ma &#8211; seppur con un linguaggio decisamente tecnico -, riesce a presentarne ai lettori attenti gli aspetti salienti in modo chiaro.<\/p><p><strong><a href=\"https:\/\/wpsite-assets.fondazionepirelli.org\/wp-content\/uploads\/2019\/10\/22094354\/biancone-secinaro-brescia-iannaci.pdf\">Misurare l\u2019impatto sociale di un\u2019impresa<\/a><\/strong><\/p>\n<p>Paolo Biancone, Silvana Secinaro, Valerio Brescia, Daniel Iannaci Universit\u00e0 degli studi di Torino \u2013 Dipartimento di Management)<\/p>\n<p>Paper, XIII Colloquio scientifico sull\u2019impresa sociale, Roma, maggio 2019.<\/p>","protected":false},"excerpt":{"rendered":"<p>Una ricerca presentata al Colloquio scientifico sull\u2019impresa sociale 2019 fornisce gli elementi conoscitivi di base per valutare le relazioni fra azienda e territorio \u00a0 \u00a0 Impresa e territorio legati a filo doppio. Tanto da dare vita ad organizzazioni che fino a poco tempo fa non esistevano. Strutture economiche ma anche sociali; comunit\u00e0 di produzione con [&hellip;]<\/p>\n","protected":false},"author":9,"featured_media":0,"comment_status":"open","ping_status":"open","sticky":false,"template":"","format":"standard","meta":{"footnotes":""},"categories":[54,52],"tags":[],"class_list":["post-70239","post","type-post","status-publish","format-standard","hentry","category-approfondimenti","category-cultura-dimpresa"],"acf":[],"yoast_head":"<!-- This site is optimized with the Yoast SEO plugin v25.0 - https:\/\/yoast.com\/wordpress\/plugins\/seo\/ -->\n<title>Misurare l\u2019impatto sociale di un\u2019impresa - Fondazione Pirelli<\/title>\n<meta name=\"robots\" content=\"index, follow, max-snippet:-1, max-image-preview:large, max-video-preview:-1\" \/>\n<link rel=\"canonical\" href=\"https:\/\/www.fondazionepirelli.org\/it\/cultura-dimpresa\/misurare-limpatto-sociale-di-unimpresa\/\" \/>\n<meta property=\"og:locale\" content=\"it_IT\" \/>\n<meta property=\"og:type\" content=\"article\" \/>\n<meta property=\"og:title\" content=\"Misurare l\u2019impatto sociale di un\u2019impresa - Fondazione Pirelli\" \/>\n<meta property=\"og:description\" content=\"Una ricerca presentata al Colloquio scientifico sull\u2019impresa sociale 2019 fornisce gli elementi conoscitivi di base per valutare le relazioni fra azienda e territorio \u00a0 \u00a0 Impresa e territorio legati a filo doppio. Tanto da dare vita ad organizzazioni che fino a poco tempo fa non esistevano. Strutture economiche ma anche sociali; comunit\u00e0 di produzione con [&hellip;]\" \/>\n<meta property=\"og:url\" content=\"https:\/\/www.fondazionepirelli.org\/it\/cultura-dimpresa\/misurare-limpatto-sociale-di-unimpresa\/\" \/>\n<meta property=\"og:site_name\" content=\"Fondazione Pirelli\" \/>\n<meta property=\"article:published_time\" content=\"2019-10-22T10:52:50+00:00\" \/>\n<meta name=\"author\" content=\"fondazionepirelli\" \/>\n<meta name=\"twitter:card\" content=\"summary_large_image\" \/>\n<meta name=\"twitter:label1\" content=\"Scritto da\" \/>\n\t<meta name=\"twitter:data1\" content=\"fondazionepirelli\" \/>\n\t<meta name=\"twitter:label2\" content=\"Tempo di lettura stimato\" \/>\n\t<meta name=\"twitter:data2\" content=\"3 minuti\" \/>\n<script type=\"application\/ld+json\" class=\"yoast-schema-graph\">{\"@context\":\"https:\/\/schema.org\",\"@graph\":[{\"@type\":\"WebPage\",\"@id\":\"https:\/\/www.fondazionepirelli.org\/it\/cultura-dimpresa\/misurare-limpatto-sociale-di-unimpresa\/\",\"url\":\"https:\/\/www.fondazionepirelli.org\/it\/cultura-dimpresa\/misurare-limpatto-sociale-di-unimpresa\/\",\"name\":\"Misurare l\u2019impatto sociale di un\u2019impresa - Fondazione Pirelli\",\"isPartOf\":{\"@id\":\"https:\/\/www.fondazionepirelli.org\/it\/#website\"},\"datePublished\":\"2019-10-22T10:52:50+00:00\",\"author\":{\"@id\":\"https:\/\/www.fondazionepirelli.org\/it\/#\/schema\/person\/c31fcf5937a0e6afa45497f3f8b6d7a0\"},\"breadcrumb\":{\"@id\":\"https:\/\/www.fondazionepirelli.org\/it\/cultura-dimpresa\/misurare-limpatto-sociale-di-unimpresa\/#breadcrumb\"},\"inLanguage\":\"it-IT\",\"potentialAction\":[{\"@type\":\"ReadAction\",\"target\":[\"https:\/\/www.fondazionepirelli.org\/it\/cultura-dimpresa\/misurare-limpatto-sociale-di-unimpresa\/\"]}]},{\"@type\":\"BreadcrumbList\",\"@id\":\"https:\/\/www.fondazionepirelli.org\/it\/cultura-dimpresa\/misurare-limpatto-sociale-di-unimpresa\/#breadcrumb\",\"itemListElement\":[{\"@type\":\"ListItem\",\"position\":1,\"name\":\"Home\",\"item\":\"https:\/\/www.fondazionepirelli.org\/it\/\"},{\"@type\":\"ListItem\",\"position\":2,\"name\":\"Misurare l\u2019impatto sociale di un\u2019impresa\"}]},{\"@type\":\"WebSite\",\"@id\":\"https:\/\/www.fondazionepirelli.org\/it\/#website\",\"url\":\"https:\/\/www.fondazionepirelli.org\/it\/\",\"name\":\"Fondazione Pirelli\",\"description\":\"\",\"potentialAction\":[{\"@type\":\"SearchAction\",\"target\":{\"@type\":\"EntryPoint\",\"urlTemplate\":\"https:\/\/www.fondazionepirelli.org\/it\/?s={search_term_string}\"},\"query-input\":{\"@type\":\"PropertyValueSpecification\",\"valueRequired\":true,\"valueName\":\"search_term_string\"}}],\"inLanguage\":\"it-IT\"},{\"@type\":\"Person\",\"@id\":\"https:\/\/www.fondazionepirelli.org\/it\/#\/schema\/person\/c31fcf5937a0e6afa45497f3f8b6d7a0\",\"name\":\"fondazionepirelli\",\"image\":{\"@type\":\"ImageObject\",\"inLanguage\":\"it-IT\",\"@id\":\"https:\/\/www.fondazionepirelli.org\/it\/#\/schema\/person\/image\/\",\"url\":\"https:\/\/secure.gravatar.com\/avatar\/9cb486421ce1d6eddbf6c4fb66841b4325b786695f7aedf1dde2222428218696?s=96&d=mm&r=g\",\"contentUrl\":\"https:\/\/secure.gravatar.com\/avatar\/9cb486421ce1d6eddbf6c4fb66841b4325b786695f7aedf1dde2222428218696?s=96&d=mm&r=g\",\"caption\":\"fondazionepirelli\"},\"url\":\"https:\/\/www.fondazionepirelli.org\/it\/author\/fondazionepirelli\/\"}]}<\/script>\n<!-- \/ Yoast SEO plugin. -->","yoast_head_json":{"title":"Misurare l\u2019impatto sociale di un\u2019impresa - Fondazione Pirelli","robots":{"index":"index","follow":"follow","max-snippet":"max-snippet:-1","max-image-preview":"max-image-preview:large","max-video-preview":"max-video-preview:-1"},"canonical":"https:\/\/www.fondazionepirelli.org\/it\/cultura-dimpresa\/misurare-limpatto-sociale-di-unimpresa\/","og_locale":"it_IT","og_type":"article","og_title":"Misurare l\u2019impatto sociale di un\u2019impresa - Fondazione Pirelli","og_description":"Una ricerca presentata al Colloquio scientifico sull\u2019impresa sociale 2019 fornisce gli elementi conoscitivi di base per valutare le relazioni fra azienda e territorio \u00a0 \u00a0 Impresa e territorio legati a filo doppio. Tanto da dare vita ad organizzazioni che fino a poco tempo fa non esistevano. Strutture economiche ma anche sociali; comunit\u00e0 di produzione con [&hellip;]","og_url":"https:\/\/www.fondazionepirelli.org\/it\/cultura-dimpresa\/misurare-limpatto-sociale-di-unimpresa\/","og_site_name":"Fondazione Pirelli","article_published_time":"2019-10-22T10:52:50+00:00","author":"fondazionepirelli","twitter_card":"summary_large_image","twitter_misc":{"Scritto da":"fondazionepirelli","Tempo di lettura stimato":"3 minuti"},"schema":{"@context":"https:\/\/schema.org","@graph":[{"@type":"WebPage","@id":"https:\/\/www.fondazionepirelli.org\/it\/cultura-dimpresa\/misurare-limpatto-sociale-di-unimpresa\/","url":"https:\/\/www.fondazionepirelli.org\/it\/cultura-dimpresa\/misurare-limpatto-sociale-di-unimpresa\/","name":"Misurare l\u2019impatto sociale di un\u2019impresa - Fondazione Pirelli","isPartOf":{"@id":"https:\/\/www.fondazionepirelli.org\/it\/#website"},"datePublished":"2019-10-22T10:52:50+00:00","author":{"@id":"https:\/\/www.fondazionepirelli.org\/it\/#\/schema\/person\/c31fcf5937a0e6afa45497f3f8b6d7a0"},"breadcrumb":{"@id":"https:\/\/www.fondazionepirelli.org\/it\/cultura-dimpresa\/misurare-limpatto-sociale-di-unimpresa\/#breadcrumb"},"inLanguage":"it-IT","potentialAction":[{"@type":"ReadAction","target":["https:\/\/www.fondazionepirelli.org\/it\/cultura-dimpresa\/misurare-limpatto-sociale-di-unimpresa\/"]}]},{"@type":"BreadcrumbList","@id":"https:\/\/www.fondazionepirelli.org\/it\/cultura-dimpresa\/misurare-limpatto-sociale-di-unimpresa\/#breadcrumb","itemListElement":[{"@type":"ListItem","position":1,"name":"Home","item":"https:\/\/www.fondazionepirelli.org\/it\/"},{"@type":"ListItem","position":2,"name":"Misurare l\u2019impatto sociale di un\u2019impresa"}]},{"@type":"WebSite","@id":"https:\/\/www.fondazionepirelli.org\/it\/#website","url":"https:\/\/www.fondazionepirelli.org\/it\/","name":"Fondazione Pirelli","description":"","potentialAction":[{"@type":"SearchAction","target":{"@type":"EntryPoint","urlTemplate":"https:\/\/www.fondazionepirelli.org\/it\/?s={search_term_string}"},"query-input":{"@type":"PropertyValueSpecification","valueRequired":true,"valueName":"search_term_string"}}],"inLanguage":"it-IT"},{"@type":"Person","@id":"https:\/\/www.fondazionepirelli.org\/it\/#\/schema\/person\/c31fcf5937a0e6afa45497f3f8b6d7a0","name":"fondazionepirelli","image":{"@type":"ImageObject","inLanguage":"it-IT","@id":"https:\/\/www.fondazionepirelli.org\/it\/#\/schema\/person\/image\/","url":"https:\/\/secure.gravatar.com\/avatar\/9cb486421ce1d6eddbf6c4fb66841b4325b786695f7aedf1dde2222428218696?s=96&d=mm&r=g","contentUrl":"https:\/\/secure.gravatar.com\/avatar\/9cb486421ce1d6eddbf6c4fb66841b4325b786695f7aedf1dde2222428218696?s=96&d=mm&r=g","caption":"fondazionepirelli"},"url":"https:\/\/www.fondazionepirelli.org\/it\/author\/fondazionepirelli\/"}]}},"_links":{"self":[{"href":"https:\/\/www.fondazionepirelli.org\/it\/wp-json\/wp\/v2\/posts\/70239\/"}],"collection":[{"href":"https:\/\/www.fondazionepirelli.org\/it\/wp-json\/wp\/v2\/posts\/"}],"about":[{"href":"https:\/\/www.fondazionepirelli.org\/it\/wp-json\/wp\/v2\/types\/post\/"}],"author":[{"embeddable":true,"href":"https:\/\/www.fondazionepirelli.org\/it\/wp-json\/wp\/v2\/users\/9\/"}],"replies":[{"embeddable":true,"href":"https:\/\/www.fondazionepirelli.org\/it\/wp-json\/wp\/v2\/comments\/?post=70239"}],"version-history":[{"count":4,"href":"https:\/\/www.fondazionepirelli.org\/it\/wp-json\/wp\/v2\/posts\/70239\/revisions\/"}],"predecessor-version":[{"id":70251,"href":"https:\/\/www.fondazionepirelli.org\/it\/wp-json\/wp\/v2\/posts\/70239\/revisions\/70251\/"}],"wp:attachment":[{"href":"https:\/\/www.fondazionepirelli.org\/it\/wp-json\/wp\/v2\/media\/?parent=70239"}],"wp:term":[{"taxonomy":"category","embeddable":true,"href":"https:\/\/www.fondazionepirelli.org\/it\/wp-json\/wp\/v2\/categories\/?post=70239"},{"taxonomy":"post_tag","embeddable":true,"href":"https:\/\/www.fondazionepirelli.org\/it\/wp-json\/wp\/v2\/tags\/?post=70239"}],"curies":[{"name":"wp","href":"https:\/\/api.w.org\/{rel}","templated":true}]}}