{"id":70874,"date":"2019-10-29T11:53:13","date_gmt":"2019-10-29T09:53:13","guid":{"rendered":"https:\/\/www.fondazionepirelli.org\/?p=70874"},"modified":"2019-10-29T11:53:13","modified_gmt":"2019-10-29T09:53:13","slug":"cultura-della-crescita-per-tutti","status":"publish","type":"post","link":"https:\/\/www.fondazionepirelli.org\/it\/cultura-dimpresa\/cultura-della-crescita-per-tutti\/","title":{"rendered":"Cultura della crescita per tutti"},"content":{"rendered":"<p><em>Un libro scritto a pi\u00f9 mani, raccoglie i ragionamenti da fare per arrivare agli strumenti pi\u00f9 utili per intraprendere un reale cammino di sviluppo<\/em><\/p><p>Cosa serve per riprendere efficacemente la strada per lo sviluppo? La domanda non \u00e8 solo politica oppure macroeconomica, ma interessa anche ogni singola impresa, ed ha una forte valenza anche dal punto di vista culturale e quindi interessa tutti. Sviluppo, infatti, non \u00e8 solamente crescita, ma qualcosa di molto pi\u00f9 complesso. Ed avere le idee chiare (almeno tentare di farsele), \u00e8 cosa necessaria per tutti.<\/p>\n<p>Una visione di cosa sia necessario fare, di quali passi compiere e, prima ancora, di quali siano i problemi da affrontare e risolvere, \u00e8 quella fornita nella corposa raccolta di saggi \u201cInclusione, produttivit\u00e0, crescita. Un&#8217;agenda per l&#8217;Italia\u201d curata da Carlo Dell&#8217;Aringa, Paolo Guerrieri con il contributo di AREL (Agenzia di ricerche e legislazione) e di una trentina di specialisti nei temi che hanno a che fare con la crescita e lo sviluppo ma, soprattutto, attenti ad un elemento che fornisce il l\u2019approccio comune a tutti gli interventi: l\u2019inclusione sociale.<\/p>\n<p>Ed \u00e8 proprio a partire dal binomio crescita-inclusione che prende le mosse tutto il libro. Crescita che significa ovviamente produttivit\u00e0 ed efficienza; inclusione che vuol dire coesione sociale ed eliminazione delle disuguaglianze. La scelta di analizzare insieme questi diversi aspetti dell\u2019economia e della societ\u00e0 dipende dalla convinzione, propria di chi ha preso\u00a0 parte allo studio, che esistano tra questi fenomeni importanti relazioni, anche diverse da quelle trattate negli studi tradizionali. Nell\u2019ultimo decennio, viene spiegato, con la crescita delle disuguaglianze si \u00e8 sviluppata in effetti una letteratura che ha sostenuto che esse possano essere di ostacolo a una elevata e stabile dinamica di crescita, mentre un maggior grado di uguaglianza e coesione sociale possa rappresentare la condizione dell\u2019economia per realizzare un migliore sviluppo. Raggiungere la crescita e l\u2019uguaglianza, \u00e8 la tesi del libro, \u00e8 cosa da fare in contemporanea e non in fasi successive.<\/p>\n<p>Gli autori analizzano quindi (sia dal punto di vista teorico e concreto guardando all\u2019Italia) i diversi aspetti del tema crescita-uguaglianza: l\u2019innovazione e la produttivit\u00e0, la formazione, le politiche del lavoro e del <em>welfare<\/em>, il sistema della conoscenza e il tema degli investimenti sociali. Un\u2019attenzione particolare, come si \u00e8 accennato, viene posta all\u2019Italia: la considerazione di partenza \u2013 viene spiegato -, \u00e8 che il nostro paese ha manifestato nel passato una sensibile riduzione del tasso di crescita, una lunga stasi della produttivit\u00e0 dei fattori produttivi e un aumento della povert\u00e0 assoluta come mai si era verificato. Si cerca di individuare la relazione esistente tra questi fenomeni e di quale tipo essa sia.<\/p>\n<p>Analisi, dunque, ma non solo. Gli autori si sforzano di indicare anche interventi e politiche da poter mettere in atto per \u201caumentare il potenziale di crescita della nostra economia e, contemporaneamente, rendere quest\u2019ultima maggiormente inclusiva rispetto al presente\u201d. Sotto la lente degli studiosi, quindi, finiscono temi (e problemi) come quelli relativi a sanit\u00e0, scuola, formazione, universit\u00e0, politiche del lavoro.<\/p>\n<p>Si pu\u00f2 anche non essere d\u2019accordo su tutto ci\u00f2 che \u00e8 contenuto nel libro curato da Dell\u2019Aringa e Guerrieri, ma la raccolta di saggi che hanno costruito ha due grandi qualit\u00e0: fornisce una adeguata cassetta degli attrezzi per capire il presente e lo fa con un linguaggio piano e comprensibile.<\/p><p><strong>Inclusione, produttivit\u00e0, crescita. Un&#8217;agenda per l&#8217;Italia<\/strong><\/p>\n<p>Carlo Dell&#8217;Aringa, Paolo Guerrieri (a cura di)<\/p>\n<p>il Mulino, 2019<\/p>\n","protected":false},"excerpt":{"rendered":"<p>Un libro scritto a pi\u00f9 mani, raccoglie i ragionamenti da fare per arrivare agli strumenti pi\u00f9 utili per intraprendere un reale cammino di sviluppoCosa serve per riprendere efficacemente la strada per lo sviluppo? La domanda non \u00e8 solo politica oppure macroeconomica, ma interessa anche ogni singola impresa, ed ha una forte valenza anche dal punto [&hellip;]<\/p>\n","protected":false},"author":9,"featured_media":70875,"comment_status":"open","ping_status":"open","sticky":false,"template":"","format":"standard","meta":{"footnotes":""},"categories":[52,58],"tags":[],"class_list":["post-70874","post","type-post","status-publish","format-standard","has-post-thumbnail","hentry","category-cultura-dimpresa","category-recensioni-libri"],"acf":[],"yoast_head":"<!-- This site is optimized with the Yoast SEO plugin v25.0 - https:\/\/yoast.com\/wordpress\/plugins\/seo\/ -->\n<title>Cultura della crescita per tutti - Fondazione Pirelli<\/title>\n<meta name=\"robots\" content=\"index, follow, max-snippet:-1, max-image-preview:large, max-video-preview:-1\" \/>\n<link rel=\"canonical\" href=\"https:\/\/www.fondazionepirelli.org\/it\/cultura-dimpresa\/cultura-della-crescita-per-tutti\/\" \/>\n<meta property=\"og:locale\" content=\"it_IT\" \/>\n<meta property=\"og:type\" content=\"article\" \/>\n<meta property=\"og:title\" content=\"Cultura della crescita per tutti - Fondazione Pirelli\" \/>\n<meta property=\"og:description\" content=\"Un libro scritto a pi\u00f9 mani, raccoglie i ragionamenti da fare per arrivare agli strumenti pi\u00f9 utili per intraprendere un reale cammino di sviluppoCosa serve per riprendere efficacemente la strada per lo sviluppo? La domanda non \u00e8 solo politica oppure macroeconomica, ma interessa anche ogni singola impresa, ed ha una forte valenza anche dal punto [&hellip;]\" \/>\n<meta property=\"og:url\" content=\"https:\/\/127.0.0.1\/it\/cultura-dimpresa\/cultura-della-crescita-per-tutti\/\" \/>\n<meta property=\"og:site_name\" content=\"Fondazione Pirelli\" \/>\n<meta property=\"article:published_time\" content=\"2019-10-29T09:53:13+00:00\" \/>\n<meta property=\"og:image\" content=\"https:\/\/wpsite-assets.fondazionepirelli.org\/wp-content\/uploads\/2019\/10\/29100715\/5489b86cover28385.png\" \/>\n\t<meta property=\"og:image:width\" content=\"398\" \/>\n\t<meta property=\"og:image:height\" content=\"616\" \/>\n\t<meta property=\"og:image:type\" content=\"image\/png\" \/>\n<meta name=\"author\" content=\"fondazionepirelli\" \/>\n<meta name=\"twitter:card\" content=\"summary_large_image\" \/>\n<meta name=\"twitter:label1\" content=\"Scritto da\" \/>\n\t<meta name=\"twitter:data1\" content=\"fondazionepirelli\" \/>\n\t<meta name=\"twitter:label2\" content=\"Tempo di lettura stimato\" \/>\n\t<meta name=\"twitter:data2\" content=\"3 minuti\" \/>\n<script type=\"application\/ld+json\" class=\"yoast-schema-graph\">{\"@context\":\"https:\/\/schema.org\",\"@graph\":[{\"@type\":\"WebPage\",\"@id\":\"https:\/\/127.0.0.1\/it\/cultura-dimpresa\/cultura-della-crescita-per-tutti\/\",\"url\":\"https:\/\/127.0.0.1\/it\/cultura-dimpresa\/cultura-della-crescita-per-tutti\/\",\"name\":\"Cultura della crescita per tutti - Fondazione Pirelli\",\"isPartOf\":{\"@id\":\"https:\/\/www.fondazionepirelli.org\/it\/#website\"},\"primaryImageOfPage\":{\"@id\":\"https:\/\/127.0.0.1\/it\/cultura-dimpresa\/cultura-della-crescita-per-tutti\/#primaryimage\"},\"image\":{\"@id\":\"https:\/\/127.0.0.1\/it\/cultura-dimpresa\/cultura-della-crescita-per-tutti\/#primaryimage\"},\"thumbnailUrl\":\"https:\/\/wpsite-assets.fondazionepirelli.org\/wp-content\/uploads\/2019\/10\/29100715\/5489b86cover28385.png\",\"datePublished\":\"2019-10-29T09:53:13+00:00\",\"author\":{\"@id\":\"https:\/\/www.fondazionepirelli.org\/it\/#\/schema\/person\/c31fcf5937a0e6afa45497f3f8b6d7a0\"},\"breadcrumb\":{\"@id\":\"https:\/\/127.0.0.1\/it\/cultura-dimpresa\/cultura-della-crescita-per-tutti\/#breadcrumb\"},\"inLanguage\":\"it-IT\",\"potentialAction\":[{\"@type\":\"ReadAction\",\"target\":[\"https:\/\/127.0.0.1\/it\/cultura-dimpresa\/cultura-della-crescita-per-tutti\/\"]}]},{\"@type\":\"ImageObject\",\"inLanguage\":\"it-IT\",\"@id\":\"https:\/\/127.0.0.1\/it\/cultura-dimpresa\/cultura-della-crescita-per-tutti\/#primaryimage\",\"url\":\"https:\/\/wpsite-assets.fondazionepirelli.org\/wp-content\/uploads\/2019\/10\/29100715\/5489b86cover28385.png\",\"contentUrl\":\"https:\/\/wpsite-assets.fondazionepirelli.org\/wp-content\/uploads\/2019\/10\/29100715\/5489b86cover28385.png\",\"width\":398,\"height\":616},{\"@type\":\"BreadcrumbList\",\"@id\":\"https:\/\/127.0.0.1\/it\/cultura-dimpresa\/cultura-della-crescita-per-tutti\/#breadcrumb\",\"itemListElement\":[{\"@type\":\"ListItem\",\"position\":1,\"name\":\"Home\",\"item\":\"https:\/\/www.fondazionepirelli.org\/it\/\"},{\"@type\":\"ListItem\",\"position\":2,\"name\":\"Cultura della crescita per tutti\"}]},{\"@type\":\"WebSite\",\"@id\":\"https:\/\/www.fondazionepirelli.org\/it\/#website\",\"url\":\"https:\/\/www.fondazionepirelli.org\/it\/\",\"name\":\"Fondazione Pirelli\",\"description\":\"\",\"potentialAction\":[{\"@type\":\"SearchAction\",\"target\":{\"@type\":\"EntryPoint\",\"urlTemplate\":\"https:\/\/www.fondazionepirelli.org\/it\/?s={search_term_string}\"},\"query-input\":{\"@type\":\"PropertyValueSpecification\",\"valueRequired\":true,\"valueName\":\"search_term_string\"}}],\"inLanguage\":\"it-IT\"},{\"@type\":\"Person\",\"@id\":\"https:\/\/www.fondazionepirelli.org\/it\/#\/schema\/person\/c31fcf5937a0e6afa45497f3f8b6d7a0\",\"name\":\"fondazionepirelli\",\"image\":{\"@type\":\"ImageObject\",\"inLanguage\":\"it-IT\",\"@id\":\"https:\/\/www.fondazionepirelli.org\/it\/#\/schema\/person\/image\/\",\"url\":\"https:\/\/secure.gravatar.com\/avatar\/9cb486421ce1d6eddbf6c4fb66841b4325b786695f7aedf1dde2222428218696?s=96&d=mm&r=g\",\"contentUrl\":\"https:\/\/secure.gravatar.com\/avatar\/9cb486421ce1d6eddbf6c4fb66841b4325b786695f7aedf1dde2222428218696?s=96&d=mm&r=g\",\"caption\":\"fondazionepirelli\"},\"url\":\"https:\/\/www.fondazionepirelli.org\/it\/author\/fondazionepirelli\/\"}]}<\/script>\n<!-- \/ Yoast SEO plugin. -->","yoast_head_json":{"title":"Cultura della crescita per tutti - Fondazione Pirelli","robots":{"index":"index","follow":"follow","max-snippet":"max-snippet:-1","max-image-preview":"max-image-preview:large","max-video-preview":"max-video-preview:-1"},"canonical":"https:\/\/www.fondazionepirelli.org\/it\/cultura-dimpresa\/cultura-della-crescita-per-tutti\/","og_locale":"it_IT","og_type":"article","og_title":"Cultura della crescita per tutti - Fondazione Pirelli","og_description":"Un libro scritto a pi\u00f9 mani, raccoglie i ragionamenti da fare per arrivare agli strumenti pi\u00f9 utili per intraprendere un reale cammino di sviluppoCosa serve per riprendere efficacemente la strada per lo sviluppo? La domanda non \u00e8 solo politica oppure macroeconomica, ma interessa anche ogni singola impresa, ed ha una forte valenza anche dal punto [&hellip;]","og_url":"https:\/\/127.0.0.1\/it\/cultura-dimpresa\/cultura-della-crescita-per-tutti\/","og_site_name":"Fondazione Pirelli","article_published_time":"2019-10-29T09:53:13+00:00","og_image":[{"width":398,"height":616,"url":"https:\/\/wpsite-assets.fondazionepirelli.org\/wp-content\/uploads\/2019\/10\/29100715\/5489b86cover28385.png","type":"image\/png"}],"author":"fondazionepirelli","twitter_card":"summary_large_image","twitter_misc":{"Scritto da":"fondazionepirelli","Tempo di lettura stimato":"3 minuti"},"schema":{"@context":"https:\/\/schema.org","@graph":[{"@type":"WebPage","@id":"https:\/\/127.0.0.1\/it\/cultura-dimpresa\/cultura-della-crescita-per-tutti\/","url":"https:\/\/127.0.0.1\/it\/cultura-dimpresa\/cultura-della-crescita-per-tutti\/","name":"Cultura della crescita per tutti - Fondazione Pirelli","isPartOf":{"@id":"https:\/\/www.fondazionepirelli.org\/it\/#website"},"primaryImageOfPage":{"@id":"https:\/\/127.0.0.1\/it\/cultura-dimpresa\/cultura-della-crescita-per-tutti\/#primaryimage"},"image":{"@id":"https:\/\/127.0.0.1\/it\/cultura-dimpresa\/cultura-della-crescita-per-tutti\/#primaryimage"},"thumbnailUrl":"https:\/\/wpsite-assets.fondazionepirelli.org\/wp-content\/uploads\/2019\/10\/29100715\/5489b86cover28385.png","datePublished":"2019-10-29T09:53:13+00:00","author":{"@id":"https:\/\/www.fondazionepirelli.org\/it\/#\/schema\/person\/c31fcf5937a0e6afa45497f3f8b6d7a0"},"breadcrumb":{"@id":"https:\/\/127.0.0.1\/it\/cultura-dimpresa\/cultura-della-crescita-per-tutti\/#breadcrumb"},"inLanguage":"it-IT","potentialAction":[{"@type":"ReadAction","target":["https:\/\/127.0.0.1\/it\/cultura-dimpresa\/cultura-della-crescita-per-tutti\/"]}]},{"@type":"ImageObject","inLanguage":"it-IT","@id":"https:\/\/127.0.0.1\/it\/cultura-dimpresa\/cultura-della-crescita-per-tutti\/#primaryimage","url":"https:\/\/wpsite-assets.fondazionepirelli.org\/wp-content\/uploads\/2019\/10\/29100715\/5489b86cover28385.png","contentUrl":"https:\/\/wpsite-assets.fondazionepirelli.org\/wp-content\/uploads\/2019\/10\/29100715\/5489b86cover28385.png","width":398,"height":616},{"@type":"BreadcrumbList","@id":"https:\/\/127.0.0.1\/it\/cultura-dimpresa\/cultura-della-crescita-per-tutti\/#breadcrumb","itemListElement":[{"@type":"ListItem","position":1,"name":"Home","item":"https:\/\/www.fondazionepirelli.org\/it\/"},{"@type":"ListItem","position":2,"name":"Cultura della crescita per tutti"}]},{"@type":"WebSite","@id":"https:\/\/www.fondazionepirelli.org\/it\/#website","url":"https:\/\/www.fondazionepirelli.org\/it\/","name":"Fondazione Pirelli","description":"","potentialAction":[{"@type":"SearchAction","target":{"@type":"EntryPoint","urlTemplate":"https:\/\/www.fondazionepirelli.org\/it\/?s={search_term_string}"},"query-input":{"@type":"PropertyValueSpecification","valueRequired":true,"valueName":"search_term_string"}}],"inLanguage":"it-IT"},{"@type":"Person","@id":"https:\/\/www.fondazionepirelli.org\/it\/#\/schema\/person\/c31fcf5937a0e6afa45497f3f8b6d7a0","name":"fondazionepirelli","image":{"@type":"ImageObject","inLanguage":"it-IT","@id":"https:\/\/www.fondazionepirelli.org\/it\/#\/schema\/person\/image\/","url":"https:\/\/secure.gravatar.com\/avatar\/9cb486421ce1d6eddbf6c4fb66841b4325b786695f7aedf1dde2222428218696?s=96&d=mm&r=g","contentUrl":"https:\/\/secure.gravatar.com\/avatar\/9cb486421ce1d6eddbf6c4fb66841b4325b786695f7aedf1dde2222428218696?s=96&d=mm&r=g","caption":"fondazionepirelli"},"url":"https:\/\/www.fondazionepirelli.org\/it\/author\/fondazionepirelli\/"}]}},"_links":{"self":[{"href":"https:\/\/www.fondazionepirelli.org\/it\/wp-json\/wp\/v2\/posts\/70874\/"}],"collection":[{"href":"https:\/\/www.fondazionepirelli.org\/it\/wp-json\/wp\/v2\/posts\/"}],"about":[{"href":"https:\/\/www.fondazionepirelli.org\/it\/wp-json\/wp\/v2\/types\/post\/"}],"author":[{"embeddable":true,"href":"https:\/\/www.fondazionepirelli.org\/it\/wp-json\/wp\/v2\/users\/9\/"}],"replies":[{"embeddable":true,"href":"https:\/\/www.fondazionepirelli.org\/it\/wp-json\/wp\/v2\/comments\/?post=70874"}],"version-history":[{"count":1,"href":"https:\/\/www.fondazionepirelli.org\/it\/wp-json\/wp\/v2\/posts\/70874\/revisions\/"}],"predecessor-version":[{"id":70877,"href":"https:\/\/www.fondazionepirelli.org\/it\/wp-json\/wp\/v2\/posts\/70874\/revisions\/70877\/"}],"wp:featuredmedia":[{"embeddable":true,"href":"https:\/\/www.fondazionepirelli.org\/it\/wp-json\/wp\/v2\/media\/70875\/"}],"wp:attachment":[{"href":"https:\/\/www.fondazionepirelli.org\/it\/wp-json\/wp\/v2\/media\/?parent=70874"}],"wp:term":[{"taxonomy":"category","embeddable":true,"href":"https:\/\/www.fondazionepirelli.org\/it\/wp-json\/wp\/v2\/categories\/?post=70874"},{"taxonomy":"post_tag","embeddable":true,"href":"https:\/\/www.fondazionepirelli.org\/it\/wp-json\/wp\/v2\/tags\/?post=70874"}],"curies":[{"name":"wp","href":"https:\/\/api.w.org\/{rel}","templated":true}]}}