{"id":71010,"date":"2019-10-30T18:14:06","date_gmt":"2019-10-30T16:14:06","guid":{"rendered":"https:\/\/www.fondazionepirelli.org\/?p=71010"},"modified":"2022-02-01T10:41:07","modified_gmt":"2022-02-01T09:41:07","slug":"pirelli-a-bookcity-2019-con-due-incontri-tra-memoria-dimpresa-e-umanesimo-industriale","status":"publish","type":"post","link":"https:\/\/www.fondazionepirelli.org\/it\/iniziative\/pirelli-a-bookcity-2019-con-due-incontri-tra-memoria-dimpresa-e-umanesimo-industriale\/","title":{"rendered":"Pirelli a Bookcity 2019 con due incontri tra Memoria d\u2019impresa e Umanesimo industriale"},"content":{"rendered":"<p>Anche quest\u2019anno Fondazione Pirelli sar\u00e0 presente a Bookcity Milano con due appuntamenti: il primo, che si terr\u00e0 gioved\u00ec 14 novembre all\u2019<strong>Universit\u00e0 Bocconi<\/strong> di Milano nel palinsesto di \u201cBocconi4Bookcity\u201d, \u00e8 dedicato alla <a href=\"https:\/\/bookcitymilano.it\/eventi\/2019\/memoria-dimpresa-qualita-di-risultato-economico-citta-abilitante\" target=\"_blank\" rel=\"noopener noreferrer\"><strong>\u201cMemoria d&#8217;impresa, qualit\u00e0 di risultato economico, citt\u00e0 abilitante\u201d<\/strong><\/a><strong>. <\/strong>Perch\u00e8 alcune imprese coltivano la propria memoria, pur affrontando cambiamenti che modificano in modo significativo i loro confini e il loro raggio d&#8217;azione? In che modo la relazione con il territorio contribuisce a creare valore economico? L&#8217;incontro sar\u00e0 occasione di dibattito sulla relazione fra cultura e valore d&#8217;impresa fra il direttore della Fondazione, <strong>Antonio Calabr\u00f2<\/strong>, <strong>Paola Dubini<\/strong> e <strong>Giorgio Bigatti<\/strong>, docenti dell&#8217;Universit\u00e0 Bocconi. Il secondo appuntamento sar\u00e0 invece un dialogo sul tema <a href=\"https:\/\/bookcitymilano.it\/eventi\/2019\/umanesimo-industriale-milano-impresa-scienza-letteratura-un-percorso-storico-culturale-e-sociale-sugli-intellettuali-meridionali-al-nord\" target=\"_blank\" rel=\"noopener noreferrer\"><strong>\u201cUmanesimo Industriale a Milano: impresa, scienza, letteratura. Un percorso storico culturale e sociale sugli intellettuali meridionali al Nord\u201d<\/strong><\/a> fra Antonio Calabr\u00f2, <strong>Piergaetano Marchetti<\/strong>, presidente di BookCity e della <strong>Fondazione Corriere della Sera<\/strong> e <strong>Giuseppe Lupo<\/strong>, scrittore e docente dell\u2019Universit\u00e0 Cattolica del Sacro Cuore. L\u2019evento, che si svolger\u00e0 sabato 16 novembre, sar\u00e0 ospitato dalla Fondazione Corriere, presso la Sala Buzzati.<\/p>\n<p>I due incontri saranno anche l\u2019occasione per ripercorrere l\u2019esperienza di <strong><em>\u201c<\/em><a href=\"https:\/\/www.rivistapirelli.org\/\" target=\"_blank\" rel=\"noopener noreferrer\">Pirelli. Rivista d\u2019informazione e di tecnica<\/a>\u201d<\/strong>, magazine nato nel 1948 con lo scopo di saldare la cultura tecnico-scientifica e la cultura umanistica, commissionando articoli e inchieste alle firme internazionali pi\u00f9 autorevoli dell\u2019epoca: Dino Buzzati, Italo Calvino, Umberto Eco, Eugenio Montale, Leonardo Sciascia, Leonardo Sinisgalli, Salvatore Quasimodo ed Elio Vittorini, tra gli altri. Un caso editoriale a cui abbiamo dedicato il volume <strong>\u201c<a href=\"https:\/\/www.fondazionepirelli.org\/it\/progetto-editoriale\/umanesimo-industriale\/\" target=\"_blank\" rel=\"noopener noreferrer\">Umanesimo industriale. Antologia di pensieri, parole, immagini e innovazioni<\/a>\u201d<\/strong>, edito da Mondadori, a cui \u00e8 associata una sezione dedicata sul nostro sito fondazionepirelli.org, per approfondire i contenuti del libro e la straordinaria storia della rivista.<\/p><p>Scarica i Save the date dei due incontri:<\/p>\n<p>14 novembre 2019 <a href=\"https:\/\/wpsite-assets.fondazionepirelli.org\/wp-content\/uploads\/2019\/10\/13100047\/Save-the-date_14111.pdf\" target=\"_blank\" rel=\"noopener noreferrer\">clicca qui<\/a><\/p>\n<p>16 novembre 2019 <a href=\"https:\/\/wpsite-assets.fondazionepirelli.org\/wp-content\/uploads\/2019\/10\/13112844\/Save-the-date_16.11.pdf\" target=\"_blank\" rel=\"noopener noreferrer\">clicca qui<\/a><\/p>","protected":false},"excerpt":{"rendered":"<p>Anche quest\u2019anno Fondazione Pirelli sar\u00e0 presente a Bookcity Milano con due appuntamenti: il primo, che si terr\u00e0 gioved\u00ec 14 novembre all\u2019Universit\u00e0 Bocconi di Milano nel palinsesto di \u201cBocconi4Bookcity\u201d, \u00e8 dedicato alla \u201cMemoria d&#8217;impresa, qualit\u00e0 di risultato economico, citt\u00e0 abilitante\u201d. Perch\u00e8 alcune imprese coltivano la propria memoria, pur affrontando cambiamenti che modificano in modo significativo i [&hellip;]<\/p>\n","protected":false},"author":1,"featured_media":71025,"comment_status":"open","ping_status":"open","sticky":false,"template":"","format":"standard","meta":{"footnotes":""},"categories":[60,79],"tags":[109],"class_list":["post-71010","post","type-post","status-publish","format-standard","has-post-thumbnail","hentry","category-iniziative","category-le-collaborazioni","tag-comunicare-limpresa"],"acf":[],"yoast_head":"<!-- This site is optimized with the Yoast SEO plugin v25.0 - https:\/\/yoast.com\/wordpress\/plugins\/seo\/ -->\n<title>Pirelli a Bookcity 2019 | Fondazione Pirelli<\/title>\n<meta name=\"description\" content=\"Fondazione Pirelli partecipa a Book City 2019. Scopri di pi\u00f9 sul sito fondazionepirelli.org\" \/>\n<meta name=\"robots\" content=\"index, follow, max-snippet:-1, max-image-preview:large, max-video-preview:-1\" \/>\n<link rel=\"canonical\" href=\"https:\/\/www.fondazionepirelli.org\/it\/iniziative\/pirelli-a-bookcity-2019-con-due-incontri-tra-memoria-dimpresa-e-umanesimo-industriale\/\" \/>\n<meta property=\"og:locale\" content=\"it_IT\" \/>\n<meta property=\"og:type\" content=\"article\" \/>\n<meta property=\"og:title\" content=\"Pirelli a Bookcity 2019 | Fondazione Pirelli\" \/>\n<meta property=\"og:description\" content=\"Fondazione Pirelli partecipa a Book City 2019. Scopri di pi\u00f9 sul sito fondazionepirelli.org\" \/>\n<meta property=\"og:url\" content=\"https:\/\/www.fondazionepirelli.org\/it\/iniziative\/pirelli-a-bookcity-2019-con-due-incontri-tra-memoria-dimpresa-e-umanesimo-industriale\/\" \/>\n<meta property=\"og:site_name\" content=\"Fondazione Pirelli\" \/>\n<meta property=\"article:published_time\" content=\"2019-10-30T16:14:06+00:00\" \/>\n<meta property=\"article:modified_time\" content=\"2022-02-01T09:41:07+00:00\" \/>\n<meta property=\"og:image\" content=\"https:\/\/wpsite-assets.fondazionepirelli.org\/wp-content\/uploads\/2019\/10\/30093412\/Bicocca_treno1-e1579267635600.jpg\" \/>\n\t<meta property=\"og:image:width\" content=\"550\" \/>\n\t<meta property=\"og:image:height\" content=\"391\" \/>\n\t<meta property=\"og:image:type\" content=\"image\/jpeg\" \/>\n<meta name=\"author\" content=\"fondadmin\" \/>\n<meta name=\"twitter:card\" content=\"summary_large_image\" \/>\n<meta name=\"twitter:label1\" content=\"Scritto da\" \/>\n\t<meta name=\"twitter:data1\" content=\"fondadmin\" \/>\n\t<meta name=\"twitter:label2\" content=\"Tempo di lettura stimato\" \/>\n\t<meta name=\"twitter:data2\" content=\"1 minuto\" \/>\n<script type=\"application\/ld+json\" class=\"yoast-schema-graph\">{\"@context\":\"https:\/\/schema.org\",\"@graph\":[{\"@type\":\"WebPage\",\"@id\":\"https:\/\/www.fondazionepirelli.org\/it\/iniziative\/pirelli-a-bookcity-2019-con-due-incontri-tra-memoria-dimpresa-e-umanesimo-industriale\/\",\"url\":\"https:\/\/www.fondazionepirelli.org\/it\/iniziative\/pirelli-a-bookcity-2019-con-due-incontri-tra-memoria-dimpresa-e-umanesimo-industriale\/\",\"name\":\"Pirelli a Bookcity 2019 | Fondazione Pirelli\",\"isPartOf\":{\"@id\":\"https:\/\/www.fondazionepirelli.org\/it\/#website\"},\"primaryImageOfPage\":{\"@id\":\"https:\/\/www.fondazionepirelli.org\/it\/iniziative\/pirelli-a-bookcity-2019-con-due-incontri-tra-memoria-dimpresa-e-umanesimo-industriale\/#primaryimage\"},\"image\":{\"@id\":\"https:\/\/www.fondazionepirelli.org\/it\/iniziative\/pirelli-a-bookcity-2019-con-due-incontri-tra-memoria-dimpresa-e-umanesimo-industriale\/#primaryimage\"},\"thumbnailUrl\":\"https:\/\/wpsite-assets.fondazionepirelli.org\/wp-content\/uploads\/2019\/10\/30093412\/Bicocca_treno1-e1579267635600.jpg\",\"datePublished\":\"2019-10-30T16:14:06+00:00\",\"dateModified\":\"2022-02-01T09:41:07+00:00\",\"author\":{\"@id\":\"https:\/\/www.fondazionepirelli.org\/it\/#\/schema\/person\/f47d097000832c4a6e54538c791fdf25\"},\"description\":\"Fondazione Pirelli partecipa a Book City 2019. Scopri di pi\u00f9 sul sito fondazionepirelli.org\",\"breadcrumb\":{\"@id\":\"https:\/\/www.fondazionepirelli.org\/it\/iniziative\/pirelli-a-bookcity-2019-con-due-incontri-tra-memoria-dimpresa-e-umanesimo-industriale\/#breadcrumb\"},\"inLanguage\":\"it-IT\",\"potentialAction\":[{\"@type\":\"ReadAction\",\"target\":[\"https:\/\/www.fondazionepirelli.org\/it\/iniziative\/pirelli-a-bookcity-2019-con-due-incontri-tra-memoria-dimpresa-e-umanesimo-industriale\/\"]}]},{\"@type\":\"ImageObject\",\"inLanguage\":\"it-IT\",\"@id\":\"https:\/\/www.fondazionepirelli.org\/it\/iniziative\/pirelli-a-bookcity-2019-con-due-incontri-tra-memoria-dimpresa-e-umanesimo-industriale\/#primaryimage\",\"url\":\"https:\/\/wpsite-assets.fondazionepirelli.org\/wp-content\/uploads\/2019\/10\/30093412\/Bicocca_treno1-e1579267635600.jpg\",\"contentUrl\":\"https:\/\/wpsite-assets.fondazionepirelli.org\/wp-content\/uploads\/2019\/10\/30093412\/Bicocca_treno1-e1579267635600.jpg\",\"width\":550,\"height\":391},{\"@type\":\"BreadcrumbList\",\"@id\":\"https:\/\/www.fondazionepirelli.org\/it\/iniziative\/pirelli-a-bookcity-2019-con-due-incontri-tra-memoria-dimpresa-e-umanesimo-industriale\/#breadcrumb\",\"itemListElement\":[{\"@type\":\"ListItem\",\"position\":1,\"name\":\"Home\",\"item\":\"https:\/\/www.fondazionepirelli.org\/it\/\"},{\"@type\":\"ListItem\",\"position\":2,\"name\":\"Pirelli a Bookcity 2019 con due incontri tra Memoria d\u2019impresa e Umanesimo industriale\"}]},{\"@type\":\"WebSite\",\"@id\":\"https:\/\/www.fondazionepirelli.org\/it\/#website\",\"url\":\"https:\/\/www.fondazionepirelli.org\/it\/\",\"name\":\"Fondazione Pirelli\",\"description\":\"\",\"potentialAction\":[{\"@type\":\"SearchAction\",\"target\":{\"@type\":\"EntryPoint\",\"urlTemplate\":\"https:\/\/www.fondazionepirelli.org\/it\/?s={search_term_string}\"},\"query-input\":{\"@type\":\"PropertyValueSpecification\",\"valueRequired\":true,\"valueName\":\"search_term_string\"}}],\"inLanguage\":\"it-IT\"},{\"@type\":\"Person\",\"@id\":\"https:\/\/www.fondazionepirelli.org\/it\/#\/schema\/person\/f47d097000832c4a6e54538c791fdf25\",\"name\":\"fondadmin\",\"image\":{\"@type\":\"ImageObject\",\"inLanguage\":\"it-IT\",\"@id\":\"https:\/\/www.fondazionepirelli.org\/it\/#\/schema\/person\/image\/\",\"url\":\"https:\/\/secure.gravatar.com\/avatar\/e69498a9175ca244966e51e53c88712c024fcebe41f9a05f75657f1bb25e489b?s=96&d=mm&r=g\",\"contentUrl\":\"https:\/\/secure.gravatar.com\/avatar\/e69498a9175ca244966e51e53c88712c024fcebe41f9a05f75657f1bb25e489b?s=96&d=mm&r=g\",\"caption\":\"fondadmin\"},\"url\":\"https:\/\/www.fondazionepirelli.org\/it\/author\/fondadmin\/\"}]}<\/script>\n<!-- \/ Yoast SEO plugin. -->","yoast_head_json":{"title":"Pirelli a Bookcity 2019 | Fondazione Pirelli","description":"Fondazione Pirelli partecipa a Book City 2019. Scopri di pi\u00f9 sul sito fondazionepirelli.org","robots":{"index":"index","follow":"follow","max-snippet":"max-snippet:-1","max-image-preview":"max-image-preview:large","max-video-preview":"max-video-preview:-1"},"canonical":"https:\/\/www.fondazionepirelli.org\/it\/iniziative\/pirelli-a-bookcity-2019-con-due-incontri-tra-memoria-dimpresa-e-umanesimo-industriale\/","og_locale":"it_IT","og_type":"article","og_title":"Pirelli a Bookcity 2019 | Fondazione Pirelli","og_description":"Fondazione Pirelli partecipa a Book City 2019. Scopri di pi\u00f9 sul sito fondazionepirelli.org","og_url":"https:\/\/www.fondazionepirelli.org\/it\/iniziative\/pirelli-a-bookcity-2019-con-due-incontri-tra-memoria-dimpresa-e-umanesimo-industriale\/","og_site_name":"Fondazione Pirelli","article_published_time":"2019-10-30T16:14:06+00:00","article_modified_time":"2022-02-01T09:41:07+00:00","og_image":[{"width":550,"height":391,"url":"https:\/\/wpsite-assets.fondazionepirelli.org\/wp-content\/uploads\/2019\/10\/30093412\/Bicocca_treno1-e1579267635600.jpg","type":"image\/jpeg"}],"author":"fondadmin","twitter_card":"summary_large_image","twitter_misc":{"Scritto da":"fondadmin","Tempo di lettura stimato":"1 minuto"},"schema":{"@context":"https:\/\/schema.org","@graph":[{"@type":"WebPage","@id":"https:\/\/www.fondazionepirelli.org\/it\/iniziative\/pirelli-a-bookcity-2019-con-due-incontri-tra-memoria-dimpresa-e-umanesimo-industriale\/","url":"https:\/\/www.fondazionepirelli.org\/it\/iniziative\/pirelli-a-bookcity-2019-con-due-incontri-tra-memoria-dimpresa-e-umanesimo-industriale\/","name":"Pirelli a Bookcity 2019 | Fondazione Pirelli","isPartOf":{"@id":"https:\/\/www.fondazionepirelli.org\/it\/#website"},"primaryImageOfPage":{"@id":"https:\/\/www.fondazionepirelli.org\/it\/iniziative\/pirelli-a-bookcity-2019-con-due-incontri-tra-memoria-dimpresa-e-umanesimo-industriale\/#primaryimage"},"image":{"@id":"https:\/\/www.fondazionepirelli.org\/it\/iniziative\/pirelli-a-bookcity-2019-con-due-incontri-tra-memoria-dimpresa-e-umanesimo-industriale\/#primaryimage"},"thumbnailUrl":"https:\/\/wpsite-assets.fondazionepirelli.org\/wp-content\/uploads\/2019\/10\/30093412\/Bicocca_treno1-e1579267635600.jpg","datePublished":"2019-10-30T16:14:06+00:00","dateModified":"2022-02-01T09:41:07+00:00","author":{"@id":"https:\/\/www.fondazionepirelli.org\/it\/#\/schema\/person\/f47d097000832c4a6e54538c791fdf25"},"description":"Fondazione Pirelli partecipa a Book City 2019. Scopri di pi\u00f9 sul sito fondazionepirelli.org","breadcrumb":{"@id":"https:\/\/www.fondazionepirelli.org\/it\/iniziative\/pirelli-a-bookcity-2019-con-due-incontri-tra-memoria-dimpresa-e-umanesimo-industriale\/#breadcrumb"},"inLanguage":"it-IT","potentialAction":[{"@type":"ReadAction","target":["https:\/\/www.fondazionepirelli.org\/it\/iniziative\/pirelli-a-bookcity-2019-con-due-incontri-tra-memoria-dimpresa-e-umanesimo-industriale\/"]}]},{"@type":"ImageObject","inLanguage":"it-IT","@id":"https:\/\/www.fondazionepirelli.org\/it\/iniziative\/pirelli-a-bookcity-2019-con-due-incontri-tra-memoria-dimpresa-e-umanesimo-industriale\/#primaryimage","url":"https:\/\/wpsite-assets.fondazionepirelli.org\/wp-content\/uploads\/2019\/10\/30093412\/Bicocca_treno1-e1579267635600.jpg","contentUrl":"https:\/\/wpsite-assets.fondazionepirelli.org\/wp-content\/uploads\/2019\/10\/30093412\/Bicocca_treno1-e1579267635600.jpg","width":550,"height":391},{"@type":"BreadcrumbList","@id":"https:\/\/www.fondazionepirelli.org\/it\/iniziative\/pirelli-a-bookcity-2019-con-due-incontri-tra-memoria-dimpresa-e-umanesimo-industriale\/#breadcrumb","itemListElement":[{"@type":"ListItem","position":1,"name":"Home","item":"https:\/\/www.fondazionepirelli.org\/it\/"},{"@type":"ListItem","position":2,"name":"Pirelli a Bookcity 2019 con due incontri tra Memoria d\u2019impresa e Umanesimo industriale"}]},{"@type":"WebSite","@id":"https:\/\/www.fondazionepirelli.org\/it\/#website","url":"https:\/\/www.fondazionepirelli.org\/it\/","name":"Fondazione Pirelli","description":"","potentialAction":[{"@type":"SearchAction","target":{"@type":"EntryPoint","urlTemplate":"https:\/\/www.fondazionepirelli.org\/it\/?s={search_term_string}"},"query-input":{"@type":"PropertyValueSpecification","valueRequired":true,"valueName":"search_term_string"}}],"inLanguage":"it-IT"},{"@type":"Person","@id":"https:\/\/www.fondazionepirelli.org\/it\/#\/schema\/person\/f47d097000832c4a6e54538c791fdf25","name":"fondadmin","image":{"@type":"ImageObject","inLanguage":"it-IT","@id":"https:\/\/www.fondazionepirelli.org\/it\/#\/schema\/person\/image\/","url":"https:\/\/secure.gravatar.com\/avatar\/e69498a9175ca244966e51e53c88712c024fcebe41f9a05f75657f1bb25e489b?s=96&d=mm&r=g","contentUrl":"https:\/\/secure.gravatar.com\/avatar\/e69498a9175ca244966e51e53c88712c024fcebe41f9a05f75657f1bb25e489b?s=96&d=mm&r=g","caption":"fondadmin"},"url":"https:\/\/www.fondazionepirelli.org\/it\/author\/fondadmin\/"}]}},"_links":{"self":[{"href":"https:\/\/www.fondazionepirelli.org\/it\/wp-json\/wp\/v2\/posts\/71010\/"}],"collection":[{"href":"https:\/\/www.fondazionepirelli.org\/it\/wp-json\/wp\/v2\/posts\/"}],"about":[{"href":"https:\/\/www.fondazionepirelli.org\/it\/wp-json\/wp\/v2\/types\/post\/"}],"author":[{"embeddable":true,"href":"https:\/\/www.fondazionepirelli.org\/it\/wp-json\/wp\/v2\/users\/1\/"}],"replies":[{"embeddable":true,"href":"https:\/\/www.fondazionepirelli.org\/it\/wp-json\/wp\/v2\/comments\/?post=71010"}],"version-history":[{"count":14,"href":"https:\/\/www.fondazionepirelli.org\/it\/wp-json\/wp\/v2\/posts\/71010\/revisions\/"}],"predecessor-version":[{"id":73889,"href":"https:\/\/www.fondazionepirelli.org\/it\/wp-json\/wp\/v2\/posts\/71010\/revisions\/73889\/"}],"wp:featuredmedia":[{"embeddable":true,"href":"https:\/\/www.fondazionepirelli.org\/it\/wp-json\/wp\/v2\/media\/71025\/"}],"wp:attachment":[{"href":"https:\/\/www.fondazionepirelli.org\/it\/wp-json\/wp\/v2\/media\/?parent=71010"}],"wp:term":[{"taxonomy":"category","embeddable":true,"href":"https:\/\/www.fondazionepirelli.org\/it\/wp-json\/wp\/v2\/categories\/?post=71010"},{"taxonomy":"post_tag","embeddable":true,"href":"https:\/\/www.fondazionepirelli.org\/it\/wp-json\/wp\/v2\/tags\/?post=71010"}],"curies":[{"name":"wp","href":"https:\/\/api.w.org\/{rel}","templated":true}]}}