{"id":71366,"date":"2019-11-05T11:12:25","date_gmt":"2019-11-05T09:12:25","guid":{"rendered":"https:\/\/www.fondazionepirelli.org\/?p=71366"},"modified":"2019-11-05T11:12:25","modified_gmt":"2019-11-05T09:12:25","slug":"ne-chierici-ne-cortigiani-lavoro-intellettuale-e-pensiero-critico-per-costruire-i-nuovi-paradigmi-di-conoscenza-e-sviluppo","status":"publish","type":"post","link":"https:\/\/www.fondazionepirelli.org\/it\/cultura-dimpresa\/ne-chierici-ne-cortigiani-lavoro-intellettuale-e-pensiero-critico-per-costruire-i-nuovi-paradigmi-di-conoscenza-e-sviluppo\/","title":{"rendered":"N\u00e9 chierici n\u00e9 cortigiani: lavoro intellettuale e pensiero critico per costruire i nuovi paradigmi di conoscenza e sviluppo"},"content":{"rendered":"<p>N\u00e9 apocalittici n\u00e9 integrati. Critici, semmai, con conoscenza dei problemi e con competenza nelle scelte. Per coloro che fanno un <strong>lavoro intellettuale<\/strong> come professione sono queste, oggi, le condizioni che ne connotano <strong>impegno e responsabilit\u00e0<\/strong>. L\u2019orizzonte delle sfide della nostra controversa contemporaneit\u00e0, infatti, chiede di avere uno sguardo lungo, verso l\u2019utopia e, insieme, un\u2019attitudine concreta a lavorare di precisione e dettaglio nella quotidianit\u00e0. Utopia e riformismo, per dirla in sintesi. Ricordando, tra le tante possibili, la lezione filosofica di <strong>Ernst Cassirer<\/strong> (\u201c<strong>La grande missione dell\u2019utopia \u00e8 di dare adito al possibile<\/strong>, in opposizione alla passiva acquiescenza all\u2019attuale stato di cose. E\u2019 il pensiero simbolico che trionfa della naturale inerzia dell\u2019uomo e lo dota di una nuova facolt\u00e0, la facolt\u00e0 di riformare continuamente il suo universo\u201d; l\u2019avevamo citata nel blog della scorsa settimana), ma anche <strong>l\u2019ambizione coraggiosa verso la \u201csociet\u00e0 aperta\u201d di Karl Popper<\/strong> e la spregiudicata <strong>capacit\u00e0 di rinnovare radicalmente il pensiero economico della tradizione liberale di John Maynard Keynes<\/strong>, in nome d\u2019un <strong>lungimirante intervento anti-crisi<\/strong> degli investimenti pubblici produttivi e d\u2019una <strong>rideterminazione di poteri<\/strong>: un liberalismo democratico con forte valenza sociale.<\/p>\n<p>\u201cChierici, cortigiani, battitori liberi. Quale ruolo per gli intellettuali?\u201d, ci si \u00e8 chiesti durante uno stimolante convegno, la scorsa settimana, all\u2019<strong>Universit\u00e0 Cattolica di Milano<\/strong>. Una discussione quanto mai opportuna, in stagioni di crisi e di <strong>contestazione delle \u00e9lite<\/strong>, di cui gli intellettuali sono considerati, dal pensiero populista, parte integrante. E dibattito da estendere, ragionando dei nessi essenziali tra conoscenze, competenze, progresso scientifico, sviluppo economico ed evoluzione sociale.<\/p>\n<p>Ci sono altre indicazioni di ruolo possibili, al di l\u00e0 dello schematismo di chierici e cortigiani. <strong>Intellettuali come persone capaci di sintesi originali tra pensiero umanistico e saperi scientifici<\/strong>, nella costruzione di una <strong>\u201ccultura politecnica\u201d<\/strong> in grado di provare a dare risposte alle inedite questioni di senso poste dalle nuove tecnologie, dagli incroci conflittuali tra dinamiche della globalizzazione e ripresa delle identit\u00e0 locali, dalle crisi che lacerano politica, mercati, equilibri sociali. In sintesi: chierici o cortigiani capaci di pensiero critico e non di pedissequa obbedienza, impegnati a esercitare un\u2019influenza sulla chiesa o sul principe, nelle forme che i poteri vanno via via assumendo nella modernit\u00e0 (istituzioni, partiti, imprese, etc.). In grado di indirizzare con competenze i poteri e di superare il ruolo stretto del cosiddetto \u201cintellettuale organico\u201d caro alla politologia marxista. E, ancora, di tessere <strong>dialoghi originali con le varie componenti del corpo sociale<\/strong> e soprattutto con gli indispensabili \u201cintellettuali battitori liberi\u201d o, per dirla meglio, <strong>\u201ceretici\u201d<\/strong>, nella costruzione di un \u201cdiscorso pubblico\u201d coraggioso, spregiudicato, innovativo (utile, in questo senso, rileggere <strong>Jurgen Habermas<\/strong>).<\/p>\n<p>Gli intellettuali italiani hanno mostrato, soprattutto dalla seconda met\u00e0 del Novecento a oggi, un difficile rapporto con la modernit\u00e0, rimpiangendo civilt\u00e0 contadine tramontate (e trascurandone le dimensioni di povert\u00e0 estrema, degrado, violenza, appannamento dei diritti fondamentali di uomini e soprattutto donne) o progettando palingenesi, divagando, dunque, tra conservazione e giacobinismo. Ed evitando di fare i conti con la responsabilit\u00e0 di un attento, <strong>paziente e lungimirante riformismo<\/strong>, capace di farsi carico della necessit\u00e0 di modificare il corso delle cose, secondo criteri di <strong>maggiore equit\u00e0 sociale<\/strong> e pi\u00f9 <strong>consapevole partecipazione dei cittadini<\/strong> (il \u201criformismo\u201d della nostra Costituzione, per dirla in sintesi).<\/p>\n<p>Oggi, insomma, vale la pena provare a cambiare paradigma e ragionare, come <strong>coscienza critica<\/strong>, sulla scrittura di nuove mappe della conoscenza, tra scienza e filosofia, memoria e futuro, diritti e responsabilit\u00e0. Rileggere <strong>Max Weber<\/strong>. Usare come metodo la severit\u00e0 analitica dell\u2019illuminismo e la \u201ceretica\u201d capacit\u00e0 critica di <strong>Leonardo Sciascia<\/strong> (tornato finalmente all\u2019attenzione dei lettori, a trent\u2019anni dalla morte). Ma anche <strong>dare attualit\u00e0 di scelte concrete alle domande di sostenibilit\u00e0, ambientale e sociale, per uno sviluppo equilibrato<\/strong>, stando ben attenti a che proprio questa parola, sostenibilit\u00e0, cos\u00ec carica di valori, non finisca mortificata nella banalizzazione dei discorsi pubblici e nei mascheramenti del <em>green washing <\/em>delle cattive abitudini.<\/p>\n<p><strong>Fuori, appunto, dalla fuorviante dicotomia \u201capocalittici o integrati\u201d<\/strong>, c\u2019\u00e8 un tema che chiede un massimo di attenzione: quello dell\u2019<strong>intelligenza artificiale<\/strong>, della coabitazione tra macchine capaci di pensiero e intelligenza umana. \u201cDominio e sottomissione\u201d, ha appena scritto <strong>Remo Bodei<\/strong> per Il Mulino, analizzando oggi \u201ci due termini di un rapporto di potere fortemente asimmetrico che innerva la storia dell\u2019umanit\u00e0 e che nella civilt\u00e0 occidentale ha conosciuto numerose metamorfosi\u201d.<\/p>\n<p>Quei rapporti sono oggi sotto particolare stress e investono la conoscenza, l\u2019economia, gli assetti politici e sociali, la produzione e il consumo, i nuovi squilibri e i possibili riequilibri. E\u2019 necessario imparare a farvi i conti. Senza tecnofobie. Ma con la consapevolezza, comunque, che <strong>i nuovi orizzonti dell\u2019Intelligenza Artificiale non sono affatto una qualunque evoluzione della tecnologia<\/strong>. Saranno gli umani a dominare i robot o i meccanismi di auto-apprendimento delle macchine e la loro stupefacente capacit\u00e0 di calcolo combinatorio determineranno nuove gerarchie di potere, dei robot su di noi umani?<\/p>\n<p>Fuori dai confini della fantascienza, la domanda supera le tecnicalit\u00e0 tecnologiche per chiamare direttamente in causa il <strong>senso dell\u2019umano<\/strong>, i <strong>sistemi di valore<\/strong> d\u2019una persona e d\u2019una comunit\u00e0. Lavoro intellettuale fondamentale.<\/p>\n<p>C\u2019\u00e8 chi suggerisce che \u201c\u00e8 tempo di pensare a una <strong>algor-etica<\/strong>, cio\u00e8 un\u2019etica degli algoritmi\u201d, come sostiene <strong>Paolo Benanti<\/strong>, frate francescano, studioso di bioetica ed evoluzione tecnologica, insistendo: \u201cSe vogliamo che la macchina sia di supporto all\u2019uomo, allora gli algoritmi devono includere valori etici e non solo numerici\u201d.<\/p>\n<p>La responsabilit\u00e0 \u00e8 dunque di chi costruisce, programma, aggiorna, ridefinisce la macchina, nella consapevolezza che <strong>il momento delle scelte \u00e8 sempre della persona umana<\/strong>. Il valore del lavoro intellettuale sta appunto qui. E nella definizione costantemente mobile, resiliente, critica, dei rapporti tra tecnologia, condizioni sociali (evitando le disuguaglianze dei <em>devide <\/em>da partecipazione o esclusione dai processi <em>hi tech<\/em>), conoscenze, democrazia. Un insieme di relazioni che si tengono insieme, tra memoria e metamorfosi e che sfidano, appunto, la <strong>ricerca di senso tipica del lavoro intellettuale<\/strong>.<\/p>\n<p>\u201cLe democrazie sono fragili di fronte ai domini tecnologici\u201d, ammonisce il presidente della Repubblica <strong>Sergio Mattarella<\/strong>, analizzando con lucidit\u00e0, davanti a una platea di giovani (alla fine di ottobre, a Bergamo), le questioni poste dalla <strong>concentrazione dei poteri digitali<\/strong> e insistendo sulla necessit\u00e0 di rafforzare, con la formazione e la crescita della coscienza critica, la consapevolezza delle mutazioni in corso. Tutt\u2019altro che un compito da chierici o cortigiani.<\/p>\n<p><strong>L\u2019innovazione, insomma, \u00e8 una delle condizioni di una contemporanea filosofia dell\u2019umano<\/strong>. Priva di certezze invadenti e di risposte facili. Tutt\u2019altro che nostalgica. Aperta, semmai. E sempre memore, comunque, della consapevolezza d\u2019un altro dei grandi riformatori del Novecento, <strong>Gustav Mahler<\/strong>: \u201cLa tradizione non \u00e8 custodia delle ceneri ma \u00e8 culto del fuoco\u201d.<\/p>","protected":false},"excerpt":{"rendered":"<p>N\u00e9 apocalittici n\u00e9 integrati. Critici, semmai, con conoscenza dei problemi e con competenza nelle scelte. Per coloro che fanno un lavoro intellettuale come professione sono queste, oggi, le condizioni che ne connotano impegno e responsabilit\u00e0. L\u2019orizzonte delle sfide della nostra controversa contemporaneit\u00e0, infatti, chiede di avere uno sguardo lungo, verso l\u2019utopia e, insieme, un\u2019attitudine concreta [&hellip;]<\/p>\n","protected":false},"author":9,"featured_media":71367,"comment_status":"open","ping_status":"open","sticky":false,"template":"","format":"standard","meta":{"footnotes":""},"categories":[53,52],"tags":[],"class_list":["post-71366","post","type-post","status-publish","format-standard","has-post-thumbnail","hentry","category-blog","category-cultura-dimpresa"],"acf":[],"yoast_head":"<!-- This site is optimized with the Yoast SEO plugin v25.0 - https:\/\/yoast.com\/wordpress\/plugins\/seo\/ -->\n<title>N\u00e9 chierici n\u00e9 cortigiani: lavoro intellettuale e pensiero critico per costruire i nuovi paradigmi di conoscenza e sviluppo - Fondazione Pirelli<\/title>\n<meta name=\"robots\" content=\"index, follow, max-snippet:-1, max-image-preview:large, max-video-preview:-1\" \/>\n<link rel=\"canonical\" href=\"https:\/\/www.fondazionepirelli.org\/it\/cultura-dimpresa\/ne-chierici-ne-cortigiani-lavoro-intellettuale-e-pensiero-critico-per-costruire-i-nuovi-paradigmi-di-conoscenza-e-sviluppo\/\" \/>\n<meta property=\"og:locale\" content=\"it_IT\" \/>\n<meta property=\"og:type\" content=\"article\" \/>\n<meta property=\"og:title\" content=\"N\u00e9 chierici n\u00e9 cortigiani: lavoro intellettuale e pensiero critico per costruire i nuovi paradigmi di conoscenza e sviluppo - Fondazione Pirelli\" \/>\n<meta property=\"og:description\" content=\"N\u00e9 apocalittici n\u00e9 integrati. Critici, semmai, con conoscenza dei problemi e con competenza nelle scelte. Per coloro che fanno un lavoro intellettuale come professione sono queste, oggi, le condizioni che ne connotano impegno e responsabilit\u00e0. L\u2019orizzonte delle sfide della nostra controversa contemporaneit\u00e0, infatti, chiede di avere uno sguardo lungo, verso l\u2019utopia e, insieme, un\u2019attitudine concreta [&hellip;]\" \/>\n<meta property=\"og:url\" content=\"https:\/\/www.fondazionepirelli.org\/it\/cultura-dimpresa\/ne-chierici-ne-cortigiani-lavoro-intellettuale-e-pensiero-critico-per-costruire-i-nuovi-paradigmi-di-conoscenza-e-sviluppo\/\" \/>\n<meta property=\"og:site_name\" content=\"Fondazione Pirelli\" \/>\n<meta property=\"article:published_time\" content=\"2019-11-05T09:12:25+00:00\" \/>\n<meta property=\"og:image\" content=\"https:\/\/wpsite-assets.fondazionepirelli.org\/wp-content\/uploads\/2019\/11\/05104240\/book-3089857_960_720-800x600-e1572943396680.jpg\" \/>\n\t<meta property=\"og:image:width\" content=\"550\" \/>\n\t<meta property=\"og:image:height\" content=\"411\" \/>\n\t<meta property=\"og:image:type\" content=\"image\/jpeg\" \/>\n<meta name=\"author\" content=\"fondazionepirelli\" \/>\n<meta name=\"twitter:card\" content=\"summary_large_image\" \/>\n<meta name=\"twitter:label1\" content=\"Scritto da\" \/>\n\t<meta name=\"twitter:data1\" content=\"fondazionepirelli\" \/>\n\t<meta name=\"twitter:label2\" content=\"Tempo di lettura stimato\" \/>\n\t<meta name=\"twitter:data2\" content=\"5 minuti\" \/>\n<script type=\"application\/ld+json\" class=\"yoast-schema-graph\">{\"@context\":\"https:\/\/schema.org\",\"@graph\":[{\"@type\":\"WebPage\",\"@id\":\"https:\/\/www.fondazionepirelli.org\/it\/cultura-dimpresa\/ne-chierici-ne-cortigiani-lavoro-intellettuale-e-pensiero-critico-per-costruire-i-nuovi-paradigmi-di-conoscenza-e-sviluppo\/\",\"url\":\"https:\/\/www.fondazionepirelli.org\/it\/cultura-dimpresa\/ne-chierici-ne-cortigiani-lavoro-intellettuale-e-pensiero-critico-per-costruire-i-nuovi-paradigmi-di-conoscenza-e-sviluppo\/\",\"name\":\"N\u00e9 chierici n\u00e9 cortigiani: lavoro intellettuale e pensiero critico per costruire i nuovi paradigmi di conoscenza e sviluppo - Fondazione Pirelli\",\"isPartOf\":{\"@id\":\"https:\/\/www.fondazionepirelli.org\/it\/#website\"},\"primaryImageOfPage\":{\"@id\":\"https:\/\/www.fondazionepirelli.org\/it\/cultura-dimpresa\/ne-chierici-ne-cortigiani-lavoro-intellettuale-e-pensiero-critico-per-costruire-i-nuovi-paradigmi-di-conoscenza-e-sviluppo\/#primaryimage\"},\"image\":{\"@id\":\"https:\/\/www.fondazionepirelli.org\/it\/cultura-dimpresa\/ne-chierici-ne-cortigiani-lavoro-intellettuale-e-pensiero-critico-per-costruire-i-nuovi-paradigmi-di-conoscenza-e-sviluppo\/#primaryimage\"},\"thumbnailUrl\":\"https:\/\/wpsite-assets.fondazionepirelli.org\/wp-content\/uploads\/2019\/11\/05104240\/book-3089857_960_720-800x600-e1572943396680.jpg\",\"datePublished\":\"2019-11-05T09:12:25+00:00\",\"author\":{\"@id\":\"https:\/\/www.fondazionepirelli.org\/it\/#\/schema\/person\/c31fcf5937a0e6afa45497f3f8b6d7a0\"},\"breadcrumb\":{\"@id\":\"https:\/\/www.fondazionepirelli.org\/it\/cultura-dimpresa\/ne-chierici-ne-cortigiani-lavoro-intellettuale-e-pensiero-critico-per-costruire-i-nuovi-paradigmi-di-conoscenza-e-sviluppo\/#breadcrumb\"},\"inLanguage\":\"it-IT\",\"potentialAction\":[{\"@type\":\"ReadAction\",\"target\":[\"https:\/\/www.fondazionepirelli.org\/it\/cultura-dimpresa\/ne-chierici-ne-cortigiani-lavoro-intellettuale-e-pensiero-critico-per-costruire-i-nuovi-paradigmi-di-conoscenza-e-sviluppo\/\"]}]},{\"@type\":\"ImageObject\",\"inLanguage\":\"it-IT\",\"@id\":\"https:\/\/www.fondazionepirelli.org\/it\/cultura-dimpresa\/ne-chierici-ne-cortigiani-lavoro-intellettuale-e-pensiero-critico-per-costruire-i-nuovi-paradigmi-di-conoscenza-e-sviluppo\/#primaryimage\",\"url\":\"https:\/\/wpsite-assets.fondazionepirelli.org\/wp-content\/uploads\/2019\/11\/05104240\/book-3089857_960_720-800x600-e1572943396680.jpg\",\"contentUrl\":\"https:\/\/wpsite-assets.fondazionepirelli.org\/wp-content\/uploads\/2019\/11\/05104240\/book-3089857_960_720-800x600-e1572943396680.jpg\",\"width\":550,\"height\":411},{\"@type\":\"BreadcrumbList\",\"@id\":\"https:\/\/www.fondazionepirelli.org\/it\/cultura-dimpresa\/ne-chierici-ne-cortigiani-lavoro-intellettuale-e-pensiero-critico-per-costruire-i-nuovi-paradigmi-di-conoscenza-e-sviluppo\/#breadcrumb\",\"itemListElement\":[{\"@type\":\"ListItem\",\"position\":1,\"name\":\"Home\",\"item\":\"https:\/\/www.fondazionepirelli.org\/it\/\"},{\"@type\":\"ListItem\",\"position\":2,\"name\":\"N\u00e9 chierici n\u00e9 cortigiani: lavoro intellettuale e pensiero critico per costruire i nuovi paradigmi di conoscenza e sviluppo\"}]},{\"@type\":\"WebSite\",\"@id\":\"https:\/\/www.fondazionepirelli.org\/it\/#website\",\"url\":\"https:\/\/www.fondazionepirelli.org\/it\/\",\"name\":\"Fondazione Pirelli\",\"description\":\"\",\"potentialAction\":[{\"@type\":\"SearchAction\",\"target\":{\"@type\":\"EntryPoint\",\"urlTemplate\":\"https:\/\/www.fondazionepirelli.org\/it\/?s={search_term_string}\"},\"query-input\":{\"@type\":\"PropertyValueSpecification\",\"valueRequired\":true,\"valueName\":\"search_term_string\"}}],\"inLanguage\":\"it-IT\"},{\"@type\":\"Person\",\"@id\":\"https:\/\/www.fondazionepirelli.org\/it\/#\/schema\/person\/c31fcf5937a0e6afa45497f3f8b6d7a0\",\"name\":\"fondazionepirelli\",\"image\":{\"@type\":\"ImageObject\",\"inLanguage\":\"it-IT\",\"@id\":\"https:\/\/www.fondazionepirelli.org\/it\/#\/schema\/person\/image\/\",\"url\":\"https:\/\/secure.gravatar.com\/avatar\/9cb486421ce1d6eddbf6c4fb66841b4325b786695f7aedf1dde2222428218696?s=96&d=mm&r=g\",\"contentUrl\":\"https:\/\/secure.gravatar.com\/avatar\/9cb486421ce1d6eddbf6c4fb66841b4325b786695f7aedf1dde2222428218696?s=96&d=mm&r=g\",\"caption\":\"fondazionepirelli\"},\"url\":\"https:\/\/www.fondazionepirelli.org\/it\/author\/fondazionepirelli\/\"}]}<\/script>\n<!-- \/ Yoast SEO plugin. -->","yoast_head_json":{"title":"N\u00e9 chierici n\u00e9 cortigiani: lavoro intellettuale e pensiero critico per costruire i nuovi paradigmi di conoscenza e sviluppo - Fondazione Pirelli","robots":{"index":"index","follow":"follow","max-snippet":"max-snippet:-1","max-image-preview":"max-image-preview:large","max-video-preview":"max-video-preview:-1"},"canonical":"https:\/\/www.fondazionepirelli.org\/it\/cultura-dimpresa\/ne-chierici-ne-cortigiani-lavoro-intellettuale-e-pensiero-critico-per-costruire-i-nuovi-paradigmi-di-conoscenza-e-sviluppo\/","og_locale":"it_IT","og_type":"article","og_title":"N\u00e9 chierici n\u00e9 cortigiani: lavoro intellettuale e pensiero critico per costruire i nuovi paradigmi di conoscenza e sviluppo - Fondazione Pirelli","og_description":"N\u00e9 apocalittici n\u00e9 integrati. Critici, semmai, con conoscenza dei problemi e con competenza nelle scelte. Per coloro che fanno un lavoro intellettuale come professione sono queste, oggi, le condizioni che ne connotano impegno e responsabilit\u00e0. L\u2019orizzonte delle sfide della nostra controversa contemporaneit\u00e0, infatti, chiede di avere uno sguardo lungo, verso l\u2019utopia e, insieme, un\u2019attitudine concreta [&hellip;]","og_url":"https:\/\/www.fondazionepirelli.org\/it\/cultura-dimpresa\/ne-chierici-ne-cortigiani-lavoro-intellettuale-e-pensiero-critico-per-costruire-i-nuovi-paradigmi-di-conoscenza-e-sviluppo\/","og_site_name":"Fondazione Pirelli","article_published_time":"2019-11-05T09:12:25+00:00","og_image":[{"width":550,"height":411,"url":"https:\/\/wpsite-assets.fondazionepirelli.org\/wp-content\/uploads\/2019\/11\/05104240\/book-3089857_960_720-800x600-e1572943396680.jpg","type":"image\/jpeg"}],"author":"fondazionepirelli","twitter_card":"summary_large_image","twitter_misc":{"Scritto da":"fondazionepirelli","Tempo di lettura stimato":"5 minuti"},"schema":{"@context":"https:\/\/schema.org","@graph":[{"@type":"WebPage","@id":"https:\/\/www.fondazionepirelli.org\/it\/cultura-dimpresa\/ne-chierici-ne-cortigiani-lavoro-intellettuale-e-pensiero-critico-per-costruire-i-nuovi-paradigmi-di-conoscenza-e-sviluppo\/","url":"https:\/\/www.fondazionepirelli.org\/it\/cultura-dimpresa\/ne-chierici-ne-cortigiani-lavoro-intellettuale-e-pensiero-critico-per-costruire-i-nuovi-paradigmi-di-conoscenza-e-sviluppo\/","name":"N\u00e9 chierici n\u00e9 cortigiani: lavoro intellettuale e pensiero critico per costruire i nuovi paradigmi di conoscenza e sviluppo - Fondazione Pirelli","isPartOf":{"@id":"https:\/\/www.fondazionepirelli.org\/it\/#website"},"primaryImageOfPage":{"@id":"https:\/\/www.fondazionepirelli.org\/it\/cultura-dimpresa\/ne-chierici-ne-cortigiani-lavoro-intellettuale-e-pensiero-critico-per-costruire-i-nuovi-paradigmi-di-conoscenza-e-sviluppo\/#primaryimage"},"image":{"@id":"https:\/\/www.fondazionepirelli.org\/it\/cultura-dimpresa\/ne-chierici-ne-cortigiani-lavoro-intellettuale-e-pensiero-critico-per-costruire-i-nuovi-paradigmi-di-conoscenza-e-sviluppo\/#primaryimage"},"thumbnailUrl":"https:\/\/wpsite-assets.fondazionepirelli.org\/wp-content\/uploads\/2019\/11\/05104240\/book-3089857_960_720-800x600-e1572943396680.jpg","datePublished":"2019-11-05T09:12:25+00:00","author":{"@id":"https:\/\/www.fondazionepirelli.org\/it\/#\/schema\/person\/c31fcf5937a0e6afa45497f3f8b6d7a0"},"breadcrumb":{"@id":"https:\/\/www.fondazionepirelli.org\/it\/cultura-dimpresa\/ne-chierici-ne-cortigiani-lavoro-intellettuale-e-pensiero-critico-per-costruire-i-nuovi-paradigmi-di-conoscenza-e-sviluppo\/#breadcrumb"},"inLanguage":"it-IT","potentialAction":[{"@type":"ReadAction","target":["https:\/\/www.fondazionepirelli.org\/it\/cultura-dimpresa\/ne-chierici-ne-cortigiani-lavoro-intellettuale-e-pensiero-critico-per-costruire-i-nuovi-paradigmi-di-conoscenza-e-sviluppo\/"]}]},{"@type":"ImageObject","inLanguage":"it-IT","@id":"https:\/\/www.fondazionepirelli.org\/it\/cultura-dimpresa\/ne-chierici-ne-cortigiani-lavoro-intellettuale-e-pensiero-critico-per-costruire-i-nuovi-paradigmi-di-conoscenza-e-sviluppo\/#primaryimage","url":"https:\/\/wpsite-assets.fondazionepirelli.org\/wp-content\/uploads\/2019\/11\/05104240\/book-3089857_960_720-800x600-e1572943396680.jpg","contentUrl":"https:\/\/wpsite-assets.fondazionepirelli.org\/wp-content\/uploads\/2019\/11\/05104240\/book-3089857_960_720-800x600-e1572943396680.jpg","width":550,"height":411},{"@type":"BreadcrumbList","@id":"https:\/\/www.fondazionepirelli.org\/it\/cultura-dimpresa\/ne-chierici-ne-cortigiani-lavoro-intellettuale-e-pensiero-critico-per-costruire-i-nuovi-paradigmi-di-conoscenza-e-sviluppo\/#breadcrumb","itemListElement":[{"@type":"ListItem","position":1,"name":"Home","item":"https:\/\/www.fondazionepirelli.org\/it\/"},{"@type":"ListItem","position":2,"name":"N\u00e9 chierici n\u00e9 cortigiani: lavoro intellettuale e pensiero critico per costruire i nuovi paradigmi di conoscenza e sviluppo"}]},{"@type":"WebSite","@id":"https:\/\/www.fondazionepirelli.org\/it\/#website","url":"https:\/\/www.fondazionepirelli.org\/it\/","name":"Fondazione Pirelli","description":"","potentialAction":[{"@type":"SearchAction","target":{"@type":"EntryPoint","urlTemplate":"https:\/\/www.fondazionepirelli.org\/it\/?s={search_term_string}"},"query-input":{"@type":"PropertyValueSpecification","valueRequired":true,"valueName":"search_term_string"}}],"inLanguage":"it-IT"},{"@type":"Person","@id":"https:\/\/www.fondazionepirelli.org\/it\/#\/schema\/person\/c31fcf5937a0e6afa45497f3f8b6d7a0","name":"fondazionepirelli","image":{"@type":"ImageObject","inLanguage":"it-IT","@id":"https:\/\/www.fondazionepirelli.org\/it\/#\/schema\/person\/image\/","url":"https:\/\/secure.gravatar.com\/avatar\/9cb486421ce1d6eddbf6c4fb66841b4325b786695f7aedf1dde2222428218696?s=96&d=mm&r=g","contentUrl":"https:\/\/secure.gravatar.com\/avatar\/9cb486421ce1d6eddbf6c4fb66841b4325b786695f7aedf1dde2222428218696?s=96&d=mm&r=g","caption":"fondazionepirelli"},"url":"https:\/\/www.fondazionepirelli.org\/it\/author\/fondazionepirelli\/"}]}},"_links":{"self":[{"href":"https:\/\/www.fondazionepirelli.org\/it\/wp-json\/wp\/v2\/posts\/71366\/"}],"collection":[{"href":"https:\/\/www.fondazionepirelli.org\/it\/wp-json\/wp\/v2\/posts\/"}],"about":[{"href":"https:\/\/www.fondazionepirelli.org\/it\/wp-json\/wp\/v2\/types\/post\/"}],"author":[{"embeddable":true,"href":"https:\/\/www.fondazionepirelli.org\/it\/wp-json\/wp\/v2\/users\/9\/"}],"replies":[{"embeddable":true,"href":"https:\/\/www.fondazionepirelli.org\/it\/wp-json\/wp\/v2\/comments\/?post=71366"}],"version-history":[{"count":3,"href":"https:\/\/www.fondazionepirelli.org\/it\/wp-json\/wp\/v2\/posts\/71366\/revisions\/"}],"predecessor-version":[{"id":71371,"href":"https:\/\/www.fondazionepirelli.org\/it\/wp-json\/wp\/v2\/posts\/71366\/revisions\/71371\/"}],"wp:featuredmedia":[{"embeddable":true,"href":"https:\/\/www.fondazionepirelli.org\/it\/wp-json\/wp\/v2\/media\/71367\/"}],"wp:attachment":[{"href":"https:\/\/www.fondazionepirelli.org\/it\/wp-json\/wp\/v2\/media\/?parent=71366"}],"wp:term":[{"taxonomy":"category","embeddable":true,"href":"https:\/\/www.fondazionepirelli.org\/it\/wp-json\/wp\/v2\/categories\/?post=71366"},{"taxonomy":"post_tag","embeddable":true,"href":"https:\/\/www.fondazionepirelli.org\/it\/wp-json\/wp\/v2\/tags\/?post=71366"}],"curies":[{"name":"wp","href":"https:\/\/api.w.org\/{rel}","templated":true}]}}