{"id":71852,"date":"2019-11-12T12:39:57","date_gmt":"2019-11-12T10:39:57","guid":{"rendered":"https:\/\/www.fondazionepirelli.org\/?p=71852"},"modified":"2019-11-12T12:39:57","modified_gmt":"2019-11-12T10:39:57","slug":"globalizzazione-attenta-al-territorio","status":"publish","type":"post","link":"https:\/\/www.fondazionepirelli.org\/it\/cultura-dimpresa\/globalizzazione-attenta-al-territorio\/","title":{"rendered":"Globalizzazione attenta al territorio"},"content":{"rendered":"<p><em>Una ricerca dell\u2019Istituto Bruno Leoni ragiona sul possibile ruolo delle multinazionali nella valorizzazione delle imprese locali<\/em><\/p>\n<p><strong>\u00a0<\/strong><\/p>\n<p>Fare impresa rispettando le radici affondate nel territorio ma guardando anche ai mercati internazionali. Equivalenza non facile, quella del binomio territorio-globalizzazione, \u00e8 in effetti il paradigma di uno dei possibili, e forse pi\u00f9 promettenti, percorsi di crescita e sviluppo. Ed \u00e8 quanto, in fin dei conti, molti hanno tentato di fare. Spesso con successo. Il tema, d\u2019altra parte, \u00e8 complesso e multiforme e non pu\u00f2 essere ridotto ad un processo meccanicistico. La ricerca di Ornella Darova (<em>PhD<\/em> <em>student<\/em>\u00a0 presso la <em>University\u00a0 of Pennsylvania<\/em>), condotta per l\u2019Istituto Bruno Leoni e appena pubblicata, \u00e8 un buon esempio per comprendere meglio quanto varie siano le condizioni dei rapporti fra produzioni locali e mercati globali.<\/p>\n<p>\u201cE se le multinazionali fossero i migliori promotori del made in Italy?\u201d, analizza il ruolo delle multinazionali in Italia dal punto di vista della loro attenzione (e possibile valorizzazione) ad alcune delle eccellenze manifatturiere nazionali. Dopo aver delineato un quadro aggiornato dei risultati economici delle multinazionali e della situazione in Italia, Darova elenca ed esamina una serie di casi studio relative a multinazionali che hanno iniziato a valorizzare materie prime e prodotti strettamente italiani: McDonald\u2019s e la sua attenzione ad alcune tipicit\u00e0 italiane, GROM e la sua trasformazione in Unilever, le caramelle Sperlari e la rinascita nel gruppo Cloetta, Fanta e Coca-Cola con la scommessa sulle arance italiane, HelloITA: il progetto di Alibaba per il <em>made<\/em> <em>in<\/em> <em>Italy<\/em>, Findus. Per ogni caso vengono analizzati storia e situazione attuale, mettendo in evidenza il ruolo positivo della presenza di un\u2019impresa multinazionale a fianco di realt\u00e0 locali.<\/p>\n<p>Scrive l\u2019autrice nelle conclusioni: \u201cDi fatto, le multinazionali possono giocare il ruolo di facilitatori per l\u2019inserimento delle imprese italiane nelle catene di valore globali\u201d. E poi la stessa aggiunge: \u201cLa possibilit\u00e0 di creare ecosistemi imprenditoriali strategici, all\u2019avanguardia e in crescita dipende dalla capacit\u00e0 degli attori esistenti sul territorio di aprirsi al mercato globale e di guardare al futuro immaginando percorsi di promozione delle eccellenze locali che non si isolino a contesti limitati ma sappiano affrontare prospettive internazionali. Non \u00e8 utile, dunque, guardare alle multinazionali soltanto come ad una minaccia, ponendosi in posizione difensiva: \u00e8 ben pi\u00f9 vantaggioso, invece, stringere rapporti di collaborazione che rappresentino un\u2019occasione di profitto per entrambi i fronti\u201d. Questione certamente anche e soprattutto di cultura del produrre che deve cambiare. Da entrambe le parti.<\/p>\n<p><strong>\u00a0<\/strong><\/p>\n<p><strong>E se le multinazionali fossero i migliori promotori del made in Italy?<\/strong><br \/>\nOrnella Darova<br \/>\nIBL \u2013 Istituto Bruno Leoni, <em>Briefing<\/em> <em>Paper<\/em>, ottobre 2019<\/p>\n<p><a href=\"https:\/\/wpsite-assets.fondazionepirelli.org\/wp-content\/uploads\/2019\/11\/12113602\/IBL_BP_180-Multinazionali.pdf\" target=\"_blank\" rel=\"noopener noreferrer\">Download PDF<\/a><\/p>\n","protected":false},"excerpt":{"rendered":"<p>Una ricerca dell\u2019Istituto Bruno Leoni ragiona sul possibile ruolo delle multinazionali nella valorizzazione delle imprese locali \u00a0 Fare impresa rispettando le radici affondate nel territorio ma guardando anche ai mercati internazionali. Equivalenza non facile, quella del binomio territorio-globalizzazione, \u00e8 in effetti il paradigma di uno dei possibili, e forse pi\u00f9 promettenti, percorsi di crescita e [&hellip;]<\/p>\n","protected":false},"author":9,"featured_media":0,"comment_status":"open","ping_status":"open","sticky":false,"template":"","format":"standard","meta":{"footnotes":""},"categories":[54,52],"tags":[],"class_list":["post-71852","post","type-post","status-publish","format-standard","hentry","category-approfondimenti","category-cultura-dimpresa"],"acf":[],"yoast_head":"<!-- This site is optimized with the Yoast SEO plugin v25.0 - https:\/\/yoast.com\/wordpress\/plugins\/seo\/ -->\n<title>Globalizzazione attenta al territorio - Fondazione Pirelli<\/title>\n<meta name=\"robots\" content=\"index, follow, max-snippet:-1, max-image-preview:large, max-video-preview:-1\" \/>\n<link rel=\"canonical\" href=\"https:\/\/www.fondazionepirelli.org\/it\/cultura-dimpresa\/globalizzazione-attenta-al-territorio\/\" \/>\n<meta property=\"og:locale\" content=\"it_IT\" \/>\n<meta property=\"og:type\" content=\"article\" \/>\n<meta property=\"og:title\" content=\"Globalizzazione attenta al territorio - Fondazione Pirelli\" \/>\n<meta property=\"og:description\" content=\"Una ricerca dell\u2019Istituto Bruno Leoni ragiona sul possibile ruolo delle multinazionali nella valorizzazione delle imprese locali \u00a0 Fare impresa rispettando le radici affondate nel territorio ma guardando anche ai mercati internazionali. Equivalenza non facile, quella del binomio territorio-globalizzazione, \u00e8 in effetti il paradigma di uno dei possibili, e forse pi\u00f9 promettenti, percorsi di crescita e [&hellip;]\" \/>\n<meta property=\"og:url\" content=\"https:\/\/www.fondazionepirelli.org\/it\/cultura-dimpresa\/globalizzazione-attenta-al-territorio\/\" \/>\n<meta property=\"og:site_name\" content=\"Fondazione Pirelli\" \/>\n<meta property=\"article:published_time\" content=\"2019-11-12T10:39:57+00:00\" \/>\n<meta name=\"author\" content=\"fondazionepirelli\" \/>\n<meta name=\"twitter:card\" content=\"summary_large_image\" \/>\n<meta name=\"twitter:label1\" content=\"Scritto da\" \/>\n\t<meta name=\"twitter:data1\" content=\"fondazionepirelli\" \/>\n\t<meta name=\"twitter:label2\" content=\"Tempo di lettura stimato\" \/>\n\t<meta name=\"twitter:data2\" content=\"2 minuti\" \/>\n<script type=\"application\/ld+json\" class=\"yoast-schema-graph\">{\"@context\":\"https:\/\/schema.org\",\"@graph\":[{\"@type\":\"WebPage\",\"@id\":\"https:\/\/www.fondazionepirelli.org\/it\/cultura-dimpresa\/globalizzazione-attenta-al-territorio\/\",\"url\":\"https:\/\/www.fondazionepirelli.org\/it\/cultura-dimpresa\/globalizzazione-attenta-al-territorio\/\",\"name\":\"Globalizzazione attenta al territorio - Fondazione Pirelli\",\"isPartOf\":{\"@id\":\"https:\/\/www.fondazionepirelli.org\/it\/#website\"},\"datePublished\":\"2019-11-12T10:39:57+00:00\",\"author\":{\"@id\":\"https:\/\/www.fondazionepirelli.org\/it\/#\/schema\/person\/c31fcf5937a0e6afa45497f3f8b6d7a0\"},\"breadcrumb\":{\"@id\":\"https:\/\/www.fondazionepirelli.org\/it\/cultura-dimpresa\/globalizzazione-attenta-al-territorio\/#breadcrumb\"},\"inLanguage\":\"it-IT\",\"potentialAction\":[{\"@type\":\"ReadAction\",\"target\":[\"https:\/\/www.fondazionepirelli.org\/it\/cultura-dimpresa\/globalizzazione-attenta-al-territorio\/\"]}]},{\"@type\":\"BreadcrumbList\",\"@id\":\"https:\/\/www.fondazionepirelli.org\/it\/cultura-dimpresa\/globalizzazione-attenta-al-territorio\/#breadcrumb\",\"itemListElement\":[{\"@type\":\"ListItem\",\"position\":1,\"name\":\"Home\",\"item\":\"https:\/\/www.fondazionepirelli.org\/it\/\"},{\"@type\":\"ListItem\",\"position\":2,\"name\":\"Globalizzazione attenta al territorio\"}]},{\"@type\":\"WebSite\",\"@id\":\"https:\/\/www.fondazionepirelli.org\/it\/#website\",\"url\":\"https:\/\/www.fondazionepirelli.org\/it\/\",\"name\":\"Fondazione Pirelli\",\"description\":\"\",\"potentialAction\":[{\"@type\":\"SearchAction\",\"target\":{\"@type\":\"EntryPoint\",\"urlTemplate\":\"https:\/\/www.fondazionepirelli.org\/it\/?s={search_term_string}\"},\"query-input\":{\"@type\":\"PropertyValueSpecification\",\"valueRequired\":true,\"valueName\":\"search_term_string\"}}],\"inLanguage\":\"it-IT\"},{\"@type\":\"Person\",\"@id\":\"https:\/\/www.fondazionepirelli.org\/it\/#\/schema\/person\/c31fcf5937a0e6afa45497f3f8b6d7a0\",\"name\":\"fondazionepirelli\",\"image\":{\"@type\":\"ImageObject\",\"inLanguage\":\"it-IT\",\"@id\":\"https:\/\/www.fondazionepirelli.org\/it\/#\/schema\/person\/image\/\",\"url\":\"https:\/\/secure.gravatar.com\/avatar\/9cb486421ce1d6eddbf6c4fb66841b4325b786695f7aedf1dde2222428218696?s=96&d=mm&r=g\",\"contentUrl\":\"https:\/\/secure.gravatar.com\/avatar\/9cb486421ce1d6eddbf6c4fb66841b4325b786695f7aedf1dde2222428218696?s=96&d=mm&r=g\",\"caption\":\"fondazionepirelli\"},\"url\":\"https:\/\/www.fondazionepirelli.org\/it\/author\/fondazionepirelli\/\"}]}<\/script>\n<!-- \/ Yoast SEO plugin. -->","yoast_head_json":{"title":"Globalizzazione attenta al territorio - Fondazione Pirelli","robots":{"index":"index","follow":"follow","max-snippet":"max-snippet:-1","max-image-preview":"max-image-preview:large","max-video-preview":"max-video-preview:-1"},"canonical":"https:\/\/www.fondazionepirelli.org\/it\/cultura-dimpresa\/globalizzazione-attenta-al-territorio\/","og_locale":"it_IT","og_type":"article","og_title":"Globalizzazione attenta al territorio - Fondazione Pirelli","og_description":"Una ricerca dell\u2019Istituto Bruno Leoni ragiona sul possibile ruolo delle multinazionali nella valorizzazione delle imprese locali \u00a0 Fare impresa rispettando le radici affondate nel territorio ma guardando anche ai mercati internazionali. Equivalenza non facile, quella del binomio territorio-globalizzazione, \u00e8 in effetti il paradigma di uno dei possibili, e forse pi\u00f9 promettenti, percorsi di crescita e [&hellip;]","og_url":"https:\/\/www.fondazionepirelli.org\/it\/cultura-dimpresa\/globalizzazione-attenta-al-territorio\/","og_site_name":"Fondazione Pirelli","article_published_time":"2019-11-12T10:39:57+00:00","author":"fondazionepirelli","twitter_card":"summary_large_image","twitter_misc":{"Scritto da":"fondazionepirelli","Tempo di lettura stimato":"2 minuti"},"schema":{"@context":"https:\/\/schema.org","@graph":[{"@type":"WebPage","@id":"https:\/\/www.fondazionepirelli.org\/it\/cultura-dimpresa\/globalizzazione-attenta-al-territorio\/","url":"https:\/\/www.fondazionepirelli.org\/it\/cultura-dimpresa\/globalizzazione-attenta-al-territorio\/","name":"Globalizzazione attenta al territorio - Fondazione Pirelli","isPartOf":{"@id":"https:\/\/www.fondazionepirelli.org\/it\/#website"},"datePublished":"2019-11-12T10:39:57+00:00","author":{"@id":"https:\/\/www.fondazionepirelli.org\/it\/#\/schema\/person\/c31fcf5937a0e6afa45497f3f8b6d7a0"},"breadcrumb":{"@id":"https:\/\/www.fondazionepirelli.org\/it\/cultura-dimpresa\/globalizzazione-attenta-al-territorio\/#breadcrumb"},"inLanguage":"it-IT","potentialAction":[{"@type":"ReadAction","target":["https:\/\/www.fondazionepirelli.org\/it\/cultura-dimpresa\/globalizzazione-attenta-al-territorio\/"]}]},{"@type":"BreadcrumbList","@id":"https:\/\/www.fondazionepirelli.org\/it\/cultura-dimpresa\/globalizzazione-attenta-al-territorio\/#breadcrumb","itemListElement":[{"@type":"ListItem","position":1,"name":"Home","item":"https:\/\/www.fondazionepirelli.org\/it\/"},{"@type":"ListItem","position":2,"name":"Globalizzazione attenta al territorio"}]},{"@type":"WebSite","@id":"https:\/\/www.fondazionepirelli.org\/it\/#website","url":"https:\/\/www.fondazionepirelli.org\/it\/","name":"Fondazione Pirelli","description":"","potentialAction":[{"@type":"SearchAction","target":{"@type":"EntryPoint","urlTemplate":"https:\/\/www.fondazionepirelli.org\/it\/?s={search_term_string}"},"query-input":{"@type":"PropertyValueSpecification","valueRequired":true,"valueName":"search_term_string"}}],"inLanguage":"it-IT"},{"@type":"Person","@id":"https:\/\/www.fondazionepirelli.org\/it\/#\/schema\/person\/c31fcf5937a0e6afa45497f3f8b6d7a0","name":"fondazionepirelli","image":{"@type":"ImageObject","inLanguage":"it-IT","@id":"https:\/\/www.fondazionepirelli.org\/it\/#\/schema\/person\/image\/","url":"https:\/\/secure.gravatar.com\/avatar\/9cb486421ce1d6eddbf6c4fb66841b4325b786695f7aedf1dde2222428218696?s=96&d=mm&r=g","contentUrl":"https:\/\/secure.gravatar.com\/avatar\/9cb486421ce1d6eddbf6c4fb66841b4325b786695f7aedf1dde2222428218696?s=96&d=mm&r=g","caption":"fondazionepirelli"},"url":"https:\/\/www.fondazionepirelli.org\/it\/author\/fondazionepirelli\/"}]}},"_links":{"self":[{"href":"https:\/\/www.fondazionepirelli.org\/it\/wp-json\/wp\/v2\/posts\/71852\/"}],"collection":[{"href":"https:\/\/www.fondazionepirelli.org\/it\/wp-json\/wp\/v2\/posts\/"}],"about":[{"href":"https:\/\/www.fondazionepirelli.org\/it\/wp-json\/wp\/v2\/types\/post\/"}],"author":[{"embeddable":true,"href":"https:\/\/www.fondazionepirelli.org\/it\/wp-json\/wp\/v2\/users\/9\/"}],"replies":[{"embeddable":true,"href":"https:\/\/www.fondazionepirelli.org\/it\/wp-json\/wp\/v2\/comments\/?post=71852"}],"version-history":[{"count":3,"href":"https:\/\/www.fondazionepirelli.org\/it\/wp-json\/wp\/v2\/posts\/71852\/revisions\/"}],"predecessor-version":[{"id":71946,"href":"https:\/\/www.fondazionepirelli.org\/it\/wp-json\/wp\/v2\/posts\/71852\/revisions\/71946\/"}],"wp:attachment":[{"href":"https:\/\/www.fondazionepirelli.org\/it\/wp-json\/wp\/v2\/media\/?parent=71852"}],"wp:term":[{"taxonomy":"category","embeddable":true,"href":"https:\/\/www.fondazionepirelli.org\/it\/wp-json\/wp\/v2\/categories\/?post=71852"},{"taxonomy":"post_tag","embeddable":true,"href":"https:\/\/www.fondazionepirelli.org\/it\/wp-json\/wp\/v2\/tags\/?post=71852"}],"curies":[{"name":"wp","href":"https:\/\/api.w.org\/{rel}","templated":true}]}}