{"id":71859,"date":"2019-11-12T12:38:44","date_gmt":"2019-11-12T10:38:44","guid":{"rendered":"https:\/\/www.fondazionepirelli.org\/?p=71859"},"modified":"2019-11-12T12:38:44","modified_gmt":"2019-11-12T10:38:44","slug":"ecco-i-dati-di-milano-metropoli-dinamica-e-solidale-un-motore-fondamentale-dello-sviluppo-italiano","status":"publish","type":"post","link":"https:\/\/www.fondazionepirelli.org\/it\/cultura-dimpresa\/ecco-i-dati-di-milano-metropoli-dinamica-e-solidale-un-motore-fondamentale-dello-sviluppo-italiano\/","title":{"rendered":"Ecco i dati di Milano, metropoli dinamica e solidale. Un motore fondamentale dello sviluppo italiano"},"content":{"rendered":"<p>Milano, nel raggio di cento chilometri: Brescia e Bergamo, Monza, la Brianza e Lodi dense di manifattura competitiva, Como, Varese e Lecco, Pavia e Piacenza, Novara e, poco pi\u00f9 in l\u00e0, Ivrea e Torino. Un concentrato di <strong>territori industriali<\/strong> innervati da <strong>imprese innovative e servizi hi tech<\/strong>, centri di ricerca, <strong>universit\u00e0<\/strong> di alto livello, <strong>iniziative culturali di respiro internazionale<\/strong>. Spingendosi oltre la linea del Po, e superando appena quel raggio, ecco Parma, Modena e Bologna. Verso nord, il passaggio del Brennero che porta in Austria e Germania. A oriente, da Verona a Padova e Treviso, per continuare tra Pordenone e il Friuli in direzione della Mitteleuropa. <strong>Milano<\/strong>, baricentro di un\u2019Italia molto europea e contemporaneamente mediterranea, <strong>una delle zone pi\u00f9 dinamiche e produttive della Ue<\/strong>.<\/p>\n<p><strong>Nel 2025, secondo una recente ricerca McKinsey, in 600 citt\u00e0 globali il 66% della popolazione del mondo produrr\u00e0 due terzi del Pil mondiale<\/strong>. E se la competizione internazionale gi\u00e0 adesso non \u00e8 pi\u00f9 tra nazioni, ma tra grandi <strong>aree metropolitane ricche di connessioni<\/strong>, tra \u201csistemi territoriali integrati\u201d, la \u201cgrande Milano\u201d, con la rete di relazioni e flussi di persone, idee e affari \u201cnel raggio di cento chilometri\u201d, ha tutte le caratteristiche per giocare un ruolo di primo piano. Anche in termini di <strong>smart city<\/strong>, di economia circolare e civile, di quel <strong>green new deal<\/strong> caro anche alla Commissione Ue.<\/p>\n<p>Se ne \u00e8 parlato a lungo, durante lo scorso fine settimana, a Bergamo, per il <strong>Festival Citt\u00e0 impresa<\/strong>, organizzato al Kilometro Rosso (luogo straordinario di sintesi tra ricerca e industria) da <strong>ItalyPost<\/strong> con il sostegno di <strong>Assolombarda, Confindustria Bergamo e Associazione industriale bresciana<\/strong> e con la partecipazione di imprenditori, economisti, personalit\u00e0 della politica e della cultura. E la sintesi pu\u00f2 essere questa: il territorio di cui stiamo parlando \u00e8 cresciuto, anche nei lungi anni di crisi, molto pi\u00f9 della media nazionale, con ritmi europei. Le imprese hanno fatto molto, investendo e innovando, ma \u00e8 sempre pi\u00f9 urgente che governo e forze politiche facciamo la loro parte, con scelte responsabili e lungimiranti per <strong>investimenti pubblici in ricerca, formazione, infrastrutture e con misure fiscali che stimolino le imprese a crescere a attraggano investimenti internazionali<\/strong>. Tutto il contrario di quello che, nelle stanze di governo (e con minime eccezioni: le misure dell\u2019ex ministro Calenda per Industria 4.0) \u00e8 successo finora.<\/p>\n<p>Milano non vanta primati. Ma si considera come un motore al servizio dello sviluppo europeo dell\u2019Italia. Non pensa affatto di essere una \u201ccitt\u00e0-Stato\u201d secondo il paradigma caro al politologo <strong>Parag Khanna<\/strong>. N\u00e9 vuole rischiare di venire percepita come antipatica, arrogante nei suoi primati, afflitta da un complesso auto-referenziale da Narciso. Tutt\u2019altro. Ricorda semmai l\u2019<strong>editto del vescovo Ariberto che nel 1018 proclamava: \u201cChi sa lavorare venga a Milano. E chi viene a Milano \u00e8 un uomo libero\u201d<\/strong>. E si qualifica ancora una volta come metropoli attrattiva, aperta, curiosa, intraprendente, ben disposta verso le novit\u00e0 economiche e la solidariet\u00e0. \u201cLa citt\u00e0 che sale\u201d, per ricordare la brillante definizione di <strong>Umberto Boccioni<\/strong> all\u2019inizio del Novecento, tornata d\u2019attualit\u00e0 nell\u2019attuale stagione dei fascinosi grattacieli di Porta Nuova e City Life, in dialogo con quei capolavori d\u2019architettura che sono, vitali dai primi anni Sessanta a oggi, il \u201cPirellone\u201d e la Torre Velasca. Ma anche <strong>la citt\u00e0 che s\u2019allarga e si espande, dialogante e inclusiva<\/strong>. Una \u201cpiattaforma\u201d utile perch\u00e9 tutta l\u2019Italia, a partire dal Sud, entri nel mondo globale, <strong>un fattore \u201cdi traino solidale\u201d<\/strong>, per usare le parole di <strong>Carlo Bonomi<\/strong>, presidente di Assolombarda. Ci sono, verso Milano, invidie, polemiche strumentali e provinciali (Milano che drena risorse da tutta Italia e non restituisce nulla), contrapposizioni da chi non sa leggere dati e progetti. Sono testimonianze di un clima sociale che nulla ha di buono e a cui vale la pena continuare a rispondere come Milano e la Lombardia fanno da tempo: insistendo sulla crescita del motore del Paese e definendo <strong>iniziative fondate sui legami essenziali tra nord e sud.<\/strong> Milano citt\u00e0 aperta, raccordo tra l\u2019Europa continentale e il Mediterraneo, con l\u2019impresa innovativa come forza motrice. I paradigmi positivi non mancano: gli investimenti nell\u2019<strong>avionica d\u2019avanguardia<\/strong> di General Electric a Cameri (Novara), Milano e nel Sud, a Brindisi e a Pomigliano, stabilimenti considerati un\u2019eccellenza internazionale; i <strong>programmi di Microsoft e Apple<\/strong> a Napoli; la fitta rete di relazioni d\u2019affari tra la Puglia, la Basilicata e la Lombardia per la <strong>meccatronica<\/strong> e i <strong>servizi digitali<\/strong>. A Milano, citt\u00e0 densa di energie meridionali, \u00e8 chiaro che lo sviluppo del Paese deve saper tenere conto degli equilibri e delle esigenze del Sud. E nel Sud non bisogna cedere a pensieri provinciali, nostalgie neo-borboniche e populismi d\u2019accatto. <strong>Milano-Italia<\/strong>, appunto, come suggeriva il nome di una delle migliori trasmissioni <strong>Rai<\/strong> degli anni Novanta (quando la Rai, ben governata, aveva molto pi\u00f9 chiara di adesso la sua responsabilit\u00e0 di servizio pubblico)<\/p>\n<p>Vediamo alcuni numeri, allora, ricavati dall\u2019<strong>Osservatorio Milano<\/strong> promosso dal Comune e da Assolombarda, arrivato alla sua terza edizione e presentato gioved\u00ec scorso a Palazzo Marino, in un confronto aperto a tutta la citt\u00e0: <strong>244 indicatori<\/strong>, con dati elaborati da autorevoli istituti coordinati dal Centro Studi Assolombarda, per parlare di imprese e lavoro, risparmio, sanit\u00e0, scuola, sicurezza, condizioni sociali, cultura, istruzione, etc. Un ritratto attendibile della citt\u00e0, costruito su <strong>numeri raccolti con competenza e ben analizzati<\/strong>, un\u2019esperienza preziosa proprio in tempi di chiacchiere a vanvera, opinioni prive di riscontri da parte di personalit\u00e0 con ruoli di governo, conoscenza disprezzata, valori scientifici esposti al dileggio di demagoghi ignoranti (lavorare sui dati \u00e8 un esercizio essenziale per difendere i valori della democrazia).<\/p>\n<p>Cosa dicono quei dati? <strong>A Milano la crescita del Pil tra il 2014 e il 2018 \u00e8 stata del 9,7%, il doppio del 4,6% nazionale<\/strong>. 49mila euro di Pil pro capite, contro i 26mila della media nazionale. Un buon risultato, al cui interno ci sono per\u00f2 crescenti squilibri sociali: il 9% della popolazione milanese detiene pi\u00f9 di un terzo della ricchezza complessiva. Milano sa fare soldi, ma la distruzione dei redditi va corretta, riequilibrata. Il Comune, ben governato dal sindaco <strong>Beppe Sala<\/strong>, punta da tempo su un <strong>piano di investimenti sociali nelle periferie<\/strong>. E un altro attore sociale fondamentale, la Curia, insiste sulla <strong>necessit\u00e0 di coniugare crescita economica e solidariet\u00e0<\/strong>, come s\u2019\u00e8 sempre fatto, peraltro, nella storia di Milano: \u201cBenedetta sei tu Milano, per i multicolori volti della tua gente, perch\u00e9 dai voce a quelli che non hanno voce e vieni in soccorso a quelli che non hanno soccorso\u201d, sostiene l\u2019arcivescovo <strong>Mario Delpini<\/strong>, promotore d\u2019uno stretto dialogo tra forze economiche e sociali nel segno dell\u2019inclusione e della responsabilit\u00e0.<\/p>\n<p>Ancora dati. <strong>Milano con 7,6 milioni di turisti<\/strong> e la quota di 8 milioni a portata di mano (un turismo forte di ragioni diverse: cultura, shopping, ma anche affari, salute e benessere, formazione, convegni, con una stagionalit\u00e0, dunque, lunga per tutto l\u2019anno). <strong>Milano sede di 4.600 delle 14mila multinazionali presenti in Italia<\/strong>. Milano trentesima al mondo per investimenti esteri nel settore immobiliare (13 miliardi, quelli previsti nell\u2019arco di un decennio, stimolati dal dinamismo imprenditoriale e sociale d\u2019una metropoli di respiro europeo). <strong>Milano e il 32% dei brevetti italiani e il 27% della ricerca scientifica pi\u00f9 citata a livello globale<\/strong>. Milano e una spesa in servizi sociali da parte dell\u2019amministrazione locale che sale, tra il 2016 e il 2018, dai 409 ai 414 milioni. Milano intraprendente e \u201ccon il cuore in mano\u201d. <strong>Milano \u201cthe place to be\u201d<\/strong>, per riprendere la brillante definizione del <strong>New York Times<\/strong> dei tempi dell\u2019Expo. Senza cedere mai all\u2019autocelebrazione.<\/p>\n<p>Milano cardine del cosiddetto <strong>Nuovo Triangolo Industriale<\/strong>, tra Lombardia, Emilia e Nord Est, con un Pil di 782 miliardi di euro, al sesto posto d\u2019una immaginaria classifica tra i paesi Ue (prima di Paesi Bassi, Svezia, Polonia, Belgio e Austria), in testa all\u2019elenco delle regioni pi\u00f9 ricche e industrializzate (l\u2019Ile de France, la Renania-Westfalia, la Baviera o la Londra allargata; dati Fondazione Edison). E ancora: un Nuovo Triangolo Industriale quarto per valore aggiunto manifatturiero, guardando ai paesi Ue e primo rispetto alla regioni concorrenti e comunque <strong>sempre nelle posizioni di testa per export<\/strong>.<\/p>\n<p>Uno straordinario motore economico, appunto. Anche se adesso comincia a risentire delle conseguenze dei gravi <strong>problemi internazionali<\/strong>, dalla crisi mondiale dell\u2019automotive alle conseguenze della \u201cguerra dei dazi\u201d scatenata dagli Usa di Trump (la produzione industriale s\u2019\u00e8 fermata anche a Brescia, dopo anni di crescita). Ecco il punto. <strong>Milano<\/strong>, la Lombardia, il Nuovo Triangolo Industriale sono <strong>un motore da non fermare<\/strong>. Tutt\u2019altro. Semmai, da continuare a pensare nel contesto degli interessi e dei valori dell\u2019Italia europea. Una strategia politica e civile di lungo respiro, produttiva e solidale.<\/p>\n","protected":false},"excerpt":{"rendered":"<p>Milano, nel raggio di cento chilometri: Brescia e Bergamo, Monza, la Brianza e Lodi dense di manifattura competitiva, Como, Varese e Lecco, Pavia e Piacenza, Novara e, poco pi\u00f9 in l\u00e0, Ivrea e Torino. Un concentrato di territori industriali innervati da imprese innovative e servizi hi tech, centri di ricerca, universit\u00e0 di alto livello, iniziative [&hellip;]<\/p>\n","protected":false},"author":9,"featured_media":71863,"comment_status":"open","ping_status":"open","sticky":false,"template":"","format":"standard","meta":{"footnotes":""},"categories":[53,52],"tags":[],"class_list":["post-71859","post","type-post","status-publish","format-standard","has-post-thumbnail","hentry","category-blog","category-cultura-dimpresa"],"acf":[],"yoast_head":"<!-- This site is optimized with the Yoast SEO plugin v25.0 - https:\/\/yoast.com\/wordpress\/plugins\/seo\/ -->\n<title>Ecco i dati di Milano, metropoli dinamica e solidale. Un motore fondamentale dello sviluppo italiano - Fondazione Pirelli<\/title>\n<meta name=\"robots\" content=\"index, follow, max-snippet:-1, max-image-preview:large, max-video-preview:-1\" \/>\n<link rel=\"canonical\" href=\"https:\/\/www.fondazionepirelli.org\/it\/cultura-dimpresa\/ecco-i-dati-di-milano-metropoli-dinamica-e-solidale-un-motore-fondamentale-dello-sviluppo-italiano\/\" \/>\n<meta property=\"og:locale\" content=\"it_IT\" \/>\n<meta property=\"og:type\" content=\"article\" \/>\n<meta property=\"og:title\" content=\"Ecco i dati di Milano, metropoli dinamica e solidale. Un motore fondamentale dello sviluppo italiano - Fondazione Pirelli\" \/>\n<meta property=\"og:description\" content=\"Milano, nel raggio di cento chilometri: Brescia e Bergamo, Monza, la Brianza e Lodi dense di manifattura competitiva, Como, Varese e Lecco, Pavia e Piacenza, Novara e, poco pi\u00f9 in l\u00e0, Ivrea e Torino. Un concentrato di territori industriali innervati da imprese innovative e servizi hi tech, centri di ricerca, universit\u00e0 di alto livello, iniziative [&hellip;]\" \/>\n<meta property=\"og:url\" content=\"https:\/\/www.fondazionepirelli.org\/it\/cultura-dimpresa\/ecco-i-dati-di-milano-metropoli-dinamica-e-solidale-un-motore-fondamentale-dello-sviluppo-italiano\/\" \/>\n<meta property=\"og:site_name\" content=\"Fondazione Pirelli\" \/>\n<meta property=\"article:published_time\" content=\"2019-11-12T10:38:44+00:00\" \/>\n<meta property=\"og:image\" content=\"https:\/\/wpsite-assets.fondazionepirelli.org\/wp-content\/uploads\/2019\/11\/12123519\/Panoramica-Milano-Porta-Nuova-di-Semplicemente-Milano-2-e1573555070678.jpg\" \/>\n\t<meta property=\"og:image:width\" content=\"489\" \/>\n\t<meta property=\"og:image:height\" content=\"352\" \/>\n\t<meta property=\"og:image:type\" content=\"image\/jpeg\" \/>\n<meta name=\"author\" content=\"fondazionepirelli\" \/>\n<meta name=\"twitter:card\" content=\"summary_large_image\" \/>\n<meta name=\"twitter:label1\" content=\"Scritto da\" \/>\n\t<meta name=\"twitter:data1\" content=\"fondazionepirelli\" \/>\n\t<meta name=\"twitter:label2\" content=\"Tempo di lettura stimato\" \/>\n\t<meta name=\"twitter:data2\" content=\"7 minuti\" \/>\n<script type=\"application\/ld+json\" class=\"yoast-schema-graph\">{\"@context\":\"https:\/\/schema.org\",\"@graph\":[{\"@type\":\"WebPage\",\"@id\":\"https:\/\/www.fondazionepirelli.org\/it\/cultura-dimpresa\/ecco-i-dati-di-milano-metropoli-dinamica-e-solidale-un-motore-fondamentale-dello-sviluppo-italiano\/\",\"url\":\"https:\/\/www.fondazionepirelli.org\/it\/cultura-dimpresa\/ecco-i-dati-di-milano-metropoli-dinamica-e-solidale-un-motore-fondamentale-dello-sviluppo-italiano\/\",\"name\":\"Ecco i dati di Milano, metropoli dinamica e solidale. Un motore fondamentale dello sviluppo italiano - Fondazione Pirelli\",\"isPartOf\":{\"@id\":\"https:\/\/www.fondazionepirelli.org\/it\/#website\"},\"primaryImageOfPage\":{\"@id\":\"https:\/\/www.fondazionepirelli.org\/it\/cultura-dimpresa\/ecco-i-dati-di-milano-metropoli-dinamica-e-solidale-un-motore-fondamentale-dello-sviluppo-italiano\/#primaryimage\"},\"image\":{\"@id\":\"https:\/\/www.fondazionepirelli.org\/it\/cultura-dimpresa\/ecco-i-dati-di-milano-metropoli-dinamica-e-solidale-un-motore-fondamentale-dello-sviluppo-italiano\/#primaryimage\"},\"thumbnailUrl\":\"https:\/\/wpsite-assets.fondazionepirelli.org\/wp-content\/uploads\/2019\/11\/12123519\/Panoramica-Milano-Porta-Nuova-di-Semplicemente-Milano-2-e1573555070678.jpg\",\"datePublished\":\"2019-11-12T10:38:44+00:00\",\"author\":{\"@id\":\"https:\/\/www.fondazionepirelli.org\/it\/#\/schema\/person\/c31fcf5937a0e6afa45497f3f8b6d7a0\"},\"breadcrumb\":{\"@id\":\"https:\/\/www.fondazionepirelli.org\/it\/cultura-dimpresa\/ecco-i-dati-di-milano-metropoli-dinamica-e-solidale-un-motore-fondamentale-dello-sviluppo-italiano\/#breadcrumb\"},\"inLanguage\":\"it-IT\",\"potentialAction\":[{\"@type\":\"ReadAction\",\"target\":[\"https:\/\/www.fondazionepirelli.org\/it\/cultura-dimpresa\/ecco-i-dati-di-milano-metropoli-dinamica-e-solidale-un-motore-fondamentale-dello-sviluppo-italiano\/\"]}]},{\"@type\":\"ImageObject\",\"inLanguage\":\"it-IT\",\"@id\":\"https:\/\/www.fondazionepirelli.org\/it\/cultura-dimpresa\/ecco-i-dati-di-milano-metropoli-dinamica-e-solidale-un-motore-fondamentale-dello-sviluppo-italiano\/#primaryimage\",\"url\":\"https:\/\/wpsite-assets.fondazionepirelli.org\/wp-content\/uploads\/2019\/11\/12123519\/Panoramica-Milano-Porta-Nuova-di-Semplicemente-Milano-2-e1573555070678.jpg\",\"contentUrl\":\"https:\/\/wpsite-assets.fondazionepirelli.org\/wp-content\/uploads\/2019\/11\/12123519\/Panoramica-Milano-Porta-Nuova-di-Semplicemente-Milano-2-e1573555070678.jpg\",\"width\":489,\"height\":352},{\"@type\":\"BreadcrumbList\",\"@id\":\"https:\/\/www.fondazionepirelli.org\/it\/cultura-dimpresa\/ecco-i-dati-di-milano-metropoli-dinamica-e-solidale-un-motore-fondamentale-dello-sviluppo-italiano\/#breadcrumb\",\"itemListElement\":[{\"@type\":\"ListItem\",\"position\":1,\"name\":\"Home\",\"item\":\"https:\/\/www.fondazionepirelli.org\/it\/\"},{\"@type\":\"ListItem\",\"position\":2,\"name\":\"Ecco i dati di Milano, metropoli dinamica e solidale. Un motore fondamentale dello sviluppo italiano\"}]},{\"@type\":\"WebSite\",\"@id\":\"https:\/\/www.fondazionepirelli.org\/it\/#website\",\"url\":\"https:\/\/www.fondazionepirelli.org\/it\/\",\"name\":\"Fondazione Pirelli\",\"description\":\"\",\"potentialAction\":[{\"@type\":\"SearchAction\",\"target\":{\"@type\":\"EntryPoint\",\"urlTemplate\":\"https:\/\/www.fondazionepirelli.org\/it\/?s={search_term_string}\"},\"query-input\":{\"@type\":\"PropertyValueSpecification\",\"valueRequired\":true,\"valueName\":\"search_term_string\"}}],\"inLanguage\":\"it-IT\"},{\"@type\":\"Person\",\"@id\":\"https:\/\/www.fondazionepirelli.org\/it\/#\/schema\/person\/c31fcf5937a0e6afa45497f3f8b6d7a0\",\"name\":\"fondazionepirelli\",\"image\":{\"@type\":\"ImageObject\",\"inLanguage\":\"it-IT\",\"@id\":\"https:\/\/www.fondazionepirelli.org\/it\/#\/schema\/person\/image\/\",\"url\":\"https:\/\/secure.gravatar.com\/avatar\/9cb486421ce1d6eddbf6c4fb66841b4325b786695f7aedf1dde2222428218696?s=96&d=mm&r=g\",\"contentUrl\":\"https:\/\/secure.gravatar.com\/avatar\/9cb486421ce1d6eddbf6c4fb66841b4325b786695f7aedf1dde2222428218696?s=96&d=mm&r=g\",\"caption\":\"fondazionepirelli\"},\"url\":\"https:\/\/www.fondazionepirelli.org\/it\/author\/fondazionepirelli\/\"}]}<\/script>\n<!-- \/ Yoast SEO plugin. -->","yoast_head_json":{"title":"Ecco i dati di Milano, metropoli dinamica e solidale. Un motore fondamentale dello sviluppo italiano - Fondazione Pirelli","robots":{"index":"index","follow":"follow","max-snippet":"max-snippet:-1","max-image-preview":"max-image-preview:large","max-video-preview":"max-video-preview:-1"},"canonical":"https:\/\/www.fondazionepirelli.org\/it\/cultura-dimpresa\/ecco-i-dati-di-milano-metropoli-dinamica-e-solidale-un-motore-fondamentale-dello-sviluppo-italiano\/","og_locale":"it_IT","og_type":"article","og_title":"Ecco i dati di Milano, metropoli dinamica e solidale. Un motore fondamentale dello sviluppo italiano - Fondazione Pirelli","og_description":"Milano, nel raggio di cento chilometri: Brescia e Bergamo, Monza, la Brianza e Lodi dense di manifattura competitiva, Como, Varese e Lecco, Pavia e Piacenza, Novara e, poco pi\u00f9 in l\u00e0, Ivrea e Torino. Un concentrato di territori industriali innervati da imprese innovative e servizi hi tech, centri di ricerca, universit\u00e0 di alto livello, iniziative [&hellip;]","og_url":"https:\/\/www.fondazionepirelli.org\/it\/cultura-dimpresa\/ecco-i-dati-di-milano-metropoli-dinamica-e-solidale-un-motore-fondamentale-dello-sviluppo-italiano\/","og_site_name":"Fondazione Pirelli","article_published_time":"2019-11-12T10:38:44+00:00","og_image":[{"width":489,"height":352,"url":"https:\/\/wpsite-assets.fondazionepirelli.org\/wp-content\/uploads\/2019\/11\/12123519\/Panoramica-Milano-Porta-Nuova-di-Semplicemente-Milano-2-e1573555070678.jpg","type":"image\/jpeg"}],"author":"fondazionepirelli","twitter_card":"summary_large_image","twitter_misc":{"Scritto da":"fondazionepirelli","Tempo di lettura stimato":"7 minuti"},"schema":{"@context":"https:\/\/schema.org","@graph":[{"@type":"WebPage","@id":"https:\/\/www.fondazionepirelli.org\/it\/cultura-dimpresa\/ecco-i-dati-di-milano-metropoli-dinamica-e-solidale-un-motore-fondamentale-dello-sviluppo-italiano\/","url":"https:\/\/www.fondazionepirelli.org\/it\/cultura-dimpresa\/ecco-i-dati-di-milano-metropoli-dinamica-e-solidale-un-motore-fondamentale-dello-sviluppo-italiano\/","name":"Ecco i dati di Milano, metropoli dinamica e solidale. Un motore fondamentale dello sviluppo italiano - Fondazione Pirelli","isPartOf":{"@id":"https:\/\/www.fondazionepirelli.org\/it\/#website"},"primaryImageOfPage":{"@id":"https:\/\/www.fondazionepirelli.org\/it\/cultura-dimpresa\/ecco-i-dati-di-milano-metropoli-dinamica-e-solidale-un-motore-fondamentale-dello-sviluppo-italiano\/#primaryimage"},"image":{"@id":"https:\/\/www.fondazionepirelli.org\/it\/cultura-dimpresa\/ecco-i-dati-di-milano-metropoli-dinamica-e-solidale-un-motore-fondamentale-dello-sviluppo-italiano\/#primaryimage"},"thumbnailUrl":"https:\/\/wpsite-assets.fondazionepirelli.org\/wp-content\/uploads\/2019\/11\/12123519\/Panoramica-Milano-Porta-Nuova-di-Semplicemente-Milano-2-e1573555070678.jpg","datePublished":"2019-11-12T10:38:44+00:00","author":{"@id":"https:\/\/www.fondazionepirelli.org\/it\/#\/schema\/person\/c31fcf5937a0e6afa45497f3f8b6d7a0"},"breadcrumb":{"@id":"https:\/\/www.fondazionepirelli.org\/it\/cultura-dimpresa\/ecco-i-dati-di-milano-metropoli-dinamica-e-solidale-un-motore-fondamentale-dello-sviluppo-italiano\/#breadcrumb"},"inLanguage":"it-IT","potentialAction":[{"@type":"ReadAction","target":["https:\/\/www.fondazionepirelli.org\/it\/cultura-dimpresa\/ecco-i-dati-di-milano-metropoli-dinamica-e-solidale-un-motore-fondamentale-dello-sviluppo-italiano\/"]}]},{"@type":"ImageObject","inLanguage":"it-IT","@id":"https:\/\/www.fondazionepirelli.org\/it\/cultura-dimpresa\/ecco-i-dati-di-milano-metropoli-dinamica-e-solidale-un-motore-fondamentale-dello-sviluppo-italiano\/#primaryimage","url":"https:\/\/wpsite-assets.fondazionepirelli.org\/wp-content\/uploads\/2019\/11\/12123519\/Panoramica-Milano-Porta-Nuova-di-Semplicemente-Milano-2-e1573555070678.jpg","contentUrl":"https:\/\/wpsite-assets.fondazionepirelli.org\/wp-content\/uploads\/2019\/11\/12123519\/Panoramica-Milano-Porta-Nuova-di-Semplicemente-Milano-2-e1573555070678.jpg","width":489,"height":352},{"@type":"BreadcrumbList","@id":"https:\/\/www.fondazionepirelli.org\/it\/cultura-dimpresa\/ecco-i-dati-di-milano-metropoli-dinamica-e-solidale-un-motore-fondamentale-dello-sviluppo-italiano\/#breadcrumb","itemListElement":[{"@type":"ListItem","position":1,"name":"Home","item":"https:\/\/www.fondazionepirelli.org\/it\/"},{"@type":"ListItem","position":2,"name":"Ecco i dati di Milano, metropoli dinamica e solidale. Un motore fondamentale dello sviluppo italiano"}]},{"@type":"WebSite","@id":"https:\/\/www.fondazionepirelli.org\/it\/#website","url":"https:\/\/www.fondazionepirelli.org\/it\/","name":"Fondazione Pirelli","description":"","potentialAction":[{"@type":"SearchAction","target":{"@type":"EntryPoint","urlTemplate":"https:\/\/www.fondazionepirelli.org\/it\/?s={search_term_string}"},"query-input":{"@type":"PropertyValueSpecification","valueRequired":true,"valueName":"search_term_string"}}],"inLanguage":"it-IT"},{"@type":"Person","@id":"https:\/\/www.fondazionepirelli.org\/it\/#\/schema\/person\/c31fcf5937a0e6afa45497f3f8b6d7a0","name":"fondazionepirelli","image":{"@type":"ImageObject","inLanguage":"it-IT","@id":"https:\/\/www.fondazionepirelli.org\/it\/#\/schema\/person\/image\/","url":"https:\/\/secure.gravatar.com\/avatar\/9cb486421ce1d6eddbf6c4fb66841b4325b786695f7aedf1dde2222428218696?s=96&d=mm&r=g","contentUrl":"https:\/\/secure.gravatar.com\/avatar\/9cb486421ce1d6eddbf6c4fb66841b4325b786695f7aedf1dde2222428218696?s=96&d=mm&r=g","caption":"fondazionepirelli"},"url":"https:\/\/www.fondazionepirelli.org\/it\/author\/fondazionepirelli\/"}]}},"_links":{"self":[{"href":"https:\/\/www.fondazionepirelli.org\/it\/wp-json\/wp\/v2\/posts\/71859\/"}],"collection":[{"href":"https:\/\/www.fondazionepirelli.org\/it\/wp-json\/wp\/v2\/posts\/"}],"about":[{"href":"https:\/\/www.fondazionepirelli.org\/it\/wp-json\/wp\/v2\/types\/post\/"}],"author":[{"embeddable":true,"href":"https:\/\/www.fondazionepirelli.org\/it\/wp-json\/wp\/v2\/users\/9\/"}],"replies":[{"embeddable":true,"href":"https:\/\/www.fondazionepirelli.org\/it\/wp-json\/wp\/v2\/comments\/?post=71859"}],"version-history":[{"count":7,"href":"https:\/\/www.fondazionepirelli.org\/it\/wp-json\/wp\/v2\/posts\/71859\/revisions\/"}],"predecessor-version":[{"id":71868,"href":"https:\/\/www.fondazionepirelli.org\/it\/wp-json\/wp\/v2\/posts\/71859\/revisions\/71868\/"}],"wp:featuredmedia":[{"embeddable":true,"href":"https:\/\/www.fondazionepirelli.org\/it\/wp-json\/wp\/v2\/media\/71863\/"}],"wp:attachment":[{"href":"https:\/\/www.fondazionepirelli.org\/it\/wp-json\/wp\/v2\/media\/?parent=71859"}],"wp:term":[{"taxonomy":"category","embeddable":true,"href":"https:\/\/www.fondazionepirelli.org\/it\/wp-json\/wp\/v2\/categories\/?post=71859"},{"taxonomy":"post_tag","embeddable":true,"href":"https:\/\/www.fondazionepirelli.org\/it\/wp-json\/wp\/v2\/tags\/?post=71859"}],"curies":[{"name":"wp","href":"https:\/\/api.w.org\/{rel}","templated":true}]}}