{"id":72054,"date":"2019-11-20T11:23:29","date_gmt":"2019-11-20T09:23:29","guid":{"rendered":"https:\/\/www.fondazionepirelli.org\/?p=72054"},"modified":"2021-06-23T13:41:55","modified_gmt":"2021-06-23T12:41:55","slug":"arte-dimpresa-2","status":"publish","type":"post","link":"https:\/\/www.fondazionepirelli.org\/it\/cultura-dimpresa\/arte-dimpresa-2\/","title":{"rendered":"Arte d\u2019impresa"},"content":{"rendered":"<p><em>L\u2019esempio del Museo Ritter di Waldenbuch come ulteriore elemento del racconto della cultura a tutto tondo del produrre<\/em><\/p>\n<p>Imprese che danno vita a luoghi di cultura intesi non solo come strumenti per il racconto della loro attivit\u00e0, ma anche, e in alcuni casi quasi esclusivamente, come espressione di una cultura del produrre che travalica l\u2019oggetto proprio dell\u2019attivit\u00e0 aziendale ma si apre ad altro. Gli esempi sono numerosi e tutti uniti da un comune filo rosso d\u2019ispirazione ma, contemporaneamente, ognuno distinto dalle caratteristiche proprie dell\u2019impresa che li ha generati. Apprenderne storia, sviluppo e situazione attuale, \u00e8 sempre cosa buona da fare. E lo \u00e8 quindi leggere \u201cIl Museo Ritter di Waldenbuch, Baden-Wurtemberg\u201d, saggio di Federica Maria Chiara Santagati (Universit\u00e0 degli Studi di Catania) da poco apparso nei <em>Mantua Humanistic Studies.<\/em><\/p>\n<p>Lo studio \u00e8 una dettagliata descrizione della storia e dell\u2019organizzazione del Museo d\u2019Arte Ritter nato per ospitare la collezione d\u2019arte di Marli Hoppe-Ritter comproprietaria della Ritter Sport dal 1912 industria del cioccolato.<\/p>\n<p>L\u2019intervento di Santagati descrive prima di tutto l\u2019origine (piuttosto recente) della collezione d\u2019arte di Marli Hoppe-Ritter e quindi i criteri con i quali \u00e8 stata costruita. Successivamente l\u2019autrice approfondisce l\u2019organizzazione del museo (che prevede anche una serie di attivit\u00e0 didattiche) oltre che le caratteristiche dell\u2019edificio nel quale \u00e8 ospitata la collezione. Ed \u00e8 proprio nell\u2019ambito dell\u2019edificio che emerge, con misura, l\u2019origine d\u2019impresa del tutto: accanto agli spazi creati per ospitare la raccolta d\u2019arte, infatti, \u00e8 stato realizzato anche un museo d\u2019impresa dedicato pi\u00f9 specificatamente all\u2019attivit\u00e0 di Ritter Sport. Santagati passa quindi ad analizzare il meccanismo di finanziamento del museo, basato sulla Marli Hoppe-Ritter-Stiftung zur F\u00f6rderung der Kunst, una fondazione collegata all\u2019azienda ma dotata di una sua autonomia progettuale e operativa. Ogni passaggio \u00e8 accompagnato da un buon apparato di immagini.<\/p>\n<p>La ricerca di Federica Maria Chiara Santagati \u00e8 interessante da leggere perch\u00e9 fornisce un ulteriore tassello della grande composizione che descrive le molteplici attivit\u00e0 nelle quali si pu\u00f2 esplicitare la cultura d\u2019impresa. Ed \u00e8 un testo facile da leggere perch\u00e9 scritto bene.<\/p>\n<p><strong>Il Museo Ritter di Waldenbuch, Baden-Wurtemberg<\/strong><br \/>\nFederica Maria Chiara Santagati<br \/>\nin <em>Mantua Humanistic Studies<\/em>. Volume VI, 2019<\/p>\n","protected":false},"excerpt":{"rendered":"<p>L\u2019esempio del Museo Ritter di Waldenbuch come ulteriore elemento del racconto della cultura a tutto tondo del produrre Imprese che danno vita a luoghi di cultura intesi non solo come strumenti per il racconto della loro attivit\u00e0, ma anche, e in alcuni casi quasi esclusivamente, come espressione di una cultura del produrre che travalica l\u2019oggetto [&hellip;]<\/p>\n","protected":false},"author":9,"featured_media":0,"comment_status":"open","ping_status":"open","sticky":false,"template":"","format":"standard","meta":{"footnotes":""},"categories":[54,52],"tags":[],"class_list":["post-72054","post","type-post","status-publish","format-standard","hentry","category-approfondimenti","category-cultura-dimpresa"],"acf":[],"yoast_head":"<!-- This site is optimized with the Yoast SEO plugin v25.0 - https:\/\/yoast.com\/wordpress\/plugins\/seo\/ -->\n<title>Arte d\u2019impresa - Fondazione Pirelli<\/title>\n<meta name=\"robots\" content=\"index, follow, max-snippet:-1, max-image-preview:large, max-video-preview:-1\" \/>\n<link rel=\"canonical\" href=\"https:\/\/www.fondazionepirelli.org\/it\/cultura-dimpresa\/arte-dimpresa-2\/\" \/>\n<meta property=\"og:locale\" content=\"it_IT\" \/>\n<meta property=\"og:type\" content=\"article\" \/>\n<meta property=\"og:title\" content=\"Arte d\u2019impresa - Fondazione Pirelli\" \/>\n<meta property=\"og:description\" content=\"L\u2019esempio del Museo Ritter di Waldenbuch come ulteriore elemento del racconto della cultura a tutto tondo del produrre Imprese che danno vita a luoghi di cultura intesi non solo come strumenti per il racconto della loro attivit\u00e0, ma anche, e in alcuni casi quasi esclusivamente, come espressione di una cultura del produrre che travalica l\u2019oggetto [&hellip;]\" \/>\n<meta property=\"og:url\" content=\"https:\/\/127.0.0.1\/it\/cultura-dimpresa\/arte-dimpresa-2\/\" \/>\n<meta property=\"og:site_name\" content=\"Fondazione Pirelli\" \/>\n<meta property=\"article:published_time\" content=\"2019-11-20T09:23:29+00:00\" \/>\n<meta property=\"article:modified_time\" content=\"2021-06-23T12:41:55+00:00\" \/>\n<meta name=\"author\" content=\"fondazionepirelli\" \/>\n<meta name=\"twitter:card\" content=\"summary_large_image\" \/>\n<meta name=\"twitter:label1\" content=\"Scritto da\" \/>\n\t<meta name=\"twitter:data1\" content=\"fondazionepirelli\" \/>\n\t<meta name=\"twitter:label2\" content=\"Tempo di lettura stimato\" \/>\n\t<meta name=\"twitter:data2\" content=\"2 minuti\" \/>\n<script type=\"application\/ld+json\" class=\"yoast-schema-graph\">{\"@context\":\"https:\/\/schema.org\",\"@graph\":[{\"@type\":\"WebPage\",\"@id\":\"https:\/\/127.0.0.1\/it\/cultura-dimpresa\/arte-dimpresa-2\/\",\"url\":\"https:\/\/127.0.0.1\/it\/cultura-dimpresa\/arte-dimpresa-2\/\",\"name\":\"Arte d\u2019impresa - Fondazione Pirelli\",\"isPartOf\":{\"@id\":\"https:\/\/www.fondazionepirelli.org\/it\/#website\"},\"datePublished\":\"2019-11-20T09:23:29+00:00\",\"dateModified\":\"2021-06-23T12:41:55+00:00\",\"author\":{\"@id\":\"https:\/\/www.fondazionepirelli.org\/it\/#\/schema\/person\/c31fcf5937a0e6afa45497f3f8b6d7a0\"},\"breadcrumb\":{\"@id\":\"https:\/\/127.0.0.1\/it\/cultura-dimpresa\/arte-dimpresa-2\/#breadcrumb\"},\"inLanguage\":\"it-IT\",\"potentialAction\":[{\"@type\":\"ReadAction\",\"target\":[\"https:\/\/127.0.0.1\/it\/cultura-dimpresa\/arte-dimpresa-2\/\"]}]},{\"@type\":\"BreadcrumbList\",\"@id\":\"https:\/\/127.0.0.1\/it\/cultura-dimpresa\/arte-dimpresa-2\/#breadcrumb\",\"itemListElement\":[{\"@type\":\"ListItem\",\"position\":1,\"name\":\"Home\",\"item\":\"https:\/\/www.fondazionepirelli.org\/it\/\"},{\"@type\":\"ListItem\",\"position\":2,\"name\":\"Arte d\u2019impresa\"}]},{\"@type\":\"WebSite\",\"@id\":\"https:\/\/www.fondazionepirelli.org\/it\/#website\",\"url\":\"https:\/\/www.fondazionepirelli.org\/it\/\",\"name\":\"Fondazione Pirelli\",\"description\":\"\",\"potentialAction\":[{\"@type\":\"SearchAction\",\"target\":{\"@type\":\"EntryPoint\",\"urlTemplate\":\"https:\/\/www.fondazionepirelli.org\/it\/?s={search_term_string}\"},\"query-input\":{\"@type\":\"PropertyValueSpecification\",\"valueRequired\":true,\"valueName\":\"search_term_string\"}}],\"inLanguage\":\"it-IT\"},{\"@type\":\"Person\",\"@id\":\"https:\/\/www.fondazionepirelli.org\/it\/#\/schema\/person\/c31fcf5937a0e6afa45497f3f8b6d7a0\",\"name\":\"fondazionepirelli\",\"image\":{\"@type\":\"ImageObject\",\"inLanguage\":\"it-IT\",\"@id\":\"https:\/\/www.fondazionepirelli.org\/it\/#\/schema\/person\/image\/\",\"url\":\"https:\/\/secure.gravatar.com\/avatar\/9cb486421ce1d6eddbf6c4fb66841b4325b786695f7aedf1dde2222428218696?s=96&d=mm&r=g\",\"contentUrl\":\"https:\/\/secure.gravatar.com\/avatar\/9cb486421ce1d6eddbf6c4fb66841b4325b786695f7aedf1dde2222428218696?s=96&d=mm&r=g\",\"caption\":\"fondazionepirelli\"},\"url\":\"https:\/\/www.fondazionepirelli.org\/it\/author\/fondazionepirelli\/\"}]}<\/script>\n<!-- \/ Yoast SEO plugin. -->","yoast_head_json":{"title":"Arte d\u2019impresa - Fondazione Pirelli","robots":{"index":"index","follow":"follow","max-snippet":"max-snippet:-1","max-image-preview":"max-image-preview:large","max-video-preview":"max-video-preview:-1"},"canonical":"https:\/\/www.fondazionepirelli.org\/it\/cultura-dimpresa\/arte-dimpresa-2\/","og_locale":"it_IT","og_type":"article","og_title":"Arte d\u2019impresa - Fondazione Pirelli","og_description":"L\u2019esempio del Museo Ritter di Waldenbuch come ulteriore elemento del racconto della cultura a tutto tondo del produrre Imprese che danno vita a luoghi di cultura intesi non solo come strumenti per il racconto della loro attivit\u00e0, ma anche, e in alcuni casi quasi esclusivamente, come espressione di una cultura del produrre che travalica l\u2019oggetto [&hellip;]","og_url":"https:\/\/127.0.0.1\/it\/cultura-dimpresa\/arte-dimpresa-2\/","og_site_name":"Fondazione Pirelli","article_published_time":"2019-11-20T09:23:29+00:00","article_modified_time":"2021-06-23T12:41:55+00:00","author":"fondazionepirelli","twitter_card":"summary_large_image","twitter_misc":{"Scritto da":"fondazionepirelli","Tempo di lettura stimato":"2 minuti"},"schema":{"@context":"https:\/\/schema.org","@graph":[{"@type":"WebPage","@id":"https:\/\/127.0.0.1\/it\/cultura-dimpresa\/arte-dimpresa-2\/","url":"https:\/\/127.0.0.1\/it\/cultura-dimpresa\/arte-dimpresa-2\/","name":"Arte d\u2019impresa - Fondazione Pirelli","isPartOf":{"@id":"https:\/\/www.fondazionepirelli.org\/it\/#website"},"datePublished":"2019-11-20T09:23:29+00:00","dateModified":"2021-06-23T12:41:55+00:00","author":{"@id":"https:\/\/www.fondazionepirelli.org\/it\/#\/schema\/person\/c31fcf5937a0e6afa45497f3f8b6d7a0"},"breadcrumb":{"@id":"https:\/\/127.0.0.1\/it\/cultura-dimpresa\/arte-dimpresa-2\/#breadcrumb"},"inLanguage":"it-IT","potentialAction":[{"@type":"ReadAction","target":["https:\/\/127.0.0.1\/it\/cultura-dimpresa\/arte-dimpresa-2\/"]}]},{"@type":"BreadcrumbList","@id":"https:\/\/127.0.0.1\/it\/cultura-dimpresa\/arte-dimpresa-2\/#breadcrumb","itemListElement":[{"@type":"ListItem","position":1,"name":"Home","item":"https:\/\/www.fondazionepirelli.org\/it\/"},{"@type":"ListItem","position":2,"name":"Arte d\u2019impresa"}]},{"@type":"WebSite","@id":"https:\/\/www.fondazionepirelli.org\/it\/#website","url":"https:\/\/www.fondazionepirelli.org\/it\/","name":"Fondazione Pirelli","description":"","potentialAction":[{"@type":"SearchAction","target":{"@type":"EntryPoint","urlTemplate":"https:\/\/www.fondazionepirelli.org\/it\/?s={search_term_string}"},"query-input":{"@type":"PropertyValueSpecification","valueRequired":true,"valueName":"search_term_string"}}],"inLanguage":"it-IT"},{"@type":"Person","@id":"https:\/\/www.fondazionepirelli.org\/it\/#\/schema\/person\/c31fcf5937a0e6afa45497f3f8b6d7a0","name":"fondazionepirelli","image":{"@type":"ImageObject","inLanguage":"it-IT","@id":"https:\/\/www.fondazionepirelli.org\/it\/#\/schema\/person\/image\/","url":"https:\/\/secure.gravatar.com\/avatar\/9cb486421ce1d6eddbf6c4fb66841b4325b786695f7aedf1dde2222428218696?s=96&d=mm&r=g","contentUrl":"https:\/\/secure.gravatar.com\/avatar\/9cb486421ce1d6eddbf6c4fb66841b4325b786695f7aedf1dde2222428218696?s=96&d=mm&r=g","caption":"fondazionepirelli"},"url":"https:\/\/www.fondazionepirelli.org\/it\/author\/fondazionepirelli\/"}]}},"_links":{"self":[{"href":"https:\/\/www.fondazionepirelli.org\/it\/wp-json\/wp\/v2\/posts\/72054\/"}],"collection":[{"href":"https:\/\/www.fondazionepirelli.org\/it\/wp-json\/wp\/v2\/posts\/"}],"about":[{"href":"https:\/\/www.fondazionepirelli.org\/it\/wp-json\/wp\/v2\/types\/post\/"}],"author":[{"embeddable":true,"href":"https:\/\/www.fondazionepirelli.org\/it\/wp-json\/wp\/v2\/users\/9\/"}],"replies":[{"embeddable":true,"href":"https:\/\/www.fondazionepirelli.org\/it\/wp-json\/wp\/v2\/comments\/?post=72054"}],"version-history":[{"count":3,"href":"https:\/\/www.fondazionepirelli.org\/it\/wp-json\/wp\/v2\/posts\/72054\/revisions\/"}],"predecessor-version":[{"id":83789,"href":"https:\/\/www.fondazionepirelli.org\/it\/wp-json\/wp\/v2\/posts\/72054\/revisions\/83789\/"}],"wp:attachment":[{"href":"https:\/\/www.fondazionepirelli.org\/it\/wp-json\/wp\/v2\/media\/?parent=72054"}],"wp:term":[{"taxonomy":"category","embeddable":true,"href":"https:\/\/www.fondazionepirelli.org\/it\/wp-json\/wp\/v2\/categories\/?post=72054"},{"taxonomy":"post_tag","embeddable":true,"href":"https:\/\/www.fondazionepirelli.org\/it\/wp-json\/wp\/v2\/tags\/?post=72054"}],"curies":[{"name":"wp","href":"https:\/\/api.w.org\/{rel}","templated":true}]}}