{"id":72056,"date":"2019-11-20T11:22:38","date_gmt":"2019-11-20T09:22:38","guid":{"rendered":"https:\/\/www.fondazionepirelli.org\/?p=72056"},"modified":"2019-11-20T11:22:38","modified_gmt":"2019-11-20T09:22:38","slug":"limpresa-come-e-stata-come-e-come-sara","status":"publish","type":"post","link":"https:\/\/www.fondazionepirelli.org\/it\/cultura-dimpresa\/limpresa-come-e-stata-come-e-come-sara\/","title":{"rendered":"L\u2019impresa come \u00e8 stata, com\u2019\u00e8 e come sar\u00e0"},"content":{"rendered":"<p><em>L\u2019ultimo libro di Giulio Sapelli esplora storia, presente e futuro delle organizzazioni della produzione dandone un\u2019interpretazione originale<\/em><\/p><p>L\u2019universo delle imprese variegato eppure connotato da tratti comuni. Le loro risposte non solo alla storia ma anche al presente, in vista di un futuro che si fa ogni giorno pi\u00f9 complesso. Chi ragiona di cultura d\u2019impresa, del suo mutare e delle forme che di volta in volta assume nelle singole organizzazioni della produzione, ha bisogno anche di istantanee che guardino ai tempi lunghi dell\u2019evoluzione dei sistemi produttivi e che riescano a dire qualcosa anche circa il presente. Leggere \u201cPerch\u00e9 esistono le imprese e come sono fatte\u201d, ultima fatica letteraria di Giulio Sapelli, serve proprio per questo.<\/p>\n<p>Lettura non certo facile e semplice, quella di Sapelli \u00e8 comunque stimolante e, spesso, provocante. Lettura che va fatta, comunque.<\/p>\n<p>Il ragionamento condotto dall\u2019autore \u00e8 che negli ultimi anni le imprese hanno attraversato, e stanno attraversando, una profondissima crisi dovuta al mutare degli equilibri mondiali, che hanno saputo affrontare mettendo in campo una grande capacit\u00e0 di resilienza, adattamento e trasformazione. Per capire meglio cosa \u00e8 accaduto e cosa sta succedendo, secondo Sapelli, \u00e8 necessario risalire indietro nel tempo, ragionare su quanto \u00e8 accaduto usando tutti gli strumenti conoscitivi a disposizione forniti dalla storia, dall\u2019economia, dalla sociologia. E\u2019 quanto fa Sapelli in un libro densissimo che parte dalla piccola impresa e arriva alle imprese pubbliche, alle grandi imprese private e alle cooperative, costruendo una visione planetaria di un\u2019impresa \u201coltre la nazione\u201d. L\u2019autore tocca anche alcuni punti cruciali del tema come quelli dell\u2019organizzazione, del lavoro e della cittadinanza con riferimento alla produzione.<\/p>\n<p>Riedizione e rifacimento di un lavoro gi\u00e0 composto vent\u2019anni fa, \u201cPerch\u00e9 esistono le imprese e come sono fatte\u201d \u00e8 un libro con il cui contenuto non tutti saranno d\u2019accordo e in sintonia, fitto di riferimenti e citazioni (che spesso occorre avere sottomano per capirne utilit\u00e0 e senso), il testo \u00e8 una scalata lungo un ragionamento articolato e affascinante, ma pur sempre una scalata. Scrive l\u2019autore: \u201cLa polifonia delle forme d\u2019impresa e la buona governance sono le architravi culturali e morali della possibilit\u00e0 di continuare a costruire il futuro, grazie alla diversit\u00e0 delle forme d\u2019impresa socialmente trasformate e alla potenza della soggettivit\u00e0 della persona\u201d.<\/p><p><strong>Perch\u00e9 esistono le imprese e come sono fatte<\/strong><br \/>\nGiulio Sapelli<br \/>\nGuerini, 2019<\/p>\n","protected":false},"excerpt":{"rendered":"<p>L\u2019ultimo libro di Giulio Sapelli esplora storia, presente e futuro delle organizzazioni della produzione dandone un\u2019interpretazione originaleL\u2019universo delle imprese variegato eppure connotato da tratti comuni. Le loro risposte non solo alla storia ma anche al presente, in vista di un futuro che si fa ogni giorno pi\u00f9 complesso. Chi ragiona di cultura d\u2019impresa, del suo [&hellip;]<\/p>\n","protected":false},"author":9,"featured_media":72057,"comment_status":"open","ping_status":"open","sticky":false,"template":"","format":"standard","meta":{"footnotes":""},"categories":[52,58],"tags":[],"class_list":["post-72056","post","type-post","status-publish","format-standard","has-post-thumbnail","hentry","category-cultura-dimpresa","category-recensioni-libri"],"acf":[],"yoast_head":"<!-- This site is optimized with the Yoast SEO plugin v25.0 - https:\/\/yoast.com\/wordpress\/plugins\/seo\/ -->\n<title>L\u2019impresa come \u00e8 stata, com\u2019\u00e8 e come sar\u00e0 - Fondazione Pirelli<\/title>\n<meta name=\"robots\" content=\"index, follow, max-snippet:-1, max-image-preview:large, max-video-preview:-1\" \/>\n<link rel=\"canonical\" href=\"https:\/\/www.fondazionepirelli.org\/it\/cultura-dimpresa\/limpresa-come-e-stata-come-e-come-sara\/\" \/>\n<meta property=\"og:locale\" content=\"it_IT\" \/>\n<meta property=\"og:type\" content=\"article\" \/>\n<meta property=\"og:title\" content=\"L\u2019impresa come \u00e8 stata, com\u2019\u00e8 e come sar\u00e0 - Fondazione Pirelli\" \/>\n<meta property=\"og:description\" content=\"L\u2019ultimo libro di Giulio Sapelli esplora storia, presente e futuro delle organizzazioni della produzione dandone un\u2019interpretazione originaleL\u2019universo delle imprese variegato eppure connotato da tratti comuni. Le loro risposte non solo alla storia ma anche al presente, in vista di un futuro che si fa ogni giorno pi\u00f9 complesso. Chi ragiona di cultura d\u2019impresa, del suo [&hellip;]\" \/>\n<meta property=\"og:url\" content=\"https:\/\/www.fondazionepirelli.org\/it\/cultura-dimpresa\/limpresa-come-e-stata-come-e-come-sara\/\" \/>\n<meta property=\"og:site_name\" content=\"Fondazione Pirelli\" \/>\n<meta property=\"article:published_time\" content=\"2019-11-20T09:22:38+00:00\" \/>\n<meta property=\"og:image\" content=\"https:\/\/wpsite-assets.fondazionepirelli.org\/wp-content\/uploads\/2019\/11\/19104926\/61Xna5kl2LL-e1574153378577.jpg\" \/>\n\t<meta property=\"og:image:width\" content=\"325\" \/>\n\t<meta property=\"og:image:height\" content=\"528\" \/>\n\t<meta property=\"og:image:type\" content=\"image\/jpeg\" \/>\n<meta name=\"author\" content=\"fondazionepirelli\" \/>\n<meta name=\"twitter:card\" content=\"summary_large_image\" \/>\n<meta name=\"twitter:label1\" content=\"Scritto da\" \/>\n\t<meta name=\"twitter:data1\" content=\"fondazionepirelli\" \/>\n\t<meta name=\"twitter:label2\" content=\"Tempo di lettura stimato\" \/>\n\t<meta name=\"twitter:data2\" content=\"2 minuti\" \/>\n<script type=\"application\/ld+json\" class=\"yoast-schema-graph\">{\"@context\":\"https:\/\/schema.org\",\"@graph\":[{\"@type\":\"WebPage\",\"@id\":\"https:\/\/www.fondazionepirelli.org\/it\/cultura-dimpresa\/limpresa-come-e-stata-come-e-come-sara\/\",\"url\":\"https:\/\/www.fondazionepirelli.org\/it\/cultura-dimpresa\/limpresa-come-e-stata-come-e-come-sara\/\",\"name\":\"L\u2019impresa come \u00e8 stata, com\u2019\u00e8 e come sar\u00e0 - Fondazione Pirelli\",\"isPartOf\":{\"@id\":\"https:\/\/www.fondazionepirelli.org\/it\/#website\"},\"primaryImageOfPage\":{\"@id\":\"https:\/\/www.fondazionepirelli.org\/it\/cultura-dimpresa\/limpresa-come-e-stata-come-e-come-sara\/#primaryimage\"},\"image\":{\"@id\":\"https:\/\/www.fondazionepirelli.org\/it\/cultura-dimpresa\/limpresa-come-e-stata-come-e-come-sara\/#primaryimage\"},\"thumbnailUrl\":\"https:\/\/wpsite-assets.fondazionepirelli.org\/wp-content\/uploads\/2019\/11\/19104926\/61Xna5kl2LL-e1574153378577.jpg\",\"datePublished\":\"2019-11-20T09:22:38+00:00\",\"author\":{\"@id\":\"https:\/\/www.fondazionepirelli.org\/it\/#\/schema\/person\/c31fcf5937a0e6afa45497f3f8b6d7a0\"},\"breadcrumb\":{\"@id\":\"https:\/\/www.fondazionepirelli.org\/it\/cultura-dimpresa\/limpresa-come-e-stata-come-e-come-sara\/#breadcrumb\"},\"inLanguage\":\"it-IT\",\"potentialAction\":[{\"@type\":\"ReadAction\",\"target\":[\"https:\/\/www.fondazionepirelli.org\/it\/cultura-dimpresa\/limpresa-come-e-stata-come-e-come-sara\/\"]}]},{\"@type\":\"ImageObject\",\"inLanguage\":\"it-IT\",\"@id\":\"https:\/\/www.fondazionepirelli.org\/it\/cultura-dimpresa\/limpresa-come-e-stata-come-e-come-sara\/#primaryimage\",\"url\":\"https:\/\/wpsite-assets.fondazionepirelli.org\/wp-content\/uploads\/2019\/11\/19104926\/61Xna5kl2LL-e1574153378577.jpg\",\"contentUrl\":\"https:\/\/wpsite-assets.fondazionepirelli.org\/wp-content\/uploads\/2019\/11\/19104926\/61Xna5kl2LL-e1574153378577.jpg\",\"width\":325,\"height\":528},{\"@type\":\"BreadcrumbList\",\"@id\":\"https:\/\/www.fondazionepirelli.org\/it\/cultura-dimpresa\/limpresa-come-e-stata-come-e-come-sara\/#breadcrumb\",\"itemListElement\":[{\"@type\":\"ListItem\",\"position\":1,\"name\":\"Home\",\"item\":\"https:\/\/www.fondazionepirelli.org\/it\/\"},{\"@type\":\"ListItem\",\"position\":2,\"name\":\"L\u2019impresa come \u00e8 stata, com\u2019\u00e8 e come sar\u00e0\"}]},{\"@type\":\"WebSite\",\"@id\":\"https:\/\/www.fondazionepirelli.org\/it\/#website\",\"url\":\"https:\/\/www.fondazionepirelli.org\/it\/\",\"name\":\"Fondazione Pirelli\",\"description\":\"\",\"potentialAction\":[{\"@type\":\"SearchAction\",\"target\":{\"@type\":\"EntryPoint\",\"urlTemplate\":\"https:\/\/www.fondazionepirelli.org\/it\/?s={search_term_string}\"},\"query-input\":{\"@type\":\"PropertyValueSpecification\",\"valueRequired\":true,\"valueName\":\"search_term_string\"}}],\"inLanguage\":\"it-IT\"},{\"@type\":\"Person\",\"@id\":\"https:\/\/www.fondazionepirelli.org\/it\/#\/schema\/person\/c31fcf5937a0e6afa45497f3f8b6d7a0\",\"name\":\"fondazionepirelli\",\"image\":{\"@type\":\"ImageObject\",\"inLanguage\":\"it-IT\",\"@id\":\"https:\/\/www.fondazionepirelli.org\/it\/#\/schema\/person\/image\/\",\"url\":\"https:\/\/secure.gravatar.com\/avatar\/9cb486421ce1d6eddbf6c4fb66841b4325b786695f7aedf1dde2222428218696?s=96&d=mm&r=g\",\"contentUrl\":\"https:\/\/secure.gravatar.com\/avatar\/9cb486421ce1d6eddbf6c4fb66841b4325b786695f7aedf1dde2222428218696?s=96&d=mm&r=g\",\"caption\":\"fondazionepirelli\"},\"url\":\"https:\/\/www.fondazionepirelli.org\/it\/author\/fondazionepirelli\/\"}]}<\/script>\n<!-- \/ Yoast SEO plugin. -->","yoast_head_json":{"title":"L\u2019impresa come \u00e8 stata, com\u2019\u00e8 e come sar\u00e0 - Fondazione Pirelli","robots":{"index":"index","follow":"follow","max-snippet":"max-snippet:-1","max-image-preview":"max-image-preview:large","max-video-preview":"max-video-preview:-1"},"canonical":"https:\/\/www.fondazionepirelli.org\/it\/cultura-dimpresa\/limpresa-come-e-stata-come-e-come-sara\/","og_locale":"it_IT","og_type":"article","og_title":"L\u2019impresa come \u00e8 stata, com\u2019\u00e8 e come sar\u00e0 - Fondazione Pirelli","og_description":"L\u2019ultimo libro di Giulio Sapelli esplora storia, presente e futuro delle organizzazioni della produzione dandone un\u2019interpretazione originaleL\u2019universo delle imprese variegato eppure connotato da tratti comuni. Le loro risposte non solo alla storia ma anche al presente, in vista di un futuro che si fa ogni giorno pi\u00f9 complesso. Chi ragiona di cultura d\u2019impresa, del suo [&hellip;]","og_url":"https:\/\/www.fondazionepirelli.org\/it\/cultura-dimpresa\/limpresa-come-e-stata-come-e-come-sara\/","og_site_name":"Fondazione Pirelli","article_published_time":"2019-11-20T09:22:38+00:00","og_image":[{"width":325,"height":528,"url":"https:\/\/wpsite-assets.fondazionepirelli.org\/wp-content\/uploads\/2019\/11\/19104926\/61Xna5kl2LL-e1574153378577.jpg","type":"image\/jpeg"}],"author":"fondazionepirelli","twitter_card":"summary_large_image","twitter_misc":{"Scritto da":"fondazionepirelli","Tempo di lettura stimato":"2 minuti"},"schema":{"@context":"https:\/\/schema.org","@graph":[{"@type":"WebPage","@id":"https:\/\/www.fondazionepirelli.org\/it\/cultura-dimpresa\/limpresa-come-e-stata-come-e-come-sara\/","url":"https:\/\/www.fondazionepirelli.org\/it\/cultura-dimpresa\/limpresa-come-e-stata-come-e-come-sara\/","name":"L\u2019impresa come \u00e8 stata, com\u2019\u00e8 e come sar\u00e0 - Fondazione Pirelli","isPartOf":{"@id":"https:\/\/www.fondazionepirelli.org\/it\/#website"},"primaryImageOfPage":{"@id":"https:\/\/www.fondazionepirelli.org\/it\/cultura-dimpresa\/limpresa-come-e-stata-come-e-come-sara\/#primaryimage"},"image":{"@id":"https:\/\/www.fondazionepirelli.org\/it\/cultura-dimpresa\/limpresa-come-e-stata-come-e-come-sara\/#primaryimage"},"thumbnailUrl":"https:\/\/wpsite-assets.fondazionepirelli.org\/wp-content\/uploads\/2019\/11\/19104926\/61Xna5kl2LL-e1574153378577.jpg","datePublished":"2019-11-20T09:22:38+00:00","author":{"@id":"https:\/\/www.fondazionepirelli.org\/it\/#\/schema\/person\/c31fcf5937a0e6afa45497f3f8b6d7a0"},"breadcrumb":{"@id":"https:\/\/www.fondazionepirelli.org\/it\/cultura-dimpresa\/limpresa-come-e-stata-come-e-come-sara\/#breadcrumb"},"inLanguage":"it-IT","potentialAction":[{"@type":"ReadAction","target":["https:\/\/www.fondazionepirelli.org\/it\/cultura-dimpresa\/limpresa-come-e-stata-come-e-come-sara\/"]}]},{"@type":"ImageObject","inLanguage":"it-IT","@id":"https:\/\/www.fondazionepirelli.org\/it\/cultura-dimpresa\/limpresa-come-e-stata-come-e-come-sara\/#primaryimage","url":"https:\/\/wpsite-assets.fondazionepirelli.org\/wp-content\/uploads\/2019\/11\/19104926\/61Xna5kl2LL-e1574153378577.jpg","contentUrl":"https:\/\/wpsite-assets.fondazionepirelli.org\/wp-content\/uploads\/2019\/11\/19104926\/61Xna5kl2LL-e1574153378577.jpg","width":325,"height":528},{"@type":"BreadcrumbList","@id":"https:\/\/www.fondazionepirelli.org\/it\/cultura-dimpresa\/limpresa-come-e-stata-come-e-come-sara\/#breadcrumb","itemListElement":[{"@type":"ListItem","position":1,"name":"Home","item":"https:\/\/www.fondazionepirelli.org\/it\/"},{"@type":"ListItem","position":2,"name":"L\u2019impresa come \u00e8 stata, com\u2019\u00e8 e come sar\u00e0"}]},{"@type":"WebSite","@id":"https:\/\/www.fondazionepirelli.org\/it\/#website","url":"https:\/\/www.fondazionepirelli.org\/it\/","name":"Fondazione Pirelli","description":"","potentialAction":[{"@type":"SearchAction","target":{"@type":"EntryPoint","urlTemplate":"https:\/\/www.fondazionepirelli.org\/it\/?s={search_term_string}"},"query-input":{"@type":"PropertyValueSpecification","valueRequired":true,"valueName":"search_term_string"}}],"inLanguage":"it-IT"},{"@type":"Person","@id":"https:\/\/www.fondazionepirelli.org\/it\/#\/schema\/person\/c31fcf5937a0e6afa45497f3f8b6d7a0","name":"fondazionepirelli","image":{"@type":"ImageObject","inLanguage":"it-IT","@id":"https:\/\/www.fondazionepirelli.org\/it\/#\/schema\/person\/image\/","url":"https:\/\/secure.gravatar.com\/avatar\/9cb486421ce1d6eddbf6c4fb66841b4325b786695f7aedf1dde2222428218696?s=96&d=mm&r=g","contentUrl":"https:\/\/secure.gravatar.com\/avatar\/9cb486421ce1d6eddbf6c4fb66841b4325b786695f7aedf1dde2222428218696?s=96&d=mm&r=g","caption":"fondazionepirelli"},"url":"https:\/\/www.fondazionepirelli.org\/it\/author\/fondazionepirelli\/"}]}},"_links":{"self":[{"href":"https:\/\/www.fondazionepirelli.org\/it\/wp-json\/wp\/v2\/posts\/72056\/"}],"collection":[{"href":"https:\/\/www.fondazionepirelli.org\/it\/wp-json\/wp\/v2\/posts\/"}],"about":[{"href":"https:\/\/www.fondazionepirelli.org\/it\/wp-json\/wp\/v2\/types\/post\/"}],"author":[{"embeddable":true,"href":"https:\/\/www.fondazionepirelli.org\/it\/wp-json\/wp\/v2\/users\/9\/"}],"replies":[{"embeddable":true,"href":"https:\/\/www.fondazionepirelli.org\/it\/wp-json\/wp\/v2\/comments\/?post=72056"}],"version-history":[{"count":3,"href":"https:\/\/www.fondazionepirelli.org\/it\/wp-json\/wp\/v2\/posts\/72056\/revisions\/"}],"predecessor-version":[{"id":72061,"href":"https:\/\/www.fondazionepirelli.org\/it\/wp-json\/wp\/v2\/posts\/72056\/revisions\/72061\/"}],"wp:featuredmedia":[{"embeddable":true,"href":"https:\/\/www.fondazionepirelli.org\/it\/wp-json\/wp\/v2\/media\/72057\/"}],"wp:attachment":[{"href":"https:\/\/www.fondazionepirelli.org\/it\/wp-json\/wp\/v2\/media\/?parent=72056"}],"wp:term":[{"taxonomy":"category","embeddable":true,"href":"https:\/\/www.fondazionepirelli.org\/it\/wp-json\/wp\/v2\/categories\/?post=72056"},{"taxonomy":"post_tag","embeddable":true,"href":"https:\/\/www.fondazionepirelli.org\/it\/wp-json\/wp\/v2\/tags\/?post=72056"}],"curies":[{"name":"wp","href":"https:\/\/api.w.org\/{rel}","templated":true}]}}