{"id":72104,"date":"2019-11-20T11:21:33","date_gmt":"2019-11-20T09:21:33","guid":{"rendered":"https:\/\/www.fondazionepirelli.org\/?p=72104"},"modified":"2019-11-22T16:38:17","modified_gmt":"2019-11-22T14:38:17","slug":"lerrore-di-volere-bloccare-la-crescita-di-milano-meglio-fare-politiche-di-coesione-e-solidarieta","status":"publish","type":"post","link":"https:\/\/www.fondazionepirelli.org\/it\/cultura-dimpresa\/lerrore-di-volere-bloccare-la-crescita-di-milano-meglio-fare-politiche-di-coesione-e-solidarieta\/","title":{"rendered":"L\u2019errore di volere bloccare la crescita di Milano <br>Meglio fare politiche di coesione e solidariet\u00e0"},"content":{"rendered":"<p>Cosa succede, ogni giorno, a Milano? Il 16 novembre, un sabato, le cronache parlano dei mille alberi, tutti piantati in una settimana (obiettivo: tre milioni entro il 2030), mentre viene presentato il quarto edificio del grande spazio di <strong>CityLife<\/strong>, una mezzaluna, una costruzione concava con un porticato, quasi fosse un\u2019elegante porta d\u2019ingresso per arrivare ai tre grattacieli, lo Storto di Zaha Hadid, il Curvo di Daniel Libeskind e il Dritto di Arata isozaki, <strong>urbanistica d\u2019avanguardia<\/strong>, una testimonianza attuale della \u201ccitt\u00e0 che sale\u201d raffigurata da Umberto Boccioni ai primi del Novecento.<\/p>\n<p>Il giorno prima, un venerd\u00ec, due pagine su \u201cIl Sole24Ore\u201d per raccontare \u201cUmanesimo digitale, alleanze e territori\u201d e cio\u00e8 <strong>i progetti del Politecnico<\/strong> (una delle venti migliori universit\u00e0 tecniche del mondo) per rafforzare i suoi compiti di formazione, ricerca, <strong>\u201cservizio all\u2019impresa\u201d<\/strong>. L\u00ec, non si sta a \u201cprogettare il passato\u201d, come sostiene polemico il rettore <strong>Ferruccio Resta<\/strong>, ma a preparare conoscenze per il futuro.<\/p>\n<p>E domenica? Tutti felici per il successo di <strong>BookCity<\/strong>, pi\u00f9 di 1.500 incontri in 250 luoghi di Milano (librerie, biblioteche, teatri, fondazioni, scuole ma anche case private, in cui leggere poesie) tra scrittori e lettori, un trionfo di parole ben scritte, ben pubblicate e ben dette.<\/p>\n<p>Luned\u00ec, ecco la notizia che c\u2019\u00e8 un boom di nuovi residenti, oltre 500mila persone in dieci anni (mentre 357mila se ne sono andate via): gente che va, gente che viene, <strong>intense dinamiche economiche e sociali<\/strong>.<\/p>\n<p>In tre giorni, sfogliando i quotidiani, si trovano dettagliate testimonianze di movimento, cambiamento, frenesia del fare. Tutto molto dinamico e produttivo. Tutto molto milanese, grazie anche al fatto che <strong>\u201cmilanesi si diventa\u201d<\/strong> (rubando il titolo a un affascinante romanzo di Carlo Castellaneta del 1991). E gi\u00f9 a parlare delle virt\u00f9 di Milano, della locomotiva Milano, dell\u2019attrattivit\u00e0 di Milano, del modello Milano, tanto da far risultare la citt\u00e0 un po\u2019 spocchiosa, un po\u2019 \u201cprimina\u201d, un po\u2019 antipatica e tanto da fare dire a un ministro siciliano, <strong>Giuseppe Provenzano<\/strong>, durante un dibattito organizzato dall\u2019<strong>Huffington Post<\/strong> a Milano (dove, come si sa, non solo si lavora tanto, ma si dibatte altrettanto) che \u201cintorno a Milano s\u2019\u00e8 scavato un fossato: la sua centralit\u00e0, importanza, modernit\u00e0 e la sue capacit\u00e0 di essere protagonista delle relazioni e interconnessioni internazionali non restituisce quasi niente all\u2019Italia\u201d. E da spingere \u201c<strong>Il Messaggero<\/strong>\u201d (giornale molto romano) a rafforzare le critiche, scrivendo che \u201cMilano beve da sola\u201d e \u201cviaggia a ritmi doppi del paese cannibalizzando risorse e talenti\u201d. Milano cannibale \u00e8 un\u2019immagine tremenda.<\/p>\n<p>Non sono polemiche nuove, naturalmente. Tutt\u2019altro (ce n\u2019era stata ampia eco, alcuni anni fa, durante un dibattito animato sulle pagine di una rivista autorevole, \u201cIl Mulino\u201d, partendo da una contestazione ruvida dell\u2019economista pugliese<strong> Gianfranco Viesti<\/strong>, adesso tornato alla ribalta tra i critici di Milano). E vale la pena darne conto perch\u00e9, proprio in stagioni di piattezza della crescita economica italiana, di <strong>ampliamento delle distanze tra Nord e Sud<\/strong>, di aggravio delle diseguaglianze (non solo geografiche, comunque, ma anche sociali, generazionali, culturali), il dinamismo della Grande Milano pone questioni reali alla politica, al governo, agli attori economici e sociali di tutto il Paese, a cominciare proprio dai pi\u00f9 responsabili e sensibili cittadini di Milano.<\/p>\n<p>Di queste tensioni c\u2019\u00e8 un\u2019eco sapida e ironica (anche malinconica: l\u2019ironia lo \u00e8 sempre, almeno un po\u2019) in un lungo, divertente reportage su \u201c<strong>Il Foglio<\/strong>\u201d di luned\u00ec 18, firmato da <strong>Michele Masneri<\/strong>, bresciano, una vita vissuta \u201cprincipalmente sul Frecciarossa tra Roma e Milano\u201d e titolato, con efficacia, <strong>\u201cContro Milano\u201d<\/strong>. Ecco il sommario: \u201cMilano \u00e8 una citt\u00e0 stato, un emirato felice, ma oggi \u00e8 anche una bolla all\u2019interno della quale sta lievitando un male oscuro: il bluff di una nuova superiorit\u00e0 antropologica. Politica, stories e attivismo morale della procura. Un giusto processo, invidia a parte\u201d. E un passaggio sarcastico: \u201cAbituato all\u2019assenza di sfott\u00f2, il milanese \u00e8 agitato, performante, mai domo. Il nuovo bauscia \u00e8 ecologico, femminista, con la sua borraccetta e gli airpods perenni che gli pendono dagli orecchi come gioielli di un faraone. Controlla le luci e le caption del suo Instagram. Ti parla del suo progetto, della sua idea, della sua startup\u201d.<\/p>\n<p>Leggerlo, Maineri sul Foglio. Per divertirsi, riconoscersi, trovare occasioni per pensare criticamente un po\u2019. Ricordandosi per\u00f2 subito che <strong>l\u2019ironia su Milano<\/strong> e sulle manie dei milanesi \u00e8 stata gi\u00e0 da tempo rilanciata, con successo digitale ed editoriale, da un milanese\/brianzolo proprio a Milano, con la caricatura de <strong>\u201cIl Milanese Imbruttito\u201d<\/strong>. Si lavora, qui. E si sorride.<\/p>\n<p>Si sorride. E non ci si nasconde, per\u00f2 che, tra grattacieli da archistar, settimane della moda e del design e periferie benestanti, cresce un\u2019anima nera, violenta, criminale, con cui fare i conti. Lo dicono le <strong>cronache dei giornali, attente alla presenza inquinante della \u2018ndrangheta<\/strong>. Lo testimoniano, con straordinaria forza di analisi e racconto, i libri noir di scrittori attentissimi alla notte del cuore milanese e alle sue droghe, <strong>Alessandro Robecchi e Sandrone Dazieri<\/strong> con il suo personaggio Gorilla schizofrenico, <strong>Gianni Biondillo e Piero Colaprico<\/strong>, tanto per fare solo alcuni nomi, tutti ben consapevoli della lezione, ancora attualissima, delle pagine di <strong>Giorgio Scerbanenco<\/strong>. Milano \u00e8 molto di pi\u00f9 e di peggio d\u2019una pur attraente vetrina di successi.<\/p>\n<p>Le ombre, dunque. Ma anche le luci. Di quel che si fa di buono a Milano.<\/p>\n<p>Non c\u2019\u00e8 infatti, della metropoli, un racconto unico, monocorde. Semmai, esiste una consapevolezza diffusa dei cambiamenti e delle trasformazioni positive nel corso del tempo, con la memoria viva della fatica e dell\u2019<strong>impegno per uscire dagli \u201canni di piombo\u201d<\/strong> e poi per superare l\u2019umiliazione e le ferite della stagione di <strong>tangentopoli<\/strong>, d\u2019un declino che sembrava inarrestabile. <strong>Iniziativa, intraprendenza, partecipazione.<\/strong> E buon governo, tutto sommato, con la capacit\u00e0 di assicurare <strong>continuit\u00e0 amministrativa<\/strong> nel variare dei mandati di quattro sindaci ben diversi, anche per appartenenza politica (Gabriele Albertini, Letizia Moratti, Giuliano Pisapia e Beppe Sala) ma simili per ambizione strategica di costruire un buon futuro per Milano e noi milanesi.<\/p>\n<p>I dati dell\u2019<strong>Osservatorio Milano<\/strong> <strong>del Comune e di<\/strong> <strong>Assolombarda<\/strong> (<a href=\"http:\/\/www.osservatoriomilanoscoreboard.it\" target=\"_blank\" rel=\"noopener noreferrer\">www.osservatoriomilanoscoreboard.it<\/a>) dicono che <strong>la crescita del Pil milanese tra il 2014 e il 2018 \u00e8 stata del 9,7%<\/strong>, il doppio del 4,6% nazionale, con 49mila euro di Pil pro capite, contro i 26mila della media nazionale (ne abbiamo parlato nel blog della scorsa settimana) e che qui si concentrano gran parte delle multinazionali italiane, ottime universit\u00e0 affollate da studenti stranieri, centri di ricerca con il <strong>primato nazionale dei brevetti<\/strong>, una lunga fila di <strong>start up dinamiche<\/strong> e tutto quanto fa <strong>innovazione, contemporaneit\u00e0, ma anche qualit\u00e0 della vita e solidariet\u00e0<\/strong>. Una \u201ceconomia di agglomerazione\u201d, che attrae nuove risorse finanziarie e umane proprio l\u00ec dove si sono gi\u00e0 concentrarti risorse. <strong>Competitivit\u00e0 e sostenibilit\u00e0<\/strong>, in una mescolanza certamente imperfetta, ma comunque dinamica.<\/p>\n<p>Milano buon esempio? Senza cadere nell\u2019arroganza del ritenersi un modello, non si suggerisce alle altre citt\u00e0 italiane di \u201cfare come Milano\u201d, ma si chiede almeno di tenere conto delle <strong>buone pratiche lombarde<\/strong>: la collaborazione sincera tra pubblico e privato, la responsabilit\u00e0 di \u201cfare, fare bene e fare del bene\u201d, il senso di responsabilit\u00e0 per <strong>elaborare pensieri lunghi e ambiziosi<\/strong>, il tentativo di fare crescere le imprese ma anche di non dimenticare il dovere dell\u2019accoglienza e dell\u2019inclusione.<\/p>\n<p><strong>Le disuguaglianze restano<\/strong>, sono forti e crescenti. E a ribadirlo \u00e8 proprio l\u2019Osservatorio Milano di Assolombarda. Convinti come sono, le donne e gli uomini delle imprese milanesi, che una condizione di crescenti disparit\u00e0 non faccia bene n\u00e9 alle imprese stesse n\u00e9 allo sviluppo economico e sociale della metropoli. <strong>Solidariet\u00e0 come scelta strategica<\/strong>, dunque. E <strong>sostenibilit\u00e0 ambientale e sociale come indicazione civile<\/strong>. Le istituzioni locali, l\u2019Assolombarda e le altre associazioni d\u2019impresa e la Chiesa meneghina ne sono protagonisti, con una continua capacit\u00e0 di dialogo e confronto.<\/p>\n<p>Milano va avanti, insomma. Altre aree lo fanno meno o arretrano addirittura. Colpa di Milano? \u201cLa pessima idea di impoverire Milano\u201d, scrive \u201cIl Foglio\u201d, come se frenare la metropoli di respiro europeo ribaltasse le condizioni di Roma e del Sud. \u201cLe imprese straniere qui si sentono rassicurate perch\u00e9 il sistema funziona\u201d, dice il <strong>sindaco Sala<\/strong>. \u201cNoi, napoletani andati a Milano perch\u00e9 \u00e8 pi\u00f9 facile fare impresa\u201d, hanno raccontato a \u201cIl Mattino\u201d, quotidiano orgogliosamente napoletano, tre imprenditori, <strong>Gianni Lettieri<\/strong>, ex presidente degli industriali, servizi hi tech per il trasporto aereo, <strong>Ambrogio Prezioso<\/strong>, settore immobiliare e <strong>Vincenzo Politelli<\/strong>, ristorazione.<\/p>\n<p>E allora? Passati i giorni pi\u00f9 caldi delle polemiche, <strong>resta la consapevolezza dei milanesi di non potere fare da soli n\u00e9 di poter seguire strade di sviluppo come una citt\u00e0 Stato egoista e vissuta, a torto o a ragione, come ostile dal resto d\u2019Italia<\/strong>. Ed \u00e8 proprio il ministro Provenzano, in un articolo sul \u201cCorriere della Sera\u201d a mettere ordine nei pensieri a proposito dei \u201ctroppi divari territoriali\u201d, senza cedere alla tentazione di \u201ccontinuare sul solito spartito della contrapposizione localistica\u201d. Le \u201cpolitiche di coesione che costruiscono ponti, servono anche a una citt\u00e0 forte come Milano\u201d. E se \u00e8 vero che \u201cil fossato\u201d tra grandi centri e periferie \u201cnon deve colmarlo Milano\u201d ma \u201cla politica nazionale\u201d, \u00e8 altrettanto vero che \u201cquesti temi riguardano anche i milanesi, giustamente orgogliosi della propria citt\u00e0\u201d.<\/p>\n<p style=\"margin: 0cm; margin-bottom: .0001pt;\"><span style=\"font-size: 11.0pt; font-family: 'Helvetica Neue',serif;\">\u00a0\u00a0\u00a0<\/span><\/p>\n<p style=\"margin: 0cm; margin-bottom: .0001pt;\"><span style=\"font-size: 11.0pt; font-family: 'Helvetica Neue',serif;\">\u00a0\u00a0<\/span><\/p>\n","protected":false},"excerpt":{"rendered":"<p>Cosa succede, ogni giorno, a Milano? Il 16 novembre, un sabato, le cronache parlano dei mille alberi, tutti piantati in una settimana (obiettivo: tre milioni entro il 2030), mentre viene presentato il quarto edificio del grande spazio di CityLife, una mezzaluna, una costruzione concava con un porticato, quasi fosse un\u2019elegante porta d\u2019ingresso per arrivare ai [&hellip;]<\/p>\n","protected":false},"author":9,"featured_media":72120,"comment_status":"open","ping_status":"open","sticky":false,"template":"","format":"standard","meta":{"footnotes":""},"categories":[53,52],"tags":[],"class_list":["post-72104","post","type-post","status-publish","format-standard","has-post-thumbnail","hentry","category-blog","category-cultura-dimpresa"],"acf":[],"yoast_head":"<!-- This site is optimized with the Yoast SEO plugin v25.0 - https:\/\/yoast.com\/wordpress\/plugins\/seo\/ -->\n<title>L\u2019errore di volere bloccare la crescita di Milano Meglio fare politiche di coesione e solidariet\u00e0 - Fondazione Pirelli<\/title>\n<meta name=\"robots\" content=\"index, follow, max-snippet:-1, max-image-preview:large, max-video-preview:-1\" \/>\n<link rel=\"canonical\" href=\"https:\/\/www.fondazionepirelli.org\/it\/cultura-dimpresa\/lerrore-di-volere-bloccare-la-crescita-di-milano-meglio-fare-politiche-di-coesione-e-solidarieta\/\" \/>\n<meta property=\"og:locale\" content=\"it_IT\" \/>\n<meta property=\"og:type\" content=\"article\" \/>\n<meta property=\"og:title\" content=\"L\u2019errore di volere bloccare la crescita di Milano Meglio fare politiche di coesione e solidariet\u00e0 - Fondazione Pirelli\" \/>\n<meta property=\"og:description\" content=\"Cosa succede, ogni giorno, a Milano? Il 16 novembre, un sabato, le cronache parlano dei mille alberi, tutti piantati in una settimana (obiettivo: tre milioni entro il 2030), mentre viene presentato il quarto edificio del grande spazio di CityLife, una mezzaluna, una costruzione concava con un porticato, quasi fosse un\u2019elegante porta d\u2019ingresso per arrivare ai [&hellip;]\" \/>\n<meta property=\"og:url\" content=\"https:\/\/www.fondazionepirelli.org\/it\/cultura-dimpresa\/lerrore-di-volere-bloccare-la-crescita-di-milano-meglio-fare-politiche-di-coesione-e-solidarieta\/\" \/>\n<meta property=\"og:site_name\" content=\"Fondazione Pirelli\" \/>\n<meta property=\"article:published_time\" content=\"2019-11-20T09:21:33+00:00\" \/>\n<meta property=\"article:modified_time\" content=\"2019-11-22T14:38:17+00:00\" \/>\n<meta property=\"og:image\" content=\"https:\/\/wpsite-assets.fondazionepirelli.org\/wp-content\/uploads\/2019\/11\/20115844\/15639881435d3890afaee6d_1563988143_3x2_xl-e1574244812506.jpg\" \/>\n\t<meta property=\"og:image:width\" content=\"600\" \/>\n\t<meta property=\"og:image:height\" content=\"405\" \/>\n\t<meta property=\"og:image:type\" content=\"image\/jpeg\" \/>\n<meta name=\"author\" content=\"fondazionepirelli\" \/>\n<meta name=\"twitter:card\" content=\"summary_large_image\" \/>\n<meta name=\"twitter:label1\" content=\"Scritto da\" \/>\n\t<meta name=\"twitter:data1\" content=\"fondazionepirelli\" \/>\n\t<meta name=\"twitter:label2\" content=\"Tempo di lettura stimato\" \/>\n\t<meta name=\"twitter:data2\" content=\"7 minuti\" \/>\n<script type=\"application\/ld+json\" class=\"yoast-schema-graph\">{\"@context\":\"https:\/\/schema.org\",\"@graph\":[{\"@type\":\"WebPage\",\"@id\":\"https:\/\/www.fondazionepirelli.org\/it\/cultura-dimpresa\/lerrore-di-volere-bloccare-la-crescita-di-milano-meglio-fare-politiche-di-coesione-e-solidarieta\/\",\"url\":\"https:\/\/www.fondazionepirelli.org\/it\/cultura-dimpresa\/lerrore-di-volere-bloccare-la-crescita-di-milano-meglio-fare-politiche-di-coesione-e-solidarieta\/\",\"name\":\"L\u2019errore di volere bloccare la crescita di Milano Meglio fare politiche di coesione e solidariet\u00e0 - Fondazione Pirelli\",\"isPartOf\":{\"@id\":\"https:\/\/www.fondazionepirelli.org\/it\/#website\"},\"primaryImageOfPage\":{\"@id\":\"https:\/\/www.fondazionepirelli.org\/it\/cultura-dimpresa\/lerrore-di-volere-bloccare-la-crescita-di-milano-meglio-fare-politiche-di-coesione-e-solidarieta\/#primaryimage\"},\"image\":{\"@id\":\"https:\/\/www.fondazionepirelli.org\/it\/cultura-dimpresa\/lerrore-di-volere-bloccare-la-crescita-di-milano-meglio-fare-politiche-di-coesione-e-solidarieta\/#primaryimage\"},\"thumbnailUrl\":\"https:\/\/wpsite-assets.fondazionepirelli.org\/wp-content\/uploads\/2019\/11\/20115844\/15639881435d3890afaee6d_1563988143_3x2_xl-e1574244812506.jpg\",\"datePublished\":\"2019-11-20T09:21:33+00:00\",\"dateModified\":\"2019-11-22T14:38:17+00:00\",\"author\":{\"@id\":\"https:\/\/www.fondazionepirelli.org\/it\/#\/schema\/person\/c31fcf5937a0e6afa45497f3f8b6d7a0\"},\"breadcrumb\":{\"@id\":\"https:\/\/www.fondazionepirelli.org\/it\/cultura-dimpresa\/lerrore-di-volere-bloccare-la-crescita-di-milano-meglio-fare-politiche-di-coesione-e-solidarieta\/#breadcrumb\"},\"inLanguage\":\"it-IT\",\"potentialAction\":[{\"@type\":\"ReadAction\",\"target\":[\"https:\/\/www.fondazionepirelli.org\/it\/cultura-dimpresa\/lerrore-di-volere-bloccare-la-crescita-di-milano-meglio-fare-politiche-di-coesione-e-solidarieta\/\"]}]},{\"@type\":\"ImageObject\",\"inLanguage\":\"it-IT\",\"@id\":\"https:\/\/www.fondazionepirelli.org\/it\/cultura-dimpresa\/lerrore-di-volere-bloccare-la-crescita-di-milano-meglio-fare-politiche-di-coesione-e-solidarieta\/#primaryimage\",\"url\":\"https:\/\/wpsite-assets.fondazionepirelli.org\/wp-content\/uploads\/2019\/11\/20115844\/15639881435d3890afaee6d_1563988143_3x2_xl-e1574244812506.jpg\",\"contentUrl\":\"https:\/\/wpsite-assets.fondazionepirelli.org\/wp-content\/uploads\/2019\/11\/20115844\/15639881435d3890afaee6d_1563988143_3x2_xl-e1574244812506.jpg\",\"width\":600,\"height\":405},{\"@type\":\"BreadcrumbList\",\"@id\":\"https:\/\/www.fondazionepirelli.org\/it\/cultura-dimpresa\/lerrore-di-volere-bloccare-la-crescita-di-milano-meglio-fare-politiche-di-coesione-e-solidarieta\/#breadcrumb\",\"itemListElement\":[{\"@type\":\"ListItem\",\"position\":1,\"name\":\"Home\",\"item\":\"https:\/\/www.fondazionepirelli.org\/it\/\"},{\"@type\":\"ListItem\",\"position\":2,\"name\":\"L\u2019errore di volere bloccare la crescita di Milano Meglio fare politiche di coesione e solidariet\u00e0\"}]},{\"@type\":\"WebSite\",\"@id\":\"https:\/\/www.fondazionepirelli.org\/it\/#website\",\"url\":\"https:\/\/www.fondazionepirelli.org\/it\/\",\"name\":\"Fondazione Pirelli\",\"description\":\"\",\"potentialAction\":[{\"@type\":\"SearchAction\",\"target\":{\"@type\":\"EntryPoint\",\"urlTemplate\":\"https:\/\/www.fondazionepirelli.org\/it\/?s={search_term_string}\"},\"query-input\":{\"@type\":\"PropertyValueSpecification\",\"valueRequired\":true,\"valueName\":\"search_term_string\"}}],\"inLanguage\":\"it-IT\"},{\"@type\":\"Person\",\"@id\":\"https:\/\/www.fondazionepirelli.org\/it\/#\/schema\/person\/c31fcf5937a0e6afa45497f3f8b6d7a0\",\"name\":\"fondazionepirelli\",\"image\":{\"@type\":\"ImageObject\",\"inLanguage\":\"it-IT\",\"@id\":\"https:\/\/www.fondazionepirelli.org\/it\/#\/schema\/person\/image\/\",\"url\":\"https:\/\/secure.gravatar.com\/avatar\/9cb486421ce1d6eddbf6c4fb66841b4325b786695f7aedf1dde2222428218696?s=96&d=mm&r=g\",\"contentUrl\":\"https:\/\/secure.gravatar.com\/avatar\/9cb486421ce1d6eddbf6c4fb66841b4325b786695f7aedf1dde2222428218696?s=96&d=mm&r=g\",\"caption\":\"fondazionepirelli\"},\"url\":\"https:\/\/www.fondazionepirelli.org\/it\/author\/fondazionepirelli\/\"}]}<\/script>\n<!-- \/ Yoast SEO plugin. -->","yoast_head_json":{"title":"L\u2019errore di volere bloccare la crescita di Milano Meglio fare politiche di coesione e solidariet\u00e0 - Fondazione Pirelli","robots":{"index":"index","follow":"follow","max-snippet":"max-snippet:-1","max-image-preview":"max-image-preview:large","max-video-preview":"max-video-preview:-1"},"canonical":"https:\/\/www.fondazionepirelli.org\/it\/cultura-dimpresa\/lerrore-di-volere-bloccare-la-crescita-di-milano-meglio-fare-politiche-di-coesione-e-solidarieta\/","og_locale":"it_IT","og_type":"article","og_title":"L\u2019errore di volere bloccare la crescita di Milano Meglio fare politiche di coesione e solidariet\u00e0 - Fondazione Pirelli","og_description":"Cosa succede, ogni giorno, a Milano? Il 16 novembre, un sabato, le cronache parlano dei mille alberi, tutti piantati in una settimana (obiettivo: tre milioni entro il 2030), mentre viene presentato il quarto edificio del grande spazio di CityLife, una mezzaluna, una costruzione concava con un porticato, quasi fosse un\u2019elegante porta d\u2019ingresso per arrivare ai [&hellip;]","og_url":"https:\/\/www.fondazionepirelli.org\/it\/cultura-dimpresa\/lerrore-di-volere-bloccare-la-crescita-di-milano-meglio-fare-politiche-di-coesione-e-solidarieta\/","og_site_name":"Fondazione Pirelli","article_published_time":"2019-11-20T09:21:33+00:00","article_modified_time":"2019-11-22T14:38:17+00:00","og_image":[{"width":600,"height":405,"url":"https:\/\/wpsite-assets.fondazionepirelli.org\/wp-content\/uploads\/2019\/11\/20115844\/15639881435d3890afaee6d_1563988143_3x2_xl-e1574244812506.jpg","type":"image\/jpeg"}],"author":"fondazionepirelli","twitter_card":"summary_large_image","twitter_misc":{"Scritto da":"fondazionepirelli","Tempo di lettura stimato":"7 minuti"},"schema":{"@context":"https:\/\/schema.org","@graph":[{"@type":"WebPage","@id":"https:\/\/www.fondazionepirelli.org\/it\/cultura-dimpresa\/lerrore-di-volere-bloccare-la-crescita-di-milano-meglio-fare-politiche-di-coesione-e-solidarieta\/","url":"https:\/\/www.fondazionepirelli.org\/it\/cultura-dimpresa\/lerrore-di-volere-bloccare-la-crescita-di-milano-meglio-fare-politiche-di-coesione-e-solidarieta\/","name":"L\u2019errore di volere bloccare la crescita di Milano Meglio fare politiche di coesione e solidariet\u00e0 - Fondazione Pirelli","isPartOf":{"@id":"https:\/\/www.fondazionepirelli.org\/it\/#website"},"primaryImageOfPage":{"@id":"https:\/\/www.fondazionepirelli.org\/it\/cultura-dimpresa\/lerrore-di-volere-bloccare-la-crescita-di-milano-meglio-fare-politiche-di-coesione-e-solidarieta\/#primaryimage"},"image":{"@id":"https:\/\/www.fondazionepirelli.org\/it\/cultura-dimpresa\/lerrore-di-volere-bloccare-la-crescita-di-milano-meglio-fare-politiche-di-coesione-e-solidarieta\/#primaryimage"},"thumbnailUrl":"https:\/\/wpsite-assets.fondazionepirelli.org\/wp-content\/uploads\/2019\/11\/20115844\/15639881435d3890afaee6d_1563988143_3x2_xl-e1574244812506.jpg","datePublished":"2019-11-20T09:21:33+00:00","dateModified":"2019-11-22T14:38:17+00:00","author":{"@id":"https:\/\/www.fondazionepirelli.org\/it\/#\/schema\/person\/c31fcf5937a0e6afa45497f3f8b6d7a0"},"breadcrumb":{"@id":"https:\/\/www.fondazionepirelli.org\/it\/cultura-dimpresa\/lerrore-di-volere-bloccare-la-crescita-di-milano-meglio-fare-politiche-di-coesione-e-solidarieta\/#breadcrumb"},"inLanguage":"it-IT","potentialAction":[{"@type":"ReadAction","target":["https:\/\/www.fondazionepirelli.org\/it\/cultura-dimpresa\/lerrore-di-volere-bloccare-la-crescita-di-milano-meglio-fare-politiche-di-coesione-e-solidarieta\/"]}]},{"@type":"ImageObject","inLanguage":"it-IT","@id":"https:\/\/www.fondazionepirelli.org\/it\/cultura-dimpresa\/lerrore-di-volere-bloccare-la-crescita-di-milano-meglio-fare-politiche-di-coesione-e-solidarieta\/#primaryimage","url":"https:\/\/wpsite-assets.fondazionepirelli.org\/wp-content\/uploads\/2019\/11\/20115844\/15639881435d3890afaee6d_1563988143_3x2_xl-e1574244812506.jpg","contentUrl":"https:\/\/wpsite-assets.fondazionepirelli.org\/wp-content\/uploads\/2019\/11\/20115844\/15639881435d3890afaee6d_1563988143_3x2_xl-e1574244812506.jpg","width":600,"height":405},{"@type":"BreadcrumbList","@id":"https:\/\/www.fondazionepirelli.org\/it\/cultura-dimpresa\/lerrore-di-volere-bloccare-la-crescita-di-milano-meglio-fare-politiche-di-coesione-e-solidarieta\/#breadcrumb","itemListElement":[{"@type":"ListItem","position":1,"name":"Home","item":"https:\/\/www.fondazionepirelli.org\/it\/"},{"@type":"ListItem","position":2,"name":"L\u2019errore di volere bloccare la crescita di Milano Meglio fare politiche di coesione e solidariet\u00e0"}]},{"@type":"WebSite","@id":"https:\/\/www.fondazionepirelli.org\/it\/#website","url":"https:\/\/www.fondazionepirelli.org\/it\/","name":"Fondazione Pirelli","description":"","potentialAction":[{"@type":"SearchAction","target":{"@type":"EntryPoint","urlTemplate":"https:\/\/www.fondazionepirelli.org\/it\/?s={search_term_string}"},"query-input":{"@type":"PropertyValueSpecification","valueRequired":true,"valueName":"search_term_string"}}],"inLanguage":"it-IT"},{"@type":"Person","@id":"https:\/\/www.fondazionepirelli.org\/it\/#\/schema\/person\/c31fcf5937a0e6afa45497f3f8b6d7a0","name":"fondazionepirelli","image":{"@type":"ImageObject","inLanguage":"it-IT","@id":"https:\/\/www.fondazionepirelli.org\/it\/#\/schema\/person\/image\/","url":"https:\/\/secure.gravatar.com\/avatar\/9cb486421ce1d6eddbf6c4fb66841b4325b786695f7aedf1dde2222428218696?s=96&d=mm&r=g","contentUrl":"https:\/\/secure.gravatar.com\/avatar\/9cb486421ce1d6eddbf6c4fb66841b4325b786695f7aedf1dde2222428218696?s=96&d=mm&r=g","caption":"fondazionepirelli"},"url":"https:\/\/www.fondazionepirelli.org\/it\/author\/fondazionepirelli\/"}]}},"_links":{"self":[{"href":"https:\/\/www.fondazionepirelli.org\/it\/wp-json\/wp\/v2\/posts\/72104\/"}],"collection":[{"href":"https:\/\/www.fondazionepirelli.org\/it\/wp-json\/wp\/v2\/posts\/"}],"about":[{"href":"https:\/\/www.fondazionepirelli.org\/it\/wp-json\/wp\/v2\/types\/post\/"}],"author":[{"embeddable":true,"href":"https:\/\/www.fondazionepirelli.org\/it\/wp-json\/wp\/v2\/users\/9\/"}],"replies":[{"embeddable":true,"href":"https:\/\/www.fondazionepirelli.org\/it\/wp-json\/wp\/v2\/comments\/?post=72104"}],"version-history":[{"count":7,"href":"https:\/\/www.fondazionepirelli.org\/it\/wp-json\/wp\/v2\/posts\/72104\/revisions\/"}],"predecessor-version":[{"id":72204,"href":"https:\/\/www.fondazionepirelli.org\/it\/wp-json\/wp\/v2\/posts\/72104\/revisions\/72204\/"}],"wp:featuredmedia":[{"embeddable":true,"href":"https:\/\/www.fondazionepirelli.org\/it\/wp-json\/wp\/v2\/media\/72120\/"}],"wp:attachment":[{"href":"https:\/\/www.fondazionepirelli.org\/it\/wp-json\/wp\/v2\/media\/?parent=72104"}],"wp:term":[{"taxonomy":"category","embeddable":true,"href":"https:\/\/www.fondazionepirelli.org\/it\/wp-json\/wp\/v2\/categories\/?post=72104"},{"taxonomy":"post_tag","embeddable":true,"href":"https:\/\/www.fondazionepirelli.org\/it\/wp-json\/wp\/v2\/tags\/?post=72104"}],"curies":[{"name":"wp","href":"https:\/\/api.w.org\/{rel}","templated":true}]}}