{"id":72319,"date":"2019-11-26T11:46:50","date_gmt":"2019-11-26T09:46:50","guid":{"rendered":"https:\/\/www.fondazionepirelli.org\/?p=72319"},"modified":"2019-11-26T11:46:50","modified_gmt":"2019-11-26T09:46:50","slug":"storie-semplici-dimpresa","status":"publish","type":"post","link":"https:\/\/www.fondazionepirelli.org\/it\/cultura-dimpresa\/storie-semplici-dimpresa\/","title":{"rendered":"Storie semplici d\u2019impresa"},"content":{"rendered":"<p><em>Apparso su Officina Storia un articolo che fa capire quanto i racconti aziendali possano essere scritti anche senza archivi strutturati<\/em><\/p><p>Ogni impresa \u00e8 una storia. Ogni organizzazione della produzione ha, dentro, racconti di donne e uomini che hanno qualcosa da dire, esperienze da condividere, risultati personali e comuni da valorizzare. Anche sconfitte, ma pur sempre patrimonio da offrire a tutti. E\u2019 necessario tuttavia individuare strumenti e percorsi che mettano in grado ogni azienda di raccontare la propria storia. Cosa non facile, per la quale occorre mettere in campo sensibilit\u00e0 e attenzione. Leggere \u201cL\u2019archivio ritrovato: le memorie di una impresa familiare nelle immagini di un archivio audiovisivo\u201d, intervento di Alessandra Tomasetti recentemente apparso su OS Officina Storia, \u00e8 cosa utile per acquisire elementi preziosi attraverso non uno schema teorico, ma il racconto di un\u2019esperienza aziendale.<\/p>\n<p>L\u2019articolo ha l\u2019obiettivo di affrontare il tema della storia d\u2019azienda (e della sua particolare declinazione offerta al pubblico), nel caso in cui una piccola o media impresa particolarmente radicata sul territorio, sia intenzionata a valorizzare quello che viene chiamato heritage e cio\u00e8 la sintesi del suo patrimonio culturale che ne rappresenta l\u2019identit\u00e0, la storia e i valori. Situazione comune a molte realt\u00e0 produttive, che si fa ancora pi\u00f9 diffusa quando queste, magari proprio per le vicende legate alla loro evoluzione, non sono dotate di un adeguato archivio aziendale dal quale attingere informazioni di carattere storico, organizzativo e produttivo. Tomasetti spiega come, anche in situazioni di questo genere, sia possibile ugualmente costruire una storia che sia rappresentativa della vicenda aziendale attraverso altre fonti documentali. Per raccontare meglio tutto, Tomasetti usa il caso della \u201cArtigiana dolciumi CDS\u201d dal 1962 attiva a Roma nel quartiere Africano la cui storia viene percorsa attingendo a semplici fonti familiari ma anche a quelle importanti degli archivi audiovisivi dell\u2019Istituto LUCE.<\/p>\n<p>L\u2019intervento di Alessandra Tomasetti costituisce un semplice esempio di costruzione di una storia d\u2019impresa a partire da materiali comuni a molte realt\u00e0 produttive. Scritto in modo sintetico e chiaro, il lavoro di Tomassetti \u00e8 da leggere conservare.<\/p><p><strong>L\u2019archivio ritrovato: le memorie di una impresa familiare nelle immagini di un archivio audiovisivo<\/strong><br \/>\nAlessandra Tomasetti<br \/>\nOS Officina della Storia, settembre 2019<\/p>\n<p>Per scaricare il PDF <a href=\"https:\/\/wpsite-assets.fondazionepirelli.org\/wp-content\/uploads\/2019\/11\/26100636\/Officinadellastoria.eu-Larchivio_ritrova.pdf\" target=\"_blank\" rel=\"noopener noreferrer\">clicca qui<\/a><\/p>\n","protected":false},"excerpt":{"rendered":"<p>Apparso su Officina Storia un articolo che fa capire quanto i racconti aziendali possano essere scritti anche senza archivi strutturatiOgni impresa \u00e8 una storia. Ogni organizzazione della produzione ha, dentro, racconti di donne e uomini che hanno qualcosa da dire, esperienze da condividere, risultati personali e comuni da valorizzare. Anche sconfitte, ma pur sempre patrimonio [&hellip;]<\/p>\n","protected":false},"author":9,"featured_media":0,"comment_status":"open","ping_status":"open","sticky":false,"template":"","format":"standard","meta":{"footnotes":""},"categories":[54,52],"tags":[],"class_list":["post-72319","post","type-post","status-publish","format-standard","hentry","category-approfondimenti","category-cultura-dimpresa"],"acf":[],"yoast_head":"<!-- This site is optimized with the Yoast SEO plugin v25.0 - https:\/\/yoast.com\/wordpress\/plugins\/seo\/ -->\n<title>Storie semplici d\u2019impresa - Fondazione Pirelli<\/title>\n<meta name=\"robots\" content=\"index, follow, max-snippet:-1, max-image-preview:large, max-video-preview:-1\" \/>\n<link rel=\"canonical\" href=\"https:\/\/www.fondazionepirelli.org\/it\/cultura-dimpresa\/storie-semplici-dimpresa\/\" \/>\n<meta property=\"og:locale\" content=\"it_IT\" \/>\n<meta property=\"og:type\" content=\"article\" \/>\n<meta property=\"og:title\" content=\"Storie semplici d\u2019impresa - Fondazione Pirelli\" \/>\n<meta property=\"og:description\" content=\"Apparso su Officina Storia un articolo che fa capire quanto i racconti aziendali possano essere scritti anche senza archivi strutturatiOgni impresa \u00e8 una storia. Ogni organizzazione della produzione ha, dentro, racconti di donne e uomini che hanno qualcosa da dire, esperienze da condividere, risultati personali e comuni da valorizzare. Anche sconfitte, ma pur sempre patrimonio [&hellip;]\" \/>\n<meta property=\"og:url\" content=\"https:\/\/www.fondazionepirelli.org\/it\/cultura-dimpresa\/storie-semplici-dimpresa\/\" \/>\n<meta property=\"og:site_name\" content=\"Fondazione Pirelli\" \/>\n<meta property=\"article:published_time\" content=\"2019-11-26T09:46:50+00:00\" \/>\n<meta name=\"author\" content=\"fondazionepirelli\" \/>\n<meta name=\"twitter:card\" content=\"summary_large_image\" \/>\n<meta name=\"twitter:label1\" content=\"Scritto da\" \/>\n\t<meta name=\"twitter:data1\" content=\"fondazionepirelli\" \/>\n\t<meta name=\"twitter:label2\" content=\"Tempo di lettura stimato\" \/>\n\t<meta name=\"twitter:data2\" content=\"2 minuti\" \/>\n<script type=\"application\/ld+json\" class=\"yoast-schema-graph\">{\"@context\":\"https:\/\/schema.org\",\"@graph\":[{\"@type\":\"WebPage\",\"@id\":\"https:\/\/www.fondazionepirelli.org\/it\/cultura-dimpresa\/storie-semplici-dimpresa\/\",\"url\":\"https:\/\/www.fondazionepirelli.org\/it\/cultura-dimpresa\/storie-semplici-dimpresa\/\",\"name\":\"Storie semplici d\u2019impresa - Fondazione Pirelli\",\"isPartOf\":{\"@id\":\"https:\/\/www.fondazionepirelli.org\/it\/#website\"},\"datePublished\":\"2019-11-26T09:46:50+00:00\",\"author\":{\"@id\":\"https:\/\/www.fondazionepirelli.org\/it\/#\/schema\/person\/c31fcf5937a0e6afa45497f3f8b6d7a0\"},\"breadcrumb\":{\"@id\":\"https:\/\/www.fondazionepirelli.org\/it\/cultura-dimpresa\/storie-semplici-dimpresa\/#breadcrumb\"},\"inLanguage\":\"it-IT\",\"potentialAction\":[{\"@type\":\"ReadAction\",\"target\":[\"https:\/\/www.fondazionepirelli.org\/it\/cultura-dimpresa\/storie-semplici-dimpresa\/\"]}]},{\"@type\":\"BreadcrumbList\",\"@id\":\"https:\/\/www.fondazionepirelli.org\/it\/cultura-dimpresa\/storie-semplici-dimpresa\/#breadcrumb\",\"itemListElement\":[{\"@type\":\"ListItem\",\"position\":1,\"name\":\"Home\",\"item\":\"https:\/\/www.fondazionepirelli.org\/it\/\"},{\"@type\":\"ListItem\",\"position\":2,\"name\":\"Storie semplici d\u2019impresa\"}]},{\"@type\":\"WebSite\",\"@id\":\"https:\/\/www.fondazionepirelli.org\/it\/#website\",\"url\":\"https:\/\/www.fondazionepirelli.org\/it\/\",\"name\":\"Fondazione Pirelli\",\"description\":\"\",\"potentialAction\":[{\"@type\":\"SearchAction\",\"target\":{\"@type\":\"EntryPoint\",\"urlTemplate\":\"https:\/\/www.fondazionepirelli.org\/it\/?s={search_term_string}\"},\"query-input\":{\"@type\":\"PropertyValueSpecification\",\"valueRequired\":true,\"valueName\":\"search_term_string\"}}],\"inLanguage\":\"it-IT\"},{\"@type\":\"Person\",\"@id\":\"https:\/\/www.fondazionepirelli.org\/it\/#\/schema\/person\/c31fcf5937a0e6afa45497f3f8b6d7a0\",\"name\":\"fondazionepirelli\",\"image\":{\"@type\":\"ImageObject\",\"inLanguage\":\"it-IT\",\"@id\":\"https:\/\/www.fondazionepirelli.org\/it\/#\/schema\/person\/image\/\",\"url\":\"https:\/\/secure.gravatar.com\/avatar\/9cb486421ce1d6eddbf6c4fb66841b4325b786695f7aedf1dde2222428218696?s=96&d=mm&r=g\",\"contentUrl\":\"https:\/\/secure.gravatar.com\/avatar\/9cb486421ce1d6eddbf6c4fb66841b4325b786695f7aedf1dde2222428218696?s=96&d=mm&r=g\",\"caption\":\"fondazionepirelli\"},\"url\":\"https:\/\/www.fondazionepirelli.org\/it\/author\/fondazionepirelli\/\"}]}<\/script>\n<!-- \/ Yoast SEO plugin. -->","yoast_head_json":{"title":"Storie semplici d\u2019impresa - Fondazione Pirelli","robots":{"index":"index","follow":"follow","max-snippet":"max-snippet:-1","max-image-preview":"max-image-preview:large","max-video-preview":"max-video-preview:-1"},"canonical":"https:\/\/www.fondazionepirelli.org\/it\/cultura-dimpresa\/storie-semplici-dimpresa\/","og_locale":"it_IT","og_type":"article","og_title":"Storie semplici d\u2019impresa - Fondazione Pirelli","og_description":"Apparso su Officina Storia un articolo che fa capire quanto i racconti aziendali possano essere scritti anche senza archivi strutturatiOgni impresa \u00e8 una storia. Ogni organizzazione della produzione ha, dentro, racconti di donne e uomini che hanno qualcosa da dire, esperienze da condividere, risultati personali e comuni da valorizzare. Anche sconfitte, ma pur sempre patrimonio [&hellip;]","og_url":"https:\/\/www.fondazionepirelli.org\/it\/cultura-dimpresa\/storie-semplici-dimpresa\/","og_site_name":"Fondazione Pirelli","article_published_time":"2019-11-26T09:46:50+00:00","author":"fondazionepirelli","twitter_card":"summary_large_image","twitter_misc":{"Scritto da":"fondazionepirelli","Tempo di lettura stimato":"2 minuti"},"schema":{"@context":"https:\/\/schema.org","@graph":[{"@type":"WebPage","@id":"https:\/\/www.fondazionepirelli.org\/it\/cultura-dimpresa\/storie-semplici-dimpresa\/","url":"https:\/\/www.fondazionepirelli.org\/it\/cultura-dimpresa\/storie-semplici-dimpresa\/","name":"Storie semplici d\u2019impresa - Fondazione Pirelli","isPartOf":{"@id":"https:\/\/www.fondazionepirelli.org\/it\/#website"},"datePublished":"2019-11-26T09:46:50+00:00","author":{"@id":"https:\/\/www.fondazionepirelli.org\/it\/#\/schema\/person\/c31fcf5937a0e6afa45497f3f8b6d7a0"},"breadcrumb":{"@id":"https:\/\/www.fondazionepirelli.org\/it\/cultura-dimpresa\/storie-semplici-dimpresa\/#breadcrumb"},"inLanguage":"it-IT","potentialAction":[{"@type":"ReadAction","target":["https:\/\/www.fondazionepirelli.org\/it\/cultura-dimpresa\/storie-semplici-dimpresa\/"]}]},{"@type":"BreadcrumbList","@id":"https:\/\/www.fondazionepirelli.org\/it\/cultura-dimpresa\/storie-semplici-dimpresa\/#breadcrumb","itemListElement":[{"@type":"ListItem","position":1,"name":"Home","item":"https:\/\/www.fondazionepirelli.org\/it\/"},{"@type":"ListItem","position":2,"name":"Storie semplici d\u2019impresa"}]},{"@type":"WebSite","@id":"https:\/\/www.fondazionepirelli.org\/it\/#website","url":"https:\/\/www.fondazionepirelli.org\/it\/","name":"Fondazione Pirelli","description":"","potentialAction":[{"@type":"SearchAction","target":{"@type":"EntryPoint","urlTemplate":"https:\/\/www.fondazionepirelli.org\/it\/?s={search_term_string}"},"query-input":{"@type":"PropertyValueSpecification","valueRequired":true,"valueName":"search_term_string"}}],"inLanguage":"it-IT"},{"@type":"Person","@id":"https:\/\/www.fondazionepirelli.org\/it\/#\/schema\/person\/c31fcf5937a0e6afa45497f3f8b6d7a0","name":"fondazionepirelli","image":{"@type":"ImageObject","inLanguage":"it-IT","@id":"https:\/\/www.fondazionepirelli.org\/it\/#\/schema\/person\/image\/","url":"https:\/\/secure.gravatar.com\/avatar\/9cb486421ce1d6eddbf6c4fb66841b4325b786695f7aedf1dde2222428218696?s=96&d=mm&r=g","contentUrl":"https:\/\/secure.gravatar.com\/avatar\/9cb486421ce1d6eddbf6c4fb66841b4325b786695f7aedf1dde2222428218696?s=96&d=mm&r=g","caption":"fondazionepirelli"},"url":"https:\/\/www.fondazionepirelli.org\/it\/author\/fondazionepirelli\/"}]}},"_links":{"self":[{"href":"https:\/\/www.fondazionepirelli.org\/it\/wp-json\/wp\/v2\/posts\/72319\/"}],"collection":[{"href":"https:\/\/www.fondazionepirelli.org\/it\/wp-json\/wp\/v2\/posts\/"}],"about":[{"href":"https:\/\/www.fondazionepirelli.org\/it\/wp-json\/wp\/v2\/types\/post\/"}],"author":[{"embeddable":true,"href":"https:\/\/www.fondazionepirelli.org\/it\/wp-json\/wp\/v2\/users\/9\/"}],"replies":[{"embeddable":true,"href":"https:\/\/www.fondazionepirelli.org\/it\/wp-json\/wp\/v2\/comments\/?post=72319"}],"version-history":[{"count":1,"href":"https:\/\/www.fondazionepirelli.org\/it\/wp-json\/wp\/v2\/posts\/72319\/revisions\/"}],"predecessor-version":[{"id":72322,"href":"https:\/\/www.fondazionepirelli.org\/it\/wp-json\/wp\/v2\/posts\/72319\/revisions\/72322\/"}],"wp:attachment":[{"href":"https:\/\/www.fondazionepirelli.org\/it\/wp-json\/wp\/v2\/media\/?parent=72319"}],"wp:term":[{"taxonomy":"category","embeddable":true,"href":"https:\/\/www.fondazionepirelli.org\/it\/wp-json\/wp\/v2\/categories\/?post=72319"},{"taxonomy":"post_tag","embeddable":true,"href":"https:\/\/www.fondazionepirelli.org\/it\/wp-json\/wp\/v2\/tags\/?post=72319"}],"curies":[{"name":"wp","href":"https:\/\/api.w.org\/{rel}","templated":true}]}}