{"id":72759,"date":"2019-12-09T17:46:45","date_gmt":"2019-12-09T16:46:45","guid":{"rendered":"https:\/\/www.fondazionepirelli.org\/?p=72759"},"modified":"2019-12-10T10:33:52","modified_gmt":"2019-12-10T09:33:52","slug":"conoscere-per-innovare","status":"publish","type":"post","link":"https:\/\/www.fondazionepirelli.org\/it\/cultura-dimpresa\/conoscere-per-innovare\/","title":{"rendered":"Conoscere per innovare"},"content":{"rendered":"<p><em>Il Governatore di Banca d\u2019Italia interviene ancora sui rapporti fra istruzione, innovazione, finanza e sviluppo<\/em><\/p>\n<p><strong>\u00a0<\/strong><\/p>\n<p>Innovare o perire. Appare sempre pi\u00f9 essere questo il dilemma di fronte al quale si trovano non solo le singole imprese ma anche, e soprattutto, interi sistemi produttivi. Questione di capacit\u00e0, e quindi di conoscenza, ma anche di possibilit\u00e0, e quindi di mezzi tecnologici e prima ancora finanziari. In ogni caso, \u00e8 sicuramente attorno a questi concetti che ruota buona parte del dibattito (serio) sullo sviluppo di singole imprese cos\u00ec come del Paese.<\/p>\n<p>Leggere la prolusione di Ignazio Visco, Governatore della Banca d\u2019Italia, all\u2019inaugurazione\u00a0 dell\u2019anno accademico 2019-2020 dell\u2019Universit\u00e0 di Cagliari, \u00e8 certamente cosa buona da fare per capire qualcosa di pi\u00f9 del cuore vero dei temi appena accennati.<\/p>\n<p>In \u201cInnovazione, conoscenza, finanza\u201d, questo il titolo dell\u2019intervento, Visco inizia a ragionare partendo dalla constatazione dei cambiamenti osservati in Italia negli ultimi anni per arrivare a puntualizzare l\u2019importanza \u201cdell\u2019investimento in conoscenza\u201d come \u201cstrumento migliore che tutti noi abbiamo, giovani ma anche meno giovani, per trasformare in opportunit\u00e0 i rischi che accompagnano tali cambiamenti\u201d.<\/p>\n<p>Il Governatore approfondisce cos\u00ec la natura degli agenti del cambiamento &#8211; e quindi dell\u2019innovazione, della globalizzazione della demografia \u2013 per passare poi alla valutazione delle conseguenze del cambiamento stesso facendo notare che, nonostante tutto, queste siano state prevalentemente positive, ma anche rilevando i \u201ccosti\u201d che questo ha provocato.<\/p>\n<p>Guardando pi\u00f9 da vicino al nostro Paese, Visco poi spiega: \u201cIn Italia il sistema produttivo non \u00e8 riuscito ad adattarsi con prontezza ai grandi cambiamenti prodotti nel tempo dalla tecnologia e dalla globalizzazione; ne hanno risentito la produttivit\u00e0 e il potenziale di crescita dell\u2019economia\u201d. L\u2019autore quindi passa ad esaminare gli aspetti finanziari e quelli relativi alla conoscenza. Dei primi precisa come\u00a0 \u201clo scetticismo del pubblico\u201d possa minare \u201calla radice stessa l\u2019attivit\u00e0 del sistema finanziario\u201d e quindi \u201cpotenzialmente comprometterne l\u2019efficacia, dato che l\u2019intero edificio finanziario si poggia sulla fiducia dei risparmiatori, non pu\u00f2 prescindere dall\u2019etica dei comportamenti\u201d. Della seconda Visco spiega: \u201cLa disponibilit\u00e0 di competenze adeguate \u00e8 il presupposto fondamentale per affrontare con successo l\u2019incertezza su quali saranno i lavori del futuro\u201d.<\/p>\n<p>L\u2019intervento di Ignazio Visco \u00e8, come sempre, limpido e comprensibile a tutti, anche quando affronta passaggi complessi: da leggere, quindi, e da conservare.<\/p><p><strong>\u00a0<\/strong><\/p>\n<p><strong>Innovazione, conoscenza, finanza<\/strong><br \/>\nIgnazio Visco<br \/>\nProlusione all\u2019Universit\u00e0 di Cagliari, Inaugurazione anno accademico 2019-2020<\/p>\n<p>Per scaricare il PDF clicca <a href=\"https:\/\/wpsite-assets.fondazionepirelli.org\/wp-content\/uploads\/2019\/12\/09174513\/visco-20191108.pdf\">qui<\/a><\/p>\n","protected":false},"excerpt":{"rendered":"<p>Il Governatore di Banca d\u2019Italia interviene ancora sui rapporti fra istruzione, innovazione, finanza e sviluppo \u00a0 Innovare o perire. Appare sempre pi\u00f9 essere questo il dilemma di fronte al quale si trovano non solo le singole imprese ma anche, e soprattutto, interi sistemi produttivi. Questione di capacit\u00e0, e quindi di conoscenza, ma anche di possibilit\u00e0, [&hellip;]<\/p>\n","protected":false},"author":9,"featured_media":0,"comment_status":"open","ping_status":"open","sticky":false,"template":"","format":"standard","meta":{"footnotes":""},"categories":[54,52],"tags":[],"class_list":["post-72759","post","type-post","status-publish","format-standard","hentry","category-approfondimenti","category-cultura-dimpresa"],"acf":[],"yoast_head":"<!-- This site is optimized with the Yoast SEO plugin v25.0 - https:\/\/yoast.com\/wordpress\/plugins\/seo\/ -->\n<title>Conoscere per innovare - Fondazione Pirelli<\/title>\n<meta name=\"robots\" content=\"index, follow, max-snippet:-1, max-image-preview:large, max-video-preview:-1\" \/>\n<link rel=\"canonical\" href=\"https:\/\/www.fondazionepirelli.org\/it\/cultura-dimpresa\/conoscere-per-innovare\/\" \/>\n<meta property=\"og:locale\" content=\"it_IT\" \/>\n<meta property=\"og:type\" content=\"article\" \/>\n<meta property=\"og:title\" content=\"Conoscere per innovare - Fondazione Pirelli\" \/>\n<meta property=\"og:description\" content=\"Il Governatore di Banca d\u2019Italia interviene ancora sui rapporti fra istruzione, innovazione, finanza e sviluppo \u00a0 Innovare o perire. Appare sempre pi\u00f9 essere questo il dilemma di fronte al quale si trovano non solo le singole imprese ma anche, e soprattutto, interi sistemi produttivi. Questione di capacit\u00e0, e quindi di conoscenza, ma anche di possibilit\u00e0, [&hellip;]\" \/>\n<meta property=\"og:url\" content=\"https:\/\/127.0.0.1\/it\/cultura-dimpresa\/conoscere-per-innovare\/\" \/>\n<meta property=\"og:site_name\" content=\"Fondazione Pirelli\" \/>\n<meta property=\"article:published_time\" content=\"2019-12-09T16:46:45+00:00\" \/>\n<meta property=\"article:modified_time\" content=\"2019-12-10T09:33:52+00:00\" \/>\n<meta name=\"author\" content=\"fondazionepirelli\" \/>\n<meta name=\"twitter:card\" content=\"summary_large_image\" \/>\n<meta name=\"twitter:label1\" content=\"Scritto da\" \/>\n\t<meta name=\"twitter:data1\" content=\"fondazionepirelli\" \/>\n\t<meta name=\"twitter:label2\" content=\"Tempo di lettura stimato\" \/>\n\t<meta name=\"twitter:data2\" content=\"2 minuti\" \/>\n<script type=\"application\/ld+json\" class=\"yoast-schema-graph\">{\"@context\":\"https:\/\/schema.org\",\"@graph\":[{\"@type\":\"WebPage\",\"@id\":\"https:\/\/127.0.0.1\/it\/cultura-dimpresa\/conoscere-per-innovare\/\",\"url\":\"https:\/\/127.0.0.1\/it\/cultura-dimpresa\/conoscere-per-innovare\/\",\"name\":\"Conoscere per innovare - Fondazione Pirelli\",\"isPartOf\":{\"@id\":\"https:\/\/www.fondazionepirelli.org\/it\/#website\"},\"datePublished\":\"2019-12-09T16:46:45+00:00\",\"dateModified\":\"2019-12-10T09:33:52+00:00\",\"author\":{\"@id\":\"https:\/\/www.fondazionepirelli.org\/it\/#\/schema\/person\/c31fcf5937a0e6afa45497f3f8b6d7a0\"},\"breadcrumb\":{\"@id\":\"https:\/\/127.0.0.1\/it\/cultura-dimpresa\/conoscere-per-innovare\/#breadcrumb\"},\"inLanguage\":\"it-IT\",\"potentialAction\":[{\"@type\":\"ReadAction\",\"target\":[\"https:\/\/127.0.0.1\/it\/cultura-dimpresa\/conoscere-per-innovare\/\"]}]},{\"@type\":\"BreadcrumbList\",\"@id\":\"https:\/\/127.0.0.1\/it\/cultura-dimpresa\/conoscere-per-innovare\/#breadcrumb\",\"itemListElement\":[{\"@type\":\"ListItem\",\"position\":1,\"name\":\"Home\",\"item\":\"https:\/\/www.fondazionepirelli.org\/it\/\"},{\"@type\":\"ListItem\",\"position\":2,\"name\":\"Conoscere per innovare\"}]},{\"@type\":\"WebSite\",\"@id\":\"https:\/\/www.fondazionepirelli.org\/it\/#website\",\"url\":\"https:\/\/www.fondazionepirelli.org\/it\/\",\"name\":\"Fondazione Pirelli\",\"description\":\"\",\"potentialAction\":[{\"@type\":\"SearchAction\",\"target\":{\"@type\":\"EntryPoint\",\"urlTemplate\":\"https:\/\/www.fondazionepirelli.org\/it\/?s={search_term_string}\"},\"query-input\":{\"@type\":\"PropertyValueSpecification\",\"valueRequired\":true,\"valueName\":\"search_term_string\"}}],\"inLanguage\":\"it-IT\"},{\"@type\":\"Person\",\"@id\":\"https:\/\/www.fondazionepirelli.org\/it\/#\/schema\/person\/c31fcf5937a0e6afa45497f3f8b6d7a0\",\"name\":\"fondazionepirelli\",\"image\":{\"@type\":\"ImageObject\",\"inLanguage\":\"it-IT\",\"@id\":\"https:\/\/www.fondazionepirelli.org\/it\/#\/schema\/person\/image\/\",\"url\":\"https:\/\/secure.gravatar.com\/avatar\/9cb486421ce1d6eddbf6c4fb66841b4325b786695f7aedf1dde2222428218696?s=96&d=mm&r=g\",\"contentUrl\":\"https:\/\/secure.gravatar.com\/avatar\/9cb486421ce1d6eddbf6c4fb66841b4325b786695f7aedf1dde2222428218696?s=96&d=mm&r=g\",\"caption\":\"fondazionepirelli\"},\"url\":\"https:\/\/www.fondazionepirelli.org\/it\/author\/fondazionepirelli\/\"}]}<\/script>\n<!-- \/ Yoast SEO plugin. -->","yoast_head_json":{"title":"Conoscere per innovare - Fondazione Pirelli","robots":{"index":"index","follow":"follow","max-snippet":"max-snippet:-1","max-image-preview":"max-image-preview:large","max-video-preview":"max-video-preview:-1"},"canonical":"https:\/\/www.fondazionepirelli.org\/it\/cultura-dimpresa\/conoscere-per-innovare\/","og_locale":"it_IT","og_type":"article","og_title":"Conoscere per innovare - Fondazione Pirelli","og_description":"Il Governatore di Banca d\u2019Italia interviene ancora sui rapporti fra istruzione, innovazione, finanza e sviluppo \u00a0 Innovare o perire. Appare sempre pi\u00f9 essere questo il dilemma di fronte al quale si trovano non solo le singole imprese ma anche, e soprattutto, interi sistemi produttivi. Questione di capacit\u00e0, e quindi di conoscenza, ma anche di possibilit\u00e0, [&hellip;]","og_url":"https:\/\/127.0.0.1\/it\/cultura-dimpresa\/conoscere-per-innovare\/","og_site_name":"Fondazione Pirelli","article_published_time":"2019-12-09T16:46:45+00:00","article_modified_time":"2019-12-10T09:33:52+00:00","author":"fondazionepirelli","twitter_card":"summary_large_image","twitter_misc":{"Scritto da":"fondazionepirelli","Tempo di lettura stimato":"2 minuti"},"schema":{"@context":"https:\/\/schema.org","@graph":[{"@type":"WebPage","@id":"https:\/\/127.0.0.1\/it\/cultura-dimpresa\/conoscere-per-innovare\/","url":"https:\/\/127.0.0.1\/it\/cultura-dimpresa\/conoscere-per-innovare\/","name":"Conoscere per innovare - Fondazione Pirelli","isPartOf":{"@id":"https:\/\/www.fondazionepirelli.org\/it\/#website"},"datePublished":"2019-12-09T16:46:45+00:00","dateModified":"2019-12-10T09:33:52+00:00","author":{"@id":"https:\/\/www.fondazionepirelli.org\/it\/#\/schema\/person\/c31fcf5937a0e6afa45497f3f8b6d7a0"},"breadcrumb":{"@id":"https:\/\/127.0.0.1\/it\/cultura-dimpresa\/conoscere-per-innovare\/#breadcrumb"},"inLanguage":"it-IT","potentialAction":[{"@type":"ReadAction","target":["https:\/\/127.0.0.1\/it\/cultura-dimpresa\/conoscere-per-innovare\/"]}]},{"@type":"BreadcrumbList","@id":"https:\/\/127.0.0.1\/it\/cultura-dimpresa\/conoscere-per-innovare\/#breadcrumb","itemListElement":[{"@type":"ListItem","position":1,"name":"Home","item":"https:\/\/www.fondazionepirelli.org\/it\/"},{"@type":"ListItem","position":2,"name":"Conoscere per innovare"}]},{"@type":"WebSite","@id":"https:\/\/www.fondazionepirelli.org\/it\/#website","url":"https:\/\/www.fondazionepirelli.org\/it\/","name":"Fondazione Pirelli","description":"","potentialAction":[{"@type":"SearchAction","target":{"@type":"EntryPoint","urlTemplate":"https:\/\/www.fondazionepirelli.org\/it\/?s={search_term_string}"},"query-input":{"@type":"PropertyValueSpecification","valueRequired":true,"valueName":"search_term_string"}}],"inLanguage":"it-IT"},{"@type":"Person","@id":"https:\/\/www.fondazionepirelli.org\/it\/#\/schema\/person\/c31fcf5937a0e6afa45497f3f8b6d7a0","name":"fondazionepirelli","image":{"@type":"ImageObject","inLanguage":"it-IT","@id":"https:\/\/www.fondazionepirelli.org\/it\/#\/schema\/person\/image\/","url":"https:\/\/secure.gravatar.com\/avatar\/9cb486421ce1d6eddbf6c4fb66841b4325b786695f7aedf1dde2222428218696?s=96&d=mm&r=g","contentUrl":"https:\/\/secure.gravatar.com\/avatar\/9cb486421ce1d6eddbf6c4fb66841b4325b786695f7aedf1dde2222428218696?s=96&d=mm&r=g","caption":"fondazionepirelli"},"url":"https:\/\/www.fondazionepirelli.org\/it\/author\/fondazionepirelli\/"}]}},"_links":{"self":[{"href":"https:\/\/www.fondazionepirelli.org\/it\/wp-json\/wp\/v2\/posts\/72759\/"}],"collection":[{"href":"https:\/\/www.fondazionepirelli.org\/it\/wp-json\/wp\/v2\/posts\/"}],"about":[{"href":"https:\/\/www.fondazionepirelli.org\/it\/wp-json\/wp\/v2\/types\/post\/"}],"author":[{"embeddable":true,"href":"https:\/\/www.fondazionepirelli.org\/it\/wp-json\/wp\/v2\/users\/9\/"}],"replies":[{"embeddable":true,"href":"https:\/\/www.fondazionepirelli.org\/it\/wp-json\/wp\/v2\/comments\/?post=72759"}],"version-history":[{"count":1,"href":"https:\/\/www.fondazionepirelli.org\/it\/wp-json\/wp\/v2\/posts\/72759\/revisions\/"}],"predecessor-version":[{"id":72762,"href":"https:\/\/www.fondazionepirelli.org\/it\/wp-json\/wp\/v2\/posts\/72759\/revisions\/72762\/"}],"wp:attachment":[{"href":"https:\/\/www.fondazionepirelli.org\/it\/wp-json\/wp\/v2\/media\/?parent=72759"}],"wp:term":[{"taxonomy":"category","embeddable":true,"href":"https:\/\/www.fondazionepirelli.org\/it\/wp-json\/wp\/v2\/categories\/?post=72759"},{"taxonomy":"post_tag","embeddable":true,"href":"https:\/\/www.fondazionepirelli.org\/it\/wp-json\/wp\/v2\/tags\/?post=72759"}],"curies":[{"name":"wp","href":"https:\/\/api.w.org\/{rel}","templated":true}]}}