{"id":73018,"date":"2019-12-17T13:02:50","date_gmt":"2019-12-17T12:02:50","guid":{"rendered":"https:\/\/www.fondazionepirelli.org\/?p=73018"},"modified":"2019-12-17T13:02:50","modified_gmt":"2019-12-17T12:02:50","slug":"la-milano-della-cultura-vale-16-miliardi-e-rafforza-il-record-di-qualita-della-vita-si-prepara-il-summit-delle-capitali-culturali","status":"publish","type":"post","link":"https:\/\/www.fondazionepirelli.org\/it\/cultura-dimpresa\/la-milano-della-cultura-vale-16-miliardi-e-rafforza-il-record-di-qualita-della-vita-si-prepara-il-summit-delle-capitali-culturali\/","title":{"rendered":"La Milano della cultura vale 16 miliardi e rafforza il record di qualit\u00e0 della vita. Si prepara il summit delle capitali culturali"},"content":{"rendered":"<p>Cultura, <strong>16 miliardi \u00e8 il valore aggiunto del sistema produttivo culturale e creativo di Milano<\/strong>, il 10% del valore nazionale. Con il peso dei 204mila posti di lavoro del settore. Il valore di tutta la Lombardia \u00e8 di 25,4 miliardi, con 365mila addetti. E sono proprio cultura e creativit\u00e0 a dare alla metropoli quella straordinaria forza economica e sociale che da tempo la mette al centro dell\u2019osservazione di investitori e osservatori economici e sociali internazionali e a continuare a incidere sul miglioramento della qualit\u00e0 della vita: anche quest\u2019anno, infatti, <strong>Milano si conferma in testa alla classifica delle citt\u00e0 in cui si vive meglio stilata da \u201cIl Sole24Ore\u201d<\/strong>: reddito, lavoro, benessere, ambiente, relazioni sociali positive, salute, solidariet\u00e0 e inclusione e, appunto, opportunit\u00e0 culturali che promuovono crescita e prospettive di buon futuro. Nella stagione della \u201ceconomia della conoscenza\u201d <strong>la cultura, a Milano, \u00e8 un motore di competitivit\u00e0 essenziale<\/strong> per la manifattura, i servizi, la finanza, il turismo, tutto il complesso delle attivit\u00e0 di produzione e di scambio. E pu\u00f2 fare da cardine per una crescita pi\u00f9 equilibrata e sostenibile, con effetti positivi su tutta Italia.<\/p>\n<p>I dati emergono dal<strong> Rapporto 2019 \u201cIo sono cultura &#8211; L\u2019Italia della qualit\u00e0 e della bellezza sfida la crisi\u201d, curato da Symbola e UnionCamere<\/strong>, presentato a met\u00e0 dicembre a Milano. Vedono la Lombardia e Milano in testa alla classifica nazionale, seguite da Roma, Torino, Siena, Firenze, Arezzo, Aosta, Bologna e Modena. Calcolano una crescita del valore del settore del 3% circa sull\u2019anno precedente. E confermano che proprio cultura e creativit\u00e0 sono un asset essenziale di sviluppo, nella relazione con la formazione, la ricerca e tutte le iniziative che parlano di innovazione.<\/p>\n<p>\u201cCon la cultura non si mangia. FALSO!\u201d, aveva scritto nel 2018 <strong>Paola Dubini<\/strong>, economista della Bocconi, documentando con cifre, fatti e ragionamenti ben articolati l\u2019<strong>apporto alla crescita economica e sociale di libri e musei, teatro e cinema, musica, arte e patrimonio storico<\/strong>. Adesso le analisi e i numeri del Rapporto Symbola e UnionCamere ne sono ulteriore conferma. \u201cL\u2019impresa si fa cultura e la cultura si fa impresa\u201d, sintetizza <strong>Giuseppe<\/strong> <strong>Tripoli,<\/strong> segretario generale di UnionCamere. Ed <strong>Ermete Realacci<\/strong>, presidente di Symbola, l\u2019associazione motore di iniziative sulla sostenibilit\u00e0 ambientale e sociale chiarisce: \u201cBellezza, cultura e creativit\u00e0 fanno aumentare ricchezza, occupazione e il soft power dell\u2019Italia\u201d.<\/p>\n<p>Perch\u00e9, il primato di Milano? La chiave sta anche in una attitudine storica all\u2019accoglienza, all\u2019inclusione di tutte le energie impegnate nel voler fare, e fare bene. <strong>Milano citt\u00e0 aperta, mai \u201ccitt\u00e0 stato\u201d<\/strong> n\u00e9 arrogante modello o luogo di primati e privilegi, ma semmai <strong>spazio per confronti e dialoghi<\/strong>, pensando sempre di doversi e potersi fare carico di stimolare la crescita dell\u2019intero Paese, nel contesto europeo.<\/p>\n<p>\u201cMilanesi si diventa\u201d, aveva scritto nel 1991 <strong>Carlo Castellaneta<\/strong>, uno dei pi\u00f9 acuti scrittori italiani, radici familiari pugliesi, nascita a Milano. E durante tutto il corso del Novecento la citt\u00e0 \u00e8 stata punto di riferimento per scrittori e poeti, artisti e fotografi, musicisti e architetti, registi e attori, nel dinamismo di case editrici, teatri (il Piccolo e il Parenti, tanto per fare solo due di molti nomi) e istituzioni musicali (la Scala, innanzitutto), musei e gallerie d\u2019arte, quotidiani e riviste, circoli e iniziative culturali promosse e sostenute anche dalle maggiori famiglie dell\u2019imprenditoria (i Pirelli, i Falck, i Feltrinelli, i Bracco, etc.) e dalle grandi societ\u00e0 finanziarie (esemplare il ruolo della Banca Commerciale Italiana, sotto la guida di un banchiere colto e generoso come Raffaele Mattioli). Le universit\u00e0 sono state un efficace motore di formazione, ricerca e diffusione popolare. E <strong>la ricerca scientifica ha animato la voglia diffusa di sperimentazione e innovazione<\/strong>. Tutto un mondo in movimento, dialettico, pronto al dialogo. E incline a camminare lungo strade di cambiamento. Tv e pubblicit\u00e0, dagli anni Ottanta in poi, ne sono state anch\u2019esse tra i protagonisti. Una cultura in continua trasformazione. <strong>Una \u201ccultura politecnica\u201d, sintesi originale di conoscenze umanistiche e scientifiche<\/strong>. Una cultura popolare di qualit\u00e0: la conferma pi\u00f9 recente \u00e8 il grande seguito per la <strong>Tosca di Puccini<\/strong>, l\u2019inaugurazione della stagione lirica il <strong>7 dicembre<\/strong> in teatro, una \u201cprima diffusa\u201d con schermi per la visione simultanea in 40 posti di Milano, con 10mila persone ferme l\u00ec, a guardare. Qualit\u00e0 e popolarit\u00e0 sono caratteri culturali di fondo che ancora oggi hanno peso e valore.<\/p>\n<p>\u201cMilano \u00e8 un esempio di quello che l\u2019Italia pu\u00f2 fare se crede in se stessa\u201d, commenta il <strong>ministro dei Beni Culturali Dario Franceschini<\/strong>, inaugurando le nuove <strong>Gallerie dedicate a Leonardo<\/strong> <strong>da Vinci<\/strong> al Museo della Scienza e della Tecnica. Citt\u00e0 esemplare di \u201c<strong>umanesimo industriale<\/strong>\u201d, si dice nei dibattiti e nelle ricerche di fondazioni d\u2019impresa e degli stessi progetti culturali dell\u2019<strong>Assolombarda<\/strong>, l\u2019associazione confindustriale che riunisce oltre seimila imprese di Milano, Lodi e Monza e Brianza e che, per le sue assemblee annuali, sceglie un luogo simbolo della grande cultura milanese e internazionale, <strong>la Scala<\/strong>.<\/p>\n<p>C\u2019\u00e8 un\u2019altra caratteristica di Milano, che vale la pena ricordare, proprio parlando di processi culturali e creativi: la <strong>collaborazione costante tra pubblico e privato<\/strong>, tra le istituzioni locali e le imprese, la politica, l\u2019economia, gli attori sociali. Collaborazione costruita sulla consapevolezza delle reciproche autonomie e della necessit\u00e0 del confronto, per costruire sintesi di sviluppo.<\/p>\n<p>All&#8217;orizzonte del <strong>2020<\/strong> c\u2019\u00e8 un appuntamento impegnativo: ospitare il <strong>Summit delle 40 citt\u00e0 del mondo pi\u00f9 influenti dal punto di vista culturale<\/strong>. Ci sar\u00e0 molto da dire. E da prepararsi a imparare ascoltando altre storie, altre esperienze, altri paradigmi di successo. Fare cultura, a Milano, \u00e8 un grande valore civile. E una buona impresa.<\/p>\n","protected":false},"excerpt":{"rendered":"<p>Cultura, 16 miliardi \u00e8 il valore aggiunto del sistema produttivo culturale e creativo di Milano, il 10% del valore nazionale. Con il peso dei 204mila posti di lavoro del settore. Il valore di tutta la Lombardia \u00e8 di 25,4 miliardi, con 365mila addetti. E sono proprio cultura e creativit\u00e0 a dare alla metropoli quella straordinaria [&hellip;]<\/p>\n","protected":false},"author":9,"featured_media":73045,"comment_status":"open","ping_status":"open","sticky":false,"template":"","format":"standard","meta":{"footnotes":""},"categories":[53,52],"tags":[],"class_list":["post-73018","post","type-post","status-publish","format-standard","has-post-thumbnail","hentry","category-blog","category-cultura-dimpresa"],"acf":[],"yoast_head":"<!-- This site is optimized with the Yoast SEO plugin v25.0 - https:\/\/yoast.com\/wordpress\/plugins\/seo\/ -->\n<title>La Milano della cultura vale 16 miliardi e rafforza il record di qualit\u00e0 della vita. Si prepara il summit delle capitali culturali - Fondazione Pirelli<\/title>\n<meta name=\"robots\" content=\"index, follow, max-snippet:-1, max-image-preview:large, max-video-preview:-1\" \/>\n<link rel=\"canonical\" href=\"https:\/\/www.fondazionepirelli.org\/it\/cultura-dimpresa\/la-milano-della-cultura-vale-16-miliardi-e-rafforza-il-record-di-qualita-della-vita-si-prepara-il-summit-delle-capitali-culturali\/\" \/>\n<meta property=\"og:locale\" content=\"it_IT\" \/>\n<meta property=\"og:type\" content=\"article\" \/>\n<meta property=\"og:title\" content=\"La Milano della cultura vale 16 miliardi e rafforza il record di qualit\u00e0 della vita. Si prepara il summit delle capitali culturali - Fondazione Pirelli\" \/>\n<meta property=\"og:description\" content=\"Cultura, 16 miliardi \u00e8 il valore aggiunto del sistema produttivo culturale e creativo di Milano, il 10% del valore nazionale. Con il peso dei 204mila posti di lavoro del settore. Il valore di tutta la Lombardia \u00e8 di 25,4 miliardi, con 365mila addetti. E sono proprio cultura e creativit\u00e0 a dare alla metropoli quella straordinaria [&hellip;]\" \/>\n<meta property=\"og:url\" content=\"https:\/\/www.fondazionepirelli.org\/it\/cultura-dimpresa\/la-milano-della-cultura-vale-16-miliardi-e-rafforza-il-record-di-qualita-della-vita-si-prepara-il-summit-delle-capitali-culturali\/\" \/>\n<meta property=\"og:site_name\" content=\"Fondazione Pirelli\" \/>\n<meta property=\"article:published_time\" content=\"2019-12-17T12:02:50+00:00\" \/>\n<meta property=\"og:image\" content=\"https:\/\/wpsite-assets.fondazionepirelli.org\/wp-content\/uploads\/2019\/12\/17125527\/duom3900-e1576584089293.jpg\" \/>\n\t<meta property=\"og:image:width\" content=\"600\" \/>\n\t<meta property=\"og:image:height\" content=\"388\" \/>\n\t<meta property=\"og:image:type\" content=\"image\/jpeg\" \/>\n<meta name=\"author\" content=\"fondazionepirelli\" \/>\n<meta name=\"twitter:card\" content=\"summary_large_image\" \/>\n<meta name=\"twitter:label1\" content=\"Scritto da\" \/>\n\t<meta name=\"twitter:data1\" content=\"fondazionepirelli\" \/>\n\t<meta name=\"twitter:label2\" content=\"Tempo di lettura stimato\" \/>\n\t<meta name=\"twitter:data2\" content=\"5 minuti\" \/>\n<script type=\"application\/ld+json\" class=\"yoast-schema-graph\">{\"@context\":\"https:\/\/schema.org\",\"@graph\":[{\"@type\":\"WebPage\",\"@id\":\"https:\/\/www.fondazionepirelli.org\/it\/cultura-dimpresa\/la-milano-della-cultura-vale-16-miliardi-e-rafforza-il-record-di-qualita-della-vita-si-prepara-il-summit-delle-capitali-culturali\/\",\"url\":\"https:\/\/www.fondazionepirelli.org\/it\/cultura-dimpresa\/la-milano-della-cultura-vale-16-miliardi-e-rafforza-il-record-di-qualita-della-vita-si-prepara-il-summit-delle-capitali-culturali\/\",\"name\":\"La Milano della cultura vale 16 miliardi e rafforza il record di qualit\u00e0 della vita. Si prepara il summit delle capitali culturali - Fondazione Pirelli\",\"isPartOf\":{\"@id\":\"https:\/\/www.fondazionepirelli.org\/it\/#website\"},\"primaryImageOfPage\":{\"@id\":\"https:\/\/www.fondazionepirelli.org\/it\/cultura-dimpresa\/la-milano-della-cultura-vale-16-miliardi-e-rafforza-il-record-di-qualita-della-vita-si-prepara-il-summit-delle-capitali-culturali\/#primaryimage\"},\"image\":{\"@id\":\"https:\/\/www.fondazionepirelli.org\/it\/cultura-dimpresa\/la-milano-della-cultura-vale-16-miliardi-e-rafforza-il-record-di-qualita-della-vita-si-prepara-il-summit-delle-capitali-culturali\/#primaryimage\"},\"thumbnailUrl\":\"https:\/\/wpsite-assets.fondazionepirelli.org\/wp-content\/uploads\/2019\/12\/17125527\/duom3900-e1576584089293.jpg\",\"datePublished\":\"2019-12-17T12:02:50+00:00\",\"author\":{\"@id\":\"https:\/\/www.fondazionepirelli.org\/it\/#\/schema\/person\/c31fcf5937a0e6afa45497f3f8b6d7a0\"},\"breadcrumb\":{\"@id\":\"https:\/\/www.fondazionepirelli.org\/it\/cultura-dimpresa\/la-milano-della-cultura-vale-16-miliardi-e-rafforza-il-record-di-qualita-della-vita-si-prepara-il-summit-delle-capitali-culturali\/#breadcrumb\"},\"inLanguage\":\"it-IT\",\"potentialAction\":[{\"@type\":\"ReadAction\",\"target\":[\"https:\/\/www.fondazionepirelli.org\/it\/cultura-dimpresa\/la-milano-della-cultura-vale-16-miliardi-e-rafforza-il-record-di-qualita-della-vita-si-prepara-il-summit-delle-capitali-culturali\/\"]}]},{\"@type\":\"ImageObject\",\"inLanguage\":\"it-IT\",\"@id\":\"https:\/\/www.fondazionepirelli.org\/it\/cultura-dimpresa\/la-milano-della-cultura-vale-16-miliardi-e-rafforza-il-record-di-qualita-della-vita-si-prepara-il-summit-delle-capitali-culturali\/#primaryimage\",\"url\":\"https:\/\/wpsite-assets.fondazionepirelli.org\/wp-content\/uploads\/2019\/12\/17125527\/duom3900-e1576584089293.jpg\",\"contentUrl\":\"https:\/\/wpsite-assets.fondazionepirelli.org\/wp-content\/uploads\/2019\/12\/17125527\/duom3900-e1576584089293.jpg\",\"width\":600,\"height\":388},{\"@type\":\"BreadcrumbList\",\"@id\":\"https:\/\/www.fondazionepirelli.org\/it\/cultura-dimpresa\/la-milano-della-cultura-vale-16-miliardi-e-rafforza-il-record-di-qualita-della-vita-si-prepara-il-summit-delle-capitali-culturali\/#breadcrumb\",\"itemListElement\":[{\"@type\":\"ListItem\",\"position\":1,\"name\":\"Home\",\"item\":\"https:\/\/www.fondazionepirelli.org\/it\/\"},{\"@type\":\"ListItem\",\"position\":2,\"name\":\"La Milano della cultura vale 16 miliardi e rafforza il record di qualit\u00e0 della vita. Si prepara il summit delle capitali culturali\"}]},{\"@type\":\"WebSite\",\"@id\":\"https:\/\/www.fondazionepirelli.org\/it\/#website\",\"url\":\"https:\/\/www.fondazionepirelli.org\/it\/\",\"name\":\"Fondazione Pirelli\",\"description\":\"\",\"potentialAction\":[{\"@type\":\"SearchAction\",\"target\":{\"@type\":\"EntryPoint\",\"urlTemplate\":\"https:\/\/www.fondazionepirelli.org\/it\/?s={search_term_string}\"},\"query-input\":{\"@type\":\"PropertyValueSpecification\",\"valueRequired\":true,\"valueName\":\"search_term_string\"}}],\"inLanguage\":\"it-IT\"},{\"@type\":\"Person\",\"@id\":\"https:\/\/www.fondazionepirelli.org\/it\/#\/schema\/person\/c31fcf5937a0e6afa45497f3f8b6d7a0\",\"name\":\"fondazionepirelli\",\"image\":{\"@type\":\"ImageObject\",\"inLanguage\":\"it-IT\",\"@id\":\"https:\/\/www.fondazionepirelli.org\/it\/#\/schema\/person\/image\/\",\"url\":\"https:\/\/secure.gravatar.com\/avatar\/9cb486421ce1d6eddbf6c4fb66841b4325b786695f7aedf1dde2222428218696?s=96&d=mm&r=g\",\"contentUrl\":\"https:\/\/secure.gravatar.com\/avatar\/9cb486421ce1d6eddbf6c4fb66841b4325b786695f7aedf1dde2222428218696?s=96&d=mm&r=g\",\"caption\":\"fondazionepirelli\"},\"url\":\"https:\/\/www.fondazionepirelli.org\/it\/author\/fondazionepirelli\/\"}]}<\/script>\n<!-- \/ Yoast SEO plugin. -->","yoast_head_json":{"title":"La Milano della cultura vale 16 miliardi e rafforza il record di qualit\u00e0 della vita. Si prepara il summit delle capitali culturali - Fondazione Pirelli","robots":{"index":"index","follow":"follow","max-snippet":"max-snippet:-1","max-image-preview":"max-image-preview:large","max-video-preview":"max-video-preview:-1"},"canonical":"https:\/\/www.fondazionepirelli.org\/it\/cultura-dimpresa\/la-milano-della-cultura-vale-16-miliardi-e-rafforza-il-record-di-qualita-della-vita-si-prepara-il-summit-delle-capitali-culturali\/","og_locale":"it_IT","og_type":"article","og_title":"La Milano della cultura vale 16 miliardi e rafforza il record di qualit\u00e0 della vita. Si prepara il summit delle capitali culturali - Fondazione Pirelli","og_description":"Cultura, 16 miliardi \u00e8 il valore aggiunto del sistema produttivo culturale e creativo di Milano, il 10% del valore nazionale. Con il peso dei 204mila posti di lavoro del settore. Il valore di tutta la Lombardia \u00e8 di 25,4 miliardi, con 365mila addetti. E sono proprio cultura e creativit\u00e0 a dare alla metropoli quella straordinaria [&hellip;]","og_url":"https:\/\/www.fondazionepirelli.org\/it\/cultura-dimpresa\/la-milano-della-cultura-vale-16-miliardi-e-rafforza-il-record-di-qualita-della-vita-si-prepara-il-summit-delle-capitali-culturali\/","og_site_name":"Fondazione Pirelli","article_published_time":"2019-12-17T12:02:50+00:00","og_image":[{"width":600,"height":388,"url":"https:\/\/wpsite-assets.fondazionepirelli.org\/wp-content\/uploads\/2019\/12\/17125527\/duom3900-e1576584089293.jpg","type":"image\/jpeg"}],"author":"fondazionepirelli","twitter_card":"summary_large_image","twitter_misc":{"Scritto da":"fondazionepirelli","Tempo di lettura stimato":"5 minuti"},"schema":{"@context":"https:\/\/schema.org","@graph":[{"@type":"WebPage","@id":"https:\/\/www.fondazionepirelli.org\/it\/cultura-dimpresa\/la-milano-della-cultura-vale-16-miliardi-e-rafforza-il-record-di-qualita-della-vita-si-prepara-il-summit-delle-capitali-culturali\/","url":"https:\/\/www.fondazionepirelli.org\/it\/cultura-dimpresa\/la-milano-della-cultura-vale-16-miliardi-e-rafforza-il-record-di-qualita-della-vita-si-prepara-il-summit-delle-capitali-culturali\/","name":"La Milano della cultura vale 16 miliardi e rafforza il record di qualit\u00e0 della vita. Si prepara il summit delle capitali culturali - Fondazione Pirelli","isPartOf":{"@id":"https:\/\/www.fondazionepirelli.org\/it\/#website"},"primaryImageOfPage":{"@id":"https:\/\/www.fondazionepirelli.org\/it\/cultura-dimpresa\/la-milano-della-cultura-vale-16-miliardi-e-rafforza-il-record-di-qualita-della-vita-si-prepara-il-summit-delle-capitali-culturali\/#primaryimage"},"image":{"@id":"https:\/\/www.fondazionepirelli.org\/it\/cultura-dimpresa\/la-milano-della-cultura-vale-16-miliardi-e-rafforza-il-record-di-qualita-della-vita-si-prepara-il-summit-delle-capitali-culturali\/#primaryimage"},"thumbnailUrl":"https:\/\/wpsite-assets.fondazionepirelli.org\/wp-content\/uploads\/2019\/12\/17125527\/duom3900-e1576584089293.jpg","datePublished":"2019-12-17T12:02:50+00:00","author":{"@id":"https:\/\/www.fondazionepirelli.org\/it\/#\/schema\/person\/c31fcf5937a0e6afa45497f3f8b6d7a0"},"breadcrumb":{"@id":"https:\/\/www.fondazionepirelli.org\/it\/cultura-dimpresa\/la-milano-della-cultura-vale-16-miliardi-e-rafforza-il-record-di-qualita-della-vita-si-prepara-il-summit-delle-capitali-culturali\/#breadcrumb"},"inLanguage":"it-IT","potentialAction":[{"@type":"ReadAction","target":["https:\/\/www.fondazionepirelli.org\/it\/cultura-dimpresa\/la-milano-della-cultura-vale-16-miliardi-e-rafforza-il-record-di-qualita-della-vita-si-prepara-il-summit-delle-capitali-culturali\/"]}]},{"@type":"ImageObject","inLanguage":"it-IT","@id":"https:\/\/www.fondazionepirelli.org\/it\/cultura-dimpresa\/la-milano-della-cultura-vale-16-miliardi-e-rafforza-il-record-di-qualita-della-vita-si-prepara-il-summit-delle-capitali-culturali\/#primaryimage","url":"https:\/\/wpsite-assets.fondazionepirelli.org\/wp-content\/uploads\/2019\/12\/17125527\/duom3900-e1576584089293.jpg","contentUrl":"https:\/\/wpsite-assets.fondazionepirelli.org\/wp-content\/uploads\/2019\/12\/17125527\/duom3900-e1576584089293.jpg","width":600,"height":388},{"@type":"BreadcrumbList","@id":"https:\/\/www.fondazionepirelli.org\/it\/cultura-dimpresa\/la-milano-della-cultura-vale-16-miliardi-e-rafforza-il-record-di-qualita-della-vita-si-prepara-il-summit-delle-capitali-culturali\/#breadcrumb","itemListElement":[{"@type":"ListItem","position":1,"name":"Home","item":"https:\/\/www.fondazionepirelli.org\/it\/"},{"@type":"ListItem","position":2,"name":"La Milano della cultura vale 16 miliardi e rafforza il record di qualit\u00e0 della vita. Si prepara il summit delle capitali culturali"}]},{"@type":"WebSite","@id":"https:\/\/www.fondazionepirelli.org\/it\/#website","url":"https:\/\/www.fondazionepirelli.org\/it\/","name":"Fondazione Pirelli","description":"","potentialAction":[{"@type":"SearchAction","target":{"@type":"EntryPoint","urlTemplate":"https:\/\/www.fondazionepirelli.org\/it\/?s={search_term_string}"},"query-input":{"@type":"PropertyValueSpecification","valueRequired":true,"valueName":"search_term_string"}}],"inLanguage":"it-IT"},{"@type":"Person","@id":"https:\/\/www.fondazionepirelli.org\/it\/#\/schema\/person\/c31fcf5937a0e6afa45497f3f8b6d7a0","name":"fondazionepirelli","image":{"@type":"ImageObject","inLanguage":"it-IT","@id":"https:\/\/www.fondazionepirelli.org\/it\/#\/schema\/person\/image\/","url":"https:\/\/secure.gravatar.com\/avatar\/9cb486421ce1d6eddbf6c4fb66841b4325b786695f7aedf1dde2222428218696?s=96&d=mm&r=g","contentUrl":"https:\/\/secure.gravatar.com\/avatar\/9cb486421ce1d6eddbf6c4fb66841b4325b786695f7aedf1dde2222428218696?s=96&d=mm&r=g","caption":"fondazionepirelli"},"url":"https:\/\/www.fondazionepirelli.org\/it\/author\/fondazionepirelli\/"}]}},"_links":{"self":[{"href":"https:\/\/www.fondazionepirelli.org\/it\/wp-json\/wp\/v2\/posts\/73018\/"}],"collection":[{"href":"https:\/\/www.fondazionepirelli.org\/it\/wp-json\/wp\/v2\/posts\/"}],"about":[{"href":"https:\/\/www.fondazionepirelli.org\/it\/wp-json\/wp\/v2\/types\/post\/"}],"author":[{"embeddable":true,"href":"https:\/\/www.fondazionepirelli.org\/it\/wp-json\/wp\/v2\/users\/9\/"}],"replies":[{"embeddable":true,"href":"https:\/\/www.fondazionepirelli.org\/it\/wp-json\/wp\/v2\/comments\/?post=73018"}],"version-history":[{"count":10,"href":"https:\/\/www.fondazionepirelli.org\/it\/wp-json\/wp\/v2\/posts\/73018\/revisions\/"}],"predecessor-version":[{"id":73052,"href":"https:\/\/www.fondazionepirelli.org\/it\/wp-json\/wp\/v2\/posts\/73018\/revisions\/73052\/"}],"wp:featuredmedia":[{"embeddable":true,"href":"https:\/\/www.fondazionepirelli.org\/it\/wp-json\/wp\/v2\/media\/73045\/"}],"wp:attachment":[{"href":"https:\/\/www.fondazionepirelli.org\/it\/wp-json\/wp\/v2\/media\/?parent=73018"}],"wp:term":[{"taxonomy":"category","embeddable":true,"href":"https:\/\/www.fondazionepirelli.org\/it\/wp-json\/wp\/v2\/categories\/?post=73018"},{"taxonomy":"post_tag","embeddable":true,"href":"https:\/\/www.fondazionepirelli.org\/it\/wp-json\/wp\/v2\/tags\/?post=73018"}],"curies":[{"name":"wp","href":"https:\/\/api.w.org\/{rel}","templated":true}]}}