{"id":73027,"date":"2019-12-17T13:03:26","date_gmt":"2019-12-17T12:03:26","guid":{"rendered":"https:\/\/www.fondazionepirelli.org\/?p=73027"},"modified":"2019-12-17T13:03:26","modified_gmt":"2019-12-17T12:03:26","slug":"etica-dimpresa-territoriale","status":"publish","type":"post","link":"https:\/\/www.fondazionepirelli.org\/it\/cultura-dimpresa\/etica-dimpresa-territoriale\/","title":{"rendered":"Etica d\u2019impresa territoriale"},"content":{"rendered":"<p><em>In una tesi il racconto di quanto pu\u00f2 accadere quando aziende e ambiente sociale trovano la formula giusta per crescere insieme<\/em><\/p>\n<p><strong>\u00a0<\/strong><\/p>\n<p>Un territorio che fa etica d\u2019impresa. Accade, e non raramente. Il tema da affrontare ogni volta, \u00e8 l\u2019individuazione dei canoni attraverso i quali aziende, lavoratori e ambiente sociale circostante trovano la formula corretta per sviluppare qualcosa di nuovo. Vale sempre lo stesso accorgimento: oltre e prima della teoria, serve apprendere la realt\u00e0 dei fatti. E\u2019 quanto hanno fatto Sara Arduino e Giulia Granzino con la loro tesi \u201cSuccesso imprenditoriale e attenzione etica verso i lavoratori\u201d discussa nell\u2019ambito del XV Master in Sviluppo Locale\u00a0 presso l\u2019Universit\u00e0 del Piemonte Orientale.<\/p>\n<p>Il lavoro \u00e8 la restituzione dei risultati di una ricerca sul campo finalizzata, spiegano le due autrici, ad indagare la presenza nel territorio di Asti in Piemonte di imprese che abbiano gi\u00e0 avviato esperienze in grado di conciliare successo imprenditoriale e attenzione etica per i lavoratori, i cittadini, il territorio, l\u2019ambiente. Sono cio\u00e8 le imprese attente, quelle indagate da Arduino e Granzino che attraverso questo percorso hanno voluto individuare le caratteristiche del contesto territoriale e sociale (etica del lavoro, rapporti comunitari, presenza di fiducia, <em>knowhow<\/em>, etc.) che facilitano ed incentivano l\u2019eticit\u00e0 e la sostenibilit\u00e0 delle attivit\u00e0 economiche.<\/p>\n<p>Il lavoro ha quindi individuato prima di tutto i criteri di eticit\u00e0 ed eccellenza (anche dal punto di vista dell\u2019inquadramento teorico), che sono stati successivamente cercati nel territorio e nelle imprese che lo popolano, guardando soprattutto a quelle individuate come detentrici di buone pratiche in termini di eccellenza e di eticit\u00e0 delle forme di lavoro locali. Su queste imprese, le due ricercatrici hanno svolto poi un\u2019indagine pi\u00f9 attenta (incontri-intervista, questionari etc.) con l\u2019obiettivo di cogliere pi\u00f9 da vicino il vero nucleo dell\u2019etica d\u2019impresa declinata nella pratica. Accanto alla teoria e oltre ai risultati dell\u2019indagine sul campo, \u00e8 il racconto di alcuni casi che mettono uno accanto all\u2019altro esempi di imprese note anche oltre i confini e altre assolutamente radicate nel territorio: Alplast, D. Barbero, Cantine Bava, Bosca, Ca\u2019 Mariuccia, Fra Production, Fratelli Durando, Gancia, Michele Chiarlo, Mista, Mollificio Astigiano, Nobil Bio Ricerche, Sacl\u00e0, Piccole Aziende Crescono\u2026, Albergo Etico.<\/p>\n<p>Oltre a tutto questo, il lavoro ha avito anche lo scopo di verificare preliminare la possibilit\u00e0 di avviare (in particolare coinvolgendo le imprese gi\u00e0 identificate come attrici di esperienze \u201cetiche\u201d locali e le Istituzioni del territorio) forme di azione collettiva per intervenire \u201ceticamente\u201d sulle principali criticit\u00e0 del sistema economico locale.<\/p>\n<p>Il lavoro di Sara Arduino e Giulia Granzino non costituir\u00e0 forse una pietra miliare negli studi sull\u2019etica e la responsabilit\u00e0 sociale d\u2019impresa, ma ha il merito di fotografare quanto accade in un territorio che pu\u00f2 funzionare da esempio per molti altri.<\/p>\n<p>Viene scritto nelle conclusioni: \u201cSe da una parte \u00e8 irrealistico pensare all\u2019esistenza di una logica etica disgiuntamente da una logica del profitto (\u2026), \u00e8 importante in primo luogo evitare il rischio che l\u2019esistenza di bilanci e\/o codici etici all\u2019interno delle aziende sia dettato pi\u00f9 da necessit\u00e0 contabili piuttosto che da un radicato interesse verso aspetti virtuosi\u201d.<\/p>\n<p><strong>\u00a0<\/strong><\/p>\n<p><strong>Successo imprenditoriale e attenzione etica verso i lavoratori<\/strong><br \/>\nSara Arduino, Giulia Granzino<br \/>\nUniversit\u00e0 del Piemonte Orientale, Master in Sviluppo Locale, XV Edizione, Anno Accademico 2018\/2019<\/p>\n<p>Per scaricare il PDF <a href=\"https:\/\/wpsite-assets.fondazionepirelli.org\/wp-content\/uploads\/2019\/12\/17094939\/Successo_imprenditoriale_attenzione_etica_verso_i_lavoratori_Arduino_Granzino_XV_masl.pdf\">clicca qui<\/a><\/p>\n","protected":false},"excerpt":{"rendered":"<p>In una tesi il racconto di quanto pu\u00f2 accadere quando aziende e ambiente sociale trovano la formula giusta per crescere insieme \u00a0 Un territorio che fa etica d\u2019impresa. Accade, e non raramente. Il tema da affrontare ogni volta, \u00e8 l\u2019individuazione dei canoni attraverso i quali aziende, lavoratori e ambiente sociale circostante trovano la formula corretta [&hellip;]<\/p>\n","protected":false},"author":9,"featured_media":0,"comment_status":"open","ping_status":"open","sticky":false,"template":"","format":"standard","meta":{"footnotes":""},"categories":[54,52],"tags":[],"class_list":["post-73027","post","type-post","status-publish","format-standard","hentry","category-approfondimenti","category-cultura-dimpresa"],"acf":[],"yoast_head":"<!-- This site is optimized with the Yoast SEO plugin v25.0 - https:\/\/yoast.com\/wordpress\/plugins\/seo\/ -->\n<title>Etica d\u2019impresa territoriale - Fondazione Pirelli<\/title>\n<meta name=\"robots\" content=\"index, follow, max-snippet:-1, max-image-preview:large, max-video-preview:-1\" \/>\n<link rel=\"canonical\" href=\"https:\/\/www.fondazionepirelli.org\/it\/cultura-dimpresa\/etica-dimpresa-territoriale\/\" \/>\n<meta property=\"og:locale\" content=\"it_IT\" \/>\n<meta property=\"og:type\" content=\"article\" \/>\n<meta property=\"og:title\" content=\"Etica d\u2019impresa territoriale - Fondazione Pirelli\" \/>\n<meta property=\"og:description\" content=\"In una tesi il racconto di quanto pu\u00f2 accadere quando aziende e ambiente sociale trovano la formula giusta per crescere insieme \u00a0 Un territorio che fa etica d\u2019impresa. Accade, e non raramente. Il tema da affrontare ogni volta, \u00e8 l\u2019individuazione dei canoni attraverso i quali aziende, lavoratori e ambiente sociale circostante trovano la formula corretta [&hellip;]\" \/>\n<meta property=\"og:url\" content=\"https:\/\/127.0.0.1\/it\/cultura-dimpresa\/etica-dimpresa-territoriale\/\" \/>\n<meta property=\"og:site_name\" content=\"Fondazione Pirelli\" \/>\n<meta property=\"article:published_time\" content=\"2019-12-17T12:03:26+00:00\" \/>\n<meta name=\"author\" content=\"fondazionepirelli\" \/>\n<meta name=\"twitter:card\" content=\"summary_large_image\" \/>\n<meta name=\"twitter:label1\" content=\"Scritto da\" \/>\n\t<meta name=\"twitter:data1\" content=\"fondazionepirelli\" \/>\n\t<meta name=\"twitter:label2\" content=\"Tempo di lettura stimato\" \/>\n\t<meta name=\"twitter:data2\" content=\"3 minuti\" \/>\n<script type=\"application\/ld+json\" class=\"yoast-schema-graph\">{\"@context\":\"https:\/\/schema.org\",\"@graph\":[{\"@type\":\"WebPage\",\"@id\":\"https:\/\/127.0.0.1\/it\/cultura-dimpresa\/etica-dimpresa-territoriale\/\",\"url\":\"https:\/\/127.0.0.1\/it\/cultura-dimpresa\/etica-dimpresa-territoriale\/\",\"name\":\"Etica d\u2019impresa territoriale - Fondazione Pirelli\",\"isPartOf\":{\"@id\":\"https:\/\/www.fondazionepirelli.org\/it\/#website\"},\"datePublished\":\"2019-12-17T12:03:26+00:00\",\"author\":{\"@id\":\"https:\/\/www.fondazionepirelli.org\/it\/#\/schema\/person\/c31fcf5937a0e6afa45497f3f8b6d7a0\"},\"breadcrumb\":{\"@id\":\"https:\/\/127.0.0.1\/it\/cultura-dimpresa\/etica-dimpresa-territoriale\/#breadcrumb\"},\"inLanguage\":\"it-IT\",\"potentialAction\":[{\"@type\":\"ReadAction\",\"target\":[\"https:\/\/127.0.0.1\/it\/cultura-dimpresa\/etica-dimpresa-territoriale\/\"]}]},{\"@type\":\"BreadcrumbList\",\"@id\":\"https:\/\/127.0.0.1\/it\/cultura-dimpresa\/etica-dimpresa-territoriale\/#breadcrumb\",\"itemListElement\":[{\"@type\":\"ListItem\",\"position\":1,\"name\":\"Home\",\"item\":\"https:\/\/www.fondazionepirelli.org\/it\/\"},{\"@type\":\"ListItem\",\"position\":2,\"name\":\"Etica d\u2019impresa territoriale\"}]},{\"@type\":\"WebSite\",\"@id\":\"https:\/\/www.fondazionepirelli.org\/it\/#website\",\"url\":\"https:\/\/www.fondazionepirelli.org\/it\/\",\"name\":\"Fondazione Pirelli\",\"description\":\"\",\"potentialAction\":[{\"@type\":\"SearchAction\",\"target\":{\"@type\":\"EntryPoint\",\"urlTemplate\":\"https:\/\/www.fondazionepirelli.org\/it\/?s={search_term_string}\"},\"query-input\":{\"@type\":\"PropertyValueSpecification\",\"valueRequired\":true,\"valueName\":\"search_term_string\"}}],\"inLanguage\":\"it-IT\"},{\"@type\":\"Person\",\"@id\":\"https:\/\/www.fondazionepirelli.org\/it\/#\/schema\/person\/c31fcf5937a0e6afa45497f3f8b6d7a0\",\"name\":\"fondazionepirelli\",\"image\":{\"@type\":\"ImageObject\",\"inLanguage\":\"it-IT\",\"@id\":\"https:\/\/www.fondazionepirelli.org\/it\/#\/schema\/person\/image\/\",\"url\":\"https:\/\/secure.gravatar.com\/avatar\/9cb486421ce1d6eddbf6c4fb66841b4325b786695f7aedf1dde2222428218696?s=96&d=mm&r=g\",\"contentUrl\":\"https:\/\/secure.gravatar.com\/avatar\/9cb486421ce1d6eddbf6c4fb66841b4325b786695f7aedf1dde2222428218696?s=96&d=mm&r=g\",\"caption\":\"fondazionepirelli\"},\"url\":\"https:\/\/www.fondazionepirelli.org\/it\/author\/fondazionepirelli\/\"}]}<\/script>\n<!-- \/ Yoast SEO plugin. -->","yoast_head_json":{"title":"Etica d\u2019impresa territoriale - Fondazione Pirelli","robots":{"index":"index","follow":"follow","max-snippet":"max-snippet:-1","max-image-preview":"max-image-preview:large","max-video-preview":"max-video-preview:-1"},"canonical":"https:\/\/www.fondazionepirelli.org\/it\/cultura-dimpresa\/etica-dimpresa-territoriale\/","og_locale":"it_IT","og_type":"article","og_title":"Etica d\u2019impresa territoriale - Fondazione Pirelli","og_description":"In una tesi il racconto di quanto pu\u00f2 accadere quando aziende e ambiente sociale trovano la formula giusta per crescere insieme \u00a0 Un territorio che fa etica d\u2019impresa. Accade, e non raramente. Il tema da affrontare ogni volta, \u00e8 l\u2019individuazione dei canoni attraverso i quali aziende, lavoratori e ambiente sociale circostante trovano la formula corretta [&hellip;]","og_url":"https:\/\/127.0.0.1\/it\/cultura-dimpresa\/etica-dimpresa-territoriale\/","og_site_name":"Fondazione Pirelli","article_published_time":"2019-12-17T12:03:26+00:00","author":"fondazionepirelli","twitter_card":"summary_large_image","twitter_misc":{"Scritto da":"fondazionepirelli","Tempo di lettura stimato":"3 minuti"},"schema":{"@context":"https:\/\/schema.org","@graph":[{"@type":"WebPage","@id":"https:\/\/127.0.0.1\/it\/cultura-dimpresa\/etica-dimpresa-territoriale\/","url":"https:\/\/127.0.0.1\/it\/cultura-dimpresa\/etica-dimpresa-territoriale\/","name":"Etica d\u2019impresa territoriale - Fondazione Pirelli","isPartOf":{"@id":"https:\/\/www.fondazionepirelli.org\/it\/#website"},"datePublished":"2019-12-17T12:03:26+00:00","author":{"@id":"https:\/\/www.fondazionepirelli.org\/it\/#\/schema\/person\/c31fcf5937a0e6afa45497f3f8b6d7a0"},"breadcrumb":{"@id":"https:\/\/127.0.0.1\/it\/cultura-dimpresa\/etica-dimpresa-territoriale\/#breadcrumb"},"inLanguage":"it-IT","potentialAction":[{"@type":"ReadAction","target":["https:\/\/127.0.0.1\/it\/cultura-dimpresa\/etica-dimpresa-territoriale\/"]}]},{"@type":"BreadcrumbList","@id":"https:\/\/127.0.0.1\/it\/cultura-dimpresa\/etica-dimpresa-territoriale\/#breadcrumb","itemListElement":[{"@type":"ListItem","position":1,"name":"Home","item":"https:\/\/www.fondazionepirelli.org\/it\/"},{"@type":"ListItem","position":2,"name":"Etica d\u2019impresa territoriale"}]},{"@type":"WebSite","@id":"https:\/\/www.fondazionepirelli.org\/it\/#website","url":"https:\/\/www.fondazionepirelli.org\/it\/","name":"Fondazione Pirelli","description":"","potentialAction":[{"@type":"SearchAction","target":{"@type":"EntryPoint","urlTemplate":"https:\/\/www.fondazionepirelli.org\/it\/?s={search_term_string}"},"query-input":{"@type":"PropertyValueSpecification","valueRequired":true,"valueName":"search_term_string"}}],"inLanguage":"it-IT"},{"@type":"Person","@id":"https:\/\/www.fondazionepirelli.org\/it\/#\/schema\/person\/c31fcf5937a0e6afa45497f3f8b6d7a0","name":"fondazionepirelli","image":{"@type":"ImageObject","inLanguage":"it-IT","@id":"https:\/\/www.fondazionepirelli.org\/it\/#\/schema\/person\/image\/","url":"https:\/\/secure.gravatar.com\/avatar\/9cb486421ce1d6eddbf6c4fb66841b4325b786695f7aedf1dde2222428218696?s=96&d=mm&r=g","contentUrl":"https:\/\/secure.gravatar.com\/avatar\/9cb486421ce1d6eddbf6c4fb66841b4325b786695f7aedf1dde2222428218696?s=96&d=mm&r=g","caption":"fondazionepirelli"},"url":"https:\/\/www.fondazionepirelli.org\/it\/author\/fondazionepirelli\/"}]}},"_links":{"self":[{"href":"https:\/\/www.fondazionepirelli.org\/it\/wp-json\/wp\/v2\/posts\/73027\/"}],"collection":[{"href":"https:\/\/www.fondazionepirelli.org\/it\/wp-json\/wp\/v2\/posts\/"}],"about":[{"href":"https:\/\/www.fondazionepirelli.org\/it\/wp-json\/wp\/v2\/types\/post\/"}],"author":[{"embeddable":true,"href":"https:\/\/www.fondazionepirelli.org\/it\/wp-json\/wp\/v2\/users\/9\/"}],"replies":[{"embeddable":true,"href":"https:\/\/www.fondazionepirelli.org\/it\/wp-json\/wp\/v2\/comments\/?post=73027"}],"version-history":[{"count":3,"href":"https:\/\/www.fondazionepirelli.org\/it\/wp-json\/wp\/v2\/posts\/73027\/revisions\/"}],"predecessor-version":[{"id":73032,"href":"https:\/\/www.fondazionepirelli.org\/it\/wp-json\/wp\/v2\/posts\/73027\/revisions\/73032\/"}],"wp:attachment":[{"href":"https:\/\/www.fondazionepirelli.org\/it\/wp-json\/wp\/v2\/media\/?parent=73027"}],"wp:term":[{"taxonomy":"category","embeddable":true,"href":"https:\/\/www.fondazionepirelli.org\/it\/wp-json\/wp\/v2\/categories\/?post=73027"},{"taxonomy":"post_tag","embeddable":true,"href":"https:\/\/www.fondazionepirelli.org\/it\/wp-json\/wp\/v2\/tags\/?post=73027"}],"curies":[{"name":"wp","href":"https:\/\/api.w.org\/{rel}","templated":true}]}}