{"id":73268,"date":"2020-01-07T10:10:07","date_gmt":"2020-01-07T09:10:07","guid":{"rendered":"https:\/\/www.fondazionepirelli.org\/?p=73268"},"modified":"2020-01-07T10:49:04","modified_gmt":"2020-01-07T09:49:04","slug":"lo-stimolo-francese-per-rilanciare-il-turismo-industriale-e-le-iniziative-delle-imprese-italiane-tra-memoria-e-innovazione","status":"publish","type":"post","link":"https:\/\/www.fondazionepirelli.org\/it\/cultura-dimpresa\/lo-stimolo-francese-per-rilanciare-il-turismo-industriale-e-le-iniziative-delle-imprese-italiane-tra-memoria-e-innovazione\/","title":{"rendered":"Lo stimolo francese per rilanciare il turismo industriale e le iniziative delle imprese italiane tra memoria e innovazione"},"content":{"rendered":"<p>C\u2019\u00e8 una straordinaria attualit\u00e0, nella <strong>memoria delle fabbriche<\/strong>. Lo sanno bene le imprese italiane, alcune delle quali, quasi vent\u2019anni fa, hanno fondato <strong>Museimpresa<\/strong>, su iniziative di <strong>Assolombarda<\/strong> e <strong>Confindustria<\/strong>, secondo l\u2019idea forte che proprio le fabbriche sono luoghi fisici e mentali dove il passato e il futuro s\u2019incontrano e la <strong>cultura d\u2019impresa<\/strong>, tra testimonianza e innovazione, \u00e8 un asset fondamentale di competitivit\u00e0.<\/p>\n<p>Nel tempo, lo riaffermano, con crescente convinzione, anche <strong>le<\/strong> <strong>imprese francesi<\/strong> che, nel 2018, <strong>hanno visto circa 15 milioni di persone visitare pi\u00f9 di 2mila siti produttivi<\/strong>. Lo racconta \u201cLa Stampa\u201d (2 gennaio), ricordando che il 94% di quelle imprese tanto apprezzate dal pubblico del <strong>\u201cturismo industriale\u201d<\/strong> siano piccole e medie e, nel 60% dei casi, fabbriche alimentari, con tanto di spaccio e <strong>centri di degustazione<\/strong> dei prodotti: il valore del conoscere \u201cla cultura del fare\u201d, ma anche il piacere del gusto, l\u2019attenzione per il buon cibo di qualit\u00e0. Non mancano, naturalmente, nell\u2019elenco delle attrazioni, le grandi imprese, dalle <strong>centrali elettriche di Edf<\/strong> agli <strong>stabilimenti automobilistici Renault e Psa<\/strong> (Peugeot e Citroen) e all\u2019industria aeronautica (Airbus). N\u00e9 le fabbriche storiche, come la <strong>Manifacture Bohin<\/strong>, che per produrre i suoi aghi speciali e per ospitare il <strong>museo aziendale<\/strong> continua a occupare parte degli edifici ottocenteschi in cui part\u00ec l\u2019attivit\u00e0 industriale. Il numero dei francesi sensibili all\u2019attenzione per la manifattura \u00e8 in aumento: erano 12 milioni nel 2012, sono cresciuti del 25% adesso. Tanto che la <strong>\u201cRoutard\u201d<\/strong> ha deciso di ristampare la sua \u201cGuide\u201d dedicata appunto al settore industriale.<\/p>\n<p>Tanta attenzione rivela una nuova sensibilit\u00e0 economica e culturale di fondo: in tempi di crisi del \u201ccapitalismo d\u2019assalto\u201d e del neoliberismo guidato dai discutibili valori della finanza speculativa, il <strong>cambio di paradigma economico per uno sviluppo pi\u00f9 sostenibile ed equilibrato<\/strong> non pu\u00f2 non rifondarsi sull\u2019economia reale, sulle attivit\u00e0 produttive d\u2019una manifattura capace di legare qualit\u00e0, innovazione, responsabilit\u00e0 sociale. La fabbrica, appunto. Come luogo di produttivit\u00e0 e inclusione.<\/p>\n<p>L\u2019attenzione francese per l\u2019industria ha un solido sostegno in scelte di politica economica e industriale del governo, deciso a fare crescere quel basso <strong>12,5% di incidenza dell\u2019industria sul Pil<\/strong>, per cercare di avvicinarsi rapidamente al 20% indicato come <strong>obiettivo dalla Commissione Ue<\/strong>, sapendo che la <strong>Germania<\/strong>, prima manifattura europea, \u00e8 gi\u00e0 adesso oltre il 20 e che l\u2019<strong>Italia<\/strong> ha s\u00ec una media di circa il 17%, ma con punte del 25% se si considerano i dati delle regioni pi\u00f9 industrializzate, Lombardia, Emilia Romagna e Nord Est.<\/p>\n<p>Il problema italiano, purtroppo, \u00e8 che mentre le imprese fanno tutto quanto \u00e8 loro possibile per investire, crescere, innovare, conquistare nuovi mercati e trasformarsi secondo i paradigmi sostenibili d\u2019una competitiva <strong>green economy<\/strong> (lo documenta l\u2019ultimo Rapporto Symbola), i governi recenti (giallo-verde e giallo-rosso) si mostrano condizionati da un deleterio <strong>spirito anti-industriale, anti-impresa, anti-innovazione<\/strong> che caratterizza purtroppo il gruppo pi\u00f9 numeroso in Parlamento, il Movimento 5Stelle. E cos\u00ec, strette tra politiche disattente quando non ostili all\u2019industria e congiuntura economica negativa, le nostre imprese fanno fatica, rallentano gli investimenti, subiscono, indebolite, una aggressiva competizione internazionale. Ma non si pu\u00f2 pensare a <strong>lavoro, riforme, benessere diffuso, nuove stagioni di investimenti<\/strong> per il welfare e l\u2019ambiente senza dare proprio alle imprese un ruolo di primo piano. Sarebbe bene che il<strong> governo Conte<\/strong>, al di l\u00e0 dei discorsi d\u2019occasione, se ne rendesse concretamente conto e si comportasse coerentemente, con solide scelte di politica industriale.<\/p>\n<p>Le imprese, per quel che riguarda la loro responsabilit\u00e0, si muovono. Lavorando. Innovano. Si aprono al pubblico, sapendo bene che anche <strong>la trasparenza dei processi produttivi rafforza il legame con il pubblico<\/strong> e aiuta il passaggio, indispensabile, dalla cultura dello shareholder value (l\u2019attenzione per profitto e valore dalle imprese in Borsa, indispensabile ma non esclusiva) alla <strong>cultura dello<\/strong> <strong>stakeholder value<\/strong>, l\u2019impegno per il rispetto degli interessi e dei valori di lavoratori, consumatori, fornitori, cittadini delle comunit\u00e0 su cui impatta l\u2019attivit\u00e0 d\u2019impresa (ne abbiamo parlato pi\u00f9 volte in questi blog). L\u2019orizzonte \u00e8 quello dell\u2019<strong>\u201ceconomia giusta\u201d<\/strong>, circolare, civile (un\u2019economia attenta alla civitas, come insegna <strong>Stefano Zamagni<\/strong>, economista di solida esperienza).<\/p>\n<p>Fabbriche aperte, sostenibilit\u00e0 ambientale e sociale,<strong> ricostruzione di fiducia tra imprese e societ\u00e0 civile<\/strong>, indicazione della manifattura come settore in cui, per le nuove generazioni, cercare prospettive di lavoro e di crescita. Vale dunque la pena ricordare il successo crescente di attenzione e partecipazione di una serie di iniziative di cui abbiamo scritto di recente: la <strong>\u201cSettimana della Cultura d\u2019impresa\u201d<\/strong> organizzata da Museimpresa e Confindustria, il <strong>\u201cPmi Day\u201d<\/strong>, promosso dalla Piccola Industria di Confindustria (1.300 fabbriche aperte per 46mila ragazzi italiani), e le manifestazioni di <strong>\u201cOpenFactory\u201d<\/strong>, voluta da ItalyPost e da \u201cL\u2019Economia\u201d del Corriere della Sera: cinquanta stabilimenti aperti al pubblico, domenica 24 novembre, con pi\u00f9 di 22mila partecipanti, dall\u2019Emilia alla Lombardia, dal Veneto (come alla Carraro di Campodarsego, componentistica hi tech per trattori, un\u2019eccellenza del made in Italy di maggior successo nel mondo) al Friuli, ma anche in altre aree dell\u2019Italia centrale. E ancora <strong>\u201cFabbriche aperte\u201d<\/strong> della Regione Piemonte, all\u2019inizio di novembre, pi\u00f9 di 8mila persone in 120 aziende (grande successo di quelle dell\u2019agro-alimentare). E <strong>\u201cManifatture Aperte\u201d<\/strong> del Comune di Milano, nell\u2019ultimo week end di novembre, per valorizzare pure \u201cil ritorno della manifattura in citt\u00e0\u201d, tra \u201cfab lab\u201d e start up. Tutto un fermento di attenzione pubblica, popolare, per la nostra impresa e il suo ruolo di attore principale dello sviluppo. <strong>Tradizione industriale e innovazione da digital economy, sapienza artigiana e robot, cultura del saper fare<\/strong>. E un\u2019idea di fondo: rilanciare l\u2019<strong>alternanza scuola-lavoro<\/strong> e, pi\u00f9 in generale, contagiare i nostri ragazzi, fare vedere concretamente loro che \u201cla fabbrica bella\u201d, efficiente, sostenibile, sicura, inclusiva, \u00e8, appunto, un buon posto in cui fare vivere lavoro, dignit\u00e0 professionale, conoscenza e futuro.<\/p>\n<p>Lo stimolo che arriva dal <strong>rilancio industriale del pubblico francese<\/strong>, proprio in questo quadro, non pu\u00f2 che spingere anche il mondo dell\u2019impresa italiana a fare, sul piano della cultura d\u2019impresa, di pi\u00f9 e meglio. Sperando che, finalmente, anche governo e forze politiche sappiano fare la loro parte, lungimirante e responsabile.<\/p>\n","protected":false},"excerpt":{"rendered":"<p>C\u2019\u00e8 una straordinaria attualit\u00e0, nella memoria delle fabbriche. Lo sanno bene le imprese italiane, alcune delle quali, quasi vent\u2019anni fa, hanno fondato Museimpresa, su iniziative di Assolombarda e Confindustria, secondo l\u2019idea forte che proprio le fabbriche sono luoghi fisici e mentali dove il passato e il futuro s\u2019incontrano e la cultura d\u2019impresa, tra testimonianza e [&hellip;]<\/p>\n","protected":false},"author":9,"featured_media":73290,"comment_status":"open","ping_status":"open","sticky":false,"template":"","format":"standard","meta":{"footnotes":""},"categories":[53,52],"tags":[],"class_list":["post-73268","post","type-post","status-publish","format-standard","has-post-thumbnail","hentry","category-blog","category-cultura-dimpresa"],"acf":[],"yoast_head":"<!-- This site is optimized with the Yoast SEO plugin v25.0 - https:\/\/yoast.com\/wordpress\/plugins\/seo\/ -->\n<title>Lo stimolo francese per rilanciare il turismo industriale e le iniziative delle imprese italiane tra memoria e innovazione - Fondazione Pirelli<\/title>\n<meta name=\"robots\" content=\"index, follow, max-snippet:-1, max-image-preview:large, max-video-preview:-1\" \/>\n<link rel=\"canonical\" href=\"https:\/\/www.fondazionepirelli.org\/it\/cultura-dimpresa\/lo-stimolo-francese-per-rilanciare-il-turismo-industriale-e-le-iniziative-delle-imprese-italiane-tra-memoria-e-innovazione\/\" \/>\n<meta property=\"og:locale\" content=\"it_IT\" \/>\n<meta property=\"og:type\" content=\"article\" \/>\n<meta property=\"og:title\" content=\"Lo stimolo francese per rilanciare il turismo industriale e le iniziative delle imprese italiane tra memoria e innovazione - Fondazione Pirelli\" \/>\n<meta property=\"og:description\" content=\"C\u2019\u00e8 una straordinaria attualit\u00e0, nella memoria delle fabbriche. Lo sanno bene le imprese italiane, alcune delle quali, quasi vent\u2019anni fa, hanno fondato Museimpresa, su iniziative di Assolombarda e Confindustria, secondo l\u2019idea forte che proprio le fabbriche sono luoghi fisici e mentali dove il passato e il futuro s\u2019incontrano e la cultura d\u2019impresa, tra testimonianza e [&hellip;]\" \/>\n<meta property=\"og:url\" content=\"https:\/\/www.fondazionepirelli.org\/it\/cultura-dimpresa\/lo-stimolo-francese-per-rilanciare-il-turismo-industriale-e-le-iniziative-delle-imprese-italiane-tra-memoria-e-innovazione\/\" \/>\n<meta property=\"og:site_name\" content=\"Fondazione Pirelli\" \/>\n<meta property=\"article:published_time\" content=\"2020-01-07T09:10:07+00:00\" \/>\n<meta property=\"article:modified_time\" content=\"2020-01-07T09:49:04+00:00\" \/>\n<meta property=\"og:image\" content=\"https:\/\/wpsite-assets.fondazionepirelli.org\/wp-content\/uploads\/2020\/01\/07100927\/visite-airbus-saint-nazaire.1546132.w740-e1578388178686.jpg\" \/>\n\t<meta property=\"og:image:width\" content=\"600\" \/>\n\t<meta property=\"og:image:height\" content=\"401\" \/>\n\t<meta property=\"og:image:type\" content=\"image\/jpeg\" \/>\n<meta name=\"author\" content=\"fondazionepirelli\" \/>\n<meta name=\"twitter:card\" content=\"summary_large_image\" \/>\n<meta name=\"twitter:label1\" content=\"Scritto da\" \/>\n\t<meta name=\"twitter:data1\" content=\"fondazionepirelli\" \/>\n\t<meta name=\"twitter:label2\" content=\"Tempo di lettura stimato\" \/>\n\t<meta name=\"twitter:data2\" content=\"5 minuti\" \/>\n<script type=\"application\/ld+json\" class=\"yoast-schema-graph\">{\"@context\":\"https:\/\/schema.org\",\"@graph\":[{\"@type\":\"WebPage\",\"@id\":\"https:\/\/www.fondazionepirelli.org\/it\/cultura-dimpresa\/lo-stimolo-francese-per-rilanciare-il-turismo-industriale-e-le-iniziative-delle-imprese-italiane-tra-memoria-e-innovazione\/\",\"url\":\"https:\/\/www.fondazionepirelli.org\/it\/cultura-dimpresa\/lo-stimolo-francese-per-rilanciare-il-turismo-industriale-e-le-iniziative-delle-imprese-italiane-tra-memoria-e-innovazione\/\",\"name\":\"Lo stimolo francese per rilanciare il turismo industriale e le iniziative delle imprese italiane tra memoria e innovazione - Fondazione Pirelli\",\"isPartOf\":{\"@id\":\"https:\/\/www.fondazionepirelli.org\/it\/#website\"},\"primaryImageOfPage\":{\"@id\":\"https:\/\/www.fondazionepirelli.org\/it\/cultura-dimpresa\/lo-stimolo-francese-per-rilanciare-il-turismo-industriale-e-le-iniziative-delle-imprese-italiane-tra-memoria-e-innovazione\/#primaryimage\"},\"image\":{\"@id\":\"https:\/\/www.fondazionepirelli.org\/it\/cultura-dimpresa\/lo-stimolo-francese-per-rilanciare-il-turismo-industriale-e-le-iniziative-delle-imprese-italiane-tra-memoria-e-innovazione\/#primaryimage\"},\"thumbnailUrl\":\"https:\/\/wpsite-assets.fondazionepirelli.org\/wp-content\/uploads\/2020\/01\/07100927\/visite-airbus-saint-nazaire.1546132.w740-e1578388178686.jpg\",\"datePublished\":\"2020-01-07T09:10:07+00:00\",\"dateModified\":\"2020-01-07T09:49:04+00:00\",\"author\":{\"@id\":\"https:\/\/www.fondazionepirelli.org\/it\/#\/schema\/person\/c31fcf5937a0e6afa45497f3f8b6d7a0\"},\"breadcrumb\":{\"@id\":\"https:\/\/www.fondazionepirelli.org\/it\/cultura-dimpresa\/lo-stimolo-francese-per-rilanciare-il-turismo-industriale-e-le-iniziative-delle-imprese-italiane-tra-memoria-e-innovazione\/#breadcrumb\"},\"inLanguage\":\"it-IT\",\"potentialAction\":[{\"@type\":\"ReadAction\",\"target\":[\"https:\/\/www.fondazionepirelli.org\/it\/cultura-dimpresa\/lo-stimolo-francese-per-rilanciare-il-turismo-industriale-e-le-iniziative-delle-imprese-italiane-tra-memoria-e-innovazione\/\"]}]},{\"@type\":\"ImageObject\",\"inLanguage\":\"it-IT\",\"@id\":\"https:\/\/www.fondazionepirelli.org\/it\/cultura-dimpresa\/lo-stimolo-francese-per-rilanciare-il-turismo-industriale-e-le-iniziative-delle-imprese-italiane-tra-memoria-e-innovazione\/#primaryimage\",\"url\":\"https:\/\/wpsite-assets.fondazionepirelli.org\/wp-content\/uploads\/2020\/01\/07100927\/visite-airbus-saint-nazaire.1546132.w740-e1578388178686.jpg\",\"contentUrl\":\"https:\/\/wpsite-assets.fondazionepirelli.org\/wp-content\/uploads\/2020\/01\/07100927\/visite-airbus-saint-nazaire.1546132.w740-e1578388178686.jpg\",\"width\":600,\"height\":401},{\"@type\":\"BreadcrumbList\",\"@id\":\"https:\/\/www.fondazionepirelli.org\/it\/cultura-dimpresa\/lo-stimolo-francese-per-rilanciare-il-turismo-industriale-e-le-iniziative-delle-imprese-italiane-tra-memoria-e-innovazione\/#breadcrumb\",\"itemListElement\":[{\"@type\":\"ListItem\",\"position\":1,\"name\":\"Home\",\"item\":\"https:\/\/www.fondazionepirelli.org\/it\/\"},{\"@type\":\"ListItem\",\"position\":2,\"name\":\"Lo stimolo francese per rilanciare il turismo industriale e le iniziative delle imprese italiane tra memoria e innovazione\"}]},{\"@type\":\"WebSite\",\"@id\":\"https:\/\/www.fondazionepirelli.org\/it\/#website\",\"url\":\"https:\/\/www.fondazionepirelli.org\/it\/\",\"name\":\"Fondazione Pirelli\",\"description\":\"\",\"potentialAction\":[{\"@type\":\"SearchAction\",\"target\":{\"@type\":\"EntryPoint\",\"urlTemplate\":\"https:\/\/www.fondazionepirelli.org\/it\/?s={search_term_string}\"},\"query-input\":{\"@type\":\"PropertyValueSpecification\",\"valueRequired\":true,\"valueName\":\"search_term_string\"}}],\"inLanguage\":\"it-IT\"},{\"@type\":\"Person\",\"@id\":\"https:\/\/www.fondazionepirelli.org\/it\/#\/schema\/person\/c31fcf5937a0e6afa45497f3f8b6d7a0\",\"name\":\"fondazionepirelli\",\"image\":{\"@type\":\"ImageObject\",\"inLanguage\":\"it-IT\",\"@id\":\"https:\/\/www.fondazionepirelli.org\/it\/#\/schema\/person\/image\/\",\"url\":\"https:\/\/secure.gravatar.com\/avatar\/9cb486421ce1d6eddbf6c4fb66841b4325b786695f7aedf1dde2222428218696?s=96&d=mm&r=g\",\"contentUrl\":\"https:\/\/secure.gravatar.com\/avatar\/9cb486421ce1d6eddbf6c4fb66841b4325b786695f7aedf1dde2222428218696?s=96&d=mm&r=g\",\"caption\":\"fondazionepirelli\"},\"url\":\"https:\/\/www.fondazionepirelli.org\/it\/author\/fondazionepirelli\/\"}]}<\/script>\n<!-- \/ Yoast SEO plugin. -->","yoast_head_json":{"title":"Lo stimolo francese per rilanciare il turismo industriale e le iniziative delle imprese italiane tra memoria e innovazione - Fondazione Pirelli","robots":{"index":"index","follow":"follow","max-snippet":"max-snippet:-1","max-image-preview":"max-image-preview:large","max-video-preview":"max-video-preview:-1"},"canonical":"https:\/\/www.fondazionepirelli.org\/it\/cultura-dimpresa\/lo-stimolo-francese-per-rilanciare-il-turismo-industriale-e-le-iniziative-delle-imprese-italiane-tra-memoria-e-innovazione\/","og_locale":"it_IT","og_type":"article","og_title":"Lo stimolo francese per rilanciare il turismo industriale e le iniziative delle imprese italiane tra memoria e innovazione - Fondazione Pirelli","og_description":"C\u2019\u00e8 una straordinaria attualit\u00e0, nella memoria delle fabbriche. Lo sanno bene le imprese italiane, alcune delle quali, quasi vent\u2019anni fa, hanno fondato Museimpresa, su iniziative di Assolombarda e Confindustria, secondo l\u2019idea forte che proprio le fabbriche sono luoghi fisici e mentali dove il passato e il futuro s\u2019incontrano e la cultura d\u2019impresa, tra testimonianza e [&hellip;]","og_url":"https:\/\/www.fondazionepirelli.org\/it\/cultura-dimpresa\/lo-stimolo-francese-per-rilanciare-il-turismo-industriale-e-le-iniziative-delle-imprese-italiane-tra-memoria-e-innovazione\/","og_site_name":"Fondazione Pirelli","article_published_time":"2020-01-07T09:10:07+00:00","article_modified_time":"2020-01-07T09:49:04+00:00","og_image":[{"width":600,"height":401,"url":"https:\/\/wpsite-assets.fondazionepirelli.org\/wp-content\/uploads\/2020\/01\/07100927\/visite-airbus-saint-nazaire.1546132.w740-e1578388178686.jpg","type":"image\/jpeg"}],"author":"fondazionepirelli","twitter_card":"summary_large_image","twitter_misc":{"Scritto da":"fondazionepirelli","Tempo di lettura stimato":"5 minuti"},"schema":{"@context":"https:\/\/schema.org","@graph":[{"@type":"WebPage","@id":"https:\/\/www.fondazionepirelli.org\/it\/cultura-dimpresa\/lo-stimolo-francese-per-rilanciare-il-turismo-industriale-e-le-iniziative-delle-imprese-italiane-tra-memoria-e-innovazione\/","url":"https:\/\/www.fondazionepirelli.org\/it\/cultura-dimpresa\/lo-stimolo-francese-per-rilanciare-il-turismo-industriale-e-le-iniziative-delle-imprese-italiane-tra-memoria-e-innovazione\/","name":"Lo stimolo francese per rilanciare il turismo industriale e le iniziative delle imprese italiane tra memoria e innovazione - Fondazione Pirelli","isPartOf":{"@id":"https:\/\/www.fondazionepirelli.org\/it\/#website"},"primaryImageOfPage":{"@id":"https:\/\/www.fondazionepirelli.org\/it\/cultura-dimpresa\/lo-stimolo-francese-per-rilanciare-il-turismo-industriale-e-le-iniziative-delle-imprese-italiane-tra-memoria-e-innovazione\/#primaryimage"},"image":{"@id":"https:\/\/www.fondazionepirelli.org\/it\/cultura-dimpresa\/lo-stimolo-francese-per-rilanciare-il-turismo-industriale-e-le-iniziative-delle-imprese-italiane-tra-memoria-e-innovazione\/#primaryimage"},"thumbnailUrl":"https:\/\/wpsite-assets.fondazionepirelli.org\/wp-content\/uploads\/2020\/01\/07100927\/visite-airbus-saint-nazaire.1546132.w740-e1578388178686.jpg","datePublished":"2020-01-07T09:10:07+00:00","dateModified":"2020-01-07T09:49:04+00:00","author":{"@id":"https:\/\/www.fondazionepirelli.org\/it\/#\/schema\/person\/c31fcf5937a0e6afa45497f3f8b6d7a0"},"breadcrumb":{"@id":"https:\/\/www.fondazionepirelli.org\/it\/cultura-dimpresa\/lo-stimolo-francese-per-rilanciare-il-turismo-industriale-e-le-iniziative-delle-imprese-italiane-tra-memoria-e-innovazione\/#breadcrumb"},"inLanguage":"it-IT","potentialAction":[{"@type":"ReadAction","target":["https:\/\/www.fondazionepirelli.org\/it\/cultura-dimpresa\/lo-stimolo-francese-per-rilanciare-il-turismo-industriale-e-le-iniziative-delle-imprese-italiane-tra-memoria-e-innovazione\/"]}]},{"@type":"ImageObject","inLanguage":"it-IT","@id":"https:\/\/www.fondazionepirelli.org\/it\/cultura-dimpresa\/lo-stimolo-francese-per-rilanciare-il-turismo-industriale-e-le-iniziative-delle-imprese-italiane-tra-memoria-e-innovazione\/#primaryimage","url":"https:\/\/wpsite-assets.fondazionepirelli.org\/wp-content\/uploads\/2020\/01\/07100927\/visite-airbus-saint-nazaire.1546132.w740-e1578388178686.jpg","contentUrl":"https:\/\/wpsite-assets.fondazionepirelli.org\/wp-content\/uploads\/2020\/01\/07100927\/visite-airbus-saint-nazaire.1546132.w740-e1578388178686.jpg","width":600,"height":401},{"@type":"BreadcrumbList","@id":"https:\/\/www.fondazionepirelli.org\/it\/cultura-dimpresa\/lo-stimolo-francese-per-rilanciare-il-turismo-industriale-e-le-iniziative-delle-imprese-italiane-tra-memoria-e-innovazione\/#breadcrumb","itemListElement":[{"@type":"ListItem","position":1,"name":"Home","item":"https:\/\/www.fondazionepirelli.org\/it\/"},{"@type":"ListItem","position":2,"name":"Lo stimolo francese per rilanciare il turismo industriale e le iniziative delle imprese italiane tra memoria e innovazione"}]},{"@type":"WebSite","@id":"https:\/\/www.fondazionepirelli.org\/it\/#website","url":"https:\/\/www.fondazionepirelli.org\/it\/","name":"Fondazione Pirelli","description":"","potentialAction":[{"@type":"SearchAction","target":{"@type":"EntryPoint","urlTemplate":"https:\/\/www.fondazionepirelli.org\/it\/?s={search_term_string}"},"query-input":{"@type":"PropertyValueSpecification","valueRequired":true,"valueName":"search_term_string"}}],"inLanguage":"it-IT"},{"@type":"Person","@id":"https:\/\/www.fondazionepirelli.org\/it\/#\/schema\/person\/c31fcf5937a0e6afa45497f3f8b6d7a0","name":"fondazionepirelli","image":{"@type":"ImageObject","inLanguage":"it-IT","@id":"https:\/\/www.fondazionepirelli.org\/it\/#\/schema\/person\/image\/","url":"https:\/\/secure.gravatar.com\/avatar\/9cb486421ce1d6eddbf6c4fb66841b4325b786695f7aedf1dde2222428218696?s=96&d=mm&r=g","contentUrl":"https:\/\/secure.gravatar.com\/avatar\/9cb486421ce1d6eddbf6c4fb66841b4325b786695f7aedf1dde2222428218696?s=96&d=mm&r=g","caption":"fondazionepirelli"},"url":"https:\/\/www.fondazionepirelli.org\/it\/author\/fondazionepirelli\/"}]}},"_links":{"self":[{"href":"https:\/\/www.fondazionepirelli.org\/it\/wp-json\/wp\/v2\/posts\/73268\/"}],"collection":[{"href":"https:\/\/www.fondazionepirelli.org\/it\/wp-json\/wp\/v2\/posts\/"}],"about":[{"href":"https:\/\/www.fondazionepirelli.org\/it\/wp-json\/wp\/v2\/types\/post\/"}],"author":[{"embeddable":true,"href":"https:\/\/www.fondazionepirelli.org\/it\/wp-json\/wp\/v2\/users\/9\/"}],"replies":[{"embeddable":true,"href":"https:\/\/www.fondazionepirelli.org\/it\/wp-json\/wp\/v2\/comments\/?post=73268"}],"version-history":[{"count":3,"href":"https:\/\/www.fondazionepirelli.org\/it\/wp-json\/wp\/v2\/posts\/73268\/revisions\/"}],"predecessor-version":[{"id":73324,"href":"https:\/\/www.fondazionepirelli.org\/it\/wp-json\/wp\/v2\/posts\/73268\/revisions\/73324\/"}],"wp:featuredmedia":[{"embeddable":true,"href":"https:\/\/www.fondazionepirelli.org\/it\/wp-json\/wp\/v2\/media\/73290\/"}],"wp:attachment":[{"href":"https:\/\/www.fondazionepirelli.org\/it\/wp-json\/wp\/v2\/media\/?parent=73268"}],"wp:term":[{"taxonomy":"category","embeddable":true,"href":"https:\/\/www.fondazionepirelli.org\/it\/wp-json\/wp\/v2\/categories\/?post=73268"},{"taxonomy":"post_tag","embeddable":true,"href":"https:\/\/www.fondazionepirelli.org\/it\/wp-json\/wp\/v2\/tags\/?post=73268"}],"curies":[{"name":"wp","href":"https:\/\/api.w.org\/{rel}","templated":true}]}}