{"id":73271,"date":"2020-01-07T09:32:35","date_gmt":"2020-01-07T08:32:35","guid":{"rendered":"https:\/\/www.fondazionepirelli.org\/?p=73271"},"modified":"2020-01-07T10:07:03","modified_gmt":"2020-01-07T09:07:03","slug":"coscienti-del-presente-e-del-futuro","status":"publish","type":"post","link":"https:\/\/www.fondazionepirelli.org\/it\/cultura-dimpresa\/coscienti-del-presente-e-del-futuro\/","title":{"rendered":"Coscienti del presente e del futuro"},"content":{"rendered":"<p><em>Sintetizzato in un libro il cammino dell\u2019uomo attraverso l\u2019evoluzione delle tecnologie fino alle questioni da affrontare oggi<\/em><\/p>\n<p><strong>\u00a0<\/strong><\/p>\n<p>Il passato e il futuro, passando per il presente. Triade che mette in crisi chi, davvero, voglia capire di pi\u00f9 della vicenda che si sta attraversando. Triade intimamente legata nelle sue parti, e che dovrebbe, prima o poi, essere affrontata da chiunque. Anche, e forse soprattutto, dagli imprenditori e <em>manager <\/em>\u00a0che davvero vogliono essere tali (cos\u00ec come, d\u2019altra parte, anche da chi \u00e8 chiamato\u00a0 decidere delle sorti di organismi sociali e politici).<\/p>\n<p>Ad aiutare chi voglia compiere un\u2019impresa di questo genere, \u00e8 \u201cLa quarta era. Robot intelligenti, computer consapevoli e il futuro dell&#8217;umanit\u00e0\u201d, ultimo libro pubblicato in Italia di Byron Reese (esperto di nuove tecnologie e CEO della Gigaom, societ\u00e0 attiva nelle ricerche sulle tecnologie e i sistemi sociali).<\/p>\n<p>Il ragionamento dell\u2019autore si inserisce nel grande fiume delle ricerche sull\u2019evoluzione dell\u2019assetto tecnologico e produttivo dell\u2019umanit\u00e0. Tutto inizia dalla constatazione che gi\u00e0 per tre volte, nel corso della sua storia, l\u2019umanit\u00e0 \u00e8 stata profondamente trasformata dalla tecnologia e che oggi ci troviamo sulla soglia di un quarto cambiamento epocale grazie a due tecnologie: l\u2019Intelligenza Artificiale (IA) e la robotica. L\u2019obiettivo \u2013 raggiunto \u2013 di Reese \u00e8 quello di mettere in fila, spiegandole, diverse variet\u00e0 di ipotesi scientifiche che consentono di capire come siamo giunti fino alla situazione attuale e, soprattutto, che ci pongono in grado di valutare meglio ci\u00f2 che adesso viviamo.<\/p>\n<p>Diversi sono i pregi del libro di Reese. Prima di tutto il linguaggio che viene usato, che \u00e8 quello del racconto che si sforza di farsi leggere e di esser chiaro. Poi, la capacit\u00e0 di affrontare \u2013 come scrive nella presentazione Emil Abirascid, giornalista e fondatore di Startupbusiness.it &#8211; un tema complesso che ha implicazioni di varia natura, comprese quelle oggi solo intuibili, dando spazio a tutte le posizioni, a tutti i punti di vista, analizzando i diversi scenari possibili senza trascurare nemmeno le posizioni pi\u00f9 radicali.<\/p>\n<p>Onest\u00e0 intellettuale, quindi, oltre che capacit\u00e0 di farsi capire, caratterizzano il libro di Reese che inizia sintetizzando il cammino compiuto fino ad oggi e poi affronta con decisione la questione dell\u2019IA per passare quindi allo spinoso tema dell\u2019intelligenza e della coscienza dei computer e arrivare quindi ad approfondire la quarta era dell\u2019evoluzione tecnologica.<\/p>\n<p>Il merito principale del libro di Byron Reese \u00e8 tuttavia ancora un altro: quello di fornire una serie importante di strumenti di conoscenza, ma non risposte preconfezionate alle tante domande che possono sorgere di fronte alle nuove tecnologie.<\/p>\n<p>Scrive ad un certo punto del libro il suo autore: \u201cNessuno sa fin dove ci si potr\u00e0 spingere, ma a un certo punto potremmo incominciare a chiederci dove finisca l\u2019essere umano e dove cominci la macchina. Le vecchie domande assumeranno un nuovo significato: che cosa significa essere umani? Che cosa sono la vita e la morte? Siete il vostro corpo? Siete il vostro cervello? Siete la vostra mente?\u201d. Mentre proprio alla fine della sua fatica di scrittore, sempre Reese, raccontando di un futuro ancora oltre l\u2019immaginabile eppure positivo, richiama il lettore ad una condizione di fondo: \u201cQuesto non \u00e8 pi\u00f9 semplicemente un sogno fine a se stesso ma una possibilit\u00e0 concreta. Non \u00e8 pi\u00f9 una questione di risorse, \u00e8 solo una questione di volont\u00e0\u201d.<\/p>\n<p><strong>\u00a0<\/strong><\/p>\n<p><strong>La quarta era. Robot intelligenti, computer consapevoli e il futuro dell&#8217;umanit\u00e0<\/strong><br \/>\nByron Reese<br \/>\nFranco Angeli, 2019<\/p>\n","protected":false},"excerpt":{"rendered":"<p>Sintetizzato in un libro il cammino dell\u2019uomo attraverso l\u2019evoluzione delle tecnologie fino alle questioni da affrontare oggi \u00a0 Il passato e il futuro, passando per il presente. Triade che mette in crisi chi, davvero, voglia capire di pi\u00f9 della vicenda che si sta attraversando. Triade intimamente legata nelle sue parti, e che dovrebbe, prima o [&hellip;]<\/p>\n","protected":false},"author":9,"featured_media":73272,"comment_status":"open","ping_status":"open","sticky":false,"template":"","format":"standard","meta":{"footnotes":""},"categories":[52,58],"tags":[],"class_list":["post-73271","post","type-post","status-publish","format-standard","has-post-thumbnail","hentry","category-cultura-dimpresa","category-recensioni-libri"],"acf":[],"yoast_head":"<!-- This site is optimized with the Yoast SEO plugin v25.0 - https:\/\/yoast.com\/wordpress\/plugins\/seo\/ -->\n<title>Coscienti del presente e del futuro - Fondazione Pirelli<\/title>\n<meta name=\"robots\" content=\"index, follow, max-snippet:-1, max-image-preview:large, max-video-preview:-1\" \/>\n<link rel=\"canonical\" href=\"https:\/\/www.fondazionepirelli.org\/it\/cultura-dimpresa\/coscienti-del-presente-e-del-futuro\/\" \/>\n<meta property=\"og:locale\" content=\"it_IT\" \/>\n<meta property=\"og:type\" content=\"article\" \/>\n<meta property=\"og:title\" content=\"Coscienti del presente e del futuro - Fondazione Pirelli\" \/>\n<meta property=\"og:description\" content=\"Sintetizzato in un libro il cammino dell\u2019uomo attraverso l\u2019evoluzione delle tecnologie fino alle questioni da affrontare oggi \u00a0 Il passato e il futuro, passando per il presente. Triade che mette in crisi chi, davvero, voglia capire di pi\u00f9 della vicenda che si sta attraversando. Triade intimamente legata nelle sue parti, e che dovrebbe, prima o [&hellip;]\" \/>\n<meta property=\"og:url\" content=\"https:\/\/www.fondazionepirelli.org\/it\/cultura-dimpresa\/coscienti-del-presente-e-del-futuro\/\" \/>\n<meta property=\"og:site_name\" content=\"Fondazione Pirelli\" \/>\n<meta property=\"article:published_time\" content=\"2020-01-07T08:32:35+00:00\" \/>\n<meta property=\"article:modified_time\" content=\"2020-01-07T09:07:03+00:00\" \/>\n<meta property=\"og:image\" content=\"https:\/\/wpsite-assets.fondazionepirelli.org\/wp-content\/uploads\/2020\/01\/07093107\/41TwTzTRc0L-e1578385902696.jpg\" \/>\n\t<meta property=\"og:image:width\" content=\"325\" \/>\n\t<meta property=\"og:image:height\" content=\"475\" \/>\n\t<meta property=\"og:image:type\" content=\"image\/jpeg\" \/>\n<meta name=\"author\" content=\"fondazionepirelli\" \/>\n<meta name=\"twitter:card\" content=\"summary_large_image\" \/>\n<meta name=\"twitter:label1\" content=\"Scritto da\" \/>\n\t<meta name=\"twitter:data1\" content=\"fondazionepirelli\" \/>\n\t<meta name=\"twitter:label2\" content=\"Tempo di lettura stimato\" \/>\n\t<meta name=\"twitter:data2\" content=\"3 minuti\" \/>\n<script type=\"application\/ld+json\" class=\"yoast-schema-graph\">{\"@context\":\"https:\/\/schema.org\",\"@graph\":[{\"@type\":\"WebPage\",\"@id\":\"https:\/\/www.fondazionepirelli.org\/it\/cultura-dimpresa\/coscienti-del-presente-e-del-futuro\/\",\"url\":\"https:\/\/www.fondazionepirelli.org\/it\/cultura-dimpresa\/coscienti-del-presente-e-del-futuro\/\",\"name\":\"Coscienti del presente e del futuro - Fondazione Pirelli\",\"isPartOf\":{\"@id\":\"https:\/\/www.fondazionepirelli.org\/it\/#website\"},\"primaryImageOfPage\":{\"@id\":\"https:\/\/www.fondazionepirelli.org\/it\/cultura-dimpresa\/coscienti-del-presente-e-del-futuro\/#primaryimage\"},\"image\":{\"@id\":\"https:\/\/www.fondazionepirelli.org\/it\/cultura-dimpresa\/coscienti-del-presente-e-del-futuro\/#primaryimage\"},\"thumbnailUrl\":\"https:\/\/wpsite-assets.fondazionepirelli.org\/wp-content\/uploads\/2020\/01\/07093107\/41TwTzTRc0L-e1578385902696.jpg\",\"datePublished\":\"2020-01-07T08:32:35+00:00\",\"dateModified\":\"2020-01-07T09:07:03+00:00\",\"author\":{\"@id\":\"https:\/\/www.fondazionepirelli.org\/it\/#\/schema\/person\/c31fcf5937a0e6afa45497f3f8b6d7a0\"},\"breadcrumb\":{\"@id\":\"https:\/\/www.fondazionepirelli.org\/it\/cultura-dimpresa\/coscienti-del-presente-e-del-futuro\/#breadcrumb\"},\"inLanguage\":\"it-IT\",\"potentialAction\":[{\"@type\":\"ReadAction\",\"target\":[\"https:\/\/www.fondazionepirelli.org\/it\/cultura-dimpresa\/coscienti-del-presente-e-del-futuro\/\"]}]},{\"@type\":\"ImageObject\",\"inLanguage\":\"it-IT\",\"@id\":\"https:\/\/www.fondazionepirelli.org\/it\/cultura-dimpresa\/coscienti-del-presente-e-del-futuro\/#primaryimage\",\"url\":\"https:\/\/wpsite-assets.fondazionepirelli.org\/wp-content\/uploads\/2020\/01\/07093107\/41TwTzTRc0L-e1578385902696.jpg\",\"contentUrl\":\"https:\/\/wpsite-assets.fondazionepirelli.org\/wp-content\/uploads\/2020\/01\/07093107\/41TwTzTRc0L-e1578385902696.jpg\",\"width\":325,\"height\":475},{\"@type\":\"BreadcrumbList\",\"@id\":\"https:\/\/www.fondazionepirelli.org\/it\/cultura-dimpresa\/coscienti-del-presente-e-del-futuro\/#breadcrumb\",\"itemListElement\":[{\"@type\":\"ListItem\",\"position\":1,\"name\":\"Home\",\"item\":\"https:\/\/www.fondazionepirelli.org\/it\/\"},{\"@type\":\"ListItem\",\"position\":2,\"name\":\"Coscienti del presente e del futuro\"}]},{\"@type\":\"WebSite\",\"@id\":\"https:\/\/www.fondazionepirelli.org\/it\/#website\",\"url\":\"https:\/\/www.fondazionepirelli.org\/it\/\",\"name\":\"Fondazione Pirelli\",\"description\":\"\",\"potentialAction\":[{\"@type\":\"SearchAction\",\"target\":{\"@type\":\"EntryPoint\",\"urlTemplate\":\"https:\/\/www.fondazionepirelli.org\/it\/?s={search_term_string}\"},\"query-input\":{\"@type\":\"PropertyValueSpecification\",\"valueRequired\":true,\"valueName\":\"search_term_string\"}}],\"inLanguage\":\"it-IT\"},{\"@type\":\"Person\",\"@id\":\"https:\/\/www.fondazionepirelli.org\/it\/#\/schema\/person\/c31fcf5937a0e6afa45497f3f8b6d7a0\",\"name\":\"fondazionepirelli\",\"image\":{\"@type\":\"ImageObject\",\"inLanguage\":\"it-IT\",\"@id\":\"https:\/\/www.fondazionepirelli.org\/it\/#\/schema\/person\/image\/\",\"url\":\"https:\/\/secure.gravatar.com\/avatar\/9cb486421ce1d6eddbf6c4fb66841b4325b786695f7aedf1dde2222428218696?s=96&d=mm&r=g\",\"contentUrl\":\"https:\/\/secure.gravatar.com\/avatar\/9cb486421ce1d6eddbf6c4fb66841b4325b786695f7aedf1dde2222428218696?s=96&d=mm&r=g\",\"caption\":\"fondazionepirelli\"},\"url\":\"https:\/\/www.fondazionepirelli.org\/it\/author\/fondazionepirelli\/\"}]}<\/script>\n<!-- \/ Yoast SEO plugin. -->","yoast_head_json":{"title":"Coscienti del presente e del futuro - Fondazione Pirelli","robots":{"index":"index","follow":"follow","max-snippet":"max-snippet:-1","max-image-preview":"max-image-preview:large","max-video-preview":"max-video-preview:-1"},"canonical":"https:\/\/www.fondazionepirelli.org\/it\/cultura-dimpresa\/coscienti-del-presente-e-del-futuro\/","og_locale":"it_IT","og_type":"article","og_title":"Coscienti del presente e del futuro - Fondazione Pirelli","og_description":"Sintetizzato in un libro il cammino dell\u2019uomo attraverso l\u2019evoluzione delle tecnologie fino alle questioni da affrontare oggi \u00a0 Il passato e il futuro, passando per il presente. Triade che mette in crisi chi, davvero, voglia capire di pi\u00f9 della vicenda che si sta attraversando. Triade intimamente legata nelle sue parti, e che dovrebbe, prima o [&hellip;]","og_url":"https:\/\/www.fondazionepirelli.org\/it\/cultura-dimpresa\/coscienti-del-presente-e-del-futuro\/","og_site_name":"Fondazione Pirelli","article_published_time":"2020-01-07T08:32:35+00:00","article_modified_time":"2020-01-07T09:07:03+00:00","og_image":[{"width":325,"height":475,"url":"https:\/\/wpsite-assets.fondazionepirelli.org\/wp-content\/uploads\/2020\/01\/07093107\/41TwTzTRc0L-e1578385902696.jpg","type":"image\/jpeg"}],"author":"fondazionepirelli","twitter_card":"summary_large_image","twitter_misc":{"Scritto da":"fondazionepirelli","Tempo di lettura stimato":"3 minuti"},"schema":{"@context":"https:\/\/schema.org","@graph":[{"@type":"WebPage","@id":"https:\/\/www.fondazionepirelli.org\/it\/cultura-dimpresa\/coscienti-del-presente-e-del-futuro\/","url":"https:\/\/www.fondazionepirelli.org\/it\/cultura-dimpresa\/coscienti-del-presente-e-del-futuro\/","name":"Coscienti del presente e del futuro - Fondazione Pirelli","isPartOf":{"@id":"https:\/\/www.fondazionepirelli.org\/it\/#website"},"primaryImageOfPage":{"@id":"https:\/\/www.fondazionepirelli.org\/it\/cultura-dimpresa\/coscienti-del-presente-e-del-futuro\/#primaryimage"},"image":{"@id":"https:\/\/www.fondazionepirelli.org\/it\/cultura-dimpresa\/coscienti-del-presente-e-del-futuro\/#primaryimage"},"thumbnailUrl":"https:\/\/wpsite-assets.fondazionepirelli.org\/wp-content\/uploads\/2020\/01\/07093107\/41TwTzTRc0L-e1578385902696.jpg","datePublished":"2020-01-07T08:32:35+00:00","dateModified":"2020-01-07T09:07:03+00:00","author":{"@id":"https:\/\/www.fondazionepirelli.org\/it\/#\/schema\/person\/c31fcf5937a0e6afa45497f3f8b6d7a0"},"breadcrumb":{"@id":"https:\/\/www.fondazionepirelli.org\/it\/cultura-dimpresa\/coscienti-del-presente-e-del-futuro\/#breadcrumb"},"inLanguage":"it-IT","potentialAction":[{"@type":"ReadAction","target":["https:\/\/www.fondazionepirelli.org\/it\/cultura-dimpresa\/coscienti-del-presente-e-del-futuro\/"]}]},{"@type":"ImageObject","inLanguage":"it-IT","@id":"https:\/\/www.fondazionepirelli.org\/it\/cultura-dimpresa\/coscienti-del-presente-e-del-futuro\/#primaryimage","url":"https:\/\/wpsite-assets.fondazionepirelli.org\/wp-content\/uploads\/2020\/01\/07093107\/41TwTzTRc0L-e1578385902696.jpg","contentUrl":"https:\/\/wpsite-assets.fondazionepirelli.org\/wp-content\/uploads\/2020\/01\/07093107\/41TwTzTRc0L-e1578385902696.jpg","width":325,"height":475},{"@type":"BreadcrumbList","@id":"https:\/\/www.fondazionepirelli.org\/it\/cultura-dimpresa\/coscienti-del-presente-e-del-futuro\/#breadcrumb","itemListElement":[{"@type":"ListItem","position":1,"name":"Home","item":"https:\/\/www.fondazionepirelli.org\/it\/"},{"@type":"ListItem","position":2,"name":"Coscienti del presente e del futuro"}]},{"@type":"WebSite","@id":"https:\/\/www.fondazionepirelli.org\/it\/#website","url":"https:\/\/www.fondazionepirelli.org\/it\/","name":"Fondazione Pirelli","description":"","potentialAction":[{"@type":"SearchAction","target":{"@type":"EntryPoint","urlTemplate":"https:\/\/www.fondazionepirelli.org\/it\/?s={search_term_string}"},"query-input":{"@type":"PropertyValueSpecification","valueRequired":true,"valueName":"search_term_string"}}],"inLanguage":"it-IT"},{"@type":"Person","@id":"https:\/\/www.fondazionepirelli.org\/it\/#\/schema\/person\/c31fcf5937a0e6afa45497f3f8b6d7a0","name":"fondazionepirelli","image":{"@type":"ImageObject","inLanguage":"it-IT","@id":"https:\/\/www.fondazionepirelli.org\/it\/#\/schema\/person\/image\/","url":"https:\/\/secure.gravatar.com\/avatar\/9cb486421ce1d6eddbf6c4fb66841b4325b786695f7aedf1dde2222428218696?s=96&d=mm&r=g","contentUrl":"https:\/\/secure.gravatar.com\/avatar\/9cb486421ce1d6eddbf6c4fb66841b4325b786695f7aedf1dde2222428218696?s=96&d=mm&r=g","caption":"fondazionepirelli"},"url":"https:\/\/www.fondazionepirelli.org\/it\/author\/fondazionepirelli\/"}]}},"_links":{"self":[{"href":"https:\/\/www.fondazionepirelli.org\/it\/wp-json\/wp\/v2\/posts\/73271\/"}],"collection":[{"href":"https:\/\/www.fondazionepirelli.org\/it\/wp-json\/wp\/v2\/posts\/"}],"about":[{"href":"https:\/\/www.fondazionepirelli.org\/it\/wp-json\/wp\/v2\/types\/post\/"}],"author":[{"embeddable":true,"href":"https:\/\/www.fondazionepirelli.org\/it\/wp-json\/wp\/v2\/users\/9\/"}],"replies":[{"embeddable":true,"href":"https:\/\/www.fondazionepirelli.org\/it\/wp-json\/wp\/v2\/comments\/?post=73271"}],"version-history":[{"count":2,"href":"https:\/\/www.fondazionepirelli.org\/it\/wp-json\/wp\/v2\/posts\/73271\/revisions\/"}],"predecessor-version":[{"id":73275,"href":"https:\/\/www.fondazionepirelli.org\/it\/wp-json\/wp\/v2\/posts\/73271\/revisions\/73275\/"}],"wp:featuredmedia":[{"embeddable":true,"href":"https:\/\/www.fondazionepirelli.org\/it\/wp-json\/wp\/v2\/media\/73272\/"}],"wp:attachment":[{"href":"https:\/\/www.fondazionepirelli.org\/it\/wp-json\/wp\/v2\/media\/?parent=73271"}],"wp:term":[{"taxonomy":"category","embeddable":true,"href":"https:\/\/www.fondazionepirelli.org\/it\/wp-json\/wp\/v2\/categories\/?post=73271"},{"taxonomy":"post_tag","embeddable":true,"href":"https:\/\/www.fondazionepirelli.org\/it\/wp-json\/wp\/v2\/tags\/?post=73271"}],"curies":[{"name":"wp","href":"https:\/\/api.w.org\/{rel}","templated":true}]}}