{"id":74899,"date":"2020-02-11T10:15:39","date_gmt":"2020-02-11T09:15:39","guid":{"rendered":"https:\/\/www.fondazionepirelli.org\/?p=74899"},"modified":"2020-02-11T11:41:42","modified_gmt":"2020-02-11T10:41:42","slug":"futuro-futuri","status":"publish","type":"post","link":"https:\/\/www.fondazionepirelli.org\/it\/cultura-dimpresa\/futuro-futuri\/","title":{"rendered":"Futuro, futuri"},"content":{"rendered":"<p><em>In un libro la sintesi degli strumenti utili a sviluppare la capacit\u00e0 di analizzare il fluire del tempo<\/em><\/p>\n<p>Guardare al futuro in modo avveduto e consapevole. Impossibile da prevedere davvero, quanto accadr\u00e0 entra comunque nella vita di tutti noi e in tutte le manifestazioni sociali (anche, quindi, nella gestione dell\u2019organizzazione della produzione, senza dire della varie manifestazioni dell\u2019economia). Affrontare la previsione di quanto \u201cavverr\u00e0 domani\u201d, tuttavia, non \u00e8 cosa di poco conto: occorre, come spesso accade, avere strumenti conoscitivi adeguati per non cadere nella tentazione di trasformare l\u2019immaginazione in realt\u00e0. Leggere \u201cL&#8217;enigma del futuro\u201d di Andrea Iacona, \u00e8 allora lettura pi\u00f9 che utile (oltre che affascinante), per dotarsi di ci\u00f2 che serve per riempire una cassetta degli attrezzi utili all\u2019analisi del futuro. Esercizio, questo, che proprio in alcuni ambiti d\u2019azione pu\u00f2 determinare le sorti di singoli e intere comunit\u00e0.<\/p>\n<p>Iacona insegna logica all\u2019Universit\u00e0 di Torino e si muove lungo un percorso di analisi del tempo (e quindi degli accadimenti passati, presenti e futuri) non certo facile eppure utile da tentare. Due i punti dai quali si pu\u00f2 partire. Da un lato gli esseri umani guardano all\u2019avvenire come a qualcosa di reale, credono che esistano risposte alle loro domande e vogliono conoscerle; dall\u2019altro sono convinti di poter modificare con le loro scelte il corso degli eventi.<\/p>\n<p>Iacona guida chi legge iniziando dall\u2019individuazione del problema (lo studio di ci\u00f2 che si chiama <em>futuro contingente<\/em>) per passare poi alle logica di analisi del tempo\u00a0 e quindi all\u2019esposizione degli strumenti di pensiero utili per rispondere alla domanda \u201cche cosa c\u2019\u00e8 davanti a noi?\u201d. Vengono poi affrontati i temi del fatalismo, dell\u2019indeterminazione e dell\u2019interpretazione e poi del tempo storico e di quello personale.<\/p>\n<p>Leggere \u201cL&#8217;enigma del futuro\u201d di Iacona non \u00e8 semplice, anche se la scrittura dell\u2019autore \u00e8 chiara e assolutamente comprensibile: \u00e8 il tema che davvero risulta essere di quelli complessi da affrontare. Rimane tutta l\u2019utilit\u00e0 di un libro (contenuto fra l\u2019altro nel numero di pagine), che ruota attorno ad un tema importante, oggi forse pi\u00f9 di ieri.<\/p>\n<p><strong>\u00a0<\/strong><\/p>\n<p><strong>L&#8217;enigma del futuro<\/strong><br \/>\nAndrea Iacona<br \/>\nil Mulino, 2019<\/p>\n","protected":false},"excerpt":{"rendered":"<p>In un libro la sintesi degli strumenti utili a sviluppare la capacit\u00e0 di analizzare il fluire del tempo Guardare al futuro in modo avveduto e consapevole. Impossibile da prevedere davvero, quanto accadr\u00e0 entra comunque nella vita di tutti noi e in tutte le manifestazioni sociali (anche, quindi, nella gestione dell\u2019organizzazione della produzione, senza dire della [&hellip;]<\/p>\n","protected":false},"author":9,"featured_media":74900,"comment_status":"open","ping_status":"open","sticky":false,"template":"","format":"standard","meta":{"footnotes":""},"categories":[52,58],"tags":[],"class_list":["post-74899","post","type-post","status-publish","format-standard","has-post-thumbnail","hentry","category-cultura-dimpresa","category-recensioni-libri"],"acf":[],"yoast_head":"<!-- This site is optimized with the Yoast SEO plugin v25.0 - https:\/\/yoast.com\/wordpress\/plugins\/seo\/ -->\n<title>Futuro, futuri - Fondazione Pirelli<\/title>\n<meta name=\"robots\" content=\"index, follow, max-snippet:-1, max-image-preview:large, max-video-preview:-1\" \/>\n<link rel=\"canonical\" href=\"https:\/\/www.fondazionepirelli.org\/it\/cultura-dimpresa\/futuro-futuri\/\" \/>\n<meta property=\"og:locale\" content=\"it_IT\" \/>\n<meta property=\"og:type\" content=\"article\" \/>\n<meta property=\"og:title\" content=\"Futuro, futuri - Fondazione Pirelli\" \/>\n<meta property=\"og:description\" content=\"In un libro la sintesi degli strumenti utili a sviluppare la capacit\u00e0 di analizzare il fluire del tempo Guardare al futuro in modo avveduto e consapevole. Impossibile da prevedere davvero, quanto accadr\u00e0 entra comunque nella vita di tutti noi e in tutte le manifestazioni sociali (anche, quindi, nella gestione dell\u2019organizzazione della produzione, senza dire della [&hellip;]\" \/>\n<meta property=\"og:url\" content=\"https:\/\/www.fondazionepirelli.org\/it\/cultura-dimpresa\/futuro-futuri\/\" \/>\n<meta property=\"og:site_name\" content=\"Fondazione Pirelli\" \/>\n<meta property=\"article:published_time\" content=\"2020-02-11T09:15:39+00:00\" \/>\n<meta property=\"article:modified_time\" content=\"2020-02-11T10:41:42+00:00\" \/>\n<meta property=\"og:image\" content=\"https:\/\/wpsite-assets.fondazionepirelli.org\/wp-content\/uploads\/2020\/02\/11101504\/cae1960cover28314-e1581412514775.png\" \/>\n\t<meta property=\"og:image:width\" content=\"400\" \/>\n\t<meta property=\"og:image:height\" content=\"612\" \/>\n\t<meta property=\"og:image:type\" content=\"image\/png\" \/>\n<meta name=\"author\" content=\"fondazionepirelli\" \/>\n<meta name=\"twitter:card\" content=\"summary_large_image\" \/>\n<meta name=\"twitter:label1\" content=\"Scritto da\" \/>\n\t<meta name=\"twitter:data1\" content=\"fondazionepirelli\" \/>\n\t<meta name=\"twitter:label2\" content=\"Tempo di lettura stimato\" \/>\n\t<meta name=\"twitter:data2\" content=\"2 minuti\" \/>\n<script type=\"application\/ld+json\" class=\"yoast-schema-graph\">{\"@context\":\"https:\/\/schema.org\",\"@graph\":[{\"@type\":\"WebPage\",\"@id\":\"https:\/\/www.fondazionepirelli.org\/it\/cultura-dimpresa\/futuro-futuri\/\",\"url\":\"https:\/\/www.fondazionepirelli.org\/it\/cultura-dimpresa\/futuro-futuri\/\",\"name\":\"Futuro, futuri - Fondazione Pirelli\",\"isPartOf\":{\"@id\":\"https:\/\/www.fondazionepirelli.org\/it\/#website\"},\"primaryImageOfPage\":{\"@id\":\"https:\/\/www.fondazionepirelli.org\/it\/cultura-dimpresa\/futuro-futuri\/#primaryimage\"},\"image\":{\"@id\":\"https:\/\/www.fondazionepirelli.org\/it\/cultura-dimpresa\/futuro-futuri\/#primaryimage\"},\"thumbnailUrl\":\"https:\/\/wpsite-assets.fondazionepirelli.org\/wp-content\/uploads\/2020\/02\/11101504\/cae1960cover28314-e1581412514775.png\",\"datePublished\":\"2020-02-11T09:15:39+00:00\",\"dateModified\":\"2020-02-11T10:41:42+00:00\",\"author\":{\"@id\":\"https:\/\/www.fondazionepirelli.org\/it\/#\/schema\/person\/c31fcf5937a0e6afa45497f3f8b6d7a0\"},\"breadcrumb\":{\"@id\":\"https:\/\/www.fondazionepirelli.org\/it\/cultura-dimpresa\/futuro-futuri\/#breadcrumb\"},\"inLanguage\":\"it-IT\",\"potentialAction\":[{\"@type\":\"ReadAction\",\"target\":[\"https:\/\/www.fondazionepirelli.org\/it\/cultura-dimpresa\/futuro-futuri\/\"]}]},{\"@type\":\"ImageObject\",\"inLanguage\":\"it-IT\",\"@id\":\"https:\/\/www.fondazionepirelli.org\/it\/cultura-dimpresa\/futuro-futuri\/#primaryimage\",\"url\":\"https:\/\/wpsite-assets.fondazionepirelli.org\/wp-content\/uploads\/2020\/02\/11101504\/cae1960cover28314-e1581412514775.png\",\"contentUrl\":\"https:\/\/wpsite-assets.fondazionepirelli.org\/wp-content\/uploads\/2020\/02\/11101504\/cae1960cover28314-e1581412514775.png\",\"width\":400,\"height\":612},{\"@type\":\"BreadcrumbList\",\"@id\":\"https:\/\/www.fondazionepirelli.org\/it\/cultura-dimpresa\/futuro-futuri\/#breadcrumb\",\"itemListElement\":[{\"@type\":\"ListItem\",\"position\":1,\"name\":\"Home\",\"item\":\"https:\/\/www.fondazionepirelli.org\/it\/\"},{\"@type\":\"ListItem\",\"position\":2,\"name\":\"Futuro, futuri\"}]},{\"@type\":\"WebSite\",\"@id\":\"https:\/\/www.fondazionepirelli.org\/it\/#website\",\"url\":\"https:\/\/www.fondazionepirelli.org\/it\/\",\"name\":\"Fondazione Pirelli\",\"description\":\"\",\"potentialAction\":[{\"@type\":\"SearchAction\",\"target\":{\"@type\":\"EntryPoint\",\"urlTemplate\":\"https:\/\/www.fondazionepirelli.org\/it\/?s={search_term_string}\"},\"query-input\":{\"@type\":\"PropertyValueSpecification\",\"valueRequired\":true,\"valueName\":\"search_term_string\"}}],\"inLanguage\":\"it-IT\"},{\"@type\":\"Person\",\"@id\":\"https:\/\/www.fondazionepirelli.org\/it\/#\/schema\/person\/c31fcf5937a0e6afa45497f3f8b6d7a0\",\"name\":\"fondazionepirelli\",\"image\":{\"@type\":\"ImageObject\",\"inLanguage\":\"it-IT\",\"@id\":\"https:\/\/www.fondazionepirelli.org\/it\/#\/schema\/person\/image\/\",\"url\":\"https:\/\/secure.gravatar.com\/avatar\/9cb486421ce1d6eddbf6c4fb66841b4325b786695f7aedf1dde2222428218696?s=96&d=mm&r=g\",\"contentUrl\":\"https:\/\/secure.gravatar.com\/avatar\/9cb486421ce1d6eddbf6c4fb66841b4325b786695f7aedf1dde2222428218696?s=96&d=mm&r=g\",\"caption\":\"fondazionepirelli\"},\"url\":\"https:\/\/www.fondazionepirelli.org\/it\/author\/fondazionepirelli\/\"}]}<\/script>\n<!-- \/ Yoast SEO plugin. -->","yoast_head_json":{"title":"Futuro, futuri - Fondazione Pirelli","robots":{"index":"index","follow":"follow","max-snippet":"max-snippet:-1","max-image-preview":"max-image-preview:large","max-video-preview":"max-video-preview:-1"},"canonical":"https:\/\/www.fondazionepirelli.org\/it\/cultura-dimpresa\/futuro-futuri\/","og_locale":"it_IT","og_type":"article","og_title":"Futuro, futuri - Fondazione Pirelli","og_description":"In un libro la sintesi degli strumenti utili a sviluppare la capacit\u00e0 di analizzare il fluire del tempo Guardare al futuro in modo avveduto e consapevole. Impossibile da prevedere davvero, quanto accadr\u00e0 entra comunque nella vita di tutti noi e in tutte le manifestazioni sociali (anche, quindi, nella gestione dell\u2019organizzazione della produzione, senza dire della [&hellip;]","og_url":"https:\/\/www.fondazionepirelli.org\/it\/cultura-dimpresa\/futuro-futuri\/","og_site_name":"Fondazione Pirelli","article_published_time":"2020-02-11T09:15:39+00:00","article_modified_time":"2020-02-11T10:41:42+00:00","og_image":[{"width":400,"height":612,"url":"https:\/\/wpsite-assets.fondazionepirelli.org\/wp-content\/uploads\/2020\/02\/11101504\/cae1960cover28314-e1581412514775.png","type":"image\/png"}],"author":"fondazionepirelli","twitter_card":"summary_large_image","twitter_misc":{"Scritto da":"fondazionepirelli","Tempo di lettura stimato":"2 minuti"},"schema":{"@context":"https:\/\/schema.org","@graph":[{"@type":"WebPage","@id":"https:\/\/www.fondazionepirelli.org\/it\/cultura-dimpresa\/futuro-futuri\/","url":"https:\/\/www.fondazionepirelli.org\/it\/cultura-dimpresa\/futuro-futuri\/","name":"Futuro, futuri - Fondazione Pirelli","isPartOf":{"@id":"https:\/\/www.fondazionepirelli.org\/it\/#website"},"primaryImageOfPage":{"@id":"https:\/\/www.fondazionepirelli.org\/it\/cultura-dimpresa\/futuro-futuri\/#primaryimage"},"image":{"@id":"https:\/\/www.fondazionepirelli.org\/it\/cultura-dimpresa\/futuro-futuri\/#primaryimage"},"thumbnailUrl":"https:\/\/wpsite-assets.fondazionepirelli.org\/wp-content\/uploads\/2020\/02\/11101504\/cae1960cover28314-e1581412514775.png","datePublished":"2020-02-11T09:15:39+00:00","dateModified":"2020-02-11T10:41:42+00:00","author":{"@id":"https:\/\/www.fondazionepirelli.org\/it\/#\/schema\/person\/c31fcf5937a0e6afa45497f3f8b6d7a0"},"breadcrumb":{"@id":"https:\/\/www.fondazionepirelli.org\/it\/cultura-dimpresa\/futuro-futuri\/#breadcrumb"},"inLanguage":"it-IT","potentialAction":[{"@type":"ReadAction","target":["https:\/\/www.fondazionepirelli.org\/it\/cultura-dimpresa\/futuro-futuri\/"]}]},{"@type":"ImageObject","inLanguage":"it-IT","@id":"https:\/\/www.fondazionepirelli.org\/it\/cultura-dimpresa\/futuro-futuri\/#primaryimage","url":"https:\/\/wpsite-assets.fondazionepirelli.org\/wp-content\/uploads\/2020\/02\/11101504\/cae1960cover28314-e1581412514775.png","contentUrl":"https:\/\/wpsite-assets.fondazionepirelli.org\/wp-content\/uploads\/2020\/02\/11101504\/cae1960cover28314-e1581412514775.png","width":400,"height":612},{"@type":"BreadcrumbList","@id":"https:\/\/www.fondazionepirelli.org\/it\/cultura-dimpresa\/futuro-futuri\/#breadcrumb","itemListElement":[{"@type":"ListItem","position":1,"name":"Home","item":"https:\/\/www.fondazionepirelli.org\/it\/"},{"@type":"ListItem","position":2,"name":"Futuro, futuri"}]},{"@type":"WebSite","@id":"https:\/\/www.fondazionepirelli.org\/it\/#website","url":"https:\/\/www.fondazionepirelli.org\/it\/","name":"Fondazione Pirelli","description":"","potentialAction":[{"@type":"SearchAction","target":{"@type":"EntryPoint","urlTemplate":"https:\/\/www.fondazionepirelli.org\/it\/?s={search_term_string}"},"query-input":{"@type":"PropertyValueSpecification","valueRequired":true,"valueName":"search_term_string"}}],"inLanguage":"it-IT"},{"@type":"Person","@id":"https:\/\/www.fondazionepirelli.org\/it\/#\/schema\/person\/c31fcf5937a0e6afa45497f3f8b6d7a0","name":"fondazionepirelli","image":{"@type":"ImageObject","inLanguage":"it-IT","@id":"https:\/\/www.fondazionepirelli.org\/it\/#\/schema\/person\/image\/","url":"https:\/\/secure.gravatar.com\/avatar\/9cb486421ce1d6eddbf6c4fb66841b4325b786695f7aedf1dde2222428218696?s=96&d=mm&r=g","contentUrl":"https:\/\/secure.gravatar.com\/avatar\/9cb486421ce1d6eddbf6c4fb66841b4325b786695f7aedf1dde2222428218696?s=96&d=mm&r=g","caption":"fondazionepirelli"},"url":"https:\/\/www.fondazionepirelli.org\/it\/author\/fondazionepirelli\/"}]}},"_links":{"self":[{"href":"https:\/\/www.fondazionepirelli.org\/it\/wp-json\/wp\/v2\/posts\/74899\/"}],"collection":[{"href":"https:\/\/www.fondazionepirelli.org\/it\/wp-json\/wp\/v2\/posts\/"}],"about":[{"href":"https:\/\/www.fondazionepirelli.org\/it\/wp-json\/wp\/v2\/types\/post\/"}],"author":[{"embeddable":true,"href":"https:\/\/www.fondazionepirelli.org\/it\/wp-json\/wp\/v2\/users\/9\/"}],"replies":[{"embeddable":true,"href":"https:\/\/www.fondazionepirelli.org\/it\/wp-json\/wp\/v2\/comments\/?post=74899"}],"version-history":[{"count":2,"href":"https:\/\/www.fondazionepirelli.org\/it\/wp-json\/wp\/v2\/posts\/74899\/revisions\/"}],"predecessor-version":[{"id":74903,"href":"https:\/\/www.fondazionepirelli.org\/it\/wp-json\/wp\/v2\/posts\/74899\/revisions\/74903\/"}],"wp:featuredmedia":[{"embeddable":true,"href":"https:\/\/www.fondazionepirelli.org\/it\/wp-json\/wp\/v2\/media\/74900\/"}],"wp:attachment":[{"href":"https:\/\/www.fondazionepirelli.org\/it\/wp-json\/wp\/v2\/media\/?parent=74899"}],"wp:term":[{"taxonomy":"category","embeddable":true,"href":"https:\/\/www.fondazionepirelli.org\/it\/wp-json\/wp\/v2\/categories\/?post=74899"},{"taxonomy":"post_tag","embeddable":true,"href":"https:\/\/www.fondazionepirelli.org\/it\/wp-json\/wp\/v2\/tags\/?post=74899"}],"curies":[{"name":"wp","href":"https:\/\/api.w.org\/{rel}","templated":true}]}}