{"id":75132,"date":"2020-02-26T08:29:19","date_gmt":"2020-02-26T07:29:19","guid":{"rendered":"https:\/\/www.fondazionepirelli.org\/?p=75132"},"modified":"2020-02-26T08:29:19","modified_gmt":"2020-02-26T07:29:19","slug":"la-cultura-di-amelia-che-non-sa-creare","status":"publish","type":"post","link":"https:\/\/www.fondazionepirelli.org\/it\/cultura-dimpresa\/la-cultura-di-amelia-che-non-sa-creare\/","title":{"rendered":"La cultura di Amelia che non sa creare"},"content":{"rendered":"<p><em>Pubblicato in Italia il racconto della \u201crivoluzione globotica\u201d: istantanea sulle conseguenze delle nuove tecnologie \u00a0e su come viverci insieme<\/em><\/p>\n<p>Fratello robot, sorella macchina. Non fantascienza ma nemmeno realt\u00e0 a tutti i costi. E\u2019 un dato di fatto ineludibile, tuttavia, che la digitalizzazione e l\u2019automazione, cos\u00ec come l\u2019intelligenza artificiale e la robotica, siano elementi della normalit\u00e0 quotidiana e della produzione. Condizione di fronte alla quale \u00e8 necessario attrezzarsi culturalmente. Per non eccedere negli entusiasmi da un lato, e nei drammi dall\u2019altro. Leggere \u201cRivoluzione globotica. Globalizzazione, robotica e futuro del lavoro\u201d scritto da Richard Baldwin e appena pubblicato in Italia, pu\u00f2 essere una buona cosa proprio per riuscire a mantenere l\u2019equilibrio che occorre quando si affronta la \u201cquestione dei robot\u201d.<\/p>\n<p>L\u2019autore &#8211; professore di <em>International<\/em> <em>Economics<\/em> alla <em>Graduate<\/em> <em>School<\/em> di Ginevra -, parte dalla considerazione che automazione, intelligenza artificiale e robotica stanno rimodellando le nostre vite a ritmi travolgenti e che \u00e8 necessario comprenderne bene gli effetti, soprattutto per quanto riguarda il lavoro e la produzione.<\/p>\n<p>In termini generali, infatti, le nuove tecnologie permetteranno presto a nuovi talenti di rovesciarsi direttamente sui buoni e stabili posti di lavoro che sono stati alla base della prosperit\u00e0 delle classi medie nei paesi ricchi. Sar\u00e0 permesso, in altri termini, a persone in diverse parti del mondo di essere compresenti in modo virtuale in uno stesso ufficio. Uno dei risultati? La possibilit\u00e0 che la vita di milioni di lavoratori qualificati ne sia sconvolta, molto pi\u00f9 di quanto \u00e8 accaduto sia con l\u2019industrializzazione sia con la globalizzazione.<\/p>\n<p>Tutto questo viene definito da Baldwin come rivoluzione della globotica. Di fronte alla quale, appunto, occorre arrivare preparati, soprattutto dal punto di vista culturale. Baldwin quindi cerca di rispondere ad una serie di domande come quali possano essere le misure da adottare da parte delle persone e dei governi; come si possa evitare che le basi stesse della prosperit\u00e0 ne siano minate; quali possano essere le strategie di adattamento da usare.<\/p>\n<p>Un percorso non facile. L\u2019autore di \u201cRivoluzione globotica\u201d lancia comunque una risposta possibile e generale: vi sono alcune abilit\u00e0 indispensabili che nessuna macchina pu\u00f2 duplicare, abilit\u00e0 come la creativit\u00e0 e il pensiero indipendente.<\/p>\n<p>Tutto viene raccontato in circa 300 pagine leggibilissime che iniziano con il racconto di quanto \u00e8 gi\u00e0 accaduto per passare poi ad approfondire i tratti della \u201crivoluzione globotica\u201d: la digitalizzazione, l\u2019automazione, la \u201ctelemigrazione\u201d.<\/p>\n<p>Bello come un libro di fantascienza il passo che racconta di Amelia e della quale dice: \u201cLavora presso gli <em>help desk<\/em> online e telefonico della banca svedese SEB. Bionda e con gli occhi azzurri, come ci si potrebbe aspettare, ha un\u2019aria sicura di s\u00e9 e un sorriso accattivante. Sorprendentemente, Amelia lavora anche a Londra per Borough of Enfield e a Zurigo per UBS. Ah, dimenticavo di dire che Amelia pu\u00f2 apprendere un manuale di trecento pagine in trenta secondi, parla venti lingue e pu\u00f2 gestire migliaia di chiamate simultaneamente. Amelia \u00e8 un robot colletto bianco\u201d. Ma belle anche le righe che chiudono l\u2019intero libro: \u201cE\u2019 essenziale rendersi conto che il ritmo del progresso non \u00e8 dettato da un\u2019astratta legge di natura. Siamo in grado di controllare la velocit\u00e0 della trasformazione, ne abbiamo gli strumenti. Sta a noi scegliere\u201d.<\/p><p><strong>Rivoluzione globotica. Globalizzazione, robotica e futuro del lavoro<\/strong><br \/>\nRichard Baldwin<br \/>\nil Mulino, 2020<\/p>\n","protected":false},"excerpt":{"rendered":"<p>Pubblicato in Italia il racconto della \u201crivoluzione globotica\u201d: istantanea sulle conseguenze delle nuove tecnologie \u00a0e su come viverci insieme Fratello robot, sorella macchina. Non fantascienza ma nemmeno realt\u00e0 a tutti i costi. E\u2019 un dato di fatto ineludibile, tuttavia, che la digitalizzazione e l\u2019automazione, cos\u00ec come l\u2019intelligenza artificiale e la robotica, siano elementi della normalit\u00e0 [&hellip;]<\/p>\n","protected":false},"author":9,"featured_media":75134,"comment_status":"open","ping_status":"open","sticky":false,"template":"","format":"standard","meta":{"footnotes":""},"categories":[52,58],"tags":[],"class_list":["post-75132","post","type-post","status-publish","format-standard","has-post-thumbnail","hentry","category-cultura-dimpresa","category-recensioni-libri"],"acf":[],"yoast_head":"<!-- This site is optimized with the Yoast SEO plugin v25.0 - https:\/\/yoast.com\/wordpress\/plugins\/seo\/ -->\n<title>La cultura di Amelia che non sa creare - Fondazione Pirelli<\/title>\n<meta name=\"robots\" content=\"index, follow, max-snippet:-1, max-image-preview:large, max-video-preview:-1\" \/>\n<link rel=\"canonical\" href=\"https:\/\/www.fondazionepirelli.org\/it\/cultura-dimpresa\/la-cultura-di-amelia-che-non-sa-creare\/\" \/>\n<meta property=\"og:locale\" content=\"it_IT\" \/>\n<meta property=\"og:type\" content=\"article\" \/>\n<meta property=\"og:title\" content=\"La cultura di Amelia che non sa creare - Fondazione Pirelli\" \/>\n<meta property=\"og:description\" content=\"Pubblicato in Italia il racconto della \u201crivoluzione globotica\u201d: istantanea sulle conseguenze delle nuove tecnologie \u00a0e su come viverci insieme Fratello robot, sorella macchina. Non fantascienza ma nemmeno realt\u00e0 a tutti i costi. E\u2019 un dato di fatto ineludibile, tuttavia, che la digitalizzazione e l\u2019automazione, cos\u00ec come l\u2019intelligenza artificiale e la robotica, siano elementi della normalit\u00e0 [&hellip;]\" \/>\n<meta property=\"og:url\" content=\"https:\/\/www.fondazionepirelli.org\/it\/cultura-dimpresa\/la-cultura-di-amelia-che-non-sa-creare\/\" \/>\n<meta property=\"og:site_name\" content=\"Fondazione Pirelli\" \/>\n<meta property=\"article:published_time\" content=\"2020-02-26T07:29:19+00:00\" \/>\n<meta property=\"og:image\" content=\"https:\/\/wpsite-assets.fondazionepirelli.org\/wp-content\/uploads\/2020\/02\/24122842\/cover-Baldwin-2-e1582543775128.jpg\" \/>\n\t<meta property=\"og:image:width\" content=\"325\" \/>\n\t<meta property=\"og:image:height\" content=\"511\" \/>\n\t<meta property=\"og:image:type\" content=\"image\/jpeg\" \/>\n<meta name=\"author\" content=\"fondazionepirelli\" \/>\n<meta name=\"twitter:card\" content=\"summary_large_image\" \/>\n<meta name=\"twitter:label1\" content=\"Scritto da\" \/>\n\t<meta name=\"twitter:data1\" content=\"fondazionepirelli\" \/>\n\t<meta name=\"twitter:label2\" content=\"Tempo di lettura stimato\" \/>\n\t<meta name=\"twitter:data2\" content=\"3 minuti\" \/>\n<script type=\"application\/ld+json\" class=\"yoast-schema-graph\">{\"@context\":\"https:\/\/schema.org\",\"@graph\":[{\"@type\":\"WebPage\",\"@id\":\"https:\/\/www.fondazionepirelli.org\/it\/cultura-dimpresa\/la-cultura-di-amelia-che-non-sa-creare\/\",\"url\":\"https:\/\/www.fondazionepirelli.org\/it\/cultura-dimpresa\/la-cultura-di-amelia-che-non-sa-creare\/\",\"name\":\"La cultura di Amelia che non sa creare - Fondazione Pirelli\",\"isPartOf\":{\"@id\":\"https:\/\/www.fondazionepirelli.org\/it\/#website\"},\"primaryImageOfPage\":{\"@id\":\"https:\/\/www.fondazionepirelli.org\/it\/cultura-dimpresa\/la-cultura-di-amelia-che-non-sa-creare\/#primaryimage\"},\"image\":{\"@id\":\"https:\/\/www.fondazionepirelli.org\/it\/cultura-dimpresa\/la-cultura-di-amelia-che-non-sa-creare\/#primaryimage\"},\"thumbnailUrl\":\"https:\/\/wpsite-assets.fondazionepirelli.org\/wp-content\/uploads\/2020\/02\/24122842\/cover-Baldwin-2-e1582543775128.jpg\",\"datePublished\":\"2020-02-26T07:29:19+00:00\",\"author\":{\"@id\":\"https:\/\/www.fondazionepirelli.org\/it\/#\/schema\/person\/c31fcf5937a0e6afa45497f3f8b6d7a0\"},\"breadcrumb\":{\"@id\":\"https:\/\/www.fondazionepirelli.org\/it\/cultura-dimpresa\/la-cultura-di-amelia-che-non-sa-creare\/#breadcrumb\"},\"inLanguage\":\"it-IT\",\"potentialAction\":[{\"@type\":\"ReadAction\",\"target\":[\"https:\/\/www.fondazionepirelli.org\/it\/cultura-dimpresa\/la-cultura-di-amelia-che-non-sa-creare\/\"]}]},{\"@type\":\"ImageObject\",\"inLanguage\":\"it-IT\",\"@id\":\"https:\/\/www.fondazionepirelli.org\/it\/cultura-dimpresa\/la-cultura-di-amelia-che-non-sa-creare\/#primaryimage\",\"url\":\"https:\/\/wpsite-assets.fondazionepirelli.org\/wp-content\/uploads\/2020\/02\/24122842\/cover-Baldwin-2-e1582543775128.jpg\",\"contentUrl\":\"https:\/\/wpsite-assets.fondazionepirelli.org\/wp-content\/uploads\/2020\/02\/24122842\/cover-Baldwin-2-e1582543775128.jpg\",\"width\":325,\"height\":511},{\"@type\":\"BreadcrumbList\",\"@id\":\"https:\/\/www.fondazionepirelli.org\/it\/cultura-dimpresa\/la-cultura-di-amelia-che-non-sa-creare\/#breadcrumb\",\"itemListElement\":[{\"@type\":\"ListItem\",\"position\":1,\"name\":\"Home\",\"item\":\"https:\/\/www.fondazionepirelli.org\/it\/\"},{\"@type\":\"ListItem\",\"position\":2,\"name\":\"La cultura di Amelia che non sa creare\"}]},{\"@type\":\"WebSite\",\"@id\":\"https:\/\/www.fondazionepirelli.org\/it\/#website\",\"url\":\"https:\/\/www.fondazionepirelli.org\/it\/\",\"name\":\"Fondazione Pirelli\",\"description\":\"\",\"potentialAction\":[{\"@type\":\"SearchAction\",\"target\":{\"@type\":\"EntryPoint\",\"urlTemplate\":\"https:\/\/www.fondazionepirelli.org\/it\/?s={search_term_string}\"},\"query-input\":{\"@type\":\"PropertyValueSpecification\",\"valueRequired\":true,\"valueName\":\"search_term_string\"}}],\"inLanguage\":\"it-IT\"},{\"@type\":\"Person\",\"@id\":\"https:\/\/www.fondazionepirelli.org\/it\/#\/schema\/person\/c31fcf5937a0e6afa45497f3f8b6d7a0\",\"name\":\"fondazionepirelli\",\"image\":{\"@type\":\"ImageObject\",\"inLanguage\":\"it-IT\",\"@id\":\"https:\/\/www.fondazionepirelli.org\/it\/#\/schema\/person\/image\/\",\"url\":\"https:\/\/secure.gravatar.com\/avatar\/9cb486421ce1d6eddbf6c4fb66841b4325b786695f7aedf1dde2222428218696?s=96&d=mm&r=g\",\"contentUrl\":\"https:\/\/secure.gravatar.com\/avatar\/9cb486421ce1d6eddbf6c4fb66841b4325b786695f7aedf1dde2222428218696?s=96&d=mm&r=g\",\"caption\":\"fondazionepirelli\"},\"url\":\"https:\/\/www.fondazionepirelli.org\/it\/author\/fondazionepirelli\/\"}]}<\/script>\n<!-- \/ Yoast SEO plugin. -->","yoast_head_json":{"title":"La cultura di Amelia che non sa creare - Fondazione Pirelli","robots":{"index":"index","follow":"follow","max-snippet":"max-snippet:-1","max-image-preview":"max-image-preview:large","max-video-preview":"max-video-preview:-1"},"canonical":"https:\/\/www.fondazionepirelli.org\/it\/cultura-dimpresa\/la-cultura-di-amelia-che-non-sa-creare\/","og_locale":"it_IT","og_type":"article","og_title":"La cultura di Amelia che non sa creare - Fondazione Pirelli","og_description":"Pubblicato in Italia il racconto della \u201crivoluzione globotica\u201d: istantanea sulle conseguenze delle nuove tecnologie \u00a0e su come viverci insieme Fratello robot, sorella macchina. Non fantascienza ma nemmeno realt\u00e0 a tutti i costi. E\u2019 un dato di fatto ineludibile, tuttavia, che la digitalizzazione e l\u2019automazione, cos\u00ec come l\u2019intelligenza artificiale e la robotica, siano elementi della normalit\u00e0 [&hellip;]","og_url":"https:\/\/www.fondazionepirelli.org\/it\/cultura-dimpresa\/la-cultura-di-amelia-che-non-sa-creare\/","og_site_name":"Fondazione Pirelli","article_published_time":"2020-02-26T07:29:19+00:00","og_image":[{"width":325,"height":511,"url":"https:\/\/wpsite-assets.fondazionepirelli.org\/wp-content\/uploads\/2020\/02\/24122842\/cover-Baldwin-2-e1582543775128.jpg","type":"image\/jpeg"}],"author":"fondazionepirelli","twitter_card":"summary_large_image","twitter_misc":{"Scritto da":"fondazionepirelli","Tempo di lettura stimato":"3 minuti"},"schema":{"@context":"https:\/\/schema.org","@graph":[{"@type":"WebPage","@id":"https:\/\/www.fondazionepirelli.org\/it\/cultura-dimpresa\/la-cultura-di-amelia-che-non-sa-creare\/","url":"https:\/\/www.fondazionepirelli.org\/it\/cultura-dimpresa\/la-cultura-di-amelia-che-non-sa-creare\/","name":"La cultura di Amelia che non sa creare - Fondazione Pirelli","isPartOf":{"@id":"https:\/\/www.fondazionepirelli.org\/it\/#website"},"primaryImageOfPage":{"@id":"https:\/\/www.fondazionepirelli.org\/it\/cultura-dimpresa\/la-cultura-di-amelia-che-non-sa-creare\/#primaryimage"},"image":{"@id":"https:\/\/www.fondazionepirelli.org\/it\/cultura-dimpresa\/la-cultura-di-amelia-che-non-sa-creare\/#primaryimage"},"thumbnailUrl":"https:\/\/wpsite-assets.fondazionepirelli.org\/wp-content\/uploads\/2020\/02\/24122842\/cover-Baldwin-2-e1582543775128.jpg","datePublished":"2020-02-26T07:29:19+00:00","author":{"@id":"https:\/\/www.fondazionepirelli.org\/it\/#\/schema\/person\/c31fcf5937a0e6afa45497f3f8b6d7a0"},"breadcrumb":{"@id":"https:\/\/www.fondazionepirelli.org\/it\/cultura-dimpresa\/la-cultura-di-amelia-che-non-sa-creare\/#breadcrumb"},"inLanguage":"it-IT","potentialAction":[{"@type":"ReadAction","target":["https:\/\/www.fondazionepirelli.org\/it\/cultura-dimpresa\/la-cultura-di-amelia-che-non-sa-creare\/"]}]},{"@type":"ImageObject","inLanguage":"it-IT","@id":"https:\/\/www.fondazionepirelli.org\/it\/cultura-dimpresa\/la-cultura-di-amelia-che-non-sa-creare\/#primaryimage","url":"https:\/\/wpsite-assets.fondazionepirelli.org\/wp-content\/uploads\/2020\/02\/24122842\/cover-Baldwin-2-e1582543775128.jpg","contentUrl":"https:\/\/wpsite-assets.fondazionepirelli.org\/wp-content\/uploads\/2020\/02\/24122842\/cover-Baldwin-2-e1582543775128.jpg","width":325,"height":511},{"@type":"BreadcrumbList","@id":"https:\/\/www.fondazionepirelli.org\/it\/cultura-dimpresa\/la-cultura-di-amelia-che-non-sa-creare\/#breadcrumb","itemListElement":[{"@type":"ListItem","position":1,"name":"Home","item":"https:\/\/www.fondazionepirelli.org\/it\/"},{"@type":"ListItem","position":2,"name":"La cultura di Amelia che non sa creare"}]},{"@type":"WebSite","@id":"https:\/\/www.fondazionepirelli.org\/it\/#website","url":"https:\/\/www.fondazionepirelli.org\/it\/","name":"Fondazione Pirelli","description":"","potentialAction":[{"@type":"SearchAction","target":{"@type":"EntryPoint","urlTemplate":"https:\/\/www.fondazionepirelli.org\/it\/?s={search_term_string}"},"query-input":{"@type":"PropertyValueSpecification","valueRequired":true,"valueName":"search_term_string"}}],"inLanguage":"it-IT"},{"@type":"Person","@id":"https:\/\/www.fondazionepirelli.org\/it\/#\/schema\/person\/c31fcf5937a0e6afa45497f3f8b6d7a0","name":"fondazionepirelli","image":{"@type":"ImageObject","inLanguage":"it-IT","@id":"https:\/\/www.fondazionepirelli.org\/it\/#\/schema\/person\/image\/","url":"https:\/\/secure.gravatar.com\/avatar\/9cb486421ce1d6eddbf6c4fb66841b4325b786695f7aedf1dde2222428218696?s=96&d=mm&r=g","contentUrl":"https:\/\/secure.gravatar.com\/avatar\/9cb486421ce1d6eddbf6c4fb66841b4325b786695f7aedf1dde2222428218696?s=96&d=mm&r=g","caption":"fondazionepirelli"},"url":"https:\/\/www.fondazionepirelli.org\/it\/author\/fondazionepirelli\/"}]}},"_links":{"self":[{"href":"https:\/\/www.fondazionepirelli.org\/it\/wp-json\/wp\/v2\/posts\/75132\/"}],"collection":[{"href":"https:\/\/www.fondazionepirelli.org\/it\/wp-json\/wp\/v2\/posts\/"}],"about":[{"href":"https:\/\/www.fondazionepirelli.org\/it\/wp-json\/wp\/v2\/types\/post\/"}],"author":[{"embeddable":true,"href":"https:\/\/www.fondazionepirelli.org\/it\/wp-json\/wp\/v2\/users\/9\/"}],"replies":[{"embeddable":true,"href":"https:\/\/www.fondazionepirelli.org\/it\/wp-json\/wp\/v2\/comments\/?post=75132"}],"version-history":[{"count":4,"href":"https:\/\/www.fondazionepirelli.org\/it\/wp-json\/wp\/v2\/posts\/75132\/revisions\/"}],"predecessor-version":[{"id":75138,"href":"https:\/\/www.fondazionepirelli.org\/it\/wp-json\/wp\/v2\/posts\/75132\/revisions\/75138\/"}],"wp:featuredmedia":[{"embeddable":true,"href":"https:\/\/www.fondazionepirelli.org\/it\/wp-json\/wp\/v2\/media\/75134\/"}],"wp:attachment":[{"href":"https:\/\/www.fondazionepirelli.org\/it\/wp-json\/wp\/v2\/media\/?parent=75132"}],"wp:term":[{"taxonomy":"category","embeddable":true,"href":"https:\/\/www.fondazionepirelli.org\/it\/wp-json\/wp\/v2\/categories\/?post=75132"},{"taxonomy":"post_tag","embeddable":true,"href":"https:\/\/www.fondazionepirelli.org\/it\/wp-json\/wp\/v2\/tags\/?post=75132"}],"curies":[{"name":"wp","href":"https:\/\/api.w.org\/{rel}","templated":true}]}}