{"id":75187,"date":"2020-03-09T09:02:00","date_gmt":"2020-03-09T08:02:00","guid":{"rendered":"https:\/\/www.fondazionepirelli.org\/?p=75187"},"modified":"2022-01-28T15:30:25","modified_gmt":"2022-01-28T14:30:25","slug":"torna-il-pirelli-p7-il-cinturato-dalla-pista-alla-strada","status":"publish","type":"post","link":"https:\/\/www.fondazionepirelli.org\/it\/iniziative\/storie-dal-mondo-pirelli\/torna-il-pirelli-p7-il-cinturato-dalla-pista-alla-strada\/","title":{"rendered":"Torna il Pirelli P7, il Cinturato \u201cdalla pista alla strada\u201d"},"content":{"rendered":"<p style=\"text-align: left;\">Il nuovo <strong>Pirelli P7<\/strong> \u00e8 ben pi\u00f9 che un fatto commerciale: \u00e8 il riaffermarsi di una tradizione che vede nella cifra \u201c7\u201d una lunga storia pirelliana. Il P7 di oggi, infatti, rievoca il nome di <strong>un pneumatico che oltre quarant\u2019anni fa cambi\u00f2 il volto all\u2019automobilismo sportivo<\/strong>, mettendo in pratica il concetto di passaggio tecnologico dalla pista alla strada.<\/p>\n<p style=\"text-align: left;\">Era il <strong>1974<\/strong> quando la <strong>Lancia Stratos<\/strong> scese in campo nel <strong>Mondiale Rally<\/strong>: una vettura per molti aspetti rivoluzionaria, vero e proprio gioiello di pura potenza. Per la Stratos, Pirelli realizz\u00f2 un pneumatico altrettanto innovativo, un ultra-ribassato il cui fianco era alto solo la met\u00e0 della larghezza del battistrada: impronta a terra praticamente quadrata, tenuta assoluta in accelerazione laterale, <strong>massima stabilit\u00e0 in qualunque condizione di impiego<\/strong>. Equipaggiata Pirelli P7, la Lancia Stratos vinse tutto il possibile in campo rallistico, dando il via ad una tradizione \u201cracing\u201d che per il P7 sarebbe durata oltre un ventennio.<\/p>\n<p style=\"text-align: left;\">Ma proprio nella logica pirelliana, che adatta le soluzioni elaborate per la pista alla produzione in serie, quasi contemporaneamente all\u2019omologazione per la Lancia Stratos da rally, il <strong>Pirelli P7<\/strong> iniziava la sua storia di <strong>super-pneumatico stradale<\/strong>. Fu la <strong>Porsche 911 Carrera Turbo<\/strong> ad adottarlo per prima, nella sua configurazione con disegno <strong>battistrada<\/strong> costituito da una fitta rete di blocchetti e incavi in funzione <strong>anti-aquaplaning<\/strong>. La struttura era quella unificata per le nuove generazioni del Cinturato:<strong> carcassa radiale e cinture metalliche sormontate da un giro di nylon a Zero Gradi<\/strong>, cio\u00e8 disposto secondo il senso di marcia. E soprattutto, per la prima volta un ultraribassato Serie 50 pronto ad affrontare le strade \u201cdi ogni giorno\u201d: l\u2019industria dell\u2019auto sportiva aveva trovato un nuovo punto di riferimento.<\/p>\n<p style=\"text-align: left;\">La storia del Pirelli P7 si affianca cos\u00ec a quella delle <strong>automobili che hanno scritto la storia delle quattro ruote<\/strong>: prima fra tutte la <strong>Fiat 131 Abarth<\/strong>, che ereditando il trono rallystico della Stratos scelse naturalmente il P7 anche per la sua versione stradale. L\u2019ultraribassato Pirelli fu adottato anche dalla <strong>Lamborghini Countach<\/strong>, con una misura posteriore che scendeva alla Serie 35. La stessa che and\u00f2 ad equipaggiare la <strong>De Tomaso Pantera<\/strong>, accoppiata ad un anteriore Serie 40: pneumatici ormai larghi oltre la soglia dei 35 centimetri. Pirelli P7 anche per <strong>Ferrari<\/strong>, con la <strong>308 GTB<\/strong>, e per i modelli sportivi <strong>Alpina di BMW<\/strong> e per le <strong>Opel Manta<\/strong> e le <strong>Volkswagen Scirocco<\/strong>. Insomma, un pneumatico che andava conquistando il primo equipaggiamento sportivo degli anni Settanta e Ottanta, un pezzo di storia dell\u2019auto del Novecento.<\/p>\n<p style=\"text-align: left;\">Il Pirelli P7, con le sue <strong>successive evoluzioni nei modelli P700 e P7000<\/strong>, accompagn\u00f2 il primo equipaggiamento di tutto il mondo fino agli anni Novanta, quando ancora una volta fu la pista ad aprire un nuovo capitolo nella storia dei pneumatici Pirelli. E questa volta si chiamer\u00e0 <strong>P Zero<\/strong>. Oggi Pirelli P7 rinasce. E\u2019 un Cinturato<strong> moderno, ecocompatibile, proiettato verso il futuro della mobilit\u00e0<\/strong>. Altri sono i parametri di confronto rispetto al \u201cvecchio\u201d P7, ma \u00e8 lo stesso l\u2019approccio a un mondo dell\u2019auto che sempre si evolve e sempre cambia. Oggi si apre una nuova storia di alte prestazioni.<\/p>\n","protected":false},"excerpt":{"rendered":"<p>Il nuovo Pirelli P7 \u00e8 ben pi\u00f9 che un fatto commerciale: \u00e8 il riaffermarsi di una tradizione che vede nella cifra \u201c7\u201d una lunga storia pirelliana. Il P7 di oggi, infatti, rievoca il nome di un pneumatico che oltre quarant\u2019anni fa cambi\u00f2 il volto all\u2019automobilismo sportivo, mettendo in pratica il concetto di passaggio tecnologico dalla [&hellip;]<\/p>\n","protected":false},"author":9,"featured_media":75188,"comment_status":"open","ping_status":"open","sticky":false,"template":"","format":"standard","meta":{"footnotes":""},"categories":[62],"tags":[118,125],"class_list":["post-75187","post","type-post","status-publish","format-standard","has-post-thumbnail","hentry","category-storie-dal-mondo-pirelli","tag-storia-aziendale","tag-storie-di-prodotto"],"acf":[],"yoast_head":"<!-- This site is optimized with the Yoast SEO plugin v25.0 - https:\/\/yoast.com\/wordpress\/plugins\/seo\/ -->\n<title>Torna il Pirelli P7, il Cinturato \u201cdalla pista alla strada | Fondazione Pirelli<\/title>\n<meta name=\"description\" content=\"Il ritorno del Pirelli P7. Scopri la storia del pneumatico ribassato vincitore dei Mondiali di Rally degli anni Setttanta. Visita fondazionepirelli.org.\" \/>\n<meta name=\"robots\" content=\"index, follow, max-snippet:-1, max-image-preview:large, max-video-preview:-1\" \/>\n<link rel=\"canonical\" href=\"https:\/\/www.fondazionepirelli.org\/it\/iniziative\/storie-dal-mondo-pirelli\/torna-il-pirelli-p7-il-cinturato-dalla-pista-alla-strada\/\" \/>\n<meta property=\"og:locale\" content=\"it_IT\" \/>\n<meta property=\"og:type\" content=\"article\" \/>\n<meta property=\"og:title\" content=\"Torna il Pirelli P7, il Cinturato \u201cdalla pista alla strada | Fondazione Pirelli\" \/>\n<meta property=\"og:description\" content=\"Il ritorno del Pirelli P7. Scopri la storia del pneumatico ribassato vincitore dei Mondiali di Rally degli anni Setttanta. Visita fondazionepirelli.org.\" \/>\n<meta property=\"og:url\" content=\"https:\/\/www.fondazionepirelli.org\/it\/iniziative\/storie-dal-mondo-pirelli\/torna-il-pirelli-p7-il-cinturato-dalla-pista-alla-strada\/\" \/>\n<meta property=\"og:site_name\" content=\"Fondazione Pirelli\" \/>\n<meta property=\"article:published_time\" content=\"2020-03-09T08:02:00+00:00\" \/>\n<meta property=\"article:modified_time\" content=\"2022-01-28T14:30:25+00:00\" \/>\n<meta property=\"og:image\" content=\"https:\/\/wpsite-assets.fondazionepirelli.org\/wp-content\/uploads\/2020\/03\/02111308\/Pirelli-Bozzetti_045MOD.jpg\" \/>\n\t<meta property=\"og:image:width\" content=\"2680\" \/>\n\t<meta property=\"og:image:height\" content=\"1396\" \/>\n\t<meta property=\"og:image:type\" content=\"image\/jpeg\" \/>\n<meta name=\"author\" content=\"fondazionepirelli\" \/>\n<meta name=\"twitter:card\" content=\"summary_large_image\" \/>\n<meta name=\"twitter:label1\" content=\"Scritto da\" \/>\n\t<meta name=\"twitter:data1\" content=\"fondazionepirelli\" \/>\n\t<meta name=\"twitter:label2\" content=\"Tempo di lettura stimato\" \/>\n\t<meta name=\"twitter:data2\" content=\"3 minuti\" \/>\n<script type=\"application\/ld+json\" class=\"yoast-schema-graph\">{\"@context\":\"https:\/\/schema.org\",\"@graph\":[{\"@type\":\"WebPage\",\"@id\":\"https:\/\/www.fondazionepirelli.org\/it\/iniziative\/storie-dal-mondo-pirelli\/torna-il-pirelli-p7-il-cinturato-dalla-pista-alla-strada\/\",\"url\":\"https:\/\/www.fondazionepirelli.org\/it\/iniziative\/storie-dal-mondo-pirelli\/torna-il-pirelli-p7-il-cinturato-dalla-pista-alla-strada\/\",\"name\":\"Torna il Pirelli P7, il Cinturato \u201cdalla pista alla strada | Fondazione Pirelli\",\"isPartOf\":{\"@id\":\"https:\/\/www.fondazionepirelli.org\/it\/#website\"},\"primaryImageOfPage\":{\"@id\":\"https:\/\/www.fondazionepirelli.org\/it\/iniziative\/storie-dal-mondo-pirelli\/torna-il-pirelli-p7-il-cinturato-dalla-pista-alla-strada\/#primaryimage\"},\"image\":{\"@id\":\"https:\/\/www.fondazionepirelli.org\/it\/iniziative\/storie-dal-mondo-pirelli\/torna-il-pirelli-p7-il-cinturato-dalla-pista-alla-strada\/#primaryimage\"},\"thumbnailUrl\":\"https:\/\/wpsite-assets.fondazionepirelli.org\/wp-content\/uploads\/2020\/03\/02111308\/Pirelli-Bozzetti_045MOD.jpg\",\"datePublished\":\"2020-03-09T08:02:00+00:00\",\"dateModified\":\"2022-01-28T14:30:25+00:00\",\"author\":{\"@id\":\"https:\/\/www.fondazionepirelli.org\/it\/#\/schema\/person\/c31fcf5937a0e6afa45497f3f8b6d7a0\"},\"description\":\"Il ritorno del Pirelli P7. Scopri la storia del pneumatico ribassato vincitore dei Mondiali di Rally degli anni Setttanta. Visita fondazionepirelli.org.\",\"breadcrumb\":{\"@id\":\"https:\/\/www.fondazionepirelli.org\/it\/iniziative\/storie-dal-mondo-pirelli\/torna-il-pirelli-p7-il-cinturato-dalla-pista-alla-strada\/#breadcrumb\"},\"inLanguage\":\"it-IT\",\"potentialAction\":[{\"@type\":\"ReadAction\",\"target\":[\"https:\/\/www.fondazionepirelli.org\/it\/iniziative\/storie-dal-mondo-pirelli\/torna-il-pirelli-p7-il-cinturato-dalla-pista-alla-strada\/\"]}]},{\"@type\":\"ImageObject\",\"inLanguage\":\"it-IT\",\"@id\":\"https:\/\/www.fondazionepirelli.org\/it\/iniziative\/storie-dal-mondo-pirelli\/torna-il-pirelli-p7-il-cinturato-dalla-pista-alla-strada\/#primaryimage\",\"url\":\"https:\/\/wpsite-assets.fondazionepirelli.org\/wp-content\/uploads\/2020\/03\/02111308\/Pirelli-Bozzetti_045MOD.jpg\",\"contentUrl\":\"https:\/\/wpsite-assets.fondazionepirelli.org\/wp-content\/uploads\/2020\/03\/02111308\/Pirelli-Bozzetti_045MOD.jpg\",\"width\":2680,\"height\":1396},{\"@type\":\"BreadcrumbList\",\"@id\":\"https:\/\/www.fondazionepirelli.org\/it\/iniziative\/storie-dal-mondo-pirelli\/torna-il-pirelli-p7-il-cinturato-dalla-pista-alla-strada\/#breadcrumb\",\"itemListElement\":[{\"@type\":\"ListItem\",\"position\":1,\"name\":\"Home\",\"item\":\"https:\/\/www.fondazionepirelli.org\/it\/\"},{\"@type\":\"ListItem\",\"position\":2,\"name\":\"Torna il Pirelli P7, il Cinturato \u201cdalla pista alla strada\u201d\"}]},{\"@type\":\"WebSite\",\"@id\":\"https:\/\/www.fondazionepirelli.org\/it\/#website\",\"url\":\"https:\/\/www.fondazionepirelli.org\/it\/\",\"name\":\"Fondazione Pirelli\",\"description\":\"\",\"potentialAction\":[{\"@type\":\"SearchAction\",\"target\":{\"@type\":\"EntryPoint\",\"urlTemplate\":\"https:\/\/www.fondazionepirelli.org\/it\/?s={search_term_string}\"},\"query-input\":{\"@type\":\"PropertyValueSpecification\",\"valueRequired\":true,\"valueName\":\"search_term_string\"}}],\"inLanguage\":\"it-IT\"},{\"@type\":\"Person\",\"@id\":\"https:\/\/www.fondazionepirelli.org\/it\/#\/schema\/person\/c31fcf5937a0e6afa45497f3f8b6d7a0\",\"name\":\"fondazionepirelli\",\"image\":{\"@type\":\"ImageObject\",\"inLanguage\":\"it-IT\",\"@id\":\"https:\/\/www.fondazionepirelli.org\/it\/#\/schema\/person\/image\/\",\"url\":\"https:\/\/secure.gravatar.com\/avatar\/9cb486421ce1d6eddbf6c4fb66841b4325b786695f7aedf1dde2222428218696?s=96&d=mm&r=g\",\"contentUrl\":\"https:\/\/secure.gravatar.com\/avatar\/9cb486421ce1d6eddbf6c4fb66841b4325b786695f7aedf1dde2222428218696?s=96&d=mm&r=g\",\"caption\":\"fondazionepirelli\"},\"url\":\"https:\/\/www.fondazionepirelli.org\/it\/author\/fondazionepirelli\/\"}]}<\/script>\n<!-- \/ Yoast SEO plugin. -->","yoast_head_json":{"title":"Torna il Pirelli P7, il Cinturato \u201cdalla pista alla strada | Fondazione Pirelli","description":"Il ritorno del Pirelli P7. Scopri la storia del pneumatico ribassato vincitore dei Mondiali di Rally degli anni Setttanta. Visita fondazionepirelli.org.","robots":{"index":"index","follow":"follow","max-snippet":"max-snippet:-1","max-image-preview":"max-image-preview:large","max-video-preview":"max-video-preview:-1"},"canonical":"https:\/\/www.fondazionepirelli.org\/it\/iniziative\/storie-dal-mondo-pirelli\/torna-il-pirelli-p7-il-cinturato-dalla-pista-alla-strada\/","og_locale":"it_IT","og_type":"article","og_title":"Torna il Pirelli P7, il Cinturato \u201cdalla pista alla strada | Fondazione Pirelli","og_description":"Il ritorno del Pirelli P7. Scopri la storia del pneumatico ribassato vincitore dei Mondiali di Rally degli anni Setttanta. Visita fondazionepirelli.org.","og_url":"https:\/\/www.fondazionepirelli.org\/it\/iniziative\/storie-dal-mondo-pirelli\/torna-il-pirelli-p7-il-cinturato-dalla-pista-alla-strada\/","og_site_name":"Fondazione Pirelli","article_published_time":"2020-03-09T08:02:00+00:00","article_modified_time":"2022-01-28T14:30:25+00:00","og_image":[{"width":2680,"height":1396,"url":"https:\/\/wpsite-assets.fondazionepirelli.org\/wp-content\/uploads\/2020\/03\/02111308\/Pirelli-Bozzetti_045MOD.jpg","type":"image\/jpeg"}],"author":"fondazionepirelli","twitter_card":"summary_large_image","twitter_misc":{"Scritto da":"fondazionepirelli","Tempo di lettura stimato":"3 minuti"},"schema":{"@context":"https:\/\/schema.org","@graph":[{"@type":"WebPage","@id":"https:\/\/www.fondazionepirelli.org\/it\/iniziative\/storie-dal-mondo-pirelli\/torna-il-pirelli-p7-il-cinturato-dalla-pista-alla-strada\/","url":"https:\/\/www.fondazionepirelli.org\/it\/iniziative\/storie-dal-mondo-pirelli\/torna-il-pirelli-p7-il-cinturato-dalla-pista-alla-strada\/","name":"Torna il Pirelli P7, il Cinturato \u201cdalla pista alla strada | Fondazione Pirelli","isPartOf":{"@id":"https:\/\/www.fondazionepirelli.org\/it\/#website"},"primaryImageOfPage":{"@id":"https:\/\/www.fondazionepirelli.org\/it\/iniziative\/storie-dal-mondo-pirelli\/torna-il-pirelli-p7-il-cinturato-dalla-pista-alla-strada\/#primaryimage"},"image":{"@id":"https:\/\/www.fondazionepirelli.org\/it\/iniziative\/storie-dal-mondo-pirelli\/torna-il-pirelli-p7-il-cinturato-dalla-pista-alla-strada\/#primaryimage"},"thumbnailUrl":"https:\/\/wpsite-assets.fondazionepirelli.org\/wp-content\/uploads\/2020\/03\/02111308\/Pirelli-Bozzetti_045MOD.jpg","datePublished":"2020-03-09T08:02:00+00:00","dateModified":"2022-01-28T14:30:25+00:00","author":{"@id":"https:\/\/www.fondazionepirelli.org\/it\/#\/schema\/person\/c31fcf5937a0e6afa45497f3f8b6d7a0"},"description":"Il ritorno del Pirelli P7. Scopri la storia del pneumatico ribassato vincitore dei Mondiali di Rally degli anni Setttanta. Visita fondazionepirelli.org.","breadcrumb":{"@id":"https:\/\/www.fondazionepirelli.org\/it\/iniziative\/storie-dal-mondo-pirelli\/torna-il-pirelli-p7-il-cinturato-dalla-pista-alla-strada\/#breadcrumb"},"inLanguage":"it-IT","potentialAction":[{"@type":"ReadAction","target":["https:\/\/www.fondazionepirelli.org\/it\/iniziative\/storie-dal-mondo-pirelli\/torna-il-pirelli-p7-il-cinturato-dalla-pista-alla-strada\/"]}]},{"@type":"ImageObject","inLanguage":"it-IT","@id":"https:\/\/www.fondazionepirelli.org\/it\/iniziative\/storie-dal-mondo-pirelli\/torna-il-pirelli-p7-il-cinturato-dalla-pista-alla-strada\/#primaryimage","url":"https:\/\/wpsite-assets.fondazionepirelli.org\/wp-content\/uploads\/2020\/03\/02111308\/Pirelli-Bozzetti_045MOD.jpg","contentUrl":"https:\/\/wpsite-assets.fondazionepirelli.org\/wp-content\/uploads\/2020\/03\/02111308\/Pirelli-Bozzetti_045MOD.jpg","width":2680,"height":1396},{"@type":"BreadcrumbList","@id":"https:\/\/www.fondazionepirelli.org\/it\/iniziative\/storie-dal-mondo-pirelli\/torna-il-pirelli-p7-il-cinturato-dalla-pista-alla-strada\/#breadcrumb","itemListElement":[{"@type":"ListItem","position":1,"name":"Home","item":"https:\/\/www.fondazionepirelli.org\/it\/"},{"@type":"ListItem","position":2,"name":"Torna il Pirelli P7, il Cinturato \u201cdalla pista alla strada\u201d"}]},{"@type":"WebSite","@id":"https:\/\/www.fondazionepirelli.org\/it\/#website","url":"https:\/\/www.fondazionepirelli.org\/it\/","name":"Fondazione Pirelli","description":"","potentialAction":[{"@type":"SearchAction","target":{"@type":"EntryPoint","urlTemplate":"https:\/\/www.fondazionepirelli.org\/it\/?s={search_term_string}"},"query-input":{"@type":"PropertyValueSpecification","valueRequired":true,"valueName":"search_term_string"}}],"inLanguage":"it-IT"},{"@type":"Person","@id":"https:\/\/www.fondazionepirelli.org\/it\/#\/schema\/person\/c31fcf5937a0e6afa45497f3f8b6d7a0","name":"fondazionepirelli","image":{"@type":"ImageObject","inLanguage":"it-IT","@id":"https:\/\/www.fondazionepirelli.org\/it\/#\/schema\/person\/image\/","url":"https:\/\/secure.gravatar.com\/avatar\/9cb486421ce1d6eddbf6c4fb66841b4325b786695f7aedf1dde2222428218696?s=96&d=mm&r=g","contentUrl":"https:\/\/secure.gravatar.com\/avatar\/9cb486421ce1d6eddbf6c4fb66841b4325b786695f7aedf1dde2222428218696?s=96&d=mm&r=g","caption":"fondazionepirelli"},"url":"https:\/\/www.fondazionepirelli.org\/it\/author\/fondazionepirelli\/"}]}},"_links":{"self":[{"href":"https:\/\/www.fondazionepirelli.org\/it\/wp-json\/wp\/v2\/posts\/75187\/"}],"collection":[{"href":"https:\/\/www.fondazionepirelli.org\/it\/wp-json\/wp\/v2\/posts\/"}],"about":[{"href":"https:\/\/www.fondazionepirelli.org\/it\/wp-json\/wp\/v2\/types\/post\/"}],"author":[{"embeddable":true,"href":"https:\/\/www.fondazionepirelli.org\/it\/wp-json\/wp\/v2\/users\/9\/"}],"replies":[{"embeddable":true,"href":"https:\/\/www.fondazionepirelli.org\/it\/wp-json\/wp\/v2\/comments\/?post=75187"}],"version-history":[{"count":5,"href":"https:\/\/www.fondazionepirelli.org\/it\/wp-json\/wp\/v2\/posts\/75187\/revisions\/"}],"predecessor-version":[{"id":75210,"href":"https:\/\/www.fondazionepirelli.org\/it\/wp-json\/wp\/v2\/posts\/75187\/revisions\/75210\/"}],"wp:featuredmedia":[{"embeddable":true,"href":"https:\/\/www.fondazionepirelli.org\/it\/wp-json\/wp\/v2\/media\/75188\/"}],"wp:attachment":[{"href":"https:\/\/www.fondazionepirelli.org\/it\/wp-json\/wp\/v2\/media\/?parent=75187"}],"wp:term":[{"taxonomy":"category","embeddable":true,"href":"https:\/\/www.fondazionepirelli.org\/it\/wp-json\/wp\/v2\/categories\/?post=75187"},{"taxonomy":"post_tag","embeddable":true,"href":"https:\/\/www.fondazionepirelli.org\/it\/wp-json\/wp\/v2\/tags\/?post=75187"}],"curies":[{"name":"wp","href":"https:\/\/api.w.org\/{rel}","templated":true}]}}