{"id":75218,"date":"2020-03-02T11:47:56","date_gmt":"2020-03-02T10:47:56","guid":{"rendered":"https:\/\/www.fondazionepirelli.org\/?p=75218"},"modified":"2020-03-03T13:28:40","modified_gmt":"2020-03-03T12:28:40","slug":"innovazione-territorio-e-imprese","status":"publish","type":"post","link":"https:\/\/www.fondazionepirelli.org\/it\/cultura-dimpresa\/innovazione-territorio-e-imprese\/","title":{"rendered":"Innovazione, territorio e imprese"},"content":{"rendered":"<p><em>Un articolo de &#8220;L\u2019Industria&#8221; indaga sull\u2019impatto sociale della ricerca<\/em><\/p>\n<p>Ricerca e innovazione per tutti. Anche per chi, impresa o singolo, apparentemente \u00e8 posto lontano dai traguardi delle nuove tecnologie cos\u00ec come della scienza. Questione di organizzazione, certo, ma anche di possesso di quella capacit\u00e0 culturale che possa mettere in grado di saper cogliere innovazione e nuove tecnologie.<\/p>\n<p>L\u2019intervento di Alessandro Sterlacchini, pubblicato da poco su L\u2019Industria, prende le mosse dalla constatazione che i progressi nella scienza e nella tecnologia non sono inevitabili ma, comunque, possono essere diretti al benessere dell&#8217;intera societ\u00e0. E\u2019 necessario\u00a0 per\u00f2 saperli cogliere e sfruttare adeguatamente.<\/p>\n<p>\u201cL\u2019impatto sociale della ricerca e dell\u2019innovazione. Ipotesi di intervento per una sua valorizzazione nel contesto europeo e italiano\u201d, discute quindi alcune misure che possono essere poste in atto dall\u2019intervento pubblico e che possono estendere i benefici della ricerca e dell&#8217;innovazione a vaste porzioni della societ\u00e0 che sono parzialmente o totalmente escluse da esse. Sterlacchini pone in particolare attenzione ai criteri di valutazione della ricerca scientifica finanziati principalmente con risorse pubbliche e condotti principalmente dalle universit\u00e0; ai tipi di incentivi pubblici per le attivit\u00e0 innovative svolte da imprese private; all&#8217;uso di appalti pubblici per la fornitura di beni e servizi innovativi.<\/p>\n<p>L\u2019indicazione generale che deriva dall\u2019indagine di Sterlacchini,\u00a0 \u00e8 che l\u2019impatto sociale delle attivit\u00e0 di ricerca e innovazione, debba costituire una \u201cpreoccupazione\u201d di primo piano per tutte le politiche pubbliche di intervento. Un\u2019attenzione che vale anche per le imprese che fanno ricerca e innovazione e che devono conciliare l\u2019equilibrio di bilancio con l\u2019equilibrio di territorio.<\/p>\n<p>L\u2019articolo di Alessandro Sterlacchini aggiunge elementi di conoscenza preziosi, rispetto ad un tema complesso come quello dell\u2019impatto sociale della ricerca oltre che del ruolo che le imprese possono avere sia in quanto protagoniste della produzione di innovazione, sia come agenti responsabili di sviluppo territoriale.<\/p>\n<p><strong>\u00a0<\/strong><\/p>\n<p><strong>L\u2019impatto sociale della ricerca e dell\u2019innovazione. Ipotesi di intervento per una sua valorizzazione nel contesto europeo e italiano<\/strong><br \/>\nAlessandro Sterlacchini<br \/>\nL\u2019Industria, 4\/2019, ottobre-dicembre<\/p>\n<p><a href=\"https:\/\/www.rivisteweb.it\/doi\/10.1430\/95935\" target=\"_blank\" rel=\"noopener noreferrer\">Leggi estratto online<\/a><\/p>\n","protected":false},"excerpt":{"rendered":"<p>Un articolo de &#8220;L\u2019Industria&#8221; indaga sull\u2019impatto sociale della ricerca Ricerca e innovazione per tutti. Anche per chi, impresa o singolo, apparentemente \u00e8 posto lontano dai traguardi delle nuove tecnologie cos\u00ec come della scienza. Questione di organizzazione, certo, ma anche di possesso di quella capacit\u00e0 culturale che possa mettere in grado di saper cogliere innovazione e [&hellip;]<\/p>\n","protected":false},"author":9,"featured_media":0,"comment_status":"open","ping_status":"open","sticky":false,"template":"","format":"standard","meta":{"footnotes":""},"categories":[54,52],"tags":[],"class_list":["post-75218","post","type-post","status-publish","format-standard","hentry","category-approfondimenti","category-cultura-dimpresa"],"acf":[],"yoast_head":"<!-- This site is optimized with the Yoast SEO plugin v25.0 - https:\/\/yoast.com\/wordpress\/plugins\/seo\/ -->\n<title>Innovazione, territorio e imprese - Fondazione Pirelli<\/title>\n<meta name=\"robots\" content=\"index, follow, max-snippet:-1, max-image-preview:large, max-video-preview:-1\" \/>\n<link rel=\"canonical\" href=\"https:\/\/www.fondazionepirelli.org\/it\/cultura-dimpresa\/innovazione-territorio-e-imprese\/\" \/>\n<meta property=\"og:locale\" content=\"it_IT\" \/>\n<meta property=\"og:type\" content=\"article\" \/>\n<meta property=\"og:title\" content=\"Innovazione, territorio e imprese - Fondazione Pirelli\" \/>\n<meta property=\"og:description\" content=\"Un articolo de &#8220;L\u2019Industria&#8221; indaga sull\u2019impatto sociale della ricerca Ricerca e innovazione per tutti. Anche per chi, impresa o singolo, apparentemente \u00e8 posto lontano dai traguardi delle nuove tecnologie cos\u00ec come della scienza. Questione di organizzazione, certo, ma anche di possesso di quella capacit\u00e0 culturale che possa mettere in grado di saper cogliere innovazione e [&hellip;]\" \/>\n<meta property=\"og:url\" content=\"https:\/\/127.0.0.1\/it\/cultura-dimpresa\/innovazione-territorio-e-imprese\/\" \/>\n<meta property=\"og:site_name\" content=\"Fondazione Pirelli\" \/>\n<meta property=\"article:published_time\" content=\"2020-03-02T10:47:56+00:00\" \/>\n<meta property=\"article:modified_time\" content=\"2020-03-03T12:28:40+00:00\" \/>\n<meta name=\"author\" content=\"fondazionepirelli\" \/>\n<meta name=\"twitter:card\" content=\"summary_large_image\" \/>\n<meta name=\"twitter:label1\" content=\"Scritto da\" \/>\n\t<meta name=\"twitter:data1\" content=\"fondazionepirelli\" \/>\n\t<meta name=\"twitter:label2\" content=\"Tempo di lettura stimato\" \/>\n\t<meta name=\"twitter:data2\" content=\"2 minuti\" \/>\n<script type=\"application\/ld+json\" class=\"yoast-schema-graph\">{\"@context\":\"https:\/\/schema.org\",\"@graph\":[{\"@type\":\"WebPage\",\"@id\":\"https:\/\/127.0.0.1\/it\/cultura-dimpresa\/innovazione-territorio-e-imprese\/\",\"url\":\"https:\/\/127.0.0.1\/it\/cultura-dimpresa\/innovazione-territorio-e-imprese\/\",\"name\":\"Innovazione, territorio e imprese - Fondazione Pirelli\",\"isPartOf\":{\"@id\":\"https:\/\/www.fondazionepirelli.org\/it\/#website\"},\"datePublished\":\"2020-03-02T10:47:56+00:00\",\"dateModified\":\"2020-03-03T12:28:40+00:00\",\"author\":{\"@id\":\"https:\/\/www.fondazionepirelli.org\/it\/#\/schema\/person\/c31fcf5937a0e6afa45497f3f8b6d7a0\"},\"breadcrumb\":{\"@id\":\"https:\/\/127.0.0.1\/it\/cultura-dimpresa\/innovazione-territorio-e-imprese\/#breadcrumb\"},\"inLanguage\":\"it-IT\",\"potentialAction\":[{\"@type\":\"ReadAction\",\"target\":[\"https:\/\/127.0.0.1\/it\/cultura-dimpresa\/innovazione-territorio-e-imprese\/\"]}]},{\"@type\":\"BreadcrumbList\",\"@id\":\"https:\/\/127.0.0.1\/it\/cultura-dimpresa\/innovazione-territorio-e-imprese\/#breadcrumb\",\"itemListElement\":[{\"@type\":\"ListItem\",\"position\":1,\"name\":\"Home\",\"item\":\"https:\/\/www.fondazionepirelli.org\/it\/\"},{\"@type\":\"ListItem\",\"position\":2,\"name\":\"Innovazione, territorio e imprese\"}]},{\"@type\":\"WebSite\",\"@id\":\"https:\/\/www.fondazionepirelli.org\/it\/#website\",\"url\":\"https:\/\/www.fondazionepirelli.org\/it\/\",\"name\":\"Fondazione Pirelli\",\"description\":\"\",\"potentialAction\":[{\"@type\":\"SearchAction\",\"target\":{\"@type\":\"EntryPoint\",\"urlTemplate\":\"https:\/\/www.fondazionepirelli.org\/it\/?s={search_term_string}\"},\"query-input\":{\"@type\":\"PropertyValueSpecification\",\"valueRequired\":true,\"valueName\":\"search_term_string\"}}],\"inLanguage\":\"it-IT\"},{\"@type\":\"Person\",\"@id\":\"https:\/\/www.fondazionepirelli.org\/it\/#\/schema\/person\/c31fcf5937a0e6afa45497f3f8b6d7a0\",\"name\":\"fondazionepirelli\",\"image\":{\"@type\":\"ImageObject\",\"inLanguage\":\"it-IT\",\"@id\":\"https:\/\/www.fondazionepirelli.org\/it\/#\/schema\/person\/image\/\",\"url\":\"https:\/\/secure.gravatar.com\/avatar\/9cb486421ce1d6eddbf6c4fb66841b4325b786695f7aedf1dde2222428218696?s=96&d=mm&r=g\",\"contentUrl\":\"https:\/\/secure.gravatar.com\/avatar\/9cb486421ce1d6eddbf6c4fb66841b4325b786695f7aedf1dde2222428218696?s=96&d=mm&r=g\",\"caption\":\"fondazionepirelli\"},\"url\":\"https:\/\/www.fondazionepirelli.org\/it\/author\/fondazionepirelli\/\"}]}<\/script>\n<!-- \/ Yoast SEO plugin. -->","yoast_head_json":{"title":"Innovazione, territorio e imprese - Fondazione Pirelli","robots":{"index":"index","follow":"follow","max-snippet":"max-snippet:-1","max-image-preview":"max-image-preview:large","max-video-preview":"max-video-preview:-1"},"canonical":"https:\/\/www.fondazionepirelli.org\/it\/cultura-dimpresa\/innovazione-territorio-e-imprese\/","og_locale":"it_IT","og_type":"article","og_title":"Innovazione, territorio e imprese - Fondazione Pirelli","og_description":"Un articolo de &#8220;L\u2019Industria&#8221; indaga sull\u2019impatto sociale della ricerca Ricerca e innovazione per tutti. Anche per chi, impresa o singolo, apparentemente \u00e8 posto lontano dai traguardi delle nuove tecnologie cos\u00ec come della scienza. Questione di organizzazione, certo, ma anche di possesso di quella capacit\u00e0 culturale che possa mettere in grado di saper cogliere innovazione e [&hellip;]","og_url":"https:\/\/127.0.0.1\/it\/cultura-dimpresa\/innovazione-territorio-e-imprese\/","og_site_name":"Fondazione Pirelli","article_published_time":"2020-03-02T10:47:56+00:00","article_modified_time":"2020-03-03T12:28:40+00:00","author":"fondazionepirelli","twitter_card":"summary_large_image","twitter_misc":{"Scritto da":"fondazionepirelli","Tempo di lettura stimato":"2 minuti"},"schema":{"@context":"https:\/\/schema.org","@graph":[{"@type":"WebPage","@id":"https:\/\/127.0.0.1\/it\/cultura-dimpresa\/innovazione-territorio-e-imprese\/","url":"https:\/\/127.0.0.1\/it\/cultura-dimpresa\/innovazione-territorio-e-imprese\/","name":"Innovazione, territorio e imprese - Fondazione Pirelli","isPartOf":{"@id":"https:\/\/www.fondazionepirelli.org\/it\/#website"},"datePublished":"2020-03-02T10:47:56+00:00","dateModified":"2020-03-03T12:28:40+00:00","author":{"@id":"https:\/\/www.fondazionepirelli.org\/it\/#\/schema\/person\/c31fcf5937a0e6afa45497f3f8b6d7a0"},"breadcrumb":{"@id":"https:\/\/127.0.0.1\/it\/cultura-dimpresa\/innovazione-territorio-e-imprese\/#breadcrumb"},"inLanguage":"it-IT","potentialAction":[{"@type":"ReadAction","target":["https:\/\/127.0.0.1\/it\/cultura-dimpresa\/innovazione-territorio-e-imprese\/"]}]},{"@type":"BreadcrumbList","@id":"https:\/\/127.0.0.1\/it\/cultura-dimpresa\/innovazione-territorio-e-imprese\/#breadcrumb","itemListElement":[{"@type":"ListItem","position":1,"name":"Home","item":"https:\/\/www.fondazionepirelli.org\/it\/"},{"@type":"ListItem","position":2,"name":"Innovazione, territorio e imprese"}]},{"@type":"WebSite","@id":"https:\/\/www.fondazionepirelli.org\/it\/#website","url":"https:\/\/www.fondazionepirelli.org\/it\/","name":"Fondazione Pirelli","description":"","potentialAction":[{"@type":"SearchAction","target":{"@type":"EntryPoint","urlTemplate":"https:\/\/www.fondazionepirelli.org\/it\/?s={search_term_string}"},"query-input":{"@type":"PropertyValueSpecification","valueRequired":true,"valueName":"search_term_string"}}],"inLanguage":"it-IT"},{"@type":"Person","@id":"https:\/\/www.fondazionepirelli.org\/it\/#\/schema\/person\/c31fcf5937a0e6afa45497f3f8b6d7a0","name":"fondazionepirelli","image":{"@type":"ImageObject","inLanguage":"it-IT","@id":"https:\/\/www.fondazionepirelli.org\/it\/#\/schema\/person\/image\/","url":"https:\/\/secure.gravatar.com\/avatar\/9cb486421ce1d6eddbf6c4fb66841b4325b786695f7aedf1dde2222428218696?s=96&d=mm&r=g","contentUrl":"https:\/\/secure.gravatar.com\/avatar\/9cb486421ce1d6eddbf6c4fb66841b4325b786695f7aedf1dde2222428218696?s=96&d=mm&r=g","caption":"fondazionepirelli"},"url":"https:\/\/www.fondazionepirelli.org\/it\/author\/fondazionepirelli\/"}]}},"_links":{"self":[{"href":"https:\/\/www.fondazionepirelli.org\/it\/wp-json\/wp\/v2\/posts\/75218\/"}],"collection":[{"href":"https:\/\/www.fondazionepirelli.org\/it\/wp-json\/wp\/v2\/posts\/"}],"about":[{"href":"https:\/\/www.fondazionepirelli.org\/it\/wp-json\/wp\/v2\/types\/post\/"}],"author":[{"embeddable":true,"href":"https:\/\/www.fondazionepirelli.org\/it\/wp-json\/wp\/v2\/users\/9\/"}],"replies":[{"embeddable":true,"href":"https:\/\/www.fondazionepirelli.org\/it\/wp-json\/wp\/v2\/comments\/?post=75218"}],"version-history":[{"count":2,"href":"https:\/\/www.fondazionepirelli.org\/it\/wp-json\/wp\/v2\/posts\/75218\/revisions\/"}],"predecessor-version":[{"id":75220,"href":"https:\/\/www.fondazionepirelli.org\/it\/wp-json\/wp\/v2\/posts\/75218\/revisions\/75220\/"}],"wp:attachment":[{"href":"https:\/\/www.fondazionepirelli.org\/it\/wp-json\/wp\/v2\/media\/?parent=75218"}],"wp:term":[{"taxonomy":"category","embeddable":true,"href":"https:\/\/www.fondazionepirelli.org\/it\/wp-json\/wp\/v2\/categories\/?post=75218"},{"taxonomy":"post_tag","embeddable":true,"href":"https:\/\/www.fondazionepirelli.org\/it\/wp-json\/wp\/v2\/tags\/?post=75218"}],"curies":[{"name":"wp","href":"https:\/\/api.w.org\/{rel}","templated":true}]}}