{"id":75367,"date":"2016-05-30T12:12:59","date_gmt":"2016-05-30T11:12:59","guid":{"rendered":"https:\/\/www.fondazionepirelli.org\/?p=75367"},"modified":"2020-03-05T12:33:17","modified_gmt":"2020-03-05T11:33:17","slug":"alla-fondazione-pirelli-il-premio-rosa-camuna-2016","status":"publish","type":"post","link":"https:\/\/www.fondazionepirelli.org\/it\/la-fondazione\/alla-fondazione-pirelli-il-premio-rosa-camuna-2016\/","title":{"rendered":"Alla Fondazione Pirelli il Premio Rosa Camuna 2016"},"content":{"rendered":"<p>Il <strong>29 maggio 2016<\/strong>, presso il Teatro Bibiena di Mantova, <strong>la Fondazione Pirelli ha ricevuto<\/strong> <strong>dal Governatore delle Regione Lombardia il Premio Rosa Camuna<\/strong>, \u201cper aver salvaguardato e valorizzato il patrimonio culturale, storico e contemporaneo del Gruppo Pirelli, materiali e archivi che raccontano la storia dell\u2019impresa e la storia d\u2019Italia\u201d. Un premio prestigiosissimo, quello istituito fin dal 2009 dalla Regione per riconoscere pubblicamente ogni anno l\u2019impegno, l\u2019operosit\u00e0, la creativit\u00e0 e l\u2019ingegno di coloro che si siano particolarmente distinti nel contribuire allo sviluppo economico, sociale, culturale e sportivo della Lombardia.<\/p>\n<p>E poi, quella che \u00e8 ben pi\u00f9 che una coincidenza. Il premio \u00e8 rappresentato da una medaglia dorata di forma circolare raffigurante al proprio interno la <strong>Rosa camuna<\/strong>, simbolo della Regione Lombardia. <strong>Quel simbolo lo ide\u00f2 nel 1975 un pool di designer che annoverava Pino Tovaglia, Bob Noorda, Bruno Munari<\/strong>: nomi che hanno lasciato un marchio indelebile nella <strong>storia della comunicazione visiva Pirelli<\/strong>. Per la Fondazione Pirelli, l\u2019aver ricevuto il premio ha significato il riconoscimento di un ruolo importante sostenuto nella vita culturale del territorio lombardo e di quello milanese in particolare: non solo nella conservazione del patrimonio storico dell\u2019azienda ma anche nell\u2019ampia attivit\u00e0 di valorizzazione, diffusione e sostegno di una moderna cultura d\u2019impresa.<\/p>\n<p>Un\u2019immagine su tutte per dare il senso del radicamento dell\u2019azienda del territorio milanese: all\u2019ingresso dell\u2019Archivio Storico<strong>,<\/strong> oltre tremila metri lineari di documenti conservati negli spazi della Fondazione, campeggia una grande fotografia dal titolo <strong>\u201cL\u2019uscita delle maestranze dallo stabilimento Pirelli di Via Ponte Seveso\u201d<\/strong>. E\u2019 opera del fotografo e regista <strong>Luca Comerio<\/strong>, che nel 1905 volle ritrarre la grandiosit\u00e0 di questa industria che dall\u2019anno della sua nascita, nel 1872, aveva ormai raggiunto la dimensione di un grande gruppo multinazionale. Le <strong>migliaia di lavoratori<\/strong> immortalati da Luca Comerio <strong>fuori dai cancelli della fabbrica milanese<\/strong> erano l\u00ec proprio <strong>a ricordare le solide radici lombarde della societ\u00e0<\/strong> <strong>fondata da Giovanni Battista Pirelli<\/strong>. A tutti quelle operaie e operai del primo Novecento, e alle migliaia e migliaia di loro successori delle fabbriche Pirelli di tutto il mondo, il Premio Rosa Camuna \u00e8 idealmente dedicato.<\/p>\n","protected":false},"excerpt":{"rendered":"<p>Il 29 maggio 2016, presso il Teatro Bibiena di Mantova, la Fondazione Pirelli ha ricevuto dal Governatore delle Regione Lombardia il Premio Rosa Camuna, \u201cper aver salvaguardato e valorizzato il patrimonio culturale, storico e contemporaneo del Gruppo Pirelli, materiali e archivi che raccontano la storia dell\u2019impresa e la storia d\u2019Italia\u201d. Un premio prestigiosissimo, quello istituito [&hellip;]<\/p>\n","protected":false},"author":9,"featured_media":75369,"comment_status":"open","ping_status":"open","sticky":false,"template":"","format":"standard","meta":{"footnotes":""},"categories":[63,64],"tags":[],"class_list":["post-75367","post","type-post","status-publish","format-standard","has-post-thumbnail","hentry","category-la-fondazione","category-la-fondazione-pirelli"],"acf":[],"yoast_head":"<!-- This site is optimized with the Yoast SEO plugin v25.0 - https:\/\/yoast.com\/wordpress\/plugins\/seo\/ -->\n<title>Alla Fondazione Pirelli il Premio Rosa Camuna 2016 - Fondazione Pirelli<\/title>\n<meta name=\"robots\" content=\"index, follow, max-snippet:-1, max-image-preview:large, max-video-preview:-1\" \/>\n<link rel=\"canonical\" href=\"https:\/\/www.fondazionepirelli.org\/it\/la-fondazione\/alla-fondazione-pirelli-il-premio-rosa-camuna-2016\/\" \/>\n<meta property=\"og:locale\" content=\"it_IT\" \/>\n<meta property=\"og:type\" content=\"article\" \/>\n<meta property=\"og:title\" content=\"Alla Fondazione Pirelli il Premio Rosa Camuna 2016 - Fondazione Pirelli\" \/>\n<meta property=\"og:description\" content=\"Il 29 maggio 2016, presso il Teatro Bibiena di Mantova, la Fondazione Pirelli ha ricevuto dal Governatore delle Regione Lombardia il Premio Rosa Camuna, \u201cper aver salvaguardato e valorizzato il patrimonio culturale, storico e contemporaneo del Gruppo Pirelli, materiali e archivi che raccontano la storia dell\u2019impresa e la storia d\u2019Italia\u201d. Un premio prestigiosissimo, quello istituito [&hellip;]\" \/>\n<meta property=\"og:url\" content=\"https:\/\/www.fondazionepirelli.org\/it\/la-fondazione\/alla-fondazione-pirelli-il-premio-rosa-camuna-2016\/\" \/>\n<meta property=\"og:site_name\" content=\"Fondazione Pirelli\" \/>\n<meta property=\"article:published_time\" content=\"2016-05-30T11:12:59+00:00\" \/>\n<meta property=\"article:modified_time\" content=\"2020-03-05T11:33:17+00:00\" \/>\n<meta property=\"og:image\" content=\"https:\/\/wpsite-assets.fondazionepirelli.org\/wp-content\/uploads\/2016\/05\/05123213\/Antonio-Calabr%C3%B2-Premio-Rosa-Camuna-Fondazione-Pirelli-e1583407967961.jpg\" \/>\n\t<meta property=\"og:image:width\" content=\"600\" \/>\n\t<meta property=\"og:image:height\" content=\"399\" \/>\n\t<meta property=\"og:image:type\" content=\"image\/jpeg\" \/>\n<meta name=\"author\" content=\"fondazionepirelli\" \/>\n<meta name=\"twitter:card\" content=\"summary_large_image\" \/>\n<meta name=\"twitter:label1\" content=\"Scritto da\" \/>\n\t<meta name=\"twitter:data1\" content=\"fondazionepirelli\" \/>\n\t<meta name=\"twitter:label2\" content=\"Tempo di lettura stimato\" \/>\n\t<meta name=\"twitter:data2\" content=\"2 minuti\" \/>\n<script type=\"application\/ld+json\" class=\"yoast-schema-graph\">{\"@context\":\"https:\/\/schema.org\",\"@graph\":[{\"@type\":\"WebPage\",\"@id\":\"https:\/\/www.fondazionepirelli.org\/it\/la-fondazione\/alla-fondazione-pirelli-il-premio-rosa-camuna-2016\/\",\"url\":\"https:\/\/www.fondazionepirelli.org\/it\/la-fondazione\/alla-fondazione-pirelli-il-premio-rosa-camuna-2016\/\",\"name\":\"Alla Fondazione Pirelli il Premio Rosa Camuna 2016 - Fondazione Pirelli\",\"isPartOf\":{\"@id\":\"https:\/\/www.fondazionepirelli.org\/it\/#website\"},\"primaryImageOfPage\":{\"@id\":\"https:\/\/www.fondazionepirelli.org\/it\/la-fondazione\/alla-fondazione-pirelli-il-premio-rosa-camuna-2016\/#primaryimage\"},\"image\":{\"@id\":\"https:\/\/www.fondazionepirelli.org\/it\/la-fondazione\/alla-fondazione-pirelli-il-premio-rosa-camuna-2016\/#primaryimage\"},\"thumbnailUrl\":\"https:\/\/wpsite-assets.fondazionepirelli.org\/wp-content\/uploads\/2016\/05\/05123213\/Antonio-Calabr%C3%B2-Premio-Rosa-Camuna-Fondazione-Pirelli-e1583407967961.jpg\",\"datePublished\":\"2016-05-30T11:12:59+00:00\",\"dateModified\":\"2020-03-05T11:33:17+00:00\",\"author\":{\"@id\":\"https:\/\/www.fondazionepirelli.org\/it\/#\/schema\/person\/c31fcf5937a0e6afa45497f3f8b6d7a0\"},\"breadcrumb\":{\"@id\":\"https:\/\/www.fondazionepirelli.org\/it\/la-fondazione\/alla-fondazione-pirelli-il-premio-rosa-camuna-2016\/#breadcrumb\"},\"inLanguage\":\"it-IT\",\"potentialAction\":[{\"@type\":\"ReadAction\",\"target\":[\"https:\/\/www.fondazionepirelli.org\/it\/la-fondazione\/alla-fondazione-pirelli-il-premio-rosa-camuna-2016\/\"]}]},{\"@type\":\"ImageObject\",\"inLanguage\":\"it-IT\",\"@id\":\"https:\/\/www.fondazionepirelli.org\/it\/la-fondazione\/alla-fondazione-pirelli-il-premio-rosa-camuna-2016\/#primaryimage\",\"url\":\"https:\/\/wpsite-assets.fondazionepirelli.org\/wp-content\/uploads\/2016\/05\/05123213\/Antonio-Calabr%C3%B2-Premio-Rosa-Camuna-Fondazione-Pirelli-e1583407967961.jpg\",\"contentUrl\":\"https:\/\/wpsite-assets.fondazionepirelli.org\/wp-content\/uploads\/2016\/05\/05123213\/Antonio-Calabr%C3%B2-Premio-Rosa-Camuna-Fondazione-Pirelli-e1583407967961.jpg\",\"width\":600,\"height\":399},{\"@type\":\"BreadcrumbList\",\"@id\":\"https:\/\/www.fondazionepirelli.org\/it\/la-fondazione\/alla-fondazione-pirelli-il-premio-rosa-camuna-2016\/#breadcrumb\",\"itemListElement\":[{\"@type\":\"ListItem\",\"position\":1,\"name\":\"Home\",\"item\":\"https:\/\/www.fondazionepirelli.org\/it\/\"},{\"@type\":\"ListItem\",\"position\":2,\"name\":\"Alla Fondazione Pirelli il Premio Rosa Camuna 2016\"}]},{\"@type\":\"WebSite\",\"@id\":\"https:\/\/www.fondazionepirelli.org\/it\/#website\",\"url\":\"https:\/\/www.fondazionepirelli.org\/it\/\",\"name\":\"Fondazione Pirelli\",\"description\":\"\",\"potentialAction\":[{\"@type\":\"SearchAction\",\"target\":{\"@type\":\"EntryPoint\",\"urlTemplate\":\"https:\/\/www.fondazionepirelli.org\/it\/?s={search_term_string}\"},\"query-input\":{\"@type\":\"PropertyValueSpecification\",\"valueRequired\":true,\"valueName\":\"search_term_string\"}}],\"inLanguage\":\"it-IT\"},{\"@type\":\"Person\",\"@id\":\"https:\/\/www.fondazionepirelli.org\/it\/#\/schema\/person\/c31fcf5937a0e6afa45497f3f8b6d7a0\",\"name\":\"fondazionepirelli\",\"image\":{\"@type\":\"ImageObject\",\"inLanguage\":\"it-IT\",\"@id\":\"https:\/\/www.fondazionepirelli.org\/it\/#\/schema\/person\/image\/\",\"url\":\"https:\/\/secure.gravatar.com\/avatar\/9cb486421ce1d6eddbf6c4fb66841b4325b786695f7aedf1dde2222428218696?s=96&d=mm&r=g\",\"contentUrl\":\"https:\/\/secure.gravatar.com\/avatar\/9cb486421ce1d6eddbf6c4fb66841b4325b786695f7aedf1dde2222428218696?s=96&d=mm&r=g\",\"caption\":\"fondazionepirelli\"},\"url\":\"https:\/\/www.fondazionepirelli.org\/it\/author\/fondazionepirelli\/\"}]}<\/script>\n<!-- \/ Yoast SEO plugin. -->","yoast_head_json":{"title":"Alla Fondazione Pirelli il Premio Rosa Camuna 2016 - Fondazione Pirelli","robots":{"index":"index","follow":"follow","max-snippet":"max-snippet:-1","max-image-preview":"max-image-preview:large","max-video-preview":"max-video-preview:-1"},"canonical":"https:\/\/www.fondazionepirelli.org\/it\/la-fondazione\/alla-fondazione-pirelli-il-premio-rosa-camuna-2016\/","og_locale":"it_IT","og_type":"article","og_title":"Alla Fondazione Pirelli il Premio Rosa Camuna 2016 - Fondazione Pirelli","og_description":"Il 29 maggio 2016, presso il Teatro Bibiena di Mantova, la Fondazione Pirelli ha ricevuto dal Governatore delle Regione Lombardia il Premio Rosa Camuna, \u201cper aver salvaguardato e valorizzato il patrimonio culturale, storico e contemporaneo del Gruppo Pirelli, materiali e archivi che raccontano la storia dell\u2019impresa e la storia d\u2019Italia\u201d. Un premio prestigiosissimo, quello istituito [&hellip;]","og_url":"https:\/\/www.fondazionepirelli.org\/it\/la-fondazione\/alla-fondazione-pirelli-il-premio-rosa-camuna-2016\/","og_site_name":"Fondazione Pirelli","article_published_time":"2016-05-30T11:12:59+00:00","article_modified_time":"2020-03-05T11:33:17+00:00","og_image":[{"width":600,"height":399,"url":"https:\/\/wpsite-assets.fondazionepirelli.org\/wp-content\/uploads\/2016\/05\/05123213\/Antonio-Calabr%C3%B2-Premio-Rosa-Camuna-Fondazione-Pirelli-e1583407967961.jpg","type":"image\/jpeg"}],"author":"fondazionepirelli","twitter_card":"summary_large_image","twitter_misc":{"Scritto da":"fondazionepirelli","Tempo di lettura stimato":"2 minuti"},"schema":{"@context":"https:\/\/schema.org","@graph":[{"@type":"WebPage","@id":"https:\/\/www.fondazionepirelli.org\/it\/la-fondazione\/alla-fondazione-pirelli-il-premio-rosa-camuna-2016\/","url":"https:\/\/www.fondazionepirelli.org\/it\/la-fondazione\/alla-fondazione-pirelli-il-premio-rosa-camuna-2016\/","name":"Alla Fondazione Pirelli il Premio Rosa Camuna 2016 - Fondazione Pirelli","isPartOf":{"@id":"https:\/\/www.fondazionepirelli.org\/it\/#website"},"primaryImageOfPage":{"@id":"https:\/\/www.fondazionepirelli.org\/it\/la-fondazione\/alla-fondazione-pirelli-il-premio-rosa-camuna-2016\/#primaryimage"},"image":{"@id":"https:\/\/www.fondazionepirelli.org\/it\/la-fondazione\/alla-fondazione-pirelli-il-premio-rosa-camuna-2016\/#primaryimage"},"thumbnailUrl":"https:\/\/wpsite-assets.fondazionepirelli.org\/wp-content\/uploads\/2016\/05\/05123213\/Antonio-Calabr%C3%B2-Premio-Rosa-Camuna-Fondazione-Pirelli-e1583407967961.jpg","datePublished":"2016-05-30T11:12:59+00:00","dateModified":"2020-03-05T11:33:17+00:00","author":{"@id":"https:\/\/www.fondazionepirelli.org\/it\/#\/schema\/person\/c31fcf5937a0e6afa45497f3f8b6d7a0"},"breadcrumb":{"@id":"https:\/\/www.fondazionepirelli.org\/it\/la-fondazione\/alla-fondazione-pirelli-il-premio-rosa-camuna-2016\/#breadcrumb"},"inLanguage":"it-IT","potentialAction":[{"@type":"ReadAction","target":["https:\/\/www.fondazionepirelli.org\/it\/la-fondazione\/alla-fondazione-pirelli-il-premio-rosa-camuna-2016\/"]}]},{"@type":"ImageObject","inLanguage":"it-IT","@id":"https:\/\/www.fondazionepirelli.org\/it\/la-fondazione\/alla-fondazione-pirelli-il-premio-rosa-camuna-2016\/#primaryimage","url":"https:\/\/wpsite-assets.fondazionepirelli.org\/wp-content\/uploads\/2016\/05\/05123213\/Antonio-Calabr%C3%B2-Premio-Rosa-Camuna-Fondazione-Pirelli-e1583407967961.jpg","contentUrl":"https:\/\/wpsite-assets.fondazionepirelli.org\/wp-content\/uploads\/2016\/05\/05123213\/Antonio-Calabr%C3%B2-Premio-Rosa-Camuna-Fondazione-Pirelli-e1583407967961.jpg","width":600,"height":399},{"@type":"BreadcrumbList","@id":"https:\/\/www.fondazionepirelli.org\/it\/la-fondazione\/alla-fondazione-pirelli-il-premio-rosa-camuna-2016\/#breadcrumb","itemListElement":[{"@type":"ListItem","position":1,"name":"Home","item":"https:\/\/www.fondazionepirelli.org\/it\/"},{"@type":"ListItem","position":2,"name":"Alla Fondazione Pirelli il Premio Rosa Camuna 2016"}]},{"@type":"WebSite","@id":"https:\/\/www.fondazionepirelli.org\/it\/#website","url":"https:\/\/www.fondazionepirelli.org\/it\/","name":"Fondazione Pirelli","description":"","potentialAction":[{"@type":"SearchAction","target":{"@type":"EntryPoint","urlTemplate":"https:\/\/www.fondazionepirelli.org\/it\/?s={search_term_string}"},"query-input":{"@type":"PropertyValueSpecification","valueRequired":true,"valueName":"search_term_string"}}],"inLanguage":"it-IT"},{"@type":"Person","@id":"https:\/\/www.fondazionepirelli.org\/it\/#\/schema\/person\/c31fcf5937a0e6afa45497f3f8b6d7a0","name":"fondazionepirelli","image":{"@type":"ImageObject","inLanguage":"it-IT","@id":"https:\/\/www.fondazionepirelli.org\/it\/#\/schema\/person\/image\/","url":"https:\/\/secure.gravatar.com\/avatar\/9cb486421ce1d6eddbf6c4fb66841b4325b786695f7aedf1dde2222428218696?s=96&d=mm&r=g","contentUrl":"https:\/\/secure.gravatar.com\/avatar\/9cb486421ce1d6eddbf6c4fb66841b4325b786695f7aedf1dde2222428218696?s=96&d=mm&r=g","caption":"fondazionepirelli"},"url":"https:\/\/www.fondazionepirelli.org\/it\/author\/fondazionepirelli\/"}]}},"_links":{"self":[{"href":"https:\/\/www.fondazionepirelli.org\/it\/wp-json\/wp\/v2\/posts\/75367\/"}],"collection":[{"href":"https:\/\/www.fondazionepirelli.org\/it\/wp-json\/wp\/v2\/posts\/"}],"about":[{"href":"https:\/\/www.fondazionepirelli.org\/it\/wp-json\/wp\/v2\/types\/post\/"}],"author":[{"embeddable":true,"href":"https:\/\/www.fondazionepirelli.org\/it\/wp-json\/wp\/v2\/users\/9\/"}],"replies":[{"embeddable":true,"href":"https:\/\/www.fondazionepirelli.org\/it\/wp-json\/wp\/v2\/comments\/?post=75367"}],"version-history":[{"count":3,"href":"https:\/\/www.fondazionepirelli.org\/it\/wp-json\/wp\/v2\/posts\/75367\/revisions\/"}],"predecessor-version":[{"id":75372,"href":"https:\/\/www.fondazionepirelli.org\/it\/wp-json\/wp\/v2\/posts\/75367\/revisions\/75372\/"}],"wp:featuredmedia":[{"embeddable":true,"href":"https:\/\/www.fondazionepirelli.org\/it\/wp-json\/wp\/v2\/media\/75369\/"}],"wp:attachment":[{"href":"https:\/\/www.fondazionepirelli.org\/it\/wp-json\/wp\/v2\/media\/?parent=75367"}],"wp:term":[{"taxonomy":"category","embeddable":true,"href":"https:\/\/www.fondazionepirelli.org\/it\/wp-json\/wp\/v2\/categories\/?post=75367"},{"taxonomy":"post_tag","embeddable":true,"href":"https:\/\/www.fondazionepirelli.org\/it\/wp-json\/wp\/v2\/tags\/?post=75367"}],"curies":[{"name":"wp","href":"https:\/\/api.w.org\/{rel}","templated":true}]}}