{"id":75639,"date":"2020-03-17T09:19:09","date_gmt":"2020-03-17T08:19:09","guid":{"rendered":"https:\/\/www.fondazionepirelli.org\/?p=75639"},"modified":"2020-03-17T11:07:59","modified_gmt":"2020-03-17T10:07:59","slug":"rileggere-keynes-e-progettare-investimenti-su-salute-ambiente-e-ricerca-scientifica","status":"publish","type":"post","link":"https:\/\/www.fondazionepirelli.org\/it\/cultura-dimpresa\/rileggere-keynes-e-progettare-investimenti-su-salute-ambiente-e-ricerca-scientifica\/","title":{"rendered":"Rileggere Keynes e progettare investimenti su salute, ambiente e ricerca scientifica"},"content":{"rendered":"<p>Rileggere<strong> Keynes<\/strong>, in questi giorni difficili di crisi, contagi da virus, fragilit\u00e0, paura, radicali cambiamenti del nostro modo di vivere e lavorare, di dati allarmanti sulla recessione e di voci che parlano di \u201c<strong>quaresima del capitalism<\/strong>o\u201d. Rileggere Keynes, come un ritorno ai \u201cclassici\u201d del Novecento (<strong>Max Weber<\/strong>, <strong>Thomas Mann<\/strong>, Hans Kelsen, Emmanuel Mounier e gli italiani <strong>Gramsci<\/strong>,<strong> Croce, Spinelli, Calamandrei<\/strong>, tanto per fare solo alcuni dei nomi essenziali) per andare alla radice delle<strong> buone idee politiche<\/strong>, economiche e morali che hanno guidato una delle pi\u00f9 brillanti ed equilibrate stagioni di crescita economica e sociale, nel nostro Novecento occidentale. Rileggerlo non perch\u00e9 non ci siano autorevoli voci contemporanee che da tempo insistono sulla necessit\u00e0 di legare sviluppo economico e migliori equilibri sociali (Sen, Nussbaum, Stiglitz, Krugman, Fitoussi, Judt, etc.). Ma proprio per riproporre, andando alla radice del miglior pensiero economico,<strong> analisi e proposte ed elaborare risposte cariche di senso e prospettive<\/strong> rispetto a uno sconvolgimento profondo, inatteso, drammatico, gravido di conseguenze per l\u2019economia e gli assetti sociali, anche dopo che l\u2019emergenza sanitaria sar\u00e0 finita.<\/p>\n<p>Keynes, dunque: \u201cPenso che il <strong>capitalism<\/strong>o, se ben gestito, possa probabilmente essere reso pi\u00f9 efficiente di qualsiasi sistema alternativo sinora concepito nel perseguimento di obiettivi economici, ma penso anche che in s\u00e9 e per s\u00e9 stesso sia per molti versi estremamente criticabile: il nostro problema \u00e8 quello di mettere in piedi un\u2019organizzazione sociale che sia in sommo grado efficiente senza pregiudicare la nostra idea di uno stile di vita soddisfacente\u201d.<\/p>\n<p>Le parole sono contenute in un saggio del 1926, \u201c<strong>La fine del Laissez Faire<\/strong>\u201d, da poco ripubblicato nel volume dei Meridiani Mondadori dedicato al grande economista inglese e curato da <strong>Giorgio La Malfa<\/strong> (che ne firma la brillante introduzione, giustamente intitolata \u201cSaggezza nuova per una nuova \u00e8ra\u201d). L\u00ec, si indica con straordinaria chiarezza la strada che avrebbe portato al <strong>Welfare State,<\/strong> alla forte ondata di investimenti pubblici nell\u2019economia europea (con i fondi Usa del Piano Marshall) per fare ripartire l\u2019Europa (e dunque anche gli Usa creditori) dopo i disastri della Seconda Guerra Mondiale, le strategie macro-economiche verso il <strong>Mercato Comune Europeo<\/strong> e i provvedimenti per migliorare salari, diritti dei lavoratori, sicurezza, consumi, qualit\u00e0 della vita e del lavoro. Un pensiero liberale e democratico. Una \u201ceconomia mista\u201d, una \u201ceconomia sociale di mercato\u201d nell\u2019accezione tedesca, una costante ricerca di equilibrio tra intervento pubblico nell\u2019economia, mercato, dinamismo dell\u2019intraprendenza privata.<\/p>\n<p>Tornare oggi a riflettere su Keynes significa, appunto, ragionare sulle v<strong>arie forme possibili di quell\u2019equilibrio tra pubblico e privato.<\/strong><\/p>\n<p>La pandemia da coronavirus, con la progressione drammatica del numero dei contagiati e dei morti, ha riportato alla ribalta il tema della salute come bene pubblico, come bene comune, come valore primario della persona, come diritto. E ha reso evidente come le logiche che la riguardino non possano essere legate solo alla relazione stretta tra spesa ed efficienza finanziaria, ma debbano guardare soprattutto a quella tra investimento pubblico e privato ed efficacia di lungo periodo. Una sanit\u00e0 di qualit\u00e0, nella <strong>collaborazione di sussidiariet\u00e0 tra strutture pubbliche e imprese private<\/strong>. Una visione keynesiana, appunto.<\/p>\n<p>Il sistema sanitario italiano, in prevalenza pubblico, rafforzato da una stretta collaborazione, di ricerca e di cura, con quello privato, si sta dimostrando esemplare, proprio in questi giorni drammatici. Viene indicato come riferimento positivo da altri sistemi sanitari europei. Invidiato, dai pi\u00f9 attenti osservatori degli Usa, atterriti da quello che potrebbe provocare una grande espansione dei contagi da virus in un mondo in cui la sanit\u00e0 \u00e8 legata al sistema assicurativo e profondamente selettiva in base al reddito. Adesso sappiamo che su quella sanit\u00e0 bisogna investire di pi\u00f9. E soprattutto meglio. E che le cosiddette \u201c<strong>scienze della vita<\/strong>\u201d che guardano complessivamente alla salute delle persone, come premessa per una sanit\u00e0 efficace, hanno bisogno di tenere insieme prevenzione, cura, ricerca, formazione. L\u2019industria farmaceutica italiana, uno straordinario successo economico sul mercato europeo (con posizioni da primato), si sta confermando un\u2019eccellenza anche in questi momenti frenetici di ricerca del vaccino contro il coronavirus.<\/p>\n<p>I ragionamenti sulla sanit\u00e0 si allargano al valore dei beni comuni, essenziali. <strong>L\u2019istruzione. L\u2019ambiente. La sicurezza<\/strong>. In un progresso di rivalutazione degli stakeholders value anche da parte dell\u2019impresa, vissuta non solo come soggetto economico principale, ma anche come attore sociale responsabile.<\/p>\n<p><strong>Competitivit\u00e0 e inclusione sociale<\/strong>, produttivit\u00e0 e solidariet\u00e0 camminano insieme (ne abbiamo scritto molte volte, in questo blog). E forse \u00e8 utile, ancora una volta, ricordare le affermazioni di due dei principali protagonisti dell\u2019industria italiana della seconda met\u00e0 del Novecento, <strong>Adriano Olivetti e Leopoldo Pirelli<\/strong>. Ecco Olivetti, in una delle sue frasi pi\u00f9 note, riproposta anche sui social nella ricorrenza dei sessant\u2019anni dalla sua morte: \u201cLa fabbrica non pu\u00f2 guardare solo all\u2019indice dei profitti. Deve distribuire ricchezza, cultura, servizi, democrazia&#8230; Io penso la fabbrica per l\u2019uomo, non l\u2019uomo per la fabbrica\u201d. <strong>Responsabilit\u00e0 sociale e civile<\/strong>. Che risuona anche in un giudizio di Leopoldo Pirelli del 1986: \u201cLa nostra credibilit\u00e0, la nostra autorevolezza, direi la nostra legittimazione nella coscienza pubblica sono in diretto rapporto con il ruolo che svolgiamo nel concorrere al superamento degli squilibri sociali ed economici dei paesi in cui si opera\u201d.<\/p>\n<p>Le indicazioni di Keynes, i valori degli imprenditori chiamano in ballo l\u2019attore che deve garantire le sintonie tra mano pubblica e mercato: chi governa, il mondo della politica. Cui tocca dare indicazioni sulle scelte di fondo, sull\u2019uso del bilancio pubblico, sulle leve fiscali. Quanto l\u2019attuale ceto politico (non solo in Italia), sia all\u2019altezza di questo compito, \u00e8 dibattito aperto, con opinioni controverse. A Roma, a Bruxelles, negli uffici della Bce a Francoforte, disposta (nonostante una criticatissima gaffe della presidente Christine Lagarde sulla non responsabilit\u00e0 dell\u2019istituto a frenare gli spread, con conseguente crollo delle borse) a fare tutti ci\u00f2 che occorre per evitare choc finanziari e dare forza al sistema Ue e alle sue imprese.<\/p>\n<p>Si sta entrando in una recessione che sar\u00e0 quasi certamente lunga e pesante. E nelle stanze Ue filtra l\u2019ipotesi di mettere a punto strumenti anticrisi, come gli \u201c<strong>Eurobond<\/strong>\u201d e fors\u2019anche ridiscutere il \u201cpatto di stabilit\u00e0\u201d. Tutto un mondo in movimento. Con esiti incerti. E proprio nelle stagioni dell\u2019incertezza e del passaggio, delle fratture e dei cambiamenti, viene in soccorso un\u2019altra essenziale lezione d\u2019un grande economista italiano, Federico Caff\u00e8: \u201cBisogna riscoprire l\u2019economia degli affetti, non delle regole\u201d, di ci\u00f2 che tiene insieme le persone e determina lo sviluppo, la partecipazione, la condivisione. Oggi diremmo, lo sviluppo sostenibile. Caff\u00e8, maestro di Mario Draghi, era uno dei migliori interpreti di Keynes.<\/p>\n","protected":false},"excerpt":{"rendered":"<p>Rileggere Keynes, in questi giorni difficili di crisi, contagi da virus, fragilit\u00e0, paura, radicali cambiamenti del nostro modo di vivere e lavorare, di dati allarmanti sulla recessione e di voci che parlano di \u201cquaresima del capitalismo\u201d. Rileggere Keynes, come un ritorno ai \u201cclassici\u201d del Novecento (Max Weber, Thomas Mann, Hans Kelsen, Emmanuel Mounier e gli [&hellip;]<\/p>\n","protected":false},"author":9,"featured_media":75643,"comment_status":"open","ping_status":"open","sticky":false,"template":"","format":"standard","meta":{"footnotes":""},"categories":[53,52],"tags":[],"class_list":["post-75639","post","type-post","status-publish","format-standard","has-post-thumbnail","hentry","category-blog","category-cultura-dimpresa"],"acf":[],"yoast_head":"<!-- This site is optimized with the Yoast SEO plugin v25.0 - https:\/\/yoast.com\/wordpress\/plugins\/seo\/ -->\n<title>Rileggere Keynes e progettare investimenti su salute, ambiente e ricerca scientifica - Fondazione Pirelli<\/title>\n<meta name=\"robots\" content=\"index, follow, max-snippet:-1, max-image-preview:large, max-video-preview:-1\" \/>\n<link rel=\"canonical\" href=\"https:\/\/www.fondazionepirelli.org\/it\/cultura-dimpresa\/rileggere-keynes-e-progettare-investimenti-su-salute-ambiente-e-ricerca-scientifica\/\" \/>\n<meta property=\"og:locale\" content=\"it_IT\" \/>\n<meta property=\"og:type\" content=\"article\" \/>\n<meta property=\"og:title\" content=\"Rileggere Keynes e progettare investimenti su salute, ambiente e ricerca scientifica - Fondazione Pirelli\" \/>\n<meta property=\"og:description\" content=\"Rileggere Keynes, in questi giorni difficili di crisi, contagi da virus, fragilit\u00e0, paura, radicali cambiamenti del nostro modo di vivere e lavorare, di dati allarmanti sulla recessione e di voci che parlano di \u201cquaresima del capitalismo\u201d. Rileggere Keynes, come un ritorno ai \u201cclassici\u201d del Novecento (Max Weber, Thomas Mann, Hans Kelsen, Emmanuel Mounier e gli [&hellip;]\" \/>\n<meta property=\"og:url\" content=\"https:\/\/127.0.0.1\/it\/cultura-dimpresa\/rileggere-keynes-e-progettare-investimenti-su-salute-ambiente-e-ricerca-scientifica\/\" \/>\n<meta property=\"og:site_name\" content=\"Fondazione Pirelli\" \/>\n<meta property=\"article:published_time\" content=\"2020-03-17T08:19:09+00:00\" \/>\n<meta property=\"article:modified_time\" content=\"2020-03-17T10:07:59+00:00\" \/>\n<meta property=\"og:image\" content=\"https:\/\/wpsite-assets.fondazionepirelli.org\/wp-content\/uploads\/2020\/03\/17090410\/John-Maynard-Keynes-2-777x437.jpg\" \/>\n\t<meta property=\"og:image:width\" content=\"777\" \/>\n\t<meta property=\"og:image:height\" content=\"437\" \/>\n\t<meta property=\"og:image:type\" content=\"image\/jpeg\" \/>\n<meta name=\"author\" content=\"fondazionepirelli\" \/>\n<meta name=\"twitter:card\" content=\"summary_large_image\" \/>\n<meta name=\"twitter:label1\" content=\"Scritto da\" \/>\n\t<meta name=\"twitter:data1\" content=\"fondazionepirelli\" \/>\n\t<meta name=\"twitter:label2\" content=\"Tempo di lettura stimato\" \/>\n\t<meta name=\"twitter:data2\" content=\"5 minuti\" \/>\n<script type=\"application\/ld+json\" class=\"yoast-schema-graph\">{\"@context\":\"https:\/\/schema.org\",\"@graph\":[{\"@type\":\"WebPage\",\"@id\":\"https:\/\/127.0.0.1\/it\/cultura-dimpresa\/rileggere-keynes-e-progettare-investimenti-su-salute-ambiente-e-ricerca-scientifica\/\",\"url\":\"https:\/\/127.0.0.1\/it\/cultura-dimpresa\/rileggere-keynes-e-progettare-investimenti-su-salute-ambiente-e-ricerca-scientifica\/\",\"name\":\"Rileggere Keynes e progettare investimenti su salute, ambiente e ricerca scientifica - Fondazione Pirelli\",\"isPartOf\":{\"@id\":\"https:\/\/www.fondazionepirelli.org\/it\/#website\"},\"primaryImageOfPage\":{\"@id\":\"https:\/\/127.0.0.1\/it\/cultura-dimpresa\/rileggere-keynes-e-progettare-investimenti-su-salute-ambiente-e-ricerca-scientifica\/#primaryimage\"},\"image\":{\"@id\":\"https:\/\/127.0.0.1\/it\/cultura-dimpresa\/rileggere-keynes-e-progettare-investimenti-su-salute-ambiente-e-ricerca-scientifica\/#primaryimage\"},\"thumbnailUrl\":\"https:\/\/wpsite-assets.fondazionepirelli.org\/wp-content\/uploads\/2020\/03\/17090410\/John-Maynard-Keynes-2-777x437.jpg\",\"datePublished\":\"2020-03-17T08:19:09+00:00\",\"dateModified\":\"2020-03-17T10:07:59+00:00\",\"author\":{\"@id\":\"https:\/\/www.fondazionepirelli.org\/it\/#\/schema\/person\/c31fcf5937a0e6afa45497f3f8b6d7a0\"},\"breadcrumb\":{\"@id\":\"https:\/\/127.0.0.1\/it\/cultura-dimpresa\/rileggere-keynes-e-progettare-investimenti-su-salute-ambiente-e-ricerca-scientifica\/#breadcrumb\"},\"inLanguage\":\"it-IT\",\"potentialAction\":[{\"@type\":\"ReadAction\",\"target\":[\"https:\/\/127.0.0.1\/it\/cultura-dimpresa\/rileggere-keynes-e-progettare-investimenti-su-salute-ambiente-e-ricerca-scientifica\/\"]}]},{\"@type\":\"ImageObject\",\"inLanguage\":\"it-IT\",\"@id\":\"https:\/\/127.0.0.1\/it\/cultura-dimpresa\/rileggere-keynes-e-progettare-investimenti-su-salute-ambiente-e-ricerca-scientifica\/#primaryimage\",\"url\":\"https:\/\/wpsite-assets.fondazionepirelli.org\/wp-content\/uploads\/2020\/03\/17090410\/John-Maynard-Keynes-2-777x437.jpg\",\"contentUrl\":\"https:\/\/wpsite-assets.fondazionepirelli.org\/wp-content\/uploads\/2020\/03\/17090410\/John-Maynard-Keynes-2-777x437.jpg\",\"width\":777,\"height\":437},{\"@type\":\"BreadcrumbList\",\"@id\":\"https:\/\/127.0.0.1\/it\/cultura-dimpresa\/rileggere-keynes-e-progettare-investimenti-su-salute-ambiente-e-ricerca-scientifica\/#breadcrumb\",\"itemListElement\":[{\"@type\":\"ListItem\",\"position\":1,\"name\":\"Home\",\"item\":\"https:\/\/www.fondazionepirelli.org\/it\/\"},{\"@type\":\"ListItem\",\"position\":2,\"name\":\"Rileggere Keynes e progettare investimenti su salute, ambiente e ricerca scientifica\"}]},{\"@type\":\"WebSite\",\"@id\":\"https:\/\/www.fondazionepirelli.org\/it\/#website\",\"url\":\"https:\/\/www.fondazionepirelli.org\/it\/\",\"name\":\"Fondazione Pirelli\",\"description\":\"\",\"potentialAction\":[{\"@type\":\"SearchAction\",\"target\":{\"@type\":\"EntryPoint\",\"urlTemplate\":\"https:\/\/www.fondazionepirelli.org\/it\/?s={search_term_string}\"},\"query-input\":{\"@type\":\"PropertyValueSpecification\",\"valueRequired\":true,\"valueName\":\"search_term_string\"}}],\"inLanguage\":\"it-IT\"},{\"@type\":\"Person\",\"@id\":\"https:\/\/www.fondazionepirelli.org\/it\/#\/schema\/person\/c31fcf5937a0e6afa45497f3f8b6d7a0\",\"name\":\"fondazionepirelli\",\"image\":{\"@type\":\"ImageObject\",\"inLanguage\":\"it-IT\",\"@id\":\"https:\/\/www.fondazionepirelli.org\/it\/#\/schema\/person\/image\/\",\"url\":\"https:\/\/secure.gravatar.com\/avatar\/9cb486421ce1d6eddbf6c4fb66841b4325b786695f7aedf1dde2222428218696?s=96&d=mm&r=g\",\"contentUrl\":\"https:\/\/secure.gravatar.com\/avatar\/9cb486421ce1d6eddbf6c4fb66841b4325b786695f7aedf1dde2222428218696?s=96&d=mm&r=g\",\"caption\":\"fondazionepirelli\"},\"url\":\"https:\/\/www.fondazionepirelli.org\/it\/author\/fondazionepirelli\/\"}]}<\/script>\n<!-- \/ Yoast SEO plugin. -->","yoast_head_json":{"title":"Rileggere Keynes e progettare investimenti su salute, ambiente e ricerca scientifica - Fondazione Pirelli","robots":{"index":"index","follow":"follow","max-snippet":"max-snippet:-1","max-image-preview":"max-image-preview:large","max-video-preview":"max-video-preview:-1"},"canonical":"https:\/\/www.fondazionepirelli.org\/it\/cultura-dimpresa\/rileggere-keynes-e-progettare-investimenti-su-salute-ambiente-e-ricerca-scientifica\/","og_locale":"it_IT","og_type":"article","og_title":"Rileggere Keynes e progettare investimenti su salute, ambiente e ricerca scientifica - Fondazione Pirelli","og_description":"Rileggere Keynes, in questi giorni difficili di crisi, contagi da virus, fragilit\u00e0, paura, radicali cambiamenti del nostro modo di vivere e lavorare, di dati allarmanti sulla recessione e di voci che parlano di \u201cquaresima del capitalismo\u201d. Rileggere Keynes, come un ritorno ai \u201cclassici\u201d del Novecento (Max Weber, Thomas Mann, Hans Kelsen, Emmanuel Mounier e gli [&hellip;]","og_url":"https:\/\/127.0.0.1\/it\/cultura-dimpresa\/rileggere-keynes-e-progettare-investimenti-su-salute-ambiente-e-ricerca-scientifica\/","og_site_name":"Fondazione Pirelli","article_published_time":"2020-03-17T08:19:09+00:00","article_modified_time":"2020-03-17T10:07:59+00:00","og_image":[{"width":777,"height":437,"url":"https:\/\/wpsite-assets.fondazionepirelli.org\/wp-content\/uploads\/2020\/03\/17090410\/John-Maynard-Keynes-2-777x437.jpg","type":"image\/jpeg"}],"author":"fondazionepirelli","twitter_card":"summary_large_image","twitter_misc":{"Scritto da":"fondazionepirelli","Tempo di lettura stimato":"5 minuti"},"schema":{"@context":"https:\/\/schema.org","@graph":[{"@type":"WebPage","@id":"https:\/\/127.0.0.1\/it\/cultura-dimpresa\/rileggere-keynes-e-progettare-investimenti-su-salute-ambiente-e-ricerca-scientifica\/","url":"https:\/\/127.0.0.1\/it\/cultura-dimpresa\/rileggere-keynes-e-progettare-investimenti-su-salute-ambiente-e-ricerca-scientifica\/","name":"Rileggere Keynes e progettare investimenti su salute, ambiente e ricerca scientifica - Fondazione Pirelli","isPartOf":{"@id":"https:\/\/www.fondazionepirelli.org\/it\/#website"},"primaryImageOfPage":{"@id":"https:\/\/127.0.0.1\/it\/cultura-dimpresa\/rileggere-keynes-e-progettare-investimenti-su-salute-ambiente-e-ricerca-scientifica\/#primaryimage"},"image":{"@id":"https:\/\/127.0.0.1\/it\/cultura-dimpresa\/rileggere-keynes-e-progettare-investimenti-su-salute-ambiente-e-ricerca-scientifica\/#primaryimage"},"thumbnailUrl":"https:\/\/wpsite-assets.fondazionepirelli.org\/wp-content\/uploads\/2020\/03\/17090410\/John-Maynard-Keynes-2-777x437.jpg","datePublished":"2020-03-17T08:19:09+00:00","dateModified":"2020-03-17T10:07:59+00:00","author":{"@id":"https:\/\/www.fondazionepirelli.org\/it\/#\/schema\/person\/c31fcf5937a0e6afa45497f3f8b6d7a0"},"breadcrumb":{"@id":"https:\/\/127.0.0.1\/it\/cultura-dimpresa\/rileggere-keynes-e-progettare-investimenti-su-salute-ambiente-e-ricerca-scientifica\/#breadcrumb"},"inLanguage":"it-IT","potentialAction":[{"@type":"ReadAction","target":["https:\/\/127.0.0.1\/it\/cultura-dimpresa\/rileggere-keynes-e-progettare-investimenti-su-salute-ambiente-e-ricerca-scientifica\/"]}]},{"@type":"ImageObject","inLanguage":"it-IT","@id":"https:\/\/127.0.0.1\/it\/cultura-dimpresa\/rileggere-keynes-e-progettare-investimenti-su-salute-ambiente-e-ricerca-scientifica\/#primaryimage","url":"https:\/\/wpsite-assets.fondazionepirelli.org\/wp-content\/uploads\/2020\/03\/17090410\/John-Maynard-Keynes-2-777x437.jpg","contentUrl":"https:\/\/wpsite-assets.fondazionepirelli.org\/wp-content\/uploads\/2020\/03\/17090410\/John-Maynard-Keynes-2-777x437.jpg","width":777,"height":437},{"@type":"BreadcrumbList","@id":"https:\/\/127.0.0.1\/it\/cultura-dimpresa\/rileggere-keynes-e-progettare-investimenti-su-salute-ambiente-e-ricerca-scientifica\/#breadcrumb","itemListElement":[{"@type":"ListItem","position":1,"name":"Home","item":"https:\/\/www.fondazionepirelli.org\/it\/"},{"@type":"ListItem","position":2,"name":"Rileggere Keynes e progettare investimenti su salute, ambiente e ricerca scientifica"}]},{"@type":"WebSite","@id":"https:\/\/www.fondazionepirelli.org\/it\/#website","url":"https:\/\/www.fondazionepirelli.org\/it\/","name":"Fondazione Pirelli","description":"","potentialAction":[{"@type":"SearchAction","target":{"@type":"EntryPoint","urlTemplate":"https:\/\/www.fondazionepirelli.org\/it\/?s={search_term_string}"},"query-input":{"@type":"PropertyValueSpecification","valueRequired":true,"valueName":"search_term_string"}}],"inLanguage":"it-IT"},{"@type":"Person","@id":"https:\/\/www.fondazionepirelli.org\/it\/#\/schema\/person\/c31fcf5937a0e6afa45497f3f8b6d7a0","name":"fondazionepirelli","image":{"@type":"ImageObject","inLanguage":"it-IT","@id":"https:\/\/www.fondazionepirelli.org\/it\/#\/schema\/person\/image\/","url":"https:\/\/secure.gravatar.com\/avatar\/9cb486421ce1d6eddbf6c4fb66841b4325b786695f7aedf1dde2222428218696?s=96&d=mm&r=g","contentUrl":"https:\/\/secure.gravatar.com\/avatar\/9cb486421ce1d6eddbf6c4fb66841b4325b786695f7aedf1dde2222428218696?s=96&d=mm&r=g","caption":"fondazionepirelli"},"url":"https:\/\/www.fondazionepirelli.org\/it\/author\/fondazionepirelli\/"}]}},"_links":{"self":[{"href":"https:\/\/www.fondazionepirelli.org\/it\/wp-json\/wp\/v2\/posts\/75639\/"}],"collection":[{"href":"https:\/\/www.fondazionepirelli.org\/it\/wp-json\/wp\/v2\/posts\/"}],"about":[{"href":"https:\/\/www.fondazionepirelli.org\/it\/wp-json\/wp\/v2\/types\/post\/"}],"author":[{"embeddable":true,"href":"https:\/\/www.fondazionepirelli.org\/it\/wp-json\/wp\/v2\/users\/9\/"}],"replies":[{"embeddable":true,"href":"https:\/\/www.fondazionepirelli.org\/it\/wp-json\/wp\/v2\/comments\/?post=75639"}],"version-history":[{"count":3,"href":"https:\/\/www.fondazionepirelli.org\/it\/wp-json\/wp\/v2\/posts\/75639\/revisions\/"}],"predecessor-version":[{"id":75655,"href":"https:\/\/www.fondazionepirelli.org\/it\/wp-json\/wp\/v2\/posts\/75639\/revisions\/75655\/"}],"wp:featuredmedia":[{"embeddable":true,"href":"https:\/\/www.fondazionepirelli.org\/it\/wp-json\/wp\/v2\/media\/75643\/"}],"wp:attachment":[{"href":"https:\/\/www.fondazionepirelli.org\/it\/wp-json\/wp\/v2\/media\/?parent=75639"}],"wp:term":[{"taxonomy":"category","embeddable":true,"href":"https:\/\/www.fondazionepirelli.org\/it\/wp-json\/wp\/v2\/categories\/?post=75639"},{"taxonomy":"post_tag","embeddable":true,"href":"https:\/\/www.fondazionepirelli.org\/it\/wp-json\/wp\/v2\/tags\/?post=75639"}],"curies":[{"name":"wp","href":"https:\/\/api.w.org\/{rel}","templated":true}]}}