{"id":75751,"date":"2020-03-23T08:10:42","date_gmt":"2020-03-23T07:10:42","guid":{"rendered":"https:\/\/www.fondazionepirelli.org\/?p=75751"},"modified":"2020-03-23T08:33:10","modified_gmt":"2020-03-23T07:33:10","slug":"il-mondo-chiuso-le-paure-e-il-bisogno-di-ricostruire-fiducia-per-la-politica-le-comunita-il-credito-alle-imprese-e-il-lavoro","status":"publish","type":"post","link":"https:\/\/www.fondazionepirelli.org\/it\/cultura-dimpresa\/il-mondo-chiuso-le-paure-e-il-bisogno-di-ricostruire-fiducia-per-la-politica-le-comunita-il-credito-alle-imprese-e-il-lavoro\/","title":{"rendered":"Il mondo chiuso, le paure e il bisogno di ricostruire fiducia per la politica, le comunit\u00e0, il credito alle imprese e il lavoro"},"content":{"rendered":"<p>\u201c<strong>Closed<\/strong>\u201d, c\u2019\u00e8 scritto sul cartello appeso su un disegno del mondo. E\u2019 la copertina, puntuale, efficacissima, di \u201c<strong>The Economist<\/strong>\u201d in edicola questa settimana. <strong>Tutto chiuso<\/strong>. Chiuse molte grandi e piccole citt\u00e0 dell\u2019Italia, del resto dell\u2019Europa e adesso anche degli Usa, dopo la lunga stagione di chiusure in Cina. Chiuse le scuole e le universit\u00e0. Gran parte delle fabbriche, tranne quelle dei prodotti medici e farmaceutici, degli alimentari e dei beni essenziali. I negozi, eccetto quelli essenziali per medicine e cibo e pochi altri. Gli uffici, privati e pubblici. Le compagnie aree e gli impianti turistici e sportivi. I teatri, i cinema, gli spazi per la musica. Chiuse le librerie, ma non le edicole (le persone hanno giustamente bisogno di informazione). Chiuso, insomma, tutto quello che si pu\u00f2 chiudere, per cercare di fermare o almeno rallentare drasticamente il contagio da coronavirus.<\/p>\n<p><strong>Si sta a casa.<\/strong> Sono vietati gli spostamenti da un comune all\u2019altro (\u00e8 l\u2019ultima ordinanza, domenica pomeriggio, dei ministri dell\u2019Interno e della Salute). E la stragrande maggioranza dei cittadini, qui in Italia, segue disciplinatamente le indicazioni del governo, le inusuali limitazioni a parte ampia delle nostre libert\u00e0. In quasi tutti gli altri paesi occidentali che, pi\u00f9 in ritardo rispetto a noi, conoscono i dati allarmanti d\u2019una diffusione della malattia, con alti tassi di mortalit\u00e0, l\u2019esempio italiano fa scuola. Tutto chiuso, appunto. <strong>Lockdown<\/strong>, \u00e8 la parola che leggiamo per le altre citt\u00e0 del mondo.<\/p>\n<p>E\u2019 la prima volta che ci succede, dalla fine della Seconda Guerra Mondiale. Le strade e le piazze vuote, come negli stralunati quadri delle citt\u00e0 metafisiche di <strong>De Chirico<\/strong> o nei dipinti delle periferie industriali malinconiche di Sironi. I parchi deserti. Le saracinesche abbassate. Quasi senza passeggeri, i tram e gli autobus.<\/p>\n<p>Viviamo una condizione di <strong>profondo disagio e d\u2019intensa inquietudine<\/strong>, in una solitudine imposta e accettata, fuori dai ritmi abituali della vita, degli affetti, del lavoro, delle relazioni sociali. Eppure andiamo avanti, costruendo a fatica nuove dimensioni del vivere, lavorare, studiare, ristabilire &#8211; a distanza &#8211; relazioni. Una miscela inedita di isolamento e socialit\u00e0, quasi tutta affidata ai dialoghi a voce, alle parole sui social media (che stanno svelando una sorprendente e vitale utilit\u00e0).<\/p>\n<p>Un giorno dopo l\u2019altro, andiamo avanti nel nostro \u201c<strong>viaggio al termine della notte<\/strong>\u201d (a proposito: avendo tempo, vale la pena dedicarlo anche alla rilettura o, perch\u00e9 no?, alla scoperta d\u2019uno dei pi\u00f9 grandi romanzieri del Novecento, Louis-Ferdinand C\u00e9line, un medico, peraltro, laureato con una tesi sulle infezioni e poi tormentato scrittore, con la sua ruvida e poetica ricerca di verit\u00e0 e profondit\u00e0 dell\u2019animo umano). Attraversiamo solitudini e paure, per la nostra salute e per quella dei nostri cari, per l\u2019ipotesi d\u2019una morte solitaria, per le difficolt\u00e0 d\u2019un lavoro scomparsi e che chiss\u00e0 se e come ritroveremo.<\/p>\n<p>Ci facciamo carico, insomma, della dolorosa consapevolezza della nostra fragilit\u00e0. E proprio perch\u00e9 ci rendiamo conto che non sappiamo bene quando tutto questo finir\u00e0, tra quante settimane, tra quanti mesi, al di l\u00e0 della disciplina sociale dell\u2019isolamento, d\u2019una cosa abbiamo soprattutto bisogno.<\/p>\n<p><strong>Di fiducia<\/strong>.<\/p>\n<p>Una fiducia nella possibilit\u00e0 di ricostruire un capitale sociale che, nel corso del tempo, s\u2019era sfilacciato, tra egoismi, privilegi corporativi, contrasti esasperati, tossine d\u2019odio e d\u2019invidia sociale. Proprio in questi tempi difficili, sono evidenti i segnali d\u2019una<strong> ripresa dello spirito di comunit\u00e0<\/strong>, d\u2019un desiderio forte e diffuso d\u2019essere utili, d\u2019una commovente condivisione delle possibilit\u00e0 di aiuto e salvezza. Due indicazioni tra le tante: gli oltre <strong>7mila<\/strong> medici che hanno risposto alla richiesta della presidenza del Consiglio per <strong>350<\/strong> volontari in Lombardia; e le iniziative di solidariet\u00e0 (le settemila ore di lavoro donate dai dipendenti <strong>Pirelli<\/strong> all\u2019Ospedale Sacco e il cui valore \u00e8 stato raddoppiato dall\u2019azienda e aggiunto ad altre iniziative, con un contributo complessivo pari a <strong>750mila euro<\/strong> sono una delle numerose attivit\u00e0 in corso). Il cartello \u201cClosed\u201d non riguarda l\u2019umanit\u00e0 della maggioranza degli italiani.<\/p>\n<p>Una fiducia da poter finalmente <strong>nutrire nella buona politica<\/strong>, che si dimostri in grado di fare fronte alla crisi straordinaria con senso di responsabilit\u00e0 e competenza, sapendo che naturalmente si pu\u00f2 sbagliare, nei tempi e nei modi di alcuni provvedimenti, ma non si pu\u00f2 mettere in discussione l\u2019interesse generale e quello di tutti gli italiani alla salute e alla sicurezza e, domani, al lavoro e al futuro per demagogia, spirito di fazione, interessi di basso profilo. Gira molto, sui social e nelle conversazioni personali, una frase essenziale di <strong>Aldo Moro<\/strong>, uno degli statisti della nostra Repubblica: \u201cSe fosse possibile dire: saltiamo questo tempo e andiamo direttamente al domani, credo che tutti accetteremmo di farlo, ma, cari amici, non \u00e8 possibile; oggi dobbiamo vivere, oggi \u00e8 la nostra responsabilit\u00e0. Si tratta di essere coraggiosi e fiduciosi al tempo stesso, si tratta di vivere il tempo che ci \u00e8 stato dato con tutte le sue difficolt\u00e0\u201d. Coraggiosi e fiduciosi, appunto.<\/p>\n<p>Una <strong>fiducia nell\u2019Europa<\/strong>. Nonostante tutto: i ritardi, gli errori, le incomprensioni, le diffidenze reciproche, le miopie. Adesso finalmente sappiamo, per presa di posizione esplicita della presidente della Commissione Ue Ursula von der Leyen, che il Patto di Stabilit\u00e0 \u201c\u00e8 sospeso\u201d e \u201cil bilancio italiano pu\u00f2 gestire la crisi. <strong>Fine degli egoismi<\/strong>\u201d. La Bce, inoltre, ha deciso un nuovo quantitative easing di dimensioni massicce, 750 miliardi di euro di titoli da acquistare per sconfiggere l&#8217;emergenza economica innescata dal coronavirus e rafforzare le fondamenta dell\u2019euro, di fronte al crollo delle Borse e alla fiammata degli spread: &#8220;<strong>Tempi straordinari richiedono azioni straordinarie<\/strong>&#8220;, ha spiegato la presidente della Bce Christine Lagarde. E\u2019 possibile pensare che, finita la crisi e sperimentati positivamente gli Eurobond e gli altri strumenti per l\u2019emergenza, si possa finalmente avviare un grande piano europeo di sviluppo, dando sostanza di mezzi finanziari e strumenti al Green New Deal di cui tanto si \u00e8 parlato o a quello che in tenti invocano come \u201cun nuovo Piano Marshall\u201d.<\/p>\n<p>Una <strong>fiducia nel futuro<\/strong>. Del lavoro, innanzitutto. E del benessere, delle sicurezze, dei diritti sociali che abbiamo costruito nel tempo, con fatica, sacrifici, volont\u00e0 di crescere.<\/p>\n<p>La ripresa economica, dopo un crollo del Pil che adesso \u00e8 difficile calcolare (-5% in Italia? -1,5 o 2% a livello globale) non sar\u00e0 molto probabilmente \u201ca V\u201d, con una rapida risalita, cio\u00e8 ma \u201ca U\u201d, con tempi molto pi\u00f9 lunghi nella parte bassa della caduta. E dunque ci aspettano parecchi mesi, forse un anno, di difficolt\u00e0.<\/p>\n<p>Il panorama che vediamo in queste settimane dolorose \u00e8 terribile, con il <strong>blocco o il rallentamento<\/strong> di gran parte delle attivit\u00e0 economiche del paese, nell\u2019industria e nei servizi, nel turismo, nei trasporti e nell\u2019infinit\u00e0 serie di quei mestieri e professioni da gig economy. Decine di migliaia di imprese, in tutti i settori, rischiano di saltare. E di non riaprire mai pi\u00f9, bruciando cos\u00ec un capitale di relazioni, intelligenze, competenze. Ecco, a tante e tali imprese, a cominciare da quelle pi\u00f9 piccole, fragili e deboli, va data fiducia, fatta intravvedere la possibilit\u00e0 concreta d\u2019un futuro.<\/p>\n<p>Lo strumento? Il <strong>credito<\/strong>, innanzitutto. I fondi della Bce, messi a disposizione dei sistemi bancari nazionali, possono fare da iniezioni straordinarie di liquidit\u00e0 proprio per le imprese. E le garanzie dello Stato (adesso libero dal Patto di stabilit\u00e0 e dunque in grado di impegnare risorse massicce per l\u2019emergenza) possono compensare le difficolt\u00e0 delle imprese che hanno bisogno di credito per andare avanti, senza fare saltare i bilanci delle banche, cui devono anche essere radicalmente modificati i ratios per poter concedere tempestivamente finanziamenti e rifinanziamenti. Credito rapido e semplice per le imprese, con garanzia dello Stato. Per ridare fiducia nel lavoro e nel futuro, appunto. E scrivere presto, cos\u00ec, un nuovo cartello per una prossima copertina di \u201cThe Economist\u201d: \u201c<strong>Opened<\/strong>\u201d.<\/p>","protected":false},"excerpt":{"rendered":"<p>\u201cClosed\u201d, c\u2019\u00e8 scritto sul cartello appeso su un disegno del mondo. E\u2019 la copertina, puntuale, efficacissima, di \u201cThe Economist\u201d in edicola questa settimana. Tutto chiuso. Chiuse molte grandi e piccole citt\u00e0 dell\u2019Italia, del resto dell\u2019Europa e adesso anche degli Usa, dopo la lunga stagione di chiusure in Cina. Chiuse le scuole e le universit\u00e0. Gran [&hellip;]<\/p>\n","protected":false},"author":9,"featured_media":75755,"comment_status":"open","ping_status":"open","sticky":false,"template":"","format":"standard","meta":{"footnotes":""},"categories":[53,52],"tags":[],"class_list":["post-75751","post","type-post","status-publish","format-standard","has-post-thumbnail","hentry","category-blog","category-cultura-dimpresa"],"acf":[],"yoast_head":"<!-- This site is optimized with the Yoast SEO plugin v25.0 - https:\/\/yoast.com\/wordpress\/plugins\/seo\/ -->\n<title>Il mondo chiuso, le paure e il bisogno di ricostruire fiducia per la politica, le comunit\u00e0, il credito alle imprese e il lavoro - Fondazione Pirelli<\/title>\n<meta name=\"robots\" content=\"index, follow, max-snippet:-1, max-image-preview:large, max-video-preview:-1\" \/>\n<link rel=\"canonical\" href=\"https:\/\/www.fondazionepirelli.org\/it\/cultura-dimpresa\/il-mondo-chiuso-le-paure-e-il-bisogno-di-ricostruire-fiducia-per-la-politica-le-comunita-il-credito-alle-imprese-e-il-lavoro\/\" \/>\n<meta property=\"og:locale\" content=\"it_IT\" \/>\n<meta property=\"og:type\" content=\"article\" \/>\n<meta property=\"og:title\" content=\"Il mondo chiuso, le paure e il bisogno di ricostruire fiducia per la politica, le comunit\u00e0, il credito alle imprese e il lavoro - Fondazione Pirelli\" \/>\n<meta property=\"og:description\" content=\"\u201cClosed\u201d, c\u2019\u00e8 scritto sul cartello appeso su un disegno del mondo. E\u2019 la copertina, puntuale, efficacissima, di \u201cThe Economist\u201d in edicola questa settimana. Tutto chiuso. Chiuse molte grandi e piccole citt\u00e0 dell\u2019Italia, del resto dell\u2019Europa e adesso anche degli Usa, dopo la lunga stagione di chiusure in Cina. Chiuse le scuole e le universit\u00e0. Gran [&hellip;]\" \/>\n<meta property=\"og:url\" content=\"https:\/\/www.fondazionepirelli.org\/it\/cultura-dimpresa\/il-mondo-chiuso-le-paure-e-il-bisogno-di-ricostruire-fiducia-per-la-politica-le-comunita-il-credito-alle-imprese-e-il-lavoro\/\" \/>\n<meta property=\"og:site_name\" content=\"Fondazione Pirelli\" \/>\n<meta property=\"article:published_time\" content=\"2020-03-23T07:10:42+00:00\" \/>\n<meta property=\"article:modified_time\" content=\"2020-03-23T07:33:10+00:00\" \/>\n<meta property=\"og:image\" content=\"https:\/\/wpsite-assets.fondazionepirelli.org\/wp-content\/uploads\/2020\/03\/23075154\/ETh-Al_XsAA-GeJ-1-e1584946332654.jpg\" \/>\n\t<meta property=\"og:image:width\" content=\"680\" \/>\n\t<meta property=\"og:image:height\" content=\"586\" \/>\n\t<meta property=\"og:image:type\" content=\"image\/jpeg\" \/>\n<meta name=\"author\" content=\"fondazionepirelli\" \/>\n<meta name=\"twitter:card\" content=\"summary_large_image\" \/>\n<meta name=\"twitter:label1\" content=\"Scritto da\" \/>\n\t<meta name=\"twitter:data1\" content=\"fondazionepirelli\" \/>\n\t<meta name=\"twitter:label2\" content=\"Tempo di lettura stimato\" \/>\n\t<meta name=\"twitter:data2\" content=\"6 minuti\" \/>\n<script type=\"application\/ld+json\" class=\"yoast-schema-graph\">{\"@context\":\"https:\/\/schema.org\",\"@graph\":[{\"@type\":\"WebPage\",\"@id\":\"https:\/\/www.fondazionepirelli.org\/it\/cultura-dimpresa\/il-mondo-chiuso-le-paure-e-il-bisogno-di-ricostruire-fiducia-per-la-politica-le-comunita-il-credito-alle-imprese-e-il-lavoro\/\",\"url\":\"https:\/\/www.fondazionepirelli.org\/it\/cultura-dimpresa\/il-mondo-chiuso-le-paure-e-il-bisogno-di-ricostruire-fiducia-per-la-politica-le-comunita-il-credito-alle-imprese-e-il-lavoro\/\",\"name\":\"Il mondo chiuso, le paure e il bisogno di ricostruire fiducia per la politica, le comunit\u00e0, il credito alle imprese e il lavoro - Fondazione Pirelli\",\"isPartOf\":{\"@id\":\"https:\/\/www.fondazionepirelli.org\/it\/#website\"},\"primaryImageOfPage\":{\"@id\":\"https:\/\/www.fondazionepirelli.org\/it\/cultura-dimpresa\/il-mondo-chiuso-le-paure-e-il-bisogno-di-ricostruire-fiducia-per-la-politica-le-comunita-il-credito-alle-imprese-e-il-lavoro\/#primaryimage\"},\"image\":{\"@id\":\"https:\/\/www.fondazionepirelli.org\/it\/cultura-dimpresa\/il-mondo-chiuso-le-paure-e-il-bisogno-di-ricostruire-fiducia-per-la-politica-le-comunita-il-credito-alle-imprese-e-il-lavoro\/#primaryimage\"},\"thumbnailUrl\":\"https:\/\/wpsite-assets.fondazionepirelli.org\/wp-content\/uploads\/2020\/03\/23075154\/ETh-Al_XsAA-GeJ-1-e1584946332654.jpg\",\"datePublished\":\"2020-03-23T07:10:42+00:00\",\"dateModified\":\"2020-03-23T07:33:10+00:00\",\"author\":{\"@id\":\"https:\/\/www.fondazionepirelli.org\/it\/#\/schema\/person\/c31fcf5937a0e6afa45497f3f8b6d7a0\"},\"breadcrumb\":{\"@id\":\"https:\/\/www.fondazionepirelli.org\/it\/cultura-dimpresa\/il-mondo-chiuso-le-paure-e-il-bisogno-di-ricostruire-fiducia-per-la-politica-le-comunita-il-credito-alle-imprese-e-il-lavoro\/#breadcrumb\"},\"inLanguage\":\"it-IT\",\"potentialAction\":[{\"@type\":\"ReadAction\",\"target\":[\"https:\/\/www.fondazionepirelli.org\/it\/cultura-dimpresa\/il-mondo-chiuso-le-paure-e-il-bisogno-di-ricostruire-fiducia-per-la-politica-le-comunita-il-credito-alle-imprese-e-il-lavoro\/\"]}]},{\"@type\":\"ImageObject\",\"inLanguage\":\"it-IT\",\"@id\":\"https:\/\/www.fondazionepirelli.org\/it\/cultura-dimpresa\/il-mondo-chiuso-le-paure-e-il-bisogno-di-ricostruire-fiducia-per-la-politica-le-comunita-il-credito-alle-imprese-e-il-lavoro\/#primaryimage\",\"url\":\"https:\/\/wpsite-assets.fondazionepirelli.org\/wp-content\/uploads\/2020\/03\/23075154\/ETh-Al_XsAA-GeJ-1-e1584946332654.jpg\",\"contentUrl\":\"https:\/\/wpsite-assets.fondazionepirelli.org\/wp-content\/uploads\/2020\/03\/23075154\/ETh-Al_XsAA-GeJ-1-e1584946332654.jpg\",\"width\":680,\"height\":586},{\"@type\":\"BreadcrumbList\",\"@id\":\"https:\/\/www.fondazionepirelli.org\/it\/cultura-dimpresa\/il-mondo-chiuso-le-paure-e-il-bisogno-di-ricostruire-fiducia-per-la-politica-le-comunita-il-credito-alle-imprese-e-il-lavoro\/#breadcrumb\",\"itemListElement\":[{\"@type\":\"ListItem\",\"position\":1,\"name\":\"Home\",\"item\":\"https:\/\/www.fondazionepirelli.org\/it\/\"},{\"@type\":\"ListItem\",\"position\":2,\"name\":\"Il mondo chiuso, le paure e il bisogno di ricostruire fiducia per la politica, le comunit\u00e0, il credito alle imprese e il lavoro\"}]},{\"@type\":\"WebSite\",\"@id\":\"https:\/\/www.fondazionepirelli.org\/it\/#website\",\"url\":\"https:\/\/www.fondazionepirelli.org\/it\/\",\"name\":\"Fondazione Pirelli\",\"description\":\"\",\"potentialAction\":[{\"@type\":\"SearchAction\",\"target\":{\"@type\":\"EntryPoint\",\"urlTemplate\":\"https:\/\/www.fondazionepirelli.org\/it\/?s={search_term_string}\"},\"query-input\":{\"@type\":\"PropertyValueSpecification\",\"valueRequired\":true,\"valueName\":\"search_term_string\"}}],\"inLanguage\":\"it-IT\"},{\"@type\":\"Person\",\"@id\":\"https:\/\/www.fondazionepirelli.org\/it\/#\/schema\/person\/c31fcf5937a0e6afa45497f3f8b6d7a0\",\"name\":\"fondazionepirelli\",\"image\":{\"@type\":\"ImageObject\",\"inLanguage\":\"it-IT\",\"@id\":\"https:\/\/www.fondazionepirelli.org\/it\/#\/schema\/person\/image\/\",\"url\":\"https:\/\/secure.gravatar.com\/avatar\/9cb486421ce1d6eddbf6c4fb66841b4325b786695f7aedf1dde2222428218696?s=96&d=mm&r=g\",\"contentUrl\":\"https:\/\/secure.gravatar.com\/avatar\/9cb486421ce1d6eddbf6c4fb66841b4325b786695f7aedf1dde2222428218696?s=96&d=mm&r=g\",\"caption\":\"fondazionepirelli\"},\"url\":\"https:\/\/www.fondazionepirelli.org\/it\/author\/fondazionepirelli\/\"}]}<\/script>\n<!-- \/ Yoast SEO plugin. -->","yoast_head_json":{"title":"Il mondo chiuso, le paure e il bisogno di ricostruire fiducia per la politica, le comunit\u00e0, il credito alle imprese e il lavoro - Fondazione Pirelli","robots":{"index":"index","follow":"follow","max-snippet":"max-snippet:-1","max-image-preview":"max-image-preview:large","max-video-preview":"max-video-preview:-1"},"canonical":"https:\/\/www.fondazionepirelli.org\/it\/cultura-dimpresa\/il-mondo-chiuso-le-paure-e-il-bisogno-di-ricostruire-fiducia-per-la-politica-le-comunita-il-credito-alle-imprese-e-il-lavoro\/","og_locale":"it_IT","og_type":"article","og_title":"Il mondo chiuso, le paure e il bisogno di ricostruire fiducia per la politica, le comunit\u00e0, il credito alle imprese e il lavoro - Fondazione Pirelli","og_description":"\u201cClosed\u201d, c\u2019\u00e8 scritto sul cartello appeso su un disegno del mondo. E\u2019 la copertina, puntuale, efficacissima, di \u201cThe Economist\u201d in edicola questa settimana. Tutto chiuso. Chiuse molte grandi e piccole citt\u00e0 dell\u2019Italia, del resto dell\u2019Europa e adesso anche degli Usa, dopo la lunga stagione di chiusure in Cina. Chiuse le scuole e le universit\u00e0. Gran [&hellip;]","og_url":"https:\/\/www.fondazionepirelli.org\/it\/cultura-dimpresa\/il-mondo-chiuso-le-paure-e-il-bisogno-di-ricostruire-fiducia-per-la-politica-le-comunita-il-credito-alle-imprese-e-il-lavoro\/","og_site_name":"Fondazione Pirelli","article_published_time":"2020-03-23T07:10:42+00:00","article_modified_time":"2020-03-23T07:33:10+00:00","og_image":[{"width":680,"height":586,"url":"https:\/\/wpsite-assets.fondazionepirelli.org\/wp-content\/uploads\/2020\/03\/23075154\/ETh-Al_XsAA-GeJ-1-e1584946332654.jpg","type":"image\/jpeg"}],"author":"fondazionepirelli","twitter_card":"summary_large_image","twitter_misc":{"Scritto da":"fondazionepirelli","Tempo di lettura stimato":"6 minuti"},"schema":{"@context":"https:\/\/schema.org","@graph":[{"@type":"WebPage","@id":"https:\/\/www.fondazionepirelli.org\/it\/cultura-dimpresa\/il-mondo-chiuso-le-paure-e-il-bisogno-di-ricostruire-fiducia-per-la-politica-le-comunita-il-credito-alle-imprese-e-il-lavoro\/","url":"https:\/\/www.fondazionepirelli.org\/it\/cultura-dimpresa\/il-mondo-chiuso-le-paure-e-il-bisogno-di-ricostruire-fiducia-per-la-politica-le-comunita-il-credito-alle-imprese-e-il-lavoro\/","name":"Il mondo chiuso, le paure e il bisogno di ricostruire fiducia per la politica, le comunit\u00e0, il credito alle imprese e il lavoro - Fondazione Pirelli","isPartOf":{"@id":"https:\/\/www.fondazionepirelli.org\/it\/#website"},"primaryImageOfPage":{"@id":"https:\/\/www.fondazionepirelli.org\/it\/cultura-dimpresa\/il-mondo-chiuso-le-paure-e-il-bisogno-di-ricostruire-fiducia-per-la-politica-le-comunita-il-credito-alle-imprese-e-il-lavoro\/#primaryimage"},"image":{"@id":"https:\/\/www.fondazionepirelli.org\/it\/cultura-dimpresa\/il-mondo-chiuso-le-paure-e-il-bisogno-di-ricostruire-fiducia-per-la-politica-le-comunita-il-credito-alle-imprese-e-il-lavoro\/#primaryimage"},"thumbnailUrl":"https:\/\/wpsite-assets.fondazionepirelli.org\/wp-content\/uploads\/2020\/03\/23075154\/ETh-Al_XsAA-GeJ-1-e1584946332654.jpg","datePublished":"2020-03-23T07:10:42+00:00","dateModified":"2020-03-23T07:33:10+00:00","author":{"@id":"https:\/\/www.fondazionepirelli.org\/it\/#\/schema\/person\/c31fcf5937a0e6afa45497f3f8b6d7a0"},"breadcrumb":{"@id":"https:\/\/www.fondazionepirelli.org\/it\/cultura-dimpresa\/il-mondo-chiuso-le-paure-e-il-bisogno-di-ricostruire-fiducia-per-la-politica-le-comunita-il-credito-alle-imprese-e-il-lavoro\/#breadcrumb"},"inLanguage":"it-IT","potentialAction":[{"@type":"ReadAction","target":["https:\/\/www.fondazionepirelli.org\/it\/cultura-dimpresa\/il-mondo-chiuso-le-paure-e-il-bisogno-di-ricostruire-fiducia-per-la-politica-le-comunita-il-credito-alle-imprese-e-il-lavoro\/"]}]},{"@type":"ImageObject","inLanguage":"it-IT","@id":"https:\/\/www.fondazionepirelli.org\/it\/cultura-dimpresa\/il-mondo-chiuso-le-paure-e-il-bisogno-di-ricostruire-fiducia-per-la-politica-le-comunita-il-credito-alle-imprese-e-il-lavoro\/#primaryimage","url":"https:\/\/wpsite-assets.fondazionepirelli.org\/wp-content\/uploads\/2020\/03\/23075154\/ETh-Al_XsAA-GeJ-1-e1584946332654.jpg","contentUrl":"https:\/\/wpsite-assets.fondazionepirelli.org\/wp-content\/uploads\/2020\/03\/23075154\/ETh-Al_XsAA-GeJ-1-e1584946332654.jpg","width":680,"height":586},{"@type":"BreadcrumbList","@id":"https:\/\/www.fondazionepirelli.org\/it\/cultura-dimpresa\/il-mondo-chiuso-le-paure-e-il-bisogno-di-ricostruire-fiducia-per-la-politica-le-comunita-il-credito-alle-imprese-e-il-lavoro\/#breadcrumb","itemListElement":[{"@type":"ListItem","position":1,"name":"Home","item":"https:\/\/www.fondazionepirelli.org\/it\/"},{"@type":"ListItem","position":2,"name":"Il mondo chiuso, le paure e il bisogno di ricostruire fiducia per la politica, le comunit\u00e0, il credito alle imprese e il lavoro"}]},{"@type":"WebSite","@id":"https:\/\/www.fondazionepirelli.org\/it\/#website","url":"https:\/\/www.fondazionepirelli.org\/it\/","name":"Fondazione Pirelli","description":"","potentialAction":[{"@type":"SearchAction","target":{"@type":"EntryPoint","urlTemplate":"https:\/\/www.fondazionepirelli.org\/it\/?s={search_term_string}"},"query-input":{"@type":"PropertyValueSpecification","valueRequired":true,"valueName":"search_term_string"}}],"inLanguage":"it-IT"},{"@type":"Person","@id":"https:\/\/www.fondazionepirelli.org\/it\/#\/schema\/person\/c31fcf5937a0e6afa45497f3f8b6d7a0","name":"fondazionepirelli","image":{"@type":"ImageObject","inLanguage":"it-IT","@id":"https:\/\/www.fondazionepirelli.org\/it\/#\/schema\/person\/image\/","url":"https:\/\/secure.gravatar.com\/avatar\/9cb486421ce1d6eddbf6c4fb66841b4325b786695f7aedf1dde2222428218696?s=96&d=mm&r=g","contentUrl":"https:\/\/secure.gravatar.com\/avatar\/9cb486421ce1d6eddbf6c4fb66841b4325b786695f7aedf1dde2222428218696?s=96&d=mm&r=g","caption":"fondazionepirelli"},"url":"https:\/\/www.fondazionepirelli.org\/it\/author\/fondazionepirelli\/"}]}},"_links":{"self":[{"href":"https:\/\/www.fondazionepirelli.org\/it\/wp-json\/wp\/v2\/posts\/75751\/"}],"collection":[{"href":"https:\/\/www.fondazionepirelli.org\/it\/wp-json\/wp\/v2\/posts\/"}],"about":[{"href":"https:\/\/www.fondazionepirelli.org\/it\/wp-json\/wp\/v2\/types\/post\/"}],"author":[{"embeddable":true,"href":"https:\/\/www.fondazionepirelli.org\/it\/wp-json\/wp\/v2\/users\/9\/"}],"replies":[{"embeddable":true,"href":"https:\/\/www.fondazionepirelli.org\/it\/wp-json\/wp\/v2\/comments\/?post=75751"}],"version-history":[{"count":7,"href":"https:\/\/www.fondazionepirelli.org\/it\/wp-json\/wp\/v2\/posts\/75751\/revisions\/"}],"predecessor-version":[{"id":75774,"href":"https:\/\/www.fondazionepirelli.org\/it\/wp-json\/wp\/v2\/posts\/75751\/revisions\/75774\/"}],"wp:featuredmedia":[{"embeddable":true,"href":"https:\/\/www.fondazionepirelli.org\/it\/wp-json\/wp\/v2\/media\/75755\/"}],"wp:attachment":[{"href":"https:\/\/www.fondazionepirelli.org\/it\/wp-json\/wp\/v2\/media\/?parent=75751"}],"wp:term":[{"taxonomy":"category","embeddable":true,"href":"https:\/\/www.fondazionepirelli.org\/it\/wp-json\/wp\/v2\/categories\/?post=75751"},{"taxonomy":"post_tag","embeddable":true,"href":"https:\/\/www.fondazionepirelli.org\/it\/wp-json\/wp\/v2\/tags\/?post=75751"}],"curies":[{"name":"wp","href":"https:\/\/api.w.org\/{rel}","templated":true}]}}