{"id":75801,"date":"2020-03-30T06:49:37","date_gmt":"2020-03-30T05:49:37","guid":{"rendered":"https:\/\/www.fondazionepirelli.org\/?p=75801"},"modified":"2021-05-05T08:24:23","modified_gmt":"2021-05-05T07:24:23","slug":"lindustria-in-mostra-il-museo-storico-delle-industrie-pirelli","status":"publish","type":"post","link":"https:\/\/www.fondazionepirelli.org\/it\/archivio-storico\/lindustria-in-mostra-il-museo-storico-delle-industrie-pirelli\/","title":{"rendered":"L\u2019industria \u201cin mostra\u201d:<br> il Museo Storico delle Industrie Pirelli"},"content":{"rendered":"<p>Nel <strong>1922<\/strong> la Pirelli celebra i <strong>cinquant\u2019anni di attivit\u00e0<\/strong>. \u00c8 gi\u00e0 un grande gruppo multinazionale, con tre stabilimenti in Italia e un gruppo estero costituito da diverse societ\u00e0 collegate per la gestione degli stabilimenti in <strong>Europa, Spagna e\u00a0 Inghilterra, e in America Latina<\/strong>, delle innumerevoli organizzazioni commerciali e delle due piantagioni di alberi da gomma in Indonesia. Tra le numerose iniziative per celebrare la ricorrenza, una in particolare merita attenzione per la sua originalit\u00e0 e importanza: l\u2019allestimento del <strong>Museo Storico delle Industrie Pirelli<\/strong>. Secondo Mario Luzzatto, all\u2019epoca direttore vendite del settore Pirelli pneumatici, la ricorrenza andava solennizzata con qualcosa \u201cdi nuovo\u201d, che potesse avere \u201c<strong>vaste ripercussioni<\/strong>\u201d: una mostra che illustrasse le <strong>materie prime, i processi produttivi, i prodotti e le loro applicazioni<\/strong>, ma anche le tante manifestazioni sportive in cui Pirelli era presente, la <strong>pubblicit\u00e0<\/strong>, e ancora, le <strong>iniziative di welfare<\/strong> nel campo dell\u2019assistenza, della previdenza, della cultura. Secondo Luzzato la mostra avrebbe rappresentato \u201cuna affermazione di forza della nostra Ditta in una forma che non credo abbia precedenti e difficilmente potrebbe avere imitatori\u201d; sarebbe stata inoltre un\u2019\u201cattrazione certamente notevole per tutto il pubblico di Milano e per molti di coloro che vengono nella nostra citt\u00e0\u201d.<\/p>\n<p>Il locale pi\u00f9 adatto viene individuato inizialmente all\u2019interno del <strong>Palazzo della Permanente in via Principe Umberto<\/strong> (oggi via Turati), realizzato nel 1886 su progetto di Luca Beltrami per ospitare esposizioni d\u2019arte. L\u2019architetto Giacomo Loria, gi\u00e0 progettista del <strong>Borgo Pirelli<\/strong> insieme a Pietro Allodi, traduce le intenzioni di Luzzatto in un progetto di massima che prevede una parte dedicata al processo produttivo e ai prodotti e sale dedicate alle \u201cmanifestazioni artistiche di richiamo\u201d con una \u201c<strong>mostra storica<\/strong> di tutti i manifesti e cataloghi della ditta\u201d, e alla \u201cstatistica\u201d, con \u201cdiagrammi a figure per dimostrazione della evoluzione della societ\u00e0 nei vari rami\u201d. La proposta di Luzzatto verr\u00e0 convertita nell\u2019allestimento di un\u2019esposizione \u00a0nella sala principale della quattrocentesca <strong>Bicocca degli Arcimboldi,<\/strong> entrata a far parte del patrimonio Pirelli nel 1917 in seguito all\u2019acquisto di nuovi terreni per lo stabilimento.<\/p>\n<p>Nasce cos\u00ec il Museo Storico delle Industrie Pirelli, voluto e sostenuto dal personale dell\u2019azienda: il Comitato costituito per le celebrazioni che gestisce tutte le operazioni organizzative \u00e8 composto infatti da rappresentanti di dirigenti, impiegati e operai, e tutto il personale partecipa al finanziamento del progetto devolvendo una parte dello stipendio. All\u2019interno del Museo vengono esposti prodotti, documenti, fotografie, disegni, e perfino alcuni <strong>alberi del caucci\u00f9<\/strong>; l\u2019Ufficio Tecnico Pirelli realizza <a href=\"https:\/\/www.fondazionepirelli.org\/archivio-storico\/disegni-e-manifesti\/search\/result.html?collanaName=%22Disegni%20per%20il%20cinquantenario%22\"><strong>grandi bozzetti con vedute degli stabilimenti<\/strong><\/a> e statistiche sulla produzione. Cogliendone i vantaggi quale \u201cmezzo di propaganda di particolare distinzione ed efficacia\u201d, l\u2019azienda decide di far diventare il Museo un\u2019istituzione permanente, da arricchire costantemente con nuovi materiali. Il Museo Storico delle Industrie Pirelli resta cos\u00ec allestito fino al secondo conflitto mondiale. Una volta dismesso, gran parte della documentazione esposta al Museo confluisce nella raccolta realizzata negli anni anni Quaranta del Novecento dallo stesso Luzzatto, nucleo originario dell\u2019Achivio Storico oggi conservato presso la Fondazione Pirelli. Molti documenti conservati del nostro archivio riportano infatti il <strong>timbro del Museo<\/strong>, a testimonianza dell\u2019ambiziosa inziativa per la celebrazione di un\u2019azienda che, gi\u00e0 nel 1922, aveva una grande storia da raccontare.<\/p>\n","protected":false},"excerpt":{"rendered":"<p>Nel 1922 la Pirelli celebra i cinquant\u2019anni di attivit\u00e0. \u00c8 gi\u00e0 un grande gruppo multinazionale, con tre stabilimenti in Italia e un gruppo estero costituito da diverse societ\u00e0 collegate per la gestione degli stabilimenti in Europa, Spagna e\u00a0 Inghilterra, e in America Latina, delle innumerevoli organizzazioni commerciali e delle due piantagioni di alberi da gomma [&hellip;]<\/p>\n","protected":false},"author":9,"featured_media":75813,"comment_status":"open","ping_status":"open","sticky":false,"template":"","format":"standard","meta":{"footnotes":""},"categories":[126],"tags":[],"class_list":["post-75801","post","type-post","status-publish","format-standard","has-post-thumbnail","hentry","category-archivio-storico"],"acf":[],"yoast_head":"<!-- This site is optimized with the Yoast SEO plugin v25.0 - https:\/\/yoast.com\/wordpress\/plugins\/seo\/ -->\n<title>L\u2019industria \u201cin mostra\u201d: il Museo Storico delle Industrie Pirelli - Fondazione Pirelli<\/title>\n<meta name=\"robots\" content=\"index, follow, max-snippet:-1, max-image-preview:large, max-video-preview:-1\" \/>\n<link rel=\"canonical\" href=\"https:\/\/www.fondazionepirelli.org\/it\/archivio-storico\/lindustria-in-mostra-il-museo-storico-delle-industrie-pirelli\/\" \/>\n<meta property=\"og:locale\" content=\"it_IT\" \/>\n<meta property=\"og:type\" content=\"article\" \/>\n<meta property=\"og:title\" content=\"L\u2019industria \u201cin mostra\u201d: il Museo Storico delle Industrie Pirelli - Fondazione Pirelli\" \/>\n<meta property=\"og:description\" content=\"Nel 1922 la Pirelli celebra i cinquant\u2019anni di attivit\u00e0. \u00c8 gi\u00e0 un grande gruppo multinazionale, con tre stabilimenti in Italia e un gruppo estero costituito da diverse societ\u00e0 collegate per la gestione degli stabilimenti in Europa, Spagna e\u00a0 Inghilterra, e in America Latina, delle innumerevoli organizzazioni commerciali e delle due piantagioni di alberi da gomma [&hellip;]\" \/>\n<meta property=\"og:url\" content=\"https:\/\/www.fondazionepirelli.org\/it\/archivio-storico\/lindustria-in-mostra-il-museo-storico-delle-industrie-pirelli\/\" \/>\n<meta property=\"og:site_name\" content=\"Fondazione Pirelli\" \/>\n<meta property=\"article:published_time\" content=\"2020-03-30T05:49:37+00:00\" \/>\n<meta property=\"article:modified_time\" content=\"2021-05-05T07:24:23+00:00\" \/>\n<meta property=\"og:image\" content=\"https:\/\/wpsite-assets.fondazionepirelli.org\/wp-content\/uploads\/2020\/03\/24101828\/MuseoBicocca_6262.jpg\" \/>\n\t<meta property=\"og:image:width\" content=\"3422\" \/>\n\t<meta property=\"og:image:height\" content=\"2664\" \/>\n\t<meta property=\"og:image:type\" content=\"image\/jpeg\" \/>\n<meta name=\"author\" content=\"fondazionepirelli\" \/>\n<meta name=\"twitter:card\" content=\"summary_large_image\" \/>\n<meta name=\"twitter:label1\" content=\"Scritto da\" \/>\n\t<meta name=\"twitter:data1\" content=\"fondazionepirelli\" \/>\n\t<meta name=\"twitter:label2\" content=\"Tempo di lettura stimato\" \/>\n\t<meta name=\"twitter:data2\" content=\"3 minuti\" \/>\n<script type=\"application\/ld+json\" class=\"yoast-schema-graph\">{\"@context\":\"https:\/\/schema.org\",\"@graph\":[{\"@type\":\"WebPage\",\"@id\":\"https:\/\/www.fondazionepirelli.org\/it\/archivio-storico\/lindustria-in-mostra-il-museo-storico-delle-industrie-pirelli\/\",\"url\":\"https:\/\/www.fondazionepirelli.org\/it\/archivio-storico\/lindustria-in-mostra-il-museo-storico-delle-industrie-pirelli\/\",\"name\":\"L\u2019industria \u201cin mostra\u201d: il Museo Storico delle Industrie Pirelli - Fondazione Pirelli\",\"isPartOf\":{\"@id\":\"https:\/\/www.fondazionepirelli.org\/it\/#website\"},\"primaryImageOfPage\":{\"@id\":\"https:\/\/www.fondazionepirelli.org\/it\/archivio-storico\/lindustria-in-mostra-il-museo-storico-delle-industrie-pirelli\/#primaryimage\"},\"image\":{\"@id\":\"https:\/\/www.fondazionepirelli.org\/it\/archivio-storico\/lindustria-in-mostra-il-museo-storico-delle-industrie-pirelli\/#primaryimage\"},\"thumbnailUrl\":\"https:\/\/wpsite-assets.fondazionepirelli.org\/wp-content\/uploads\/2020\/03\/24101828\/MuseoBicocca_6262.jpg\",\"datePublished\":\"2020-03-30T05:49:37+00:00\",\"dateModified\":\"2021-05-05T07:24:23+00:00\",\"author\":{\"@id\":\"https:\/\/www.fondazionepirelli.org\/it\/#\/schema\/person\/c31fcf5937a0e6afa45497f3f8b6d7a0\"},\"breadcrumb\":{\"@id\":\"https:\/\/www.fondazionepirelli.org\/it\/archivio-storico\/lindustria-in-mostra-il-museo-storico-delle-industrie-pirelli\/#breadcrumb\"},\"inLanguage\":\"it-IT\",\"potentialAction\":[{\"@type\":\"ReadAction\",\"target\":[\"https:\/\/www.fondazionepirelli.org\/it\/archivio-storico\/lindustria-in-mostra-il-museo-storico-delle-industrie-pirelli\/\"]}]},{\"@type\":\"ImageObject\",\"inLanguage\":\"it-IT\",\"@id\":\"https:\/\/www.fondazionepirelli.org\/it\/archivio-storico\/lindustria-in-mostra-il-museo-storico-delle-industrie-pirelli\/#primaryimage\",\"url\":\"https:\/\/wpsite-assets.fondazionepirelli.org\/wp-content\/uploads\/2020\/03\/24101828\/MuseoBicocca_6262.jpg\",\"contentUrl\":\"https:\/\/wpsite-assets.fondazionepirelli.org\/wp-content\/uploads\/2020\/03\/24101828\/MuseoBicocca_6262.jpg\",\"width\":3422,\"height\":2664},{\"@type\":\"BreadcrumbList\",\"@id\":\"https:\/\/www.fondazionepirelli.org\/it\/archivio-storico\/lindustria-in-mostra-il-museo-storico-delle-industrie-pirelli\/#breadcrumb\",\"itemListElement\":[{\"@type\":\"ListItem\",\"position\":1,\"name\":\"Home\",\"item\":\"https:\/\/www.fondazionepirelli.org\/it\/\"},{\"@type\":\"ListItem\",\"position\":2,\"name\":\"L\u2019industria \u201cin mostra\u201d: il Museo Storico delle Industrie Pirelli\"}]},{\"@type\":\"WebSite\",\"@id\":\"https:\/\/www.fondazionepirelli.org\/it\/#website\",\"url\":\"https:\/\/www.fondazionepirelli.org\/it\/\",\"name\":\"Fondazione Pirelli\",\"description\":\"\",\"potentialAction\":[{\"@type\":\"SearchAction\",\"target\":{\"@type\":\"EntryPoint\",\"urlTemplate\":\"https:\/\/www.fondazionepirelli.org\/it\/?s={search_term_string}\"},\"query-input\":{\"@type\":\"PropertyValueSpecification\",\"valueRequired\":true,\"valueName\":\"search_term_string\"}}],\"inLanguage\":\"it-IT\"},{\"@type\":\"Person\",\"@id\":\"https:\/\/www.fondazionepirelli.org\/it\/#\/schema\/person\/c31fcf5937a0e6afa45497f3f8b6d7a0\",\"name\":\"fondazionepirelli\",\"image\":{\"@type\":\"ImageObject\",\"inLanguage\":\"it-IT\",\"@id\":\"https:\/\/www.fondazionepirelli.org\/it\/#\/schema\/person\/image\/\",\"url\":\"https:\/\/secure.gravatar.com\/avatar\/9cb486421ce1d6eddbf6c4fb66841b4325b786695f7aedf1dde2222428218696?s=96&d=mm&r=g\",\"contentUrl\":\"https:\/\/secure.gravatar.com\/avatar\/9cb486421ce1d6eddbf6c4fb66841b4325b786695f7aedf1dde2222428218696?s=96&d=mm&r=g\",\"caption\":\"fondazionepirelli\"},\"url\":\"https:\/\/www.fondazionepirelli.org\/it\/author\/fondazionepirelli\/\"}]}<\/script>\n<!-- \/ Yoast SEO plugin. -->","yoast_head_json":{"title":"L\u2019industria \u201cin mostra\u201d: il Museo Storico delle Industrie Pirelli - Fondazione Pirelli","robots":{"index":"index","follow":"follow","max-snippet":"max-snippet:-1","max-image-preview":"max-image-preview:large","max-video-preview":"max-video-preview:-1"},"canonical":"https:\/\/www.fondazionepirelli.org\/it\/archivio-storico\/lindustria-in-mostra-il-museo-storico-delle-industrie-pirelli\/","og_locale":"it_IT","og_type":"article","og_title":"L\u2019industria \u201cin mostra\u201d: il Museo Storico delle Industrie Pirelli - Fondazione Pirelli","og_description":"Nel 1922 la Pirelli celebra i cinquant\u2019anni di attivit\u00e0. \u00c8 gi\u00e0 un grande gruppo multinazionale, con tre stabilimenti in Italia e un gruppo estero costituito da diverse societ\u00e0 collegate per la gestione degli stabilimenti in Europa, Spagna e\u00a0 Inghilterra, e in America Latina, delle innumerevoli organizzazioni commerciali e delle due piantagioni di alberi da gomma [&hellip;]","og_url":"https:\/\/www.fondazionepirelli.org\/it\/archivio-storico\/lindustria-in-mostra-il-museo-storico-delle-industrie-pirelli\/","og_site_name":"Fondazione Pirelli","article_published_time":"2020-03-30T05:49:37+00:00","article_modified_time":"2021-05-05T07:24:23+00:00","og_image":[{"width":3422,"height":2664,"url":"https:\/\/wpsite-assets.fondazionepirelli.org\/wp-content\/uploads\/2020\/03\/24101828\/MuseoBicocca_6262.jpg","type":"image\/jpeg"}],"author":"fondazionepirelli","twitter_card":"summary_large_image","twitter_misc":{"Scritto da":"fondazionepirelli","Tempo di lettura stimato":"3 minuti"},"schema":{"@context":"https:\/\/schema.org","@graph":[{"@type":"WebPage","@id":"https:\/\/www.fondazionepirelli.org\/it\/archivio-storico\/lindustria-in-mostra-il-museo-storico-delle-industrie-pirelli\/","url":"https:\/\/www.fondazionepirelli.org\/it\/archivio-storico\/lindustria-in-mostra-il-museo-storico-delle-industrie-pirelli\/","name":"L\u2019industria \u201cin mostra\u201d: il Museo Storico delle Industrie Pirelli - Fondazione Pirelli","isPartOf":{"@id":"https:\/\/www.fondazionepirelli.org\/it\/#website"},"primaryImageOfPage":{"@id":"https:\/\/www.fondazionepirelli.org\/it\/archivio-storico\/lindustria-in-mostra-il-museo-storico-delle-industrie-pirelli\/#primaryimage"},"image":{"@id":"https:\/\/www.fondazionepirelli.org\/it\/archivio-storico\/lindustria-in-mostra-il-museo-storico-delle-industrie-pirelli\/#primaryimage"},"thumbnailUrl":"https:\/\/wpsite-assets.fondazionepirelli.org\/wp-content\/uploads\/2020\/03\/24101828\/MuseoBicocca_6262.jpg","datePublished":"2020-03-30T05:49:37+00:00","dateModified":"2021-05-05T07:24:23+00:00","author":{"@id":"https:\/\/www.fondazionepirelli.org\/it\/#\/schema\/person\/c31fcf5937a0e6afa45497f3f8b6d7a0"},"breadcrumb":{"@id":"https:\/\/www.fondazionepirelli.org\/it\/archivio-storico\/lindustria-in-mostra-il-museo-storico-delle-industrie-pirelli\/#breadcrumb"},"inLanguage":"it-IT","potentialAction":[{"@type":"ReadAction","target":["https:\/\/www.fondazionepirelli.org\/it\/archivio-storico\/lindustria-in-mostra-il-museo-storico-delle-industrie-pirelli\/"]}]},{"@type":"ImageObject","inLanguage":"it-IT","@id":"https:\/\/www.fondazionepirelli.org\/it\/archivio-storico\/lindustria-in-mostra-il-museo-storico-delle-industrie-pirelli\/#primaryimage","url":"https:\/\/wpsite-assets.fondazionepirelli.org\/wp-content\/uploads\/2020\/03\/24101828\/MuseoBicocca_6262.jpg","contentUrl":"https:\/\/wpsite-assets.fondazionepirelli.org\/wp-content\/uploads\/2020\/03\/24101828\/MuseoBicocca_6262.jpg","width":3422,"height":2664},{"@type":"BreadcrumbList","@id":"https:\/\/www.fondazionepirelli.org\/it\/archivio-storico\/lindustria-in-mostra-il-museo-storico-delle-industrie-pirelli\/#breadcrumb","itemListElement":[{"@type":"ListItem","position":1,"name":"Home","item":"https:\/\/www.fondazionepirelli.org\/it\/"},{"@type":"ListItem","position":2,"name":"L\u2019industria \u201cin mostra\u201d: il Museo Storico delle Industrie Pirelli"}]},{"@type":"WebSite","@id":"https:\/\/www.fondazionepirelli.org\/it\/#website","url":"https:\/\/www.fondazionepirelli.org\/it\/","name":"Fondazione Pirelli","description":"","potentialAction":[{"@type":"SearchAction","target":{"@type":"EntryPoint","urlTemplate":"https:\/\/www.fondazionepirelli.org\/it\/?s={search_term_string}"},"query-input":{"@type":"PropertyValueSpecification","valueRequired":true,"valueName":"search_term_string"}}],"inLanguage":"it-IT"},{"@type":"Person","@id":"https:\/\/www.fondazionepirelli.org\/it\/#\/schema\/person\/c31fcf5937a0e6afa45497f3f8b6d7a0","name":"fondazionepirelli","image":{"@type":"ImageObject","inLanguage":"it-IT","@id":"https:\/\/www.fondazionepirelli.org\/it\/#\/schema\/person\/image\/","url":"https:\/\/secure.gravatar.com\/avatar\/9cb486421ce1d6eddbf6c4fb66841b4325b786695f7aedf1dde2222428218696?s=96&d=mm&r=g","contentUrl":"https:\/\/secure.gravatar.com\/avatar\/9cb486421ce1d6eddbf6c4fb66841b4325b786695f7aedf1dde2222428218696?s=96&d=mm&r=g","caption":"fondazionepirelli"},"url":"https:\/\/www.fondazionepirelli.org\/it\/author\/fondazionepirelli\/"}]}},"_links":{"self":[{"href":"https:\/\/www.fondazionepirelli.org\/it\/wp-json\/wp\/v2\/posts\/75801\/"}],"collection":[{"href":"https:\/\/www.fondazionepirelli.org\/it\/wp-json\/wp\/v2\/posts\/"}],"about":[{"href":"https:\/\/www.fondazionepirelli.org\/it\/wp-json\/wp\/v2\/types\/post\/"}],"author":[{"embeddable":true,"href":"https:\/\/www.fondazionepirelli.org\/it\/wp-json\/wp\/v2\/users\/9\/"}],"replies":[{"embeddable":true,"href":"https:\/\/www.fondazionepirelli.org\/it\/wp-json\/wp\/v2\/comments\/?post=75801"}],"version-history":[{"count":8,"href":"https:\/\/www.fondazionepirelli.org\/it\/wp-json\/wp\/v2\/posts\/75801\/revisions\/"}],"predecessor-version":[{"id":75999,"href":"https:\/\/www.fondazionepirelli.org\/it\/wp-json\/wp\/v2\/posts\/75801\/revisions\/75999\/"}],"wp:featuredmedia":[{"embeddable":true,"href":"https:\/\/www.fondazionepirelli.org\/it\/wp-json\/wp\/v2\/media\/75813\/"}],"wp:attachment":[{"href":"https:\/\/www.fondazionepirelli.org\/it\/wp-json\/wp\/v2\/media\/?parent=75801"}],"wp:term":[{"taxonomy":"category","embeddable":true,"href":"https:\/\/www.fondazionepirelli.org\/it\/wp-json\/wp\/v2\/categories\/?post=75801"},{"taxonomy":"post_tag","embeddable":true,"href":"https:\/\/www.fondazionepirelli.org\/it\/wp-json\/wp\/v2\/tags\/?post=75801"}],"curies":[{"name":"wp","href":"https:\/\/api.w.org\/{rel}","templated":true}]}}