{"id":76016,"date":"2020-03-30T09:12:26","date_gmt":"2020-03-30T08:12:26","guid":{"rendered":"https:\/\/www.fondazionepirelli.org\/?p=76016"},"modified":"2020-03-30T10:47:48","modified_gmt":"2020-03-30T09:47:48","slug":"la-testimonianza-morale-di-papa-francesco-e-la-spinta-di-draghi-per-un-piano-ue-di-ripresa","status":"publish","type":"post","link":"https:\/\/www.fondazionepirelli.org\/it\/cultura-dimpresa\/la-testimonianza-morale-di-papa-francesco-e-la-spinta-di-draghi-per-un-piano-ue-di-ripresa\/","title":{"rendered":"La testimonianza morale di Papa Francesco e la spinta di Draghi per un piano Ue di ripresa"},"content":{"rendered":"<p><strong>Tre<\/strong> immagini fanno efficacemente da simbolo di questa stagione straordinaria di malattia, paura, incertezza e fragilit\u00e0. L\u2019<strong>infermiera<\/strong> d\u2019un ospedale lombardo che, la testa china su un tavolo, strappa un attimo di sonno alla fatica dell\u2019assistenza quotidiana ai malati e ai moribondi. La lunga fila dei <strong>camion militari<\/strong> che, nella Bergamasca, trasportano le bare delle vittime verso una solitaria sepoltura. E il <strong>Papa<\/strong>, nel deserto della grande piazza di San Pietro, che si fa carico del dolore del mondo offeso e prega perch\u00e9 nessuno sia lasciato solo.<\/p>\n<p>Sono immagini forti, che \u201cpungono\u201d, come direbbe <strong>Roland Barthes<\/strong>, la nostra sensibilit\u00e0 e, nel profondo, la nostra coscienza. E testimoniano alcuni aspetti essenziali della tempesta che investe le nostre vite, la salute e l\u2019insieme del tessuto economico e sociale: la sopravvivenza messa in pericolo dal contagio del virus, la <strong>solitudine<\/strong> che accompagna la morte e, nonostante tutto, l\u2019impegno corale per fare fronte all\u2019emergenza e, gi\u00e0 adesso, discutere su come costruire le vie d\u2019uscita dalla crisi sanitaria e dalla pesante recessione economica che coinvolge tutti noi.<\/p>\n<p>Vengono in mente le parole d\u2019un grande poeta: \u201cIl passato \u00e8 il prologo, il futuro \u00e8 nelle vostre mani\u201d. E\u2019 <strong>William Shakespeare<\/strong>, nei dialoghi de \u201cLa tempesta\u201d. Nelle nostre mani, appunto.<\/p>\n<p>E\u2019 chiaro dunque il dovere di pensare e mettere tempestivamente in campo soluzioni per uscire da questi giorni dolorosi e terribili. E di farlo con urgenza. Nella notte dello smarrimento e della paura, non si pu\u00f2 abbandonare la speranza nella ripresa.<\/p>\n<p>Il governo Conte, tra incertezze e controverse valutazioni, si sta muovendo con senso di responsabilit\u00e0. Gli italiani si stanno comportando bene. Le persone pi\u00f9 esposte, in prima linea, medici e infermieri innanzitutto, sono indicate come esemplari dagli osservatori dell\u2019opinione pubblica internazionale.<\/p>\n<p>C\u2019\u00e8 un compito che investe particolarmente le persone del mondo dell\u2019<strong>impresa<\/strong>, impegnate nella societ\u00e0 civile e che sanno di dovere mettere in gioco le proprie risorse, le conoscenze e le competenze per costruire fin d\u2019ora ragioni pi\u00f9 equilibrate e giuste d\u2019un futuro migliore.<\/p>\n<p>L\u2019impresa \u00e8 un <strong>attore sociale<\/strong> fondamentale, un motore di lavoro, reddito, cultura, relazioni positive, innovazione, solidariet\u00e0. Un soggetto attivo delle comunit\u00e0, impegnato, proprio in questi tempi, anche in difficili processi di riconversione produttiva, dalle attivit\u00e0 tradizionali ai pres\u00ecdi sanitari (respiratori, mascherine, apparecchiature per l\u2019emergenza, medicinali, etc.). Una leva per fare ripartire l\u2019economia, appena le condizioni lo permetteranno. Il suo \u201ccapitale sociale\u201d, con le donne e gli uomini che ne fanno parte, \u00e8 sempre stato un cardine del cambiamento e del progresso.<\/p>\n<p>Impresa come luogo fondamentare del \u201c<strong>fare, e fare bene<\/strong>\u201d. E testimone di una serie di valori positivi (ne abbiamo pi\u00f9 volte parlato, in questo blog). Impresa, dunque, da valorizzare, salvare, fare crescere.<\/p>\n<p>\u00c9 evidente, proprio nel mondo dell\u2019impresa, l\u2019apprezzamento per l\u2019incitamento che viene dal presidente della Repubblica <strong>Sergio Mattarella<\/strong>, perch\u00e9 la Ue superi vecchi schemi politici ed economici e ricostruisca con generosit\u00e0 e lungimiranza la rete del nostro stare insieme, recuperando e rinnovando i valori che ispirarono i padri fondatori dell\u2019Europa, democrazia liberale, societ\u00e0 aperta.<\/p>\n<p>Su un\u2019analoga ispirazione ideale e politica si muove anche un grande \u201cpadre dell\u2019Europa\u201d come <strong>Jacques Delors<\/strong>: \u201cIl clima che sembra regnare tra i capi di Stato e di governo e la mancanza di solidariet\u00e0 europea fanno correre un pericolo mortale all&#8217;Unione europea\u201d.<\/p>\n<p>Oggi \u00e8 indispensabile un piano straordinario di investimenti comuni, che usi tutte le leve monetarie e finanziarie, tradizionali e innovative, per fare fronte all\u2019emergenza,<strong> salvaguardando le imprese e il lavoro<\/strong> ma anche cominciando fin da subito a rafforzare le reti europee delle infrastrutture comuni, materiali e digitali, per la ricerca scientifica e i servizi della salute, la formazione, il welfare, l\u2019energia. \u201cSenza un piano comune\u201d europeo, \u201cnessun Paese, neanche i Paesi pi\u00f9 ricchi, riuscir\u00e0 a uscire da questa terribile crisi\u201d, sostiene, con buona ragione, il Commissario Ue agli Affari economici, Paolo Gentiloni.<\/p>\n<p>La <strong>Bce<\/strong>, pur con alcune incertezze di comunicazione, si \u00e8 mossa su questa strada, assicurando ampia liquidit\u00e0 alle banche europee, da mettere a disposizione di famiglie e imprese. La Commissione Ue, tra contraddizioni e tensioni interne, ha dichiarato \u201csospeso\u201d il Patto di Stabilit\u00e0, per consentire agli Stati colpiti dallo shock simmetrico del Grande Contagio, di fare fronte alla crisi.<\/p>\n<p>Si tratta adesso di trovare strumenti finanziari ed economici adeguati, comunque si chiamino i \u201cbond\u201d comuni che potranno essere messi in campo. E, guardando avanti, di fare scelte adeguate ai tempi per nuove politiche industriali, fiscali e sociali. Il <strong>rilancio dell\u2019Europa<\/strong>, appunto. Nonostante tutto. Nonostante le miopie, gli egoismi nazionali, le chiusure di opinioni pubbliche impaurite e sedotte dai demagoghi del nuovo nazionalismo. Nonostante una gretta ideologia del rigore che, dietro il paravento dell\u2019attenzione corretta per l\u2019equilibrio di fondo dei conti pubblici, non sa valutare i grandi nuovi bisogni sociali n\u00e9 le sfide politiche e, perch\u00e9 no? morali poste oggi dall\u2019emergenza sanitaria, che aggrava quelle gi\u00e0 evidenti degli squilibri sociali e dei divari\u00a0 messi in rilievo da tempo non solo da Papa Francesco e da gran parte della migliore letteratura economica, ma anche dagli stessi convegni del grande mondo degli affari, come il World Economic Forum di Davos.<\/p>\n<p><strong>Mario Draghi<\/strong>, forte della sua esperienza internazionale da <em>civil servant\u00a0<\/em> e della sua competenza da economista sensibile, nel suo articolo al <em>Financial Times<\/em>, non parla dell\u2019Italia, ma di tutta l\u2019Europa. E appunto alla Ue ha indicato la strada essenziale da seguire, per salvare le istituzioni europee e rispondere alle aspettative di sviluppo e benessere dei suoi cittadini: \u201cFronteggiamo una guerra contro il coronavirus e dobbiamo mobilitarci di conseguenza&#8230; Livelli di debito pubblico molto pi\u00f9 alti diventeranno una caratteristica permanente delle nostre economie e saranno accompagnati dalla cancellazione del debito privato&#8230; L\u2019alternativa sarebbe una distruzione permanente della capacit\u00e0 produttiva e della base fiscale\u201d, ha scritto nei giorni scorsi. Debito tutt\u2019altro che assistenziale. Ma finalizzato a sostenere le imprese e salvaguardare i posti di lavoro, come leve fondamentali per la ripresa. Alla Ue, Draghi chiede \u201cforza e rapidit\u00e0\u201d per intervenire. \u201cRapidit\u00e0\u201d perch\u00e9 \u201cil costo dell\u2019esitazione potrebbe essere irreversibile\u201d. Un danno drammatico per tutta la Ue.<\/p>\n<p>Draghi invita dunque tutti i decisori politici europei, la classe dirigente, a \u201c<strong>cambiare mentalit\u00e0<\/strong>\u201d: l\u2019apparato di idee e convinzioni (e interessi particolari) del passato non serve al affrontare la tempesta in corso.<\/p>\n<p>Bisogna pensare \u201cuna economia degli affetti e non solo delle regole\u201d, per ricordare il pensiero di uno dei maggiori economisti italiani, Federico Caff\u00e8 (maestro, tra gli altri, anche di Draghi). Un\u2019economia che tenga in primo piano le persone e sappia legare, con intelligenza e umanit\u00e0, la competitivit\u00e0 e la solidariet\u00e0.<\/p>\n<p>Il pensiero torna alla lezione di <strong>Keynes<\/strong> (Caff\u00e8 ne era stato un originale interprete). E alle idee di George C. Marshall, ben espresse in un suo discorso ad Harvard nel giugno 1947 (ricordato pochi giorni fa da Mattia Feltri su <em>La Stampa<\/em>): se il mondo non torna a normali condizioni economiche, ne scaturirebbero instabilit\u00e0 politiche e guerre, mentre noi dobbiamo favorire un mondo libero e florido.<\/p>\n<p>Era questa, la base politica del<strong> Piano Marshall,<\/strong> oggi tornato alla ribalta del discorso pubblico: aiuti alle nazioni devastate dalla guerra (anche alla Germania sconfitta) per rimettere in piedi economie e societ\u00e0. La traduzione concreta, operativa, lungimirante di quanto Keynes aveva scritto in \u201cLe conseguenze economiche della pace\u201d, criticando le politiche punitive contro la Germania del Trattato di Versailles che nel 1919 aveva concluso in modo squilibrato e infausto la stagione della Prima Guerra Mondiale. Un nuovo Piano di sviluppo dell\u2019Europa? Un nuovo Piano Delors? E perch\u00e9 no? Proprio Draghi, con competenza e autorevolezza istituzionale e internazionale, ne potrebbe essere punto di riferimento e di guida.<\/p>\n<p>Per il mondo delle imprese italiane, aperte, internazionalizzate, radicate nei mercati del mondo, \u00e8 evidente l\u2019attenzione, vissuta con forte senso di responsabilit\u00e0 e partecipazione, per una politica di collaborazione in cui l\u2019Europa giochi da protagonista, nel dialogo con gli Usa e con la Cina. E proprio oggi l\u2019orizzonte, al di l\u00e0 della fatica e del dolore, \u00e8 chiaro: definire insieme proposte di sviluppo sostenibile, ambientale e sociale. Le imprese fanno da tempo la loro parte. Con sensibilit\u00e0 da italiani. E da europei, cittadini d\u2019un mondo che si spera migliore.<\/p>","protected":false},"excerpt":{"rendered":"<p>Tre immagini fanno efficacemente da simbolo di questa stagione straordinaria di malattia, paura, incertezza e fragilit\u00e0. L\u2019infermiera d\u2019un ospedale lombardo che, la testa china su un tavolo, strappa un attimo di sonno alla fatica dell\u2019assistenza quotidiana ai malati e ai moribondi. La lunga fila dei camion militari che, nella Bergamasca, trasportano le bare delle vittime [&hellip;]<\/p>\n","protected":false},"author":9,"featured_media":76027,"comment_status":"open","ping_status":"open","sticky":false,"template":"","format":"standard","meta":{"footnotes":""},"categories":[53,52],"tags":[],"class_list":["post-76016","post","type-post","status-publish","format-standard","has-post-thumbnail","hentry","category-blog","category-cultura-dimpresa"],"acf":[],"yoast_head":"<!-- This site is optimized with the Yoast SEO plugin v25.0 - https:\/\/yoast.com\/wordpress\/plugins\/seo\/ -->\n<title>La testimonianza morale di Papa Francesco e la spinta di Draghi per un piano Ue di ripresa - Fondazione Pirelli<\/title>\n<meta name=\"robots\" content=\"index, follow, max-snippet:-1, max-image-preview:large, max-video-preview:-1\" \/>\n<link rel=\"canonical\" href=\"https:\/\/www.fondazionepirelli.org\/it\/cultura-dimpresa\/la-testimonianza-morale-di-papa-francesco-e-la-spinta-di-draghi-per-un-piano-ue-di-ripresa\/\" \/>\n<meta property=\"og:locale\" content=\"it_IT\" \/>\n<meta property=\"og:type\" content=\"article\" \/>\n<meta property=\"og:title\" content=\"La testimonianza morale di Papa Francesco e la spinta di Draghi per un piano Ue di ripresa - Fondazione Pirelli\" \/>\n<meta property=\"og:description\" content=\"Tre immagini fanno efficacemente da simbolo di questa stagione straordinaria di malattia, paura, incertezza e fragilit\u00e0. L\u2019infermiera d\u2019un ospedale lombardo che, la testa china su un tavolo, strappa un attimo di sonno alla fatica dell\u2019assistenza quotidiana ai malati e ai moribondi. La lunga fila dei camion militari che, nella Bergamasca, trasportano le bare delle vittime [&hellip;]\" \/>\n<meta property=\"og:url\" content=\"https:\/\/www.fondazionepirelli.org\/it\/cultura-dimpresa\/la-testimonianza-morale-di-papa-francesco-e-la-spinta-di-draghi-per-un-piano-ue-di-ripresa\/\" \/>\n<meta property=\"og:site_name\" content=\"Fondazione Pirelli\" \/>\n<meta property=\"article:published_time\" content=\"2020-03-30T08:12:26+00:00\" \/>\n<meta property=\"article:modified_time\" content=\"2020-03-30T09:47:48+00:00\" \/>\n<meta property=\"og:image\" content=\"https:\/\/wpsite-assets.fondazionepirelli.org\/wp-content\/uploads\/2020\/03\/30091202\/papa.jpg\" \/>\n\t<meta property=\"og:image:width\" content=\"649\" \/>\n\t<meta property=\"og:image:height\" content=\"406\" \/>\n\t<meta property=\"og:image:type\" content=\"image\/jpeg\" \/>\n<meta name=\"author\" content=\"fondazionepirelli\" \/>\n<meta name=\"twitter:card\" content=\"summary_large_image\" \/>\n<meta name=\"twitter:label1\" content=\"Scritto da\" \/>\n\t<meta name=\"twitter:data1\" content=\"fondazionepirelli\" \/>\n\t<meta name=\"twitter:label2\" content=\"Tempo di lettura stimato\" \/>\n\t<meta name=\"twitter:data2\" content=\"7 minuti\" \/>\n<script type=\"application\/ld+json\" class=\"yoast-schema-graph\">{\"@context\":\"https:\/\/schema.org\",\"@graph\":[{\"@type\":\"WebPage\",\"@id\":\"https:\/\/www.fondazionepirelli.org\/it\/cultura-dimpresa\/la-testimonianza-morale-di-papa-francesco-e-la-spinta-di-draghi-per-un-piano-ue-di-ripresa\/\",\"url\":\"https:\/\/www.fondazionepirelli.org\/it\/cultura-dimpresa\/la-testimonianza-morale-di-papa-francesco-e-la-spinta-di-draghi-per-un-piano-ue-di-ripresa\/\",\"name\":\"La testimonianza morale di Papa Francesco e la spinta di Draghi per un piano Ue di ripresa - Fondazione Pirelli\",\"isPartOf\":{\"@id\":\"https:\/\/www.fondazionepirelli.org\/it\/#website\"},\"primaryImageOfPage\":{\"@id\":\"https:\/\/www.fondazionepirelli.org\/it\/cultura-dimpresa\/la-testimonianza-morale-di-papa-francesco-e-la-spinta-di-draghi-per-un-piano-ue-di-ripresa\/#primaryimage\"},\"image\":{\"@id\":\"https:\/\/www.fondazionepirelli.org\/it\/cultura-dimpresa\/la-testimonianza-morale-di-papa-francesco-e-la-spinta-di-draghi-per-un-piano-ue-di-ripresa\/#primaryimage\"},\"thumbnailUrl\":\"https:\/\/wpsite-assets.fondazionepirelli.org\/wp-content\/uploads\/2020\/03\/30091202\/papa.jpg\",\"datePublished\":\"2020-03-30T08:12:26+00:00\",\"dateModified\":\"2020-03-30T09:47:48+00:00\",\"author\":{\"@id\":\"https:\/\/www.fondazionepirelli.org\/it\/#\/schema\/person\/c31fcf5937a0e6afa45497f3f8b6d7a0\"},\"breadcrumb\":{\"@id\":\"https:\/\/www.fondazionepirelli.org\/it\/cultura-dimpresa\/la-testimonianza-morale-di-papa-francesco-e-la-spinta-di-draghi-per-un-piano-ue-di-ripresa\/#breadcrumb\"},\"inLanguage\":\"it-IT\",\"potentialAction\":[{\"@type\":\"ReadAction\",\"target\":[\"https:\/\/www.fondazionepirelli.org\/it\/cultura-dimpresa\/la-testimonianza-morale-di-papa-francesco-e-la-spinta-di-draghi-per-un-piano-ue-di-ripresa\/\"]}]},{\"@type\":\"ImageObject\",\"inLanguage\":\"it-IT\",\"@id\":\"https:\/\/www.fondazionepirelli.org\/it\/cultura-dimpresa\/la-testimonianza-morale-di-papa-francesco-e-la-spinta-di-draghi-per-un-piano-ue-di-ripresa\/#primaryimage\",\"url\":\"https:\/\/wpsite-assets.fondazionepirelli.org\/wp-content\/uploads\/2020\/03\/30091202\/papa.jpg\",\"contentUrl\":\"https:\/\/wpsite-assets.fondazionepirelli.org\/wp-content\/uploads\/2020\/03\/30091202\/papa.jpg\",\"width\":649,\"height\":406},{\"@type\":\"BreadcrumbList\",\"@id\":\"https:\/\/www.fondazionepirelli.org\/it\/cultura-dimpresa\/la-testimonianza-morale-di-papa-francesco-e-la-spinta-di-draghi-per-un-piano-ue-di-ripresa\/#breadcrumb\",\"itemListElement\":[{\"@type\":\"ListItem\",\"position\":1,\"name\":\"Home\",\"item\":\"https:\/\/www.fondazionepirelli.org\/it\/\"},{\"@type\":\"ListItem\",\"position\":2,\"name\":\"La testimonianza morale di Papa Francesco e la spinta di Draghi per un piano Ue di ripresa\"}]},{\"@type\":\"WebSite\",\"@id\":\"https:\/\/www.fondazionepirelli.org\/it\/#website\",\"url\":\"https:\/\/www.fondazionepirelli.org\/it\/\",\"name\":\"Fondazione Pirelli\",\"description\":\"\",\"potentialAction\":[{\"@type\":\"SearchAction\",\"target\":{\"@type\":\"EntryPoint\",\"urlTemplate\":\"https:\/\/www.fondazionepirelli.org\/it\/?s={search_term_string}\"},\"query-input\":{\"@type\":\"PropertyValueSpecification\",\"valueRequired\":true,\"valueName\":\"search_term_string\"}}],\"inLanguage\":\"it-IT\"},{\"@type\":\"Person\",\"@id\":\"https:\/\/www.fondazionepirelli.org\/it\/#\/schema\/person\/c31fcf5937a0e6afa45497f3f8b6d7a0\",\"name\":\"fondazionepirelli\",\"image\":{\"@type\":\"ImageObject\",\"inLanguage\":\"it-IT\",\"@id\":\"https:\/\/www.fondazionepirelli.org\/it\/#\/schema\/person\/image\/\",\"url\":\"https:\/\/secure.gravatar.com\/avatar\/9cb486421ce1d6eddbf6c4fb66841b4325b786695f7aedf1dde2222428218696?s=96&d=mm&r=g\",\"contentUrl\":\"https:\/\/secure.gravatar.com\/avatar\/9cb486421ce1d6eddbf6c4fb66841b4325b786695f7aedf1dde2222428218696?s=96&d=mm&r=g\",\"caption\":\"fondazionepirelli\"},\"url\":\"https:\/\/www.fondazionepirelli.org\/it\/author\/fondazionepirelli\/\"}]}<\/script>\n<!-- \/ Yoast SEO plugin. -->","yoast_head_json":{"title":"La testimonianza morale di Papa Francesco e la spinta di Draghi per un piano Ue di ripresa - Fondazione Pirelli","robots":{"index":"index","follow":"follow","max-snippet":"max-snippet:-1","max-image-preview":"max-image-preview:large","max-video-preview":"max-video-preview:-1"},"canonical":"https:\/\/www.fondazionepirelli.org\/it\/cultura-dimpresa\/la-testimonianza-morale-di-papa-francesco-e-la-spinta-di-draghi-per-un-piano-ue-di-ripresa\/","og_locale":"it_IT","og_type":"article","og_title":"La testimonianza morale di Papa Francesco e la spinta di Draghi per un piano Ue di ripresa - Fondazione Pirelli","og_description":"Tre immagini fanno efficacemente da simbolo di questa stagione straordinaria di malattia, paura, incertezza e fragilit\u00e0. L\u2019infermiera d\u2019un ospedale lombardo che, la testa china su un tavolo, strappa un attimo di sonno alla fatica dell\u2019assistenza quotidiana ai malati e ai moribondi. La lunga fila dei camion militari che, nella Bergamasca, trasportano le bare delle vittime [&hellip;]","og_url":"https:\/\/www.fondazionepirelli.org\/it\/cultura-dimpresa\/la-testimonianza-morale-di-papa-francesco-e-la-spinta-di-draghi-per-un-piano-ue-di-ripresa\/","og_site_name":"Fondazione Pirelli","article_published_time":"2020-03-30T08:12:26+00:00","article_modified_time":"2020-03-30T09:47:48+00:00","og_image":[{"width":649,"height":406,"url":"https:\/\/wpsite-assets.fondazionepirelli.org\/wp-content\/uploads\/2020\/03\/30091202\/papa.jpg","type":"image\/jpeg"}],"author":"fondazionepirelli","twitter_card":"summary_large_image","twitter_misc":{"Scritto da":"fondazionepirelli","Tempo di lettura stimato":"7 minuti"},"schema":{"@context":"https:\/\/schema.org","@graph":[{"@type":"WebPage","@id":"https:\/\/www.fondazionepirelli.org\/it\/cultura-dimpresa\/la-testimonianza-morale-di-papa-francesco-e-la-spinta-di-draghi-per-un-piano-ue-di-ripresa\/","url":"https:\/\/www.fondazionepirelli.org\/it\/cultura-dimpresa\/la-testimonianza-morale-di-papa-francesco-e-la-spinta-di-draghi-per-un-piano-ue-di-ripresa\/","name":"La testimonianza morale di Papa Francesco e la spinta di Draghi per un piano Ue di ripresa - Fondazione Pirelli","isPartOf":{"@id":"https:\/\/www.fondazionepirelli.org\/it\/#website"},"primaryImageOfPage":{"@id":"https:\/\/www.fondazionepirelli.org\/it\/cultura-dimpresa\/la-testimonianza-morale-di-papa-francesco-e-la-spinta-di-draghi-per-un-piano-ue-di-ripresa\/#primaryimage"},"image":{"@id":"https:\/\/www.fondazionepirelli.org\/it\/cultura-dimpresa\/la-testimonianza-morale-di-papa-francesco-e-la-spinta-di-draghi-per-un-piano-ue-di-ripresa\/#primaryimage"},"thumbnailUrl":"https:\/\/wpsite-assets.fondazionepirelli.org\/wp-content\/uploads\/2020\/03\/30091202\/papa.jpg","datePublished":"2020-03-30T08:12:26+00:00","dateModified":"2020-03-30T09:47:48+00:00","author":{"@id":"https:\/\/www.fondazionepirelli.org\/it\/#\/schema\/person\/c31fcf5937a0e6afa45497f3f8b6d7a0"},"breadcrumb":{"@id":"https:\/\/www.fondazionepirelli.org\/it\/cultura-dimpresa\/la-testimonianza-morale-di-papa-francesco-e-la-spinta-di-draghi-per-un-piano-ue-di-ripresa\/#breadcrumb"},"inLanguage":"it-IT","potentialAction":[{"@type":"ReadAction","target":["https:\/\/www.fondazionepirelli.org\/it\/cultura-dimpresa\/la-testimonianza-morale-di-papa-francesco-e-la-spinta-di-draghi-per-un-piano-ue-di-ripresa\/"]}]},{"@type":"ImageObject","inLanguage":"it-IT","@id":"https:\/\/www.fondazionepirelli.org\/it\/cultura-dimpresa\/la-testimonianza-morale-di-papa-francesco-e-la-spinta-di-draghi-per-un-piano-ue-di-ripresa\/#primaryimage","url":"https:\/\/wpsite-assets.fondazionepirelli.org\/wp-content\/uploads\/2020\/03\/30091202\/papa.jpg","contentUrl":"https:\/\/wpsite-assets.fondazionepirelli.org\/wp-content\/uploads\/2020\/03\/30091202\/papa.jpg","width":649,"height":406},{"@type":"BreadcrumbList","@id":"https:\/\/www.fondazionepirelli.org\/it\/cultura-dimpresa\/la-testimonianza-morale-di-papa-francesco-e-la-spinta-di-draghi-per-un-piano-ue-di-ripresa\/#breadcrumb","itemListElement":[{"@type":"ListItem","position":1,"name":"Home","item":"https:\/\/www.fondazionepirelli.org\/it\/"},{"@type":"ListItem","position":2,"name":"La testimonianza morale di Papa Francesco e la spinta di Draghi per un piano Ue di ripresa"}]},{"@type":"WebSite","@id":"https:\/\/www.fondazionepirelli.org\/it\/#website","url":"https:\/\/www.fondazionepirelli.org\/it\/","name":"Fondazione Pirelli","description":"","potentialAction":[{"@type":"SearchAction","target":{"@type":"EntryPoint","urlTemplate":"https:\/\/www.fondazionepirelli.org\/it\/?s={search_term_string}"},"query-input":{"@type":"PropertyValueSpecification","valueRequired":true,"valueName":"search_term_string"}}],"inLanguage":"it-IT"},{"@type":"Person","@id":"https:\/\/www.fondazionepirelli.org\/it\/#\/schema\/person\/c31fcf5937a0e6afa45497f3f8b6d7a0","name":"fondazionepirelli","image":{"@type":"ImageObject","inLanguage":"it-IT","@id":"https:\/\/www.fondazionepirelli.org\/it\/#\/schema\/person\/image\/","url":"https:\/\/secure.gravatar.com\/avatar\/9cb486421ce1d6eddbf6c4fb66841b4325b786695f7aedf1dde2222428218696?s=96&d=mm&r=g","contentUrl":"https:\/\/secure.gravatar.com\/avatar\/9cb486421ce1d6eddbf6c4fb66841b4325b786695f7aedf1dde2222428218696?s=96&d=mm&r=g","caption":"fondazionepirelli"},"url":"https:\/\/www.fondazionepirelli.org\/it\/author\/fondazionepirelli\/"}]}},"_links":{"self":[{"href":"https:\/\/www.fondazionepirelli.org\/it\/wp-json\/wp\/v2\/posts\/76016\/"}],"collection":[{"href":"https:\/\/www.fondazionepirelli.org\/it\/wp-json\/wp\/v2\/posts\/"}],"about":[{"href":"https:\/\/www.fondazionepirelli.org\/it\/wp-json\/wp\/v2\/types\/post\/"}],"author":[{"embeddable":true,"href":"https:\/\/www.fondazionepirelli.org\/it\/wp-json\/wp\/v2\/users\/9\/"}],"replies":[{"embeddable":true,"href":"https:\/\/www.fondazionepirelli.org\/it\/wp-json\/wp\/v2\/comments\/?post=76016"}],"version-history":[{"count":2,"href":"https:\/\/www.fondazionepirelli.org\/it\/wp-json\/wp\/v2\/posts\/76016\/revisions\/"}],"predecessor-version":[{"id":76042,"href":"https:\/\/www.fondazionepirelli.org\/it\/wp-json\/wp\/v2\/posts\/76016\/revisions\/76042\/"}],"wp:featuredmedia":[{"embeddable":true,"href":"https:\/\/www.fondazionepirelli.org\/it\/wp-json\/wp\/v2\/media\/76027\/"}],"wp:attachment":[{"href":"https:\/\/www.fondazionepirelli.org\/it\/wp-json\/wp\/v2\/media\/?parent=76016"}],"wp:term":[{"taxonomy":"category","embeddable":true,"href":"https:\/\/www.fondazionepirelli.org\/it\/wp-json\/wp\/v2\/categories\/?post=76016"},{"taxonomy":"post_tag","embeddable":true,"href":"https:\/\/www.fondazionepirelli.org\/it\/wp-json\/wp\/v2\/tags\/?post=76016"}],"curies":[{"name":"wp","href":"https:\/\/api.w.org\/{rel}","templated":true}]}}