{"id":76018,"date":"2020-03-30T09:12:59","date_gmt":"2020-03-30T08:12:59","guid":{"rendered":"https:\/\/www.fondazionepirelli.org\/?p=76018"},"modified":"2020-03-30T09:12:59","modified_gmt":"2020-03-30T08:12:59","slug":"educare-allimpresa-sempre","status":"publish","type":"post","link":"https:\/\/www.fondazionepirelli.org\/it\/cultura-dimpresa\/educare-allimpresa-sempre\/","title":{"rendered":"Educare all\u2019impresa, sempre"},"content":{"rendered":"<p><em>Il connubio fra innovazione sociale e necessit\u00e0 d\u2019imprenditivit\u00e0 visti dalla teoria e in pratica<\/em><\/p>\n<p><strong>\u00a0<\/strong><\/p>\n<p>Persona, societ\u00e0, lavoro. Tutto passando per le esperienze di ognuno e per quelle dei sistemi sociali, cos\u00ec come di quelli produttivi. Nodo complesso di temi e problemi, quello delle relazioni fra la crescita della persona in rapporto con i suoi simili e con gli ambienti di lavoro. Complessit\u00e0 che si accresce quando l\u2019imprenditivit\u00e0 della persona si coniuga con il suo <em>status<\/em> di migrante. Proprio da questa situazione, tuttavia, possono nascere realt\u00e0 importanti.<\/p>\n<p>E\u2019 quanto racconta Silvia Lassi nella tesi discussa presso la Scuola di Studi Umanistici e della Formazione dell\u2019Universit\u00e0 di Firenze. \u201cImprenditivit\u00e0 e migranti: un percorso possibile di innovazione sociale\u201d, ragiona partendo dalla constatazione di quanto l\u2019innovazione in generale e l\u2019innovazione sociale in particolare, ricoprano un ruolo centrale nella ricerca di soluzioni pi\u00f9 \u201cefficaci, efficienti, sostenibili ed inclusive rispetto a quelle esistenti\u201d ai problemi che coinvolgono molte comunit\u00e0..<\/p>\n<p>Innovazione, dunque, \u00e8 la parola d\u2019ordine, che Lassi applica al problema dell\u2019inclusione sociale dei migranti alle prese con la necessit\u00e0 di trovare lavoro e, magari, di creare imprese. Se questo \u00e8 il traguardo concreto, la ricerca parte dal mettere in fila un paradigma teorico che deriva da due grandi pensatori (Martha Nussbaum e Amartya Sen) e che si basa sull\u2019approccio delle capacit\u00e0 cio\u00e8 \u201csulla centralit\u00e0 della persona, su cosa \u00e8 capace di essere e di fare, sulla libert\u00e0 di scelta come base per la realizzazione di qualsiasi progetto di vita\u201d. E\u2019 guardando al traguardo finale e alle basi teoriche del cammino per arrivarci, che Lassi costruisce la sua indagine.<\/p>\n<p>La ricerca, mette quindi a punto il contesto teorico sul quale basarsi, per poi passare ad analizzare il dettaglio dell\u2019approccio delle capacit\u00e0 in relazione ai temi dell\u2019imprenditivit\u00e0 e dell\u2019imprenditorialit\u00e0, per arrivare quindi ad un\u2019applicazione concreta: il Progetto Loud realizzato basandosi su alcune iniziative dell\u2019Universit\u00e0 di Firenze dedicate al sostegno dell\u2019imprenditoria giovanile in relazione ai migranti.<\/p>\n<p>Il lavoro di Silvia Lassi ha un gran merito: quello di raccontare sinteticamente un percorso complesso \u2013 dalla teoria alla pratica -, di crescita umana e imprenditoriale che pu\u00f2 essere d\u2019esempio per altre realt\u00e0.<\/p>\n<p>Bella la citazione di Martha Nussbaum posta all\u2019inizio del tutto (che pu\u00f2 fra l\u2019altro calzare bene come sintesi di ogni sogno d\u2019impresa): \u201cInseguire un sogno presuppone dei sognatori: intelligenze educate a pensare criticamente alle alternative e ad immaginare obiettivi ambiziosi\u201d.<\/p>\n<p><strong>\u00a0<\/strong><\/p><p><a href=\"https:\/\/wpsite-assets.fondazionepirelli.org\/wp-content\/uploads\/2020\/03\/30090018\/Scuola_di_Studi_Umanistici_e_della_Forma.pdf\"><strong>Imprenditivit\u00e0 e migranti: un percorso possibile di innovazione sociale<\/strong><\/a><\/p>\n<p>Silvia Lassi<\/p>\n<p>Tesi, Universit\u00e0 degli studi di Firenze, Scuola di Studi Umanistici e della Formazione Corso di Laurea in Scienze dell\u2019educazione degli adulti, formazione continua e scienze pedagogiche, 2019<\/p>\n","protected":false},"excerpt":{"rendered":"<p>Il connubio fra innovazione sociale e necessit\u00e0 d\u2019imprenditivit\u00e0 visti dalla teoria e in pratica \u00a0 Persona, societ\u00e0, lavoro. Tutto passando per le esperienze di ognuno e per quelle dei sistemi sociali, cos\u00ec come di quelli produttivi. Nodo complesso di temi e problemi, quello delle relazioni fra la crescita della persona in rapporto con i suoi [&hellip;]<\/p>\n","protected":false},"author":9,"featured_media":0,"comment_status":"open","ping_status":"open","sticky":false,"template":"","format":"standard","meta":{"footnotes":""},"categories":[54,52],"tags":[],"class_list":["post-76018","post","type-post","status-publish","format-standard","hentry","category-approfondimenti","category-cultura-dimpresa"],"acf":[],"yoast_head":"<!-- This site is optimized with the Yoast SEO plugin v25.0 - https:\/\/yoast.com\/wordpress\/plugins\/seo\/ -->\n<title>Educare all\u2019impresa, sempre - Fondazione Pirelli<\/title>\n<meta name=\"robots\" content=\"index, follow, max-snippet:-1, max-image-preview:large, max-video-preview:-1\" \/>\n<link rel=\"canonical\" href=\"https:\/\/www.fondazionepirelli.org\/it\/cultura-dimpresa\/educare-allimpresa-sempre\/\" \/>\n<meta property=\"og:locale\" content=\"it_IT\" \/>\n<meta property=\"og:type\" content=\"article\" \/>\n<meta property=\"og:title\" content=\"Educare all\u2019impresa, sempre - Fondazione Pirelli\" \/>\n<meta property=\"og:description\" content=\"Il connubio fra innovazione sociale e necessit\u00e0 d\u2019imprenditivit\u00e0 visti dalla teoria e in pratica \u00a0 Persona, societ\u00e0, lavoro. Tutto passando per le esperienze di ognuno e per quelle dei sistemi sociali, cos\u00ec come di quelli produttivi. Nodo complesso di temi e problemi, quello delle relazioni fra la crescita della persona in rapporto con i suoi [&hellip;]\" \/>\n<meta property=\"og:url\" content=\"https:\/\/www.fondazionepirelli.org\/it\/cultura-dimpresa\/educare-allimpresa-sempre\/\" \/>\n<meta property=\"og:site_name\" content=\"Fondazione Pirelli\" \/>\n<meta property=\"article:published_time\" content=\"2020-03-30T08:12:59+00:00\" \/>\n<meta name=\"author\" content=\"fondazionepirelli\" \/>\n<meta name=\"twitter:card\" content=\"summary_large_image\" \/>\n<meta name=\"twitter:label1\" content=\"Scritto da\" \/>\n\t<meta name=\"twitter:data1\" content=\"fondazionepirelli\" \/>\n\t<meta name=\"twitter:label2\" content=\"Tempo di lettura stimato\" \/>\n\t<meta name=\"twitter:data2\" content=\"2 minuti\" \/>\n<script type=\"application\/ld+json\" class=\"yoast-schema-graph\">{\"@context\":\"https:\/\/schema.org\",\"@graph\":[{\"@type\":\"WebPage\",\"@id\":\"https:\/\/www.fondazionepirelli.org\/it\/cultura-dimpresa\/educare-allimpresa-sempre\/\",\"url\":\"https:\/\/www.fondazionepirelli.org\/it\/cultura-dimpresa\/educare-allimpresa-sempre\/\",\"name\":\"Educare all\u2019impresa, sempre - Fondazione Pirelli\",\"isPartOf\":{\"@id\":\"https:\/\/www.fondazionepirelli.org\/it\/#website\"},\"datePublished\":\"2020-03-30T08:12:59+00:00\",\"author\":{\"@id\":\"https:\/\/www.fondazionepirelli.org\/it\/#\/schema\/person\/c31fcf5937a0e6afa45497f3f8b6d7a0\"},\"breadcrumb\":{\"@id\":\"https:\/\/www.fondazionepirelli.org\/it\/cultura-dimpresa\/educare-allimpresa-sempre\/#breadcrumb\"},\"inLanguage\":\"it-IT\",\"potentialAction\":[{\"@type\":\"ReadAction\",\"target\":[\"https:\/\/www.fondazionepirelli.org\/it\/cultura-dimpresa\/educare-allimpresa-sempre\/\"]}]},{\"@type\":\"BreadcrumbList\",\"@id\":\"https:\/\/www.fondazionepirelli.org\/it\/cultura-dimpresa\/educare-allimpresa-sempre\/#breadcrumb\",\"itemListElement\":[{\"@type\":\"ListItem\",\"position\":1,\"name\":\"Home\",\"item\":\"https:\/\/www.fondazionepirelli.org\/it\/\"},{\"@type\":\"ListItem\",\"position\":2,\"name\":\"Educare all\u2019impresa, sempre\"}]},{\"@type\":\"WebSite\",\"@id\":\"https:\/\/www.fondazionepirelli.org\/it\/#website\",\"url\":\"https:\/\/www.fondazionepirelli.org\/it\/\",\"name\":\"Fondazione Pirelli\",\"description\":\"\",\"potentialAction\":[{\"@type\":\"SearchAction\",\"target\":{\"@type\":\"EntryPoint\",\"urlTemplate\":\"https:\/\/www.fondazionepirelli.org\/it\/?s={search_term_string}\"},\"query-input\":{\"@type\":\"PropertyValueSpecification\",\"valueRequired\":true,\"valueName\":\"search_term_string\"}}],\"inLanguage\":\"it-IT\"},{\"@type\":\"Person\",\"@id\":\"https:\/\/www.fondazionepirelli.org\/it\/#\/schema\/person\/c31fcf5937a0e6afa45497f3f8b6d7a0\",\"name\":\"fondazionepirelli\",\"image\":{\"@type\":\"ImageObject\",\"inLanguage\":\"it-IT\",\"@id\":\"https:\/\/www.fondazionepirelli.org\/it\/#\/schema\/person\/image\/\",\"url\":\"https:\/\/secure.gravatar.com\/avatar\/9cb486421ce1d6eddbf6c4fb66841b4325b786695f7aedf1dde2222428218696?s=96&d=mm&r=g\",\"contentUrl\":\"https:\/\/secure.gravatar.com\/avatar\/9cb486421ce1d6eddbf6c4fb66841b4325b786695f7aedf1dde2222428218696?s=96&d=mm&r=g\",\"caption\":\"fondazionepirelli\"},\"url\":\"https:\/\/www.fondazionepirelli.org\/it\/author\/fondazionepirelli\/\"}]}<\/script>\n<!-- \/ Yoast SEO plugin. -->","yoast_head_json":{"title":"Educare all\u2019impresa, sempre - Fondazione Pirelli","robots":{"index":"index","follow":"follow","max-snippet":"max-snippet:-1","max-image-preview":"max-image-preview:large","max-video-preview":"max-video-preview:-1"},"canonical":"https:\/\/www.fondazionepirelli.org\/it\/cultura-dimpresa\/educare-allimpresa-sempre\/","og_locale":"it_IT","og_type":"article","og_title":"Educare all\u2019impresa, sempre - Fondazione Pirelli","og_description":"Il connubio fra innovazione sociale e necessit\u00e0 d\u2019imprenditivit\u00e0 visti dalla teoria e in pratica \u00a0 Persona, societ\u00e0, lavoro. Tutto passando per le esperienze di ognuno e per quelle dei sistemi sociali, cos\u00ec come di quelli produttivi. Nodo complesso di temi e problemi, quello delle relazioni fra la crescita della persona in rapporto con i suoi [&hellip;]","og_url":"https:\/\/www.fondazionepirelli.org\/it\/cultura-dimpresa\/educare-allimpresa-sempre\/","og_site_name":"Fondazione Pirelli","article_published_time":"2020-03-30T08:12:59+00:00","author":"fondazionepirelli","twitter_card":"summary_large_image","twitter_misc":{"Scritto da":"fondazionepirelli","Tempo di lettura stimato":"2 minuti"},"schema":{"@context":"https:\/\/schema.org","@graph":[{"@type":"WebPage","@id":"https:\/\/www.fondazionepirelli.org\/it\/cultura-dimpresa\/educare-allimpresa-sempre\/","url":"https:\/\/www.fondazionepirelli.org\/it\/cultura-dimpresa\/educare-allimpresa-sempre\/","name":"Educare all\u2019impresa, sempre - Fondazione Pirelli","isPartOf":{"@id":"https:\/\/www.fondazionepirelli.org\/it\/#website"},"datePublished":"2020-03-30T08:12:59+00:00","author":{"@id":"https:\/\/www.fondazionepirelli.org\/it\/#\/schema\/person\/c31fcf5937a0e6afa45497f3f8b6d7a0"},"breadcrumb":{"@id":"https:\/\/www.fondazionepirelli.org\/it\/cultura-dimpresa\/educare-allimpresa-sempre\/#breadcrumb"},"inLanguage":"it-IT","potentialAction":[{"@type":"ReadAction","target":["https:\/\/www.fondazionepirelli.org\/it\/cultura-dimpresa\/educare-allimpresa-sempre\/"]}]},{"@type":"BreadcrumbList","@id":"https:\/\/www.fondazionepirelli.org\/it\/cultura-dimpresa\/educare-allimpresa-sempre\/#breadcrumb","itemListElement":[{"@type":"ListItem","position":1,"name":"Home","item":"https:\/\/www.fondazionepirelli.org\/it\/"},{"@type":"ListItem","position":2,"name":"Educare all\u2019impresa, sempre"}]},{"@type":"WebSite","@id":"https:\/\/www.fondazionepirelli.org\/it\/#website","url":"https:\/\/www.fondazionepirelli.org\/it\/","name":"Fondazione Pirelli","description":"","potentialAction":[{"@type":"SearchAction","target":{"@type":"EntryPoint","urlTemplate":"https:\/\/www.fondazionepirelli.org\/it\/?s={search_term_string}"},"query-input":{"@type":"PropertyValueSpecification","valueRequired":true,"valueName":"search_term_string"}}],"inLanguage":"it-IT"},{"@type":"Person","@id":"https:\/\/www.fondazionepirelli.org\/it\/#\/schema\/person\/c31fcf5937a0e6afa45497f3f8b6d7a0","name":"fondazionepirelli","image":{"@type":"ImageObject","inLanguage":"it-IT","@id":"https:\/\/www.fondazionepirelli.org\/it\/#\/schema\/person\/image\/","url":"https:\/\/secure.gravatar.com\/avatar\/9cb486421ce1d6eddbf6c4fb66841b4325b786695f7aedf1dde2222428218696?s=96&d=mm&r=g","contentUrl":"https:\/\/secure.gravatar.com\/avatar\/9cb486421ce1d6eddbf6c4fb66841b4325b786695f7aedf1dde2222428218696?s=96&d=mm&r=g","caption":"fondazionepirelli"},"url":"https:\/\/www.fondazionepirelli.org\/it\/author\/fondazionepirelli\/"}]}},"_links":{"self":[{"href":"https:\/\/www.fondazionepirelli.org\/it\/wp-json\/wp\/v2\/posts\/76018\/"}],"collection":[{"href":"https:\/\/www.fondazionepirelli.org\/it\/wp-json\/wp\/v2\/posts\/"}],"about":[{"href":"https:\/\/www.fondazionepirelli.org\/it\/wp-json\/wp\/v2\/types\/post\/"}],"author":[{"embeddable":true,"href":"https:\/\/www.fondazionepirelli.org\/it\/wp-json\/wp\/v2\/users\/9\/"}],"replies":[{"embeddable":true,"href":"https:\/\/www.fondazionepirelli.org\/it\/wp-json\/wp\/v2\/comments\/?post=76018"}],"version-history":[{"count":1,"href":"https:\/\/www.fondazionepirelli.org\/it\/wp-json\/wp\/v2\/posts\/76018\/revisions\/"}],"predecessor-version":[{"id":76021,"href":"https:\/\/www.fondazionepirelli.org\/it\/wp-json\/wp\/v2\/posts\/76018\/revisions\/76021\/"}],"wp:attachment":[{"href":"https:\/\/www.fondazionepirelli.org\/it\/wp-json\/wp\/v2\/media\/?parent=76018"}],"wp:term":[{"taxonomy":"category","embeddable":true,"href":"https:\/\/www.fondazionepirelli.org\/it\/wp-json\/wp\/v2\/categories\/?post=76018"},{"taxonomy":"post_tag","embeddable":true,"href":"https:\/\/www.fondazionepirelli.org\/it\/wp-json\/wp\/v2\/tags\/?post=76018"}],"curies":[{"name":"wp","href":"https:\/\/api.w.org\/{rel}","templated":true}]}}