{"id":76022,"date":"2020-03-30T09:12:42","date_gmt":"2020-03-30T08:12:42","guid":{"rendered":"https:\/\/www.fondazionepirelli.org\/?p=76022"},"modified":"2020-03-30T09:12:42","modified_gmt":"2020-03-30T08:12:42","slug":"etica-prima-di-tutto","status":"publish","type":"post","link":"https:\/\/www.fondazionepirelli.org\/it\/cultura-dimpresa\/etica-prima-di-tutto\/","title":{"rendered":"Etica prima di tutto"},"content":{"rendered":"<p><em>L\u2019ultimo libro di Paul Collier tradotto in Italia descrive la crisi del capitalismo e mostra la strada da percorrere per uscirne<\/em><\/p><p>Capitalismo alle corde, un presente problematico, un futuro incerto. Sistemi sociali ed economici si ritrovano a dover rivedere \u2013 e in fretta -, i loro principi di condotta. Muri da un lato, aperture dall\u2019altro. Contrapposizioni, lacerazioni, ansie. E\u2019 attorno a questi temi che ragiona l\u2019ultimo libro di Paul Collier (professore di Economia e Politiche pubbliche ad Oxford e in passato direttore del dipartimento per le ricerche della Banca Mondiale). \u201cIl futuro del capitalismo\u201d, appena tradotto in Italia \u00e8 una bella lettura per chi voglia mettere a fuoco l\u2019ampio tema dell\u2019attualit\u00e0 del capitalismo e dei suoi movimenti (anche alla luce delle emergenze pi\u00f9 recenti).<\/p>\n<p>Collier parte da una vivida descrizione della realt\u00e0 d\u2019oggi nella quale nuove e profonde contrapposizioni lacerano il tessuto sociale delle societ\u00e0 occidentali: grandi citt\u00e0 contro province povere, <em>\u00e9lite<\/em> altamente specializzate contro masse di lavoratori poco qualificati, paesi ricchi contro paesi poveri. Da qui nuove ansie, nuova rabbia e nuove passioni politiche.<\/p>\n<p>E\u2019 da questa situazione che l\u2019autore trare spunto per ragionare sulla necessit\u00e0 di una rifondazione dell\u2019etica partendo dai fondamenti della morale per passare poi allo Stato etico, all\u2019impresa etica, alla famiglie e al mondo etici. \u00a0E\u2019 in questa parte che, fra l\u2019altro, vengono posti alcuni esempi d\u2019impresa come GM e Toyota e sono puntualizzati nodi cruciali come la relazione tra profitto e altri scopi delle organizzazioni della produzione.<\/p>\n<p>Messi a punto la descrizione della realt\u00e0 e il recupero dell\u2019etica, Collier passa quindi ad analizzare i fondamenti di una \u201cricostruzione della societ\u00e0 inclusiva\u201d guardando sia ai divari geografici che a quelli di classe.<\/p>\n<p>Solo se il capitalismo riesce a darsi un fondamento etico tale da rendersi equo e compassionevole, e non solo efficiente ed economicamente fiorente \u2013 \u00e8 la conclusione dell\u2019autore -, si potr\u00e0 pensare di garantire una vita degna. Un capitalismo in cui la dignit\u00e0 e la reciprocit\u00e0 prevalgano sull\u2019aggressivit\u00e0, sulla paura e sull\u2019umiliazione, caratteri tipici della nostra \u201csociet\u00e0 dei rottweiler\u201d.<\/p>\n<p>Il libro di Paul Collier \u00e8 bello e interessante da leggere, non pone veli ai problemi, ma apre comunque ad un possibile percorso di rinnovamento che, alla luce degli ultimi accadimenti, ha ancora di pi\u00f9 ragioni d\u2019essere.<\/p><p><strong>Il futuro del capitalismo<\/strong><\/p>\n<p>Paul Collier<\/p>\n<p>Laterza, 2020<\/p>","protected":false},"excerpt":{"rendered":"<p>L\u2019ultimo libro di Paul Collier tradotto in Italia descrive la crisi del capitalismo e mostra la strada da percorrere per uscirneCapitalismo alle corde, un presente problematico, un futuro incerto. Sistemi sociali ed economici si ritrovano a dover rivedere \u2013 e in fretta -, i loro principi di condotta. Muri da un lato, aperture dall\u2019altro. Contrapposizioni, [&hellip;]<\/p>\n","protected":false},"author":9,"featured_media":76024,"comment_status":"open","ping_status":"open","sticky":false,"template":"","format":"standard","meta":{"footnotes":""},"categories":[52,58],"tags":[],"class_list":["post-76022","post","type-post","status-publish","format-standard","has-post-thumbnail","hentry","category-cultura-dimpresa","category-recensioni-libri"],"acf":[],"yoast_head":"<!-- This site is optimized with the Yoast SEO plugin v25.0 - https:\/\/yoast.com\/wordpress\/plugins\/seo\/ -->\n<title>Etica prima di tutto - Fondazione Pirelli<\/title>\n<meta name=\"robots\" content=\"index, follow, max-snippet:-1, max-image-preview:large, max-video-preview:-1\" \/>\n<link rel=\"canonical\" href=\"https:\/\/www.fondazionepirelli.org\/it\/cultura-dimpresa\/etica-prima-di-tutto\/\" \/>\n<meta property=\"og:locale\" content=\"it_IT\" \/>\n<meta property=\"og:type\" content=\"article\" \/>\n<meta property=\"og:title\" content=\"Etica prima di tutto - Fondazione Pirelli\" \/>\n<meta property=\"og:description\" content=\"L\u2019ultimo libro di Paul Collier tradotto in Italia descrive la crisi del capitalismo e mostra la strada da percorrere per uscirneCapitalismo alle corde, un presente problematico, un futuro incerto. Sistemi sociali ed economici si ritrovano a dover rivedere \u2013 e in fretta -, i loro principi di condotta. Muri da un lato, aperture dall\u2019altro. Contrapposizioni, [&hellip;]\" \/>\n<meta property=\"og:url\" content=\"https:\/\/www.fondazionepirelli.org\/it\/cultura-dimpresa\/etica-prima-di-tutto\/\" \/>\n<meta property=\"og:site_name\" content=\"Fondazione Pirelli\" \/>\n<meta property=\"article:published_time\" content=\"2020-03-30T08:12:42+00:00\" \/>\n<meta property=\"og:image\" content=\"https:\/\/wpsite-assets.fondazionepirelli.org\/wp-content\/uploads\/2020\/03\/30090241\/9788858131060-e1585555374114.jpg\" \/>\n\t<meta property=\"og:image:width\" content=\"400\" \/>\n\t<meta property=\"og:image:height\" content=\"639\" \/>\n\t<meta property=\"og:image:type\" content=\"image\/jpeg\" \/>\n<meta name=\"author\" content=\"fondazionepirelli\" \/>\n<meta name=\"twitter:card\" content=\"summary_large_image\" \/>\n<meta name=\"twitter:label1\" content=\"Scritto da\" \/>\n\t<meta name=\"twitter:data1\" content=\"fondazionepirelli\" \/>\n\t<meta name=\"twitter:label2\" content=\"Tempo di lettura stimato\" \/>\n\t<meta name=\"twitter:data2\" content=\"2 minuti\" \/>\n<script type=\"application\/ld+json\" class=\"yoast-schema-graph\">{\"@context\":\"https:\/\/schema.org\",\"@graph\":[{\"@type\":\"WebPage\",\"@id\":\"https:\/\/www.fondazionepirelli.org\/it\/cultura-dimpresa\/etica-prima-di-tutto\/\",\"url\":\"https:\/\/www.fondazionepirelli.org\/it\/cultura-dimpresa\/etica-prima-di-tutto\/\",\"name\":\"Etica prima di tutto - Fondazione Pirelli\",\"isPartOf\":{\"@id\":\"https:\/\/www.fondazionepirelli.org\/it\/#website\"},\"primaryImageOfPage\":{\"@id\":\"https:\/\/www.fondazionepirelli.org\/it\/cultura-dimpresa\/etica-prima-di-tutto\/#primaryimage\"},\"image\":{\"@id\":\"https:\/\/www.fondazionepirelli.org\/it\/cultura-dimpresa\/etica-prima-di-tutto\/#primaryimage\"},\"thumbnailUrl\":\"https:\/\/wpsite-assets.fondazionepirelli.org\/wp-content\/uploads\/2020\/03\/30090241\/9788858131060-e1585555374114.jpg\",\"datePublished\":\"2020-03-30T08:12:42+00:00\",\"author\":{\"@id\":\"https:\/\/www.fondazionepirelli.org\/it\/#\/schema\/person\/c31fcf5937a0e6afa45497f3f8b6d7a0\"},\"breadcrumb\":{\"@id\":\"https:\/\/www.fondazionepirelli.org\/it\/cultura-dimpresa\/etica-prima-di-tutto\/#breadcrumb\"},\"inLanguage\":\"it-IT\",\"potentialAction\":[{\"@type\":\"ReadAction\",\"target\":[\"https:\/\/www.fondazionepirelli.org\/it\/cultura-dimpresa\/etica-prima-di-tutto\/\"]}]},{\"@type\":\"ImageObject\",\"inLanguage\":\"it-IT\",\"@id\":\"https:\/\/www.fondazionepirelli.org\/it\/cultura-dimpresa\/etica-prima-di-tutto\/#primaryimage\",\"url\":\"https:\/\/wpsite-assets.fondazionepirelli.org\/wp-content\/uploads\/2020\/03\/30090241\/9788858131060-e1585555374114.jpg\",\"contentUrl\":\"https:\/\/wpsite-assets.fondazionepirelli.org\/wp-content\/uploads\/2020\/03\/30090241\/9788858131060-e1585555374114.jpg\",\"width\":400,\"height\":639},{\"@type\":\"BreadcrumbList\",\"@id\":\"https:\/\/www.fondazionepirelli.org\/it\/cultura-dimpresa\/etica-prima-di-tutto\/#breadcrumb\",\"itemListElement\":[{\"@type\":\"ListItem\",\"position\":1,\"name\":\"Home\",\"item\":\"https:\/\/www.fondazionepirelli.org\/it\/\"},{\"@type\":\"ListItem\",\"position\":2,\"name\":\"Etica prima di tutto\"}]},{\"@type\":\"WebSite\",\"@id\":\"https:\/\/www.fondazionepirelli.org\/it\/#website\",\"url\":\"https:\/\/www.fondazionepirelli.org\/it\/\",\"name\":\"Fondazione Pirelli\",\"description\":\"\",\"potentialAction\":[{\"@type\":\"SearchAction\",\"target\":{\"@type\":\"EntryPoint\",\"urlTemplate\":\"https:\/\/www.fondazionepirelli.org\/it\/?s={search_term_string}\"},\"query-input\":{\"@type\":\"PropertyValueSpecification\",\"valueRequired\":true,\"valueName\":\"search_term_string\"}}],\"inLanguage\":\"it-IT\"},{\"@type\":\"Person\",\"@id\":\"https:\/\/www.fondazionepirelli.org\/it\/#\/schema\/person\/c31fcf5937a0e6afa45497f3f8b6d7a0\",\"name\":\"fondazionepirelli\",\"image\":{\"@type\":\"ImageObject\",\"inLanguage\":\"it-IT\",\"@id\":\"https:\/\/www.fondazionepirelli.org\/it\/#\/schema\/person\/image\/\",\"url\":\"https:\/\/secure.gravatar.com\/avatar\/9cb486421ce1d6eddbf6c4fb66841b4325b786695f7aedf1dde2222428218696?s=96&d=mm&r=g\",\"contentUrl\":\"https:\/\/secure.gravatar.com\/avatar\/9cb486421ce1d6eddbf6c4fb66841b4325b786695f7aedf1dde2222428218696?s=96&d=mm&r=g\",\"caption\":\"fondazionepirelli\"},\"url\":\"https:\/\/www.fondazionepirelli.org\/it\/author\/fondazionepirelli\/\"}]}<\/script>\n<!-- \/ Yoast SEO plugin. -->","yoast_head_json":{"title":"Etica prima di tutto - Fondazione Pirelli","robots":{"index":"index","follow":"follow","max-snippet":"max-snippet:-1","max-image-preview":"max-image-preview:large","max-video-preview":"max-video-preview:-1"},"canonical":"https:\/\/www.fondazionepirelli.org\/it\/cultura-dimpresa\/etica-prima-di-tutto\/","og_locale":"it_IT","og_type":"article","og_title":"Etica prima di tutto - Fondazione Pirelli","og_description":"L\u2019ultimo libro di Paul Collier tradotto in Italia descrive la crisi del capitalismo e mostra la strada da percorrere per uscirneCapitalismo alle corde, un presente problematico, un futuro incerto. Sistemi sociali ed economici si ritrovano a dover rivedere \u2013 e in fretta -, i loro principi di condotta. Muri da un lato, aperture dall\u2019altro. Contrapposizioni, [&hellip;]","og_url":"https:\/\/www.fondazionepirelli.org\/it\/cultura-dimpresa\/etica-prima-di-tutto\/","og_site_name":"Fondazione Pirelli","article_published_time":"2020-03-30T08:12:42+00:00","og_image":[{"width":400,"height":639,"url":"https:\/\/wpsite-assets.fondazionepirelli.org\/wp-content\/uploads\/2020\/03\/30090241\/9788858131060-e1585555374114.jpg","type":"image\/jpeg"}],"author":"fondazionepirelli","twitter_card":"summary_large_image","twitter_misc":{"Scritto da":"fondazionepirelli","Tempo di lettura stimato":"2 minuti"},"schema":{"@context":"https:\/\/schema.org","@graph":[{"@type":"WebPage","@id":"https:\/\/www.fondazionepirelli.org\/it\/cultura-dimpresa\/etica-prima-di-tutto\/","url":"https:\/\/www.fondazionepirelli.org\/it\/cultura-dimpresa\/etica-prima-di-tutto\/","name":"Etica prima di tutto - Fondazione Pirelli","isPartOf":{"@id":"https:\/\/www.fondazionepirelli.org\/it\/#website"},"primaryImageOfPage":{"@id":"https:\/\/www.fondazionepirelli.org\/it\/cultura-dimpresa\/etica-prima-di-tutto\/#primaryimage"},"image":{"@id":"https:\/\/www.fondazionepirelli.org\/it\/cultura-dimpresa\/etica-prima-di-tutto\/#primaryimage"},"thumbnailUrl":"https:\/\/wpsite-assets.fondazionepirelli.org\/wp-content\/uploads\/2020\/03\/30090241\/9788858131060-e1585555374114.jpg","datePublished":"2020-03-30T08:12:42+00:00","author":{"@id":"https:\/\/www.fondazionepirelli.org\/it\/#\/schema\/person\/c31fcf5937a0e6afa45497f3f8b6d7a0"},"breadcrumb":{"@id":"https:\/\/www.fondazionepirelli.org\/it\/cultura-dimpresa\/etica-prima-di-tutto\/#breadcrumb"},"inLanguage":"it-IT","potentialAction":[{"@type":"ReadAction","target":["https:\/\/www.fondazionepirelli.org\/it\/cultura-dimpresa\/etica-prima-di-tutto\/"]}]},{"@type":"ImageObject","inLanguage":"it-IT","@id":"https:\/\/www.fondazionepirelli.org\/it\/cultura-dimpresa\/etica-prima-di-tutto\/#primaryimage","url":"https:\/\/wpsite-assets.fondazionepirelli.org\/wp-content\/uploads\/2020\/03\/30090241\/9788858131060-e1585555374114.jpg","contentUrl":"https:\/\/wpsite-assets.fondazionepirelli.org\/wp-content\/uploads\/2020\/03\/30090241\/9788858131060-e1585555374114.jpg","width":400,"height":639},{"@type":"BreadcrumbList","@id":"https:\/\/www.fondazionepirelli.org\/it\/cultura-dimpresa\/etica-prima-di-tutto\/#breadcrumb","itemListElement":[{"@type":"ListItem","position":1,"name":"Home","item":"https:\/\/www.fondazionepirelli.org\/it\/"},{"@type":"ListItem","position":2,"name":"Etica prima di tutto"}]},{"@type":"WebSite","@id":"https:\/\/www.fondazionepirelli.org\/it\/#website","url":"https:\/\/www.fondazionepirelli.org\/it\/","name":"Fondazione Pirelli","description":"","potentialAction":[{"@type":"SearchAction","target":{"@type":"EntryPoint","urlTemplate":"https:\/\/www.fondazionepirelli.org\/it\/?s={search_term_string}"},"query-input":{"@type":"PropertyValueSpecification","valueRequired":true,"valueName":"search_term_string"}}],"inLanguage":"it-IT"},{"@type":"Person","@id":"https:\/\/www.fondazionepirelli.org\/it\/#\/schema\/person\/c31fcf5937a0e6afa45497f3f8b6d7a0","name":"fondazionepirelli","image":{"@type":"ImageObject","inLanguage":"it-IT","@id":"https:\/\/www.fondazionepirelli.org\/it\/#\/schema\/person\/image\/","url":"https:\/\/secure.gravatar.com\/avatar\/9cb486421ce1d6eddbf6c4fb66841b4325b786695f7aedf1dde2222428218696?s=96&d=mm&r=g","contentUrl":"https:\/\/secure.gravatar.com\/avatar\/9cb486421ce1d6eddbf6c4fb66841b4325b786695f7aedf1dde2222428218696?s=96&d=mm&r=g","caption":"fondazionepirelli"},"url":"https:\/\/www.fondazionepirelli.org\/it\/author\/fondazionepirelli\/"}]}},"_links":{"self":[{"href":"https:\/\/www.fondazionepirelli.org\/it\/wp-json\/wp\/v2\/posts\/76022\/"}],"collection":[{"href":"https:\/\/www.fondazionepirelli.org\/it\/wp-json\/wp\/v2\/posts\/"}],"about":[{"href":"https:\/\/www.fondazionepirelli.org\/it\/wp-json\/wp\/v2\/types\/post\/"}],"author":[{"embeddable":true,"href":"https:\/\/www.fondazionepirelli.org\/it\/wp-json\/wp\/v2\/users\/9\/"}],"replies":[{"embeddable":true,"href":"https:\/\/www.fondazionepirelli.org\/it\/wp-json\/wp\/v2\/comments\/?post=76022"}],"version-history":[{"count":2,"href":"https:\/\/www.fondazionepirelli.org\/it\/wp-json\/wp\/v2\/posts\/76022\/revisions\/"}],"predecessor-version":[{"id":76026,"href":"https:\/\/www.fondazionepirelli.org\/it\/wp-json\/wp\/v2\/posts\/76022\/revisions\/76026\/"}],"wp:featuredmedia":[{"embeddable":true,"href":"https:\/\/www.fondazionepirelli.org\/it\/wp-json\/wp\/v2\/media\/76024\/"}],"wp:attachment":[{"href":"https:\/\/www.fondazionepirelli.org\/it\/wp-json\/wp\/v2\/media\/?parent=76022"}],"wp:term":[{"taxonomy":"category","embeddable":true,"href":"https:\/\/www.fondazionepirelli.org\/it\/wp-json\/wp\/v2\/categories\/?post=76022"},{"taxonomy":"post_tag","embeddable":true,"href":"https:\/\/www.fondazionepirelli.org\/it\/wp-json\/wp\/v2\/tags\/?post=76022"}],"curies":[{"name":"wp","href":"https:\/\/api.w.org\/{rel}","templated":true}]}}